{"id":405898,"date":"2026-03-11T09:34:00","date_gmt":"2026-03-11T12:34:00","guid":{"rendered":"https:\/\/portaltela.pt\/noticias\/2026\/03\/11\/museu-do-aljube-estreia-exposicao-sobre-mulheres-presas-politicas\/"},"modified":"2026-03-11T09:34:00","modified_gmt":"2026-03-11T12:34:00","slug":"museu-do-aljube-estreia-exposicao-sobre-mulheres-presas-politicas","status":"publish","type":"post","link":"https:\/\/portaltela.pt\/sociedade\/2026\/03\/11\/museu-do-aljube-estreia-exposicao-sobre-mulheres-presas-politicas\/","title":{"rendered":"Museu do Aljube estreia exposi\u00e7\u00e3o sobre mulheres presas pol\u00edticas"},"content":{"rendered":"<p>As mulheres resistiram \u00e0 ditadura fascista em v\u00e1rias frentes, e o Museu do Aljube apresenta uma nova exposi\u00e7\u00e3o para evidenciar essas trajet\u00f3rias. O tema central \u00e9 o que aconteceu, quem esteve envolvido e como ficou registado na mem\u00f3ria hist\u00f3rica.<\/p>\n<p>Sob o t\u00edtulo Elas tiveram medo e foram, a mostra revela modos de resist\u00eancia desde a clandestinidade at\u00e9 o ex\u00edlio. Analisa tamb\u00e9m o impacto da pris\u00e3o, da tortura e da separa\u00e7\u00e3o familiar na vida destas interven\u00e7\u00e3oistas pol\u00edticas.<\/p>\n<p>A exposi\u00e7\u00e3o acontece em Lisboa, no Museu do Aljube Resist\u00eancia e Liberdade, com abertura a partir de 11 de mar\u00e7o e exposi\u00e7\u00e3o at\u00e9 31 de janeiro de 2027. A curadoria pretende aprofundar o conhecimento sobre este patrim\u00f3nio.<\/p>\n<h3>Detalhes da mostra<\/h3>\n<p>A mostra destaca redes de solidariedade entre mulheres que acolheram antifascistas e ajudaram fam\u00edlias. O objetivo \u00e9 apresentar hist\u00f3rias de vida, formas de resist\u00eancia e os apoios recebidos durante o regime.<\/p>\n<p>Os organizadores destacam que o projeto prossegue a divulga\u00e7\u00e3o iniciada em 2021, com a exposi\u00e7\u00e3o tempor\u00e1ria Mulheres e Resist\u00eancia &#8211; Novas Cartas Portuguesas e outras lutas, ampliando o entendimento sobre o tema.<\/p>\n<p>A visita est\u00e1 dispon\u00edvel de ter\u00e7a a domingo, entre as 10.00 e as 18.00 horas. O museu pretende manter um olhar factual e cronol\u00f3gico sobre as experi\u00eancias de quem lutou contra a ditadura.<\/p>\n","protected":false},"excerpt":{"rendered":"<ul>\n<li>O Museu do Aljube Resist\u00eancia e Liberdade, em Lisboa, inaugura uma nova exposi\u00e7\u00e3o dedicada \u00e0s mulheres presas pol\u00edticas durante a ditadura fascista, patente at\u00e9 31 de janeiro de 2027.<\/li>\n<li>O tema \u00e9 \u201cElas tiveram medo e foram\u201d, apresentando trajet\u00f3rias de mulheres que mergulharam na clandestinidade, foram separadas das fam\u00edlias, presas ou exiladas, entre outras experi\u00eancias.<\/li>\n<li>A mostra procura compreender estas dimens\u00f5es a partir das hist\u00f3rias de vida de quem resistiu, al\u00e9m de mostrar redes de solidariedade que acolheram antifascistas e as suas fam\u00edlias.<\/li>\n<li>A exposi\u00e7\u00e3o tempor\u00e1ria fica aberta de ter\u00e7a a domingo, das 10h00 \u00e0s 18h00, mantendo o esfor\u00e7o de divulga\u00e7\u00e3o da resist\u00eancia hist\u00f3rica ap\u00f3s a mostra de 2021, \u201cMulheres e Resist\u00eancia &#8211; Novas Cartas Portuguesas e outras lutas\u201d.<\/li>\n<li>O elenco de conte\u00fados abrange quem foram as mulheres presas pol\u00edticas, como resistiram, como suportaram e quem as apoiou.<\/li>\n<\/ul>\n","protected":false},"author":2,"featured_media":405906,"comment_status":"closed","ping_status":"closed","sticky":false,"template":"","format":"standard","meta":{"footnotes":""},"categories":[1,6871],"tags":[299,981,2701,814,4343,488],"class_list":["post-405898","post","type-post","status-publish","format-standard","has-post-thumbnail","hentry","category-noticias","category-sociedade","tag-historia","tag-lisboa","tag-mulheres","tag-patrimonio","tag-prisoes","tag-resistencia-e-coacao"],"yoast_head":"<!-- This site is optimized with the Yoast SEO plugin v27.2 - https:\/\/yoast.com\/product\/yoast-seo-wordpress\/ -->\n<title>Museu do Aljube estreia exposi\u00e7\u00e3o sobre mulheres presas pol\u00edticas - Portal Tela Portugal<\/title>\n<meta name=\"robots\" content=\"index, follow, max-snippet:-1, max-image-preview:large, max-video-preview:-1\" \/>\n<meta property=\"og:locale\" content=\"pt_PT\" \/>\n<meta property=\"og:type\" content=\"article\" \/>\n<meta property=\"og:title\" content=\"Museu do Aljube estreia exposi\u00e7\u00e3o sobre mulheres presas pol\u00edticas - Portal Tela Portugal\" \/>\n<meta property=\"og:description\" content=\"O Museu do Aljube Resist\u00eancia e Liberdade, em Lisboa, inaugura uma nova exposi\u00e7\u00e3o dedicada \u00e0s mulheres presas pol\u00edticas durante a ditadura fascista, patente at\u00e9 31 de janeiro de 2027. O tema \u00e9 \u201cElas tiveram medo e foram\u201d, apresentando trajet\u00f3rias de mulheres que mergulharam na clandestinidade, foram separadas das fam\u00edlias, presas ou exiladas, entre outras experi\u00eancias. A mostra procura compreender estas dimens\u00f5es a partir das hist\u00f3rias de vida de quem resistiu, al\u00e9m de mostrar redes de solidariedade que acolheram antifascistas e as suas fam\u00edlias. A exposi\u00e7\u00e3o tempor\u00e1ria fica aberta de ter\u00e7a a domingo, das 10h00 \u00e0s 18h00, mantendo o esfor\u00e7o de divulga\u00e7\u00e3o da resist\u00eancia hist\u00f3rica ap\u00f3s a mostra de 2021, \u201cMulheres e Resist\u00eancia - Novas Cartas Portuguesas e outras lutas\u201d. O elenco de conte\u00fados abrange quem foram as mulheres presas pol\u00edticas, como resistiram, como suportaram e quem as apoiou.\" \/>\n<meta property=\"og:url\" content=\"https:\/\/portaltela.pt\/noticias\/2026\/03\/11\/museu-do-aljube-estreia-exposicao-sobre-mulheres-presas-politicas\/\" \/>\n<meta property=\"og:site_name\" content=\"Portal Tela Portugal\" \/>\n<meta property=\"article:published_time\" content=\"2026-03-11T12:34:00+00:00\" \/>\n<meta name=\"author\" content=\"Telinha\" \/>\n<meta name=\"twitter:card\" content=\"summary_large_image\" \/>\n<meta name=\"twitter:label1\" content=\"Escrito por\" \/>\n\t<meta name=\"twitter:data1\" content=\"Telinha\" \/>\n\t<meta name=\"twitter:label2\" content=\"Tempo estimado de leitura\" \/>\n\t<meta name=\"twitter:data2\" content=\"1 minuto\" \/>\n<script type=\"application\/ld+json\" class=\"yoast-schema-graph\">{\"@context\":\"https:\/\/schema.org\",\"@graph\":[{\"@type\":\"Article\",\"@id\":\"https:\/\/portaltela.pt\/noticias\/2026\/03\/11\/museu-do-aljube-estreia-exposicao-sobre-mulheres-presas-politicas\/#article\",\"isPartOf\":{\"@id\":\"https:\/\/portaltela.pt\/noticias\/2026\/03\/11\/museu-do-aljube-estreia-exposicao-sobre-mulheres-presas-politicas\/\"},\"author\":{\"name\":\"Telinha\",\"@id\":\"https:\/\/portaltela.pt\/#\/schema\/person\/c4278d4a6028830caff9ee44b42d32ed\"},\"headline\":\"Museu do Aljube estreia exposi\u00e7\u00e3o sobre mulheres presas pol\u00edticas\",\"datePublished\":\"2026-03-11T12:34:00+00:00\",\"mainEntityOfPage\":{\"@id\":\"https:\/\/portaltela.pt\/noticias\/2026\/03\/11\/museu-do-aljube-estreia-exposicao-sobre-mulheres-presas-politicas\/\"},\"wordCount\":243,\"image\":{\"@id\":\"https:\/\/portaltela.pt\/noticias\/2026\/03\/11\/museu-do-aljube-estreia-exposicao-sobre-mulheres-presas-politicas\/#primaryimage\"},\"thumbnailUrl\":\"https:\/\/portaltela.pt\/s.01k8rhncp4jt1\/2026\/03\/image-707.jpg\",\"keywords\":[\"hist\u00f3ria\",\"Lisboa\",\"Mulheres\",\"patrim\u00f3nio\",\"pris\u00f5es\",\"resist\u00eancia e coa\u00e7\u00e3o\"],\"articleSection\":[\"Not\u00edcias\",\"Sociedade\"],\"inLanguage\":\"pt-PT\"},{\"@type\":\"WebPage\",\"@id\":\"https:\/\/portaltela.pt\/noticias\/2026\/03\/11\/museu-do-aljube-estreia-exposicao-sobre-mulheres-presas-politicas\/\",\"url\":\"https:\/\/portaltela.pt\/noticias\/2026\/03\/11\/museu-do-aljube-estreia-exposicao-sobre-mulheres-presas-politicas\/\",\"name\":\"Museu do Aljube estreia exposi\u00e7\u00e3o sobre mulheres presas pol\u00edticas - Portal Tela Portugal\",\"isPartOf\":{\"@id\":\"https:\/\/portaltela.pt\/#website\"},\"primaryImageOfPage\":{\"@id\":\"https:\/\/portaltela.pt\/noticias\/2026\/03\/11\/museu-do-aljube-estreia-exposicao-sobre-mulheres-presas-politicas\/#primaryimage\"},\"image\":{\"@id\":\"https:\/\/portaltela.pt\/noticias\/2026\/03\/11\/museu-do-aljube-estreia-exposicao-sobre-mulheres-presas-politicas\/#primaryimage\"},\"thumbnailUrl\":\"https:\/\/portaltela.pt\/s.01k8rhncp4jt1\/2026\/03\/image-707.jpg\",\"datePublished\":\"2026-03-11T12:34:00+00:00\",\"author\":{\"@id\":\"https:\/\/portaltela.pt\/#\/schema\/person\/c4278d4a6028830caff9ee44b42d32ed\"},\"breadcrumb\":{\"@id\":\"https:\/\/portaltela.pt\/noticias\/2026\/03\/11\/museu-do-aljube-estreia-exposicao-sobre-mulheres-presas-politicas\/#breadcrumb\"},\"inLanguage\":\"pt-PT\",\"potentialAction\":[{\"@type\":\"ReadAction\",\"target\":[\"https:\/\/portaltela.pt\/noticias\/2026\/03\/11\/museu-do-aljube-estreia-exposicao-sobre-mulheres-presas-politicas\/\"]}]},{\"@type\":\"ImageObject\",\"inLanguage\":\"pt-PT\",\"@id\":\"https:\/\/portaltela.pt\/noticias\/2026\/03\/11\/museu-do-aljube-estreia-exposicao-sobre-mulheres-presas-politicas\/#primaryimage\",\"url\":\"https:\/\/portaltela.pt\/s.01k8rhncp4jt1\/2026\/03\/image-707.jpg\",\"contentUrl\":\"https:\/\/portaltela.pt\/s.01k8rhncp4jt1\/2026\/03\/image-707.jpg\",\"width\":796,\"height\":448,\"caption\":\"Imagem da exposi\u00e7\u00e3o com Virg\u00ednia Moura, antiga presa pol\u00edtica e resistente antifascista, em destaque. Momento da manifesta\u00e7\u00e3o popular no Porto, 1974\"},{\"@type\":\"BreadcrumbList\",\"@id\":\"https:\/\/portaltela.pt\/noticias\/2026\/03\/11\/museu-do-aljube-estreia-exposicao-sobre-mulheres-presas-politicas\/#breadcrumb\",\"itemListElement\":[{\"@type\":\"ListItem\",\"position\":1,\"name\":\"In\u00edcio\",\"item\":\"https:\/\/portaltela.pt\/\"},{\"@type\":\"ListItem\",\"position\":2,\"name\":\"Museu do Aljube estreia exposi\u00e7\u00e3o sobre mulheres presas pol\u00edticas\"}]},{\"@type\":\"WebSite\",\"@id\":\"https:\/\/portaltela.pt\/#website\",\"url\":\"https:\/\/portaltela.pt\/\",\"name\":\"Portal Tela Portugal\",\"description\":\"\",\"potentialAction\":[{\"@type\":\"SearchAction\",\"target\":{\"@type\":\"EntryPoint\",\"urlTemplate\":\"https:\/\/portaltela.pt\/?s={search_term_string}\"},\"query-input\":{\"@type\":\"PropertyValueSpecification\",\"valueRequired\":true,\"valueName\":\"search_term_string\"}}],\"inLanguage\":\"pt-PT\"},{\"@type\":\"Person\",\"@id\":\"https:\/\/portaltela.pt\/#\/schema\/person\/c4278d4a6028830caff9ee44b42d32ed\",\"name\":\"Telinha\",\"image\":{\"@type\":\"ImageObject\",\"inLanguage\":\"pt-PT\",\"@id\":\"https:\/\/portaltela.pt\/s.01k8rhncp4jt1\/2025\/11\/talking-bot-125x125.png\",\"url\":\"https:\/\/portaltela.pt\/s.01k8rhncp4jt1\/2025\/11\/talking-bot-125x125.png\",\"contentUrl\":\"https:\/\/portaltela.pt\/s.01k8rhncp4jt1\/2025\/11\/talking-bot-125x125.png\",\"caption\":\"Telinha\"},\"sameAs\":[\"https:\/\/portaltela.pt\/\"],\"url\":\"https:\/\/portaltela.pt\/por\/367410592786\/\"}]}<\/script>\n<!-- \/ Yoast SEO plugin. -->","yoast_head_json":{"title":"Museu do Aljube estreia exposi\u00e7\u00e3o sobre mulheres presas pol\u00edticas - Portal Tela Portugal","robots":{"index":"index","follow":"follow","max-snippet":"max-snippet:-1","max-image-preview":"max-image-preview:large","max-video-preview":"max-video-preview:-1"},"og_locale":"pt_PT","og_type":"article","og_title":"Museu do Aljube estreia exposi\u00e7\u00e3o sobre mulheres presas pol\u00edticas - Portal Tela Portugal","og_description":"O Museu do Aljube Resist\u00eancia e Liberdade, em Lisboa, inaugura uma nova exposi\u00e7\u00e3o dedicada \u00e0s mulheres presas pol\u00edticas durante a ditadura fascista, patente at\u00e9 31 de janeiro de 2027. O tema \u00e9 \u201cElas tiveram medo e foram\u201d, apresentando trajet\u00f3rias de mulheres que mergulharam na clandestinidade, foram separadas das fam\u00edlias, presas ou exiladas, entre outras experi\u00eancias. A mostra procura compreender estas dimens\u00f5es a partir das hist\u00f3rias de vida de quem resistiu, al\u00e9m de mostrar redes de solidariedade que acolheram antifascistas e as suas fam\u00edlias. A exposi\u00e7\u00e3o tempor\u00e1ria fica aberta de ter\u00e7a a domingo, das 10h00 \u00e0s 18h00, mantendo o esfor\u00e7o de divulga\u00e7\u00e3o da resist\u00eancia hist\u00f3rica ap\u00f3s a mostra de 2021, \u201cMulheres e Resist\u00eancia - Novas Cartas Portuguesas e outras lutas\u201d. O elenco de conte\u00fados abrange quem foram as mulheres presas pol\u00edticas, como resistiram, como suportaram e quem as apoiou.","og_url":"https:\/\/portaltela.pt\/noticias\/2026\/03\/11\/museu-do-aljube-estreia-exposicao-sobre-mulheres-presas-politicas\/","og_site_name":"Portal Tela Portugal","article_published_time":"2026-03-11T12:34:00+00:00","author":"Telinha","twitter_card":"summary_large_image","twitter_misc":{"Escrito por":"Telinha","Tempo estimado de leitura":"1 minuto"},"schema":{"@context":"https:\/\/schema.org","@graph":[{"@type":"Article","@id":"https:\/\/portaltela.pt\/noticias\/2026\/03\/11\/museu-do-aljube-estreia-exposicao-sobre-mulheres-presas-politicas\/#article","isPartOf":{"@id":"https:\/\/portaltela.pt\/noticias\/2026\/03\/11\/museu-do-aljube-estreia-exposicao-sobre-mulheres-presas-politicas\/"},"author":{"name":"Telinha","@id":"https:\/\/portaltela.pt\/#\/schema\/person\/c4278d4a6028830caff9ee44b42d32ed"},"headline":"Museu do Aljube estreia exposi\u00e7\u00e3o sobre mulheres presas pol\u00edticas","datePublished":"2026-03-11T12:34:00+00:00","mainEntityOfPage":{"@id":"https:\/\/portaltela.pt\/noticias\/2026\/03\/11\/museu-do-aljube-estreia-exposicao-sobre-mulheres-presas-politicas\/"},"wordCount":243,"image":{"@id":"https:\/\/portaltela.pt\/noticias\/2026\/03\/11\/museu-do-aljube-estreia-exposicao-sobre-mulheres-presas-politicas\/#primaryimage"},"thumbnailUrl":"https:\/\/portaltela.pt\/s.01k8rhncp4jt1\/2026\/03\/image-707.jpg","keywords":["hist\u00f3ria","Lisboa","Mulheres","patrim\u00f3nio","pris\u00f5es","resist\u00eancia e coa\u00e7\u00e3o"],"articleSection":["Not\u00edcias","Sociedade"],"inLanguage":"pt-PT"},{"@type":"WebPage","@id":"https:\/\/portaltela.pt\/noticias\/2026\/03\/11\/museu-do-aljube-estreia-exposicao-sobre-mulheres-presas-politicas\/","url":"https:\/\/portaltela.pt\/noticias\/2026\/03\/11\/museu-do-aljube-estreia-exposicao-sobre-mulheres-presas-politicas\/","name":"Museu do Aljube estreia exposi\u00e7\u00e3o sobre mulheres presas pol\u00edticas - Portal Tela Portugal","isPartOf":{"@id":"https:\/\/portaltela.pt\/#website"},"primaryImageOfPage":{"@id":"https:\/\/portaltela.pt\/noticias\/2026\/03\/11\/museu-do-aljube-estreia-exposicao-sobre-mulheres-presas-politicas\/#primaryimage"},"image":{"@id":"https:\/\/portaltela.pt\/noticias\/2026\/03\/11\/museu-do-aljube-estreia-exposicao-sobre-mulheres-presas-politicas\/#primaryimage"},"thumbnailUrl":"https:\/\/portaltela.pt\/s.01k8rhncp4jt1\/2026\/03\/image-707.jpg","datePublished":"2026-03-11T12:34:00+00:00","author":{"@id":"https:\/\/portaltela.pt\/#\/schema\/person\/c4278d4a6028830caff9ee44b42d32ed"},"breadcrumb":{"@id":"https:\/\/portaltela.pt\/noticias\/2026\/03\/11\/museu-do-aljube-estreia-exposicao-sobre-mulheres-presas-politicas\/#breadcrumb"},"inLanguage":"pt-PT","potentialAction":[{"@type":"ReadAction","target":["https:\/\/portaltela.pt\/noticias\/2026\/03\/11\/museu-do-aljube-estreia-exposicao-sobre-mulheres-presas-politicas\/"]}]},{"@type":"ImageObject","inLanguage":"pt-PT","@id":"https:\/\/portaltela.pt\/noticias\/2026\/03\/11\/museu-do-aljube-estreia-exposicao-sobre-mulheres-presas-politicas\/#primaryimage","url":"https:\/\/portaltela.pt\/s.01k8rhncp4jt1\/2026\/03\/image-707.jpg","contentUrl":"https:\/\/portaltela.pt\/s.01k8rhncp4jt1\/2026\/03\/image-707.jpg","width":796,"height":448,"caption":"Imagem da exposi\u00e7\u00e3o com Virg\u00ednia Moura, antiga presa pol\u00edtica e resistente antifascista, em destaque. Momento da manifesta\u00e7\u00e3o popular no Porto, 1974"},{"@type":"BreadcrumbList","@id":"https:\/\/portaltela.pt\/noticias\/2026\/03\/11\/museu-do-aljube-estreia-exposicao-sobre-mulheres-presas-politicas\/#breadcrumb","itemListElement":[{"@type":"ListItem","position":1,"name":"In\u00edcio","item":"https:\/\/portaltela.pt\/"},{"@type":"ListItem","position":2,"name":"Museu do Aljube estreia exposi\u00e7\u00e3o sobre mulheres presas pol\u00edticas"}]},{"@type":"WebSite","@id":"https:\/\/portaltela.pt\/#website","url":"https:\/\/portaltela.pt\/","name":"Portal Tela Portugal","description":"","potentialAction":[{"@type":"SearchAction","target":{"@type":"EntryPoint","urlTemplate":"https:\/\/portaltela.pt\/?s={search_term_string}"},"query-input":{"@type":"PropertyValueSpecification","valueRequired":true,"valueName":"search_term_string"}}],"inLanguage":"pt-PT"},{"@type":"Person","@id":"https:\/\/portaltela.pt\/#\/schema\/person\/c4278d4a6028830caff9ee44b42d32ed","name":"Telinha","image":{"@type":"ImageObject","inLanguage":"pt-PT","@id":"https:\/\/portaltela.pt\/s.01k8rhncp4jt1\/2025\/11\/talking-bot-125x125.png","url":"https:\/\/portaltela.pt\/s.01k8rhncp4jt1\/2025\/11\/talking-bot-125x125.png","contentUrl":"https:\/\/portaltela.pt\/s.01k8rhncp4jt1\/2025\/11\/talking-bot-125x125.png","caption":"Telinha"},"sameAs":["https:\/\/portaltela.pt\/"],"url":"https:\/\/portaltela.pt\/por\/367410592786\/"}]}},"_links":{"self":[{"href":"https:\/\/portaltela.pt\/api\/wp\/v2\/posts\/405898","targetHints":{"allow":["GET"]}}],"collection":[{"href":"https:\/\/portaltela.pt\/api\/wp\/v2\/posts"}],"about":[{"href":"https:\/\/portaltela.pt\/api\/wp\/v2\/types\/post"}],"author":[{"embeddable":true,"href":"https:\/\/portaltela.pt\/api\/wp\/v2\/users\/2"}],"replies":[{"embeddable":true,"href":"https:\/\/portaltela.pt\/api\/wp\/v2\/comments?post=405898"}],"version-history":[{"count":0,"href":"https:\/\/portaltela.pt\/api\/wp\/v2\/posts\/405898\/revisions"}],"wp:featuredmedia":[{"embeddable":true,"href":"https:\/\/portaltela.pt\/api\/wp\/v2\/media\/405906"}],"wp:attachment":[{"href":"https:\/\/portaltela.pt\/api\/wp\/v2\/media?parent=405898"}],"wp:term":[{"taxonomy":"category","embeddable":true,"href":"https:\/\/portaltela.pt\/api\/wp\/v2\/categories?post=405898"},{"taxonomy":"post_tag","embeddable":true,"href":"https:\/\/portaltela.pt\/api\/wp\/v2\/tags?post=405898"}],"curies":[{"name":"wp","href":"https:\/\/api.w.org\/{rel}","templated":true}]}}