{"id":405893,"date":"2026-03-11T09:35:24","date_gmt":"2026-03-11T12:35:24","guid":{"rendered":"https:\/\/portaltela.pt\/noticias\/2026\/03\/11\/conflito-no-medio-oriente-eleva-combustiveis-e-pode-aumentar-prestacoes\/"},"modified":"2026-03-11T09:35:24","modified_gmt":"2026-03-11T12:35:24","slug":"conflito-no-medio-oriente-eleva-combustiveis-e-pode-aumentar-prestacoes","status":"publish","type":"post","link":"https:\/\/portaltela.pt\/noticias\/economia\/2026\/03\/11\/conflito-no-medio-oriente-eleva-combustiveis-e-pode-aumentar-prestacoes\/","title":{"rendered":"Conflito no M\u00e9dio Oriente eleva combust\u00edveis e pode aumentar presta\u00e7\u00f5es"},"content":{"rendered":"<p>O conflito no M\u00e9dio Oriente est\u00e1 a puxar pela subida do pre\u00e7o dos combust\u00edveis e pode colocar em risco o custo das habita\u00e7\u00f5es, avan\u00e7a o Correio da Manh\u00e3, em 11 de mar\u00e7o de 2026, \u00e0s 12:35. A tens\u00e3o na regi\u00e3o eleva o pre\u00e7o do petr\u00f3leo e alimenta uma espiral inflacionista potencial.<\/p>\n<p>A escalada do pre\u00e7o do Brent, impulsionada pela instabilidade regional, atingiu n\u00edveis que n\u00e3o se viam desde 2014, reflectindo-se nos mercados internacionais e nas perspetivas econ\u00f3micas globais. A situa\u00e7\u00e3o alimenta preocupa\u00e7\u00f5es sobre a infla\u00e7\u00e3o.<\/p>\n<p>Especialistas destacam impacto direto na vida dos consumidores, especialmente para quem tem presta\u00e7\u00f5es de habita\u00e7\u00e3o indexadas \u00e0s taxas de juro. O agravamento pode exigir reajustes de or\u00e7amento familiares.<\/p>\n<p>A subida dos combust\u00edveis tamb\u00e9m pressiona a economia dom\u00e9stica ao aumentar custos de transporte e de produ\u00e7\u00e3o, o que pode empurrar o pre\u00e7o de bens e servi\u00e7os para cima, em v\u00e1rias \u00e1reas.<\/p>\n<p>Economistas apontam que o aumento da infla\u00e7\u00e3o pode levar o Banco Central Europeu (BCE) a subir os juros, dependendo da evolu\u00e7\u00e3o dos pre\u00e7os e da resposta de mercados.<\/p>\n<p>Os analistas aconselham os cidad\u00e3os a monitorizar as suas presta\u00e7\u00f5es e a explorar op\u00e7\u00f5es para mitigar o impacto da infla\u00e7\u00e3o, incluindo ajustes de financiamento ou escolhas de consumo mais eficientes.<\/p>\n<p>O conflito continua a evoluir, mantendo a regi\u00e3o sob tens\u00e3o e os mercados em estado de alerta. As autoridades econ\u00f3micas destacam a necessidade de acompanhar not\u00edcias oficiais e orienta\u00e7\u00f5es para decis\u00f5es financeiras.<\/p>\n","protected":false},"excerpt":{"rendered":"<ul>\n<li>O conflito no M\u00e9dio Oriente est\u00e1 a impulsionar a subida do pre\u00e7o dos combust\u00edveis, colocando press\u00e3o na infla\u00e7\u00e3o.<\/li>\n<li>O petr\u00f3leo Brent atingiu n\u00edveis n\u00e3o vistos desde 2014 devido \u00e0 escalada do conflito na regi\u00e3o.<\/li>\n<li>Economistas apontam que a infla\u00e7\u00e3o mais alta pode levar o Banco Central Europeu a subir os juros.<\/li>\n<li>A escalada dos pre\u00e7os aumenta os custos de transporte e produ\u00e7\u00e3o, o que pode refletir-se em presta\u00e7\u00f5es de habita\u00e7\u00e3o indexadas \u00e0s taxas.<\/li>\n<li>Especialistas recomendam aos consumidores acompanhar as suas presta\u00e7\u00f5es e procurar medidas para mitigar os impactos, mantendo-se atentos \u00e0s evolu\u00e7\u00f5es na regi\u00e3o.<\/li>\n<\/ul>\n","protected":false},"author":2,"featured_media":405903,"comment_status":"closed","ping_status":"closed","sticky":false,"template":"","format":"standard","meta":{"footnotes":""},"categories":[2,6850],"tags":[5397,4991,28,174,150,6562],"class_list":["post-405893","post","type-post","status-publish","format-standard","has-post-thumbnail","hentry","category-economia","category-financas","tag-banco-central-europeu","tag-consumo","tag-economia","tag-energia","tag-habitacao","tag-mercados-internacionais"],"yoast_head":"<!-- This site is optimized with the Yoast SEO plugin v27.2 - https:\/\/yoast.com\/product\/yoast-seo-wordpress\/ -->\n<title>Conflito no M\u00e9dio Oriente eleva combust\u00edveis e pode aumentar presta\u00e7\u00f5es - Portal Tela Portugal<\/title>\n<meta name=\"robots\" content=\"index, follow, max-snippet:-1, max-image-preview:large, max-video-preview:-1\" \/>\n<meta property=\"og:locale\" content=\"pt_PT\" \/>\n<meta property=\"og:type\" content=\"article\" \/>\n<meta property=\"og:title\" content=\"Conflito no M\u00e9dio Oriente eleva combust\u00edveis e pode aumentar presta\u00e7\u00f5es - Portal Tela Portugal\" \/>\n<meta property=\"og:description\" content=\"O conflito no M\u00e9dio Oriente est\u00e1 a impulsionar a subida do pre\u00e7o dos combust\u00edveis, colocando press\u00e3o na infla\u00e7\u00e3o. O petr\u00f3leo Brent atingiu n\u00edveis n\u00e3o vistos desde 2014 devido \u00e0 escalada do conflito na regi\u00e3o. Economistas apontam que a infla\u00e7\u00e3o mais alta pode levar o Banco Central Europeu a subir os juros. A escalada dos pre\u00e7os aumenta os custos de transporte e produ\u00e7\u00e3o, o que pode refletir-se em presta\u00e7\u00f5es de habita\u00e7\u00e3o indexadas \u00e0s taxas. Especialistas recomendam aos consumidores acompanhar as suas presta\u00e7\u00f5es e procurar medidas para mitigar os impactos, mantendo-se atentos \u00e0s evolu\u00e7\u00f5es na regi\u00e3o.\" \/>\n<meta property=\"og:url\" content=\"https:\/\/portaltela.pt\/noticias\/2026\/03\/11\/conflito-no-medio-oriente-eleva-combustiveis-e-pode-aumentar-prestacoes\/\" \/>\n<meta property=\"og:site_name\" content=\"Portal Tela Portugal\" \/>\n<meta property=\"article:published_time\" content=\"2026-03-11T12:35:24+00:00\" \/>\n<meta name=\"author\" content=\"Telinha\" \/>\n<meta name=\"twitter:card\" content=\"summary_large_image\" \/>\n<meta name=\"twitter:label1\" content=\"Escrito por\" \/>\n\t<meta name=\"twitter:data1\" content=\"Telinha\" \/>\n\t<meta name=\"twitter:label2\" content=\"Tempo estimado de leitura\" \/>\n\t<meta name=\"twitter:data2\" content=\"1 minuto\" \/>\n<script type=\"application\/ld+json\" class=\"yoast-schema-graph\">{\"@context\":\"https:\/\/schema.org\",\"@graph\":[{\"@type\":\"Article\",\"@id\":\"https:\/\/portaltela.pt\/noticias\/2026\/03\/11\/conflito-no-medio-oriente-eleva-combustiveis-e-pode-aumentar-prestacoes\/#article\",\"isPartOf\":{\"@id\":\"https:\/\/portaltela.pt\/noticias\/2026\/03\/11\/conflito-no-medio-oriente-eleva-combustiveis-e-pode-aumentar-prestacoes\/\"},\"author\":{\"name\":\"Telinha\",\"@id\":\"https:\/\/portaltela.pt\/#\/schema\/person\/c4278d4a6028830caff9ee44b42d32ed\"},\"headline\":\"Conflito no M\u00e9dio Oriente eleva combust\u00edveis e pode aumentar presta\u00e7\u00f5es\",\"datePublished\":\"2026-03-11T12:35:24+00:00\",\"mainEntityOfPage\":{\"@id\":\"https:\/\/portaltela.pt\/noticias\/2026\/03\/11\/conflito-no-medio-oriente-eleva-combustiveis-e-pode-aumentar-prestacoes\/\"},\"wordCount\":284,\"image\":{\"@id\":\"https:\/\/portaltela.pt\/noticias\/2026\/03\/11\/conflito-no-medio-oriente-eleva-combustiveis-e-pode-aumentar-prestacoes\/#primaryimage\"},\"thumbnailUrl\":\"https:\/\/portaltela.pt\/s.01k8rhncp4jt1\/2026\/03\/img_1280x722uu2026-03-09-23-34-04-2271454.jpg\",\"keywords\":[\"Banco Central Europeu\",\"consumo\",\"economia\",\"energia\",\"habita\u00e7\u00e3o\",\"mercados internacionais\"],\"articleSection\":[\"Economia\",\"Finan\u00e7as\"],\"inLanguage\":\"pt-PT\"},{\"@type\":\"WebPage\",\"@id\":\"https:\/\/portaltela.pt\/noticias\/2026\/03\/11\/conflito-no-medio-oriente-eleva-combustiveis-e-pode-aumentar-prestacoes\/\",\"url\":\"https:\/\/portaltela.pt\/noticias\/2026\/03\/11\/conflito-no-medio-oriente-eleva-combustiveis-e-pode-aumentar-prestacoes\/\",\"name\":\"Conflito no M\u00e9dio Oriente eleva combust\u00edveis e pode aumentar presta\u00e7\u00f5es - Portal Tela Portugal\",\"isPartOf\":{\"@id\":\"https:\/\/portaltela.pt\/#website\"},\"primaryImageOfPage\":{\"@id\":\"https:\/\/portaltela.pt\/noticias\/2026\/03\/11\/conflito-no-medio-oriente-eleva-combustiveis-e-pode-aumentar-prestacoes\/#primaryimage\"},\"image\":{\"@id\":\"https:\/\/portaltela.pt\/noticias\/2026\/03\/11\/conflito-no-medio-oriente-eleva-combustiveis-e-pode-aumentar-prestacoes\/#primaryimage\"},\"thumbnailUrl\":\"https:\/\/portaltela.pt\/s.01k8rhncp4jt1\/2026\/03\/img_1280x722uu2026-03-09-23-34-04-2271454.jpg\",\"datePublished\":\"2026-03-11T12:35:24+00:00\",\"author\":{\"@id\":\"https:\/\/portaltela.pt\/#\/schema\/person\/c4278d4a6028830caff9ee44b42d32ed\"},\"breadcrumb\":{\"@id\":\"https:\/\/portaltela.pt\/noticias\/2026\/03\/11\/conflito-no-medio-oriente-eleva-combustiveis-e-pode-aumentar-prestacoes\/#breadcrumb\"},\"inLanguage\":\"pt-PT\",\"potentialAction\":[{\"@type\":\"ReadAction\",\"target\":[\"https:\/\/portaltela.pt\/noticias\/2026\/03\/11\/conflito-no-medio-oriente-eleva-combustiveis-e-pode-aumentar-prestacoes\/\"]}]},{\"@type\":\"ImageObject\",\"inLanguage\":\"pt-PT\",\"@id\":\"https:\/\/portaltela.pt\/noticias\/2026\/03\/11\/conflito-no-medio-oriente-eleva-combustiveis-e-pode-aumentar-prestacoes\/#primaryimage\",\"url\":\"https:\/\/portaltela.pt\/s.01k8rhncp4jt1\/2026\/03\/img_1280x722uu2026-03-09-23-34-04-2271454.jpg\",\"contentUrl\":\"https:\/\/portaltela.pt\/s.01k8rhncp4jt1\/2026\/03\/img_1280x722uu2026-03-09-23-34-04-2271454.jpg\",\"width\":796,\"height\":448,\"caption\":\"Photo\"},{\"@type\":\"BreadcrumbList\",\"@id\":\"https:\/\/portaltela.pt\/noticias\/2026\/03\/11\/conflito-no-medio-oriente-eleva-combustiveis-e-pode-aumentar-prestacoes\/#breadcrumb\",\"itemListElement\":[{\"@type\":\"ListItem\",\"position\":1,\"name\":\"In\u00edcio\",\"item\":\"https:\/\/portaltela.pt\/\"},{\"@type\":\"ListItem\",\"position\":2,\"name\":\"Conflito no M\u00e9dio Oriente eleva combust\u00edveis e pode aumentar presta\u00e7\u00f5es\"}]},{\"@type\":\"WebSite\",\"@id\":\"https:\/\/portaltela.pt\/#website\",\"url\":\"https:\/\/portaltela.pt\/\",\"name\":\"Portal Tela Portugal\",\"description\":\"\",\"potentialAction\":[{\"@type\":\"SearchAction\",\"target\":{\"@type\":\"EntryPoint\",\"urlTemplate\":\"https:\/\/portaltela.pt\/?s={search_term_string}\"},\"query-input\":{\"@type\":\"PropertyValueSpecification\",\"valueRequired\":true,\"valueName\":\"search_term_string\"}}],\"inLanguage\":\"pt-PT\"},{\"@type\":\"Person\",\"@id\":\"https:\/\/portaltela.pt\/#\/schema\/person\/c4278d4a6028830caff9ee44b42d32ed\",\"name\":\"Telinha\",\"image\":{\"@type\":\"ImageObject\",\"inLanguage\":\"pt-PT\",\"@id\":\"https:\/\/portaltela.pt\/s.01k8rhncp4jt1\/2025\/11\/talking-bot-125x125.png\",\"url\":\"https:\/\/portaltela.pt\/s.01k8rhncp4jt1\/2025\/11\/talking-bot-125x125.png\",\"contentUrl\":\"https:\/\/portaltela.pt\/s.01k8rhncp4jt1\/2025\/11\/talking-bot-125x125.png\",\"caption\":\"Telinha\"},\"sameAs\":[\"https:\/\/portaltela.pt\/\"],\"url\":\"https:\/\/portaltela.pt\/por\/367410592786\/\"}]}<\/script>\n<!-- \/ Yoast SEO plugin. -->","yoast_head_json":{"title":"Conflito no M\u00e9dio Oriente eleva combust\u00edveis e pode aumentar presta\u00e7\u00f5es - Portal Tela Portugal","robots":{"index":"index","follow":"follow","max-snippet":"max-snippet:-1","max-image-preview":"max-image-preview:large","max-video-preview":"max-video-preview:-1"},"og_locale":"pt_PT","og_type":"article","og_title":"Conflito no M\u00e9dio Oriente eleva combust\u00edveis e pode aumentar presta\u00e7\u00f5es - Portal Tela Portugal","og_description":"O conflito no M\u00e9dio Oriente est\u00e1 a impulsionar a subida do pre\u00e7o dos combust\u00edveis, colocando press\u00e3o na infla\u00e7\u00e3o. O petr\u00f3leo Brent atingiu n\u00edveis n\u00e3o vistos desde 2014 devido \u00e0 escalada do conflito na regi\u00e3o. Economistas apontam que a infla\u00e7\u00e3o mais alta pode levar o Banco Central Europeu a subir os juros. A escalada dos pre\u00e7os aumenta os custos de transporte e produ\u00e7\u00e3o, o que pode refletir-se em presta\u00e7\u00f5es de habita\u00e7\u00e3o indexadas \u00e0s taxas. Especialistas recomendam aos consumidores acompanhar as suas presta\u00e7\u00f5es e procurar medidas para mitigar os impactos, mantendo-se atentos \u00e0s evolu\u00e7\u00f5es na regi\u00e3o.","og_url":"https:\/\/portaltela.pt\/noticias\/2026\/03\/11\/conflito-no-medio-oriente-eleva-combustiveis-e-pode-aumentar-prestacoes\/","og_site_name":"Portal Tela Portugal","article_published_time":"2026-03-11T12:35:24+00:00","author":"Telinha","twitter_card":"summary_large_image","twitter_misc":{"Escrito por":"Telinha","Tempo estimado de leitura":"1 minuto"},"schema":{"@context":"https:\/\/schema.org","@graph":[{"@type":"Article","@id":"https:\/\/portaltela.pt\/noticias\/2026\/03\/11\/conflito-no-medio-oriente-eleva-combustiveis-e-pode-aumentar-prestacoes\/#article","isPartOf":{"@id":"https:\/\/portaltela.pt\/noticias\/2026\/03\/11\/conflito-no-medio-oriente-eleva-combustiveis-e-pode-aumentar-prestacoes\/"},"author":{"name":"Telinha","@id":"https:\/\/portaltela.pt\/#\/schema\/person\/c4278d4a6028830caff9ee44b42d32ed"},"headline":"Conflito no M\u00e9dio Oriente eleva combust\u00edveis e pode aumentar presta\u00e7\u00f5es","datePublished":"2026-03-11T12:35:24+00:00","mainEntityOfPage":{"@id":"https:\/\/portaltela.pt\/noticias\/2026\/03\/11\/conflito-no-medio-oriente-eleva-combustiveis-e-pode-aumentar-prestacoes\/"},"wordCount":284,"image":{"@id":"https:\/\/portaltela.pt\/noticias\/2026\/03\/11\/conflito-no-medio-oriente-eleva-combustiveis-e-pode-aumentar-prestacoes\/#primaryimage"},"thumbnailUrl":"https:\/\/portaltela.pt\/s.01k8rhncp4jt1\/2026\/03\/img_1280x722uu2026-03-09-23-34-04-2271454.jpg","keywords":["Banco Central Europeu","consumo","economia","energia","habita\u00e7\u00e3o","mercados internacionais"],"articleSection":["Economia","Finan\u00e7as"],"inLanguage":"pt-PT"},{"@type":"WebPage","@id":"https:\/\/portaltela.pt\/noticias\/2026\/03\/11\/conflito-no-medio-oriente-eleva-combustiveis-e-pode-aumentar-prestacoes\/","url":"https:\/\/portaltela.pt\/noticias\/2026\/03\/11\/conflito-no-medio-oriente-eleva-combustiveis-e-pode-aumentar-prestacoes\/","name":"Conflito no M\u00e9dio Oriente eleva combust\u00edveis e pode aumentar presta\u00e7\u00f5es - Portal Tela Portugal","isPartOf":{"@id":"https:\/\/portaltela.pt\/#website"},"primaryImageOfPage":{"@id":"https:\/\/portaltela.pt\/noticias\/2026\/03\/11\/conflito-no-medio-oriente-eleva-combustiveis-e-pode-aumentar-prestacoes\/#primaryimage"},"image":{"@id":"https:\/\/portaltela.pt\/noticias\/2026\/03\/11\/conflito-no-medio-oriente-eleva-combustiveis-e-pode-aumentar-prestacoes\/#primaryimage"},"thumbnailUrl":"https:\/\/portaltela.pt\/s.01k8rhncp4jt1\/2026\/03\/img_1280x722uu2026-03-09-23-34-04-2271454.jpg","datePublished":"2026-03-11T12:35:24+00:00","author":{"@id":"https:\/\/portaltela.pt\/#\/schema\/person\/c4278d4a6028830caff9ee44b42d32ed"},"breadcrumb":{"@id":"https:\/\/portaltela.pt\/noticias\/2026\/03\/11\/conflito-no-medio-oriente-eleva-combustiveis-e-pode-aumentar-prestacoes\/#breadcrumb"},"inLanguage":"pt-PT","potentialAction":[{"@type":"ReadAction","target":["https:\/\/portaltela.pt\/noticias\/2026\/03\/11\/conflito-no-medio-oriente-eleva-combustiveis-e-pode-aumentar-prestacoes\/"]}]},{"@type":"ImageObject","inLanguage":"pt-PT","@id":"https:\/\/portaltela.pt\/noticias\/2026\/03\/11\/conflito-no-medio-oriente-eleva-combustiveis-e-pode-aumentar-prestacoes\/#primaryimage","url":"https:\/\/portaltela.pt\/s.01k8rhncp4jt1\/2026\/03\/img_1280x722uu2026-03-09-23-34-04-2271454.jpg","contentUrl":"https:\/\/portaltela.pt\/s.01k8rhncp4jt1\/2026\/03\/img_1280x722uu2026-03-09-23-34-04-2271454.jpg","width":796,"height":448,"caption":"Photo"},{"@type":"BreadcrumbList","@id":"https:\/\/portaltela.pt\/noticias\/2026\/03\/11\/conflito-no-medio-oriente-eleva-combustiveis-e-pode-aumentar-prestacoes\/#breadcrumb","itemListElement":[{"@type":"ListItem","position":1,"name":"In\u00edcio","item":"https:\/\/portaltela.pt\/"},{"@type":"ListItem","position":2,"name":"Conflito no M\u00e9dio Oriente eleva combust\u00edveis e pode aumentar presta\u00e7\u00f5es"}]},{"@type":"WebSite","@id":"https:\/\/portaltela.pt\/#website","url":"https:\/\/portaltela.pt\/","name":"Portal Tela Portugal","description":"","potentialAction":[{"@type":"SearchAction","target":{"@type":"EntryPoint","urlTemplate":"https:\/\/portaltela.pt\/?s={search_term_string}"},"query-input":{"@type":"PropertyValueSpecification","valueRequired":true,"valueName":"search_term_string"}}],"inLanguage":"pt-PT"},{"@type":"Person","@id":"https:\/\/portaltela.pt\/#\/schema\/person\/c4278d4a6028830caff9ee44b42d32ed","name":"Telinha","image":{"@type":"ImageObject","inLanguage":"pt-PT","@id":"https:\/\/portaltela.pt\/s.01k8rhncp4jt1\/2025\/11\/talking-bot-125x125.png","url":"https:\/\/portaltela.pt\/s.01k8rhncp4jt1\/2025\/11\/talking-bot-125x125.png","contentUrl":"https:\/\/portaltela.pt\/s.01k8rhncp4jt1\/2025\/11\/talking-bot-125x125.png","caption":"Telinha"},"sameAs":["https:\/\/portaltela.pt\/"],"url":"https:\/\/portaltela.pt\/por\/367410592786\/"}]}},"_links":{"self":[{"href":"https:\/\/portaltela.pt\/api\/wp\/v2\/posts\/405893","targetHints":{"allow":["GET"]}}],"collection":[{"href":"https:\/\/portaltela.pt\/api\/wp\/v2\/posts"}],"about":[{"href":"https:\/\/portaltela.pt\/api\/wp\/v2\/types\/post"}],"author":[{"embeddable":true,"href":"https:\/\/portaltela.pt\/api\/wp\/v2\/users\/2"}],"replies":[{"embeddable":true,"href":"https:\/\/portaltela.pt\/api\/wp\/v2\/comments?post=405893"}],"version-history":[{"count":0,"href":"https:\/\/portaltela.pt\/api\/wp\/v2\/posts\/405893\/revisions"}],"wp:featuredmedia":[{"embeddable":true,"href":"https:\/\/portaltela.pt\/api\/wp\/v2\/media\/405903"}],"wp:attachment":[{"href":"https:\/\/portaltela.pt\/api\/wp\/v2\/media?parent=405893"}],"wp:term":[{"taxonomy":"category","embeddable":true,"href":"https:\/\/portaltela.pt\/api\/wp\/v2\/categories?post=405893"},{"taxonomy":"post_tag","embeddable":true,"href":"https:\/\/portaltela.pt\/api\/wp\/v2\/tags?post=405893"}],"curies":[{"name":"wp","href":"https:\/\/api.w.org\/{rel}","templated":true}]}}