{"id":405888,"date":"2026-03-11T09:43:14","date_gmt":"2026-03-11T12:43:14","guid":{"rendered":"https:\/\/portaltela.pt\/noticias\/2026\/03\/11\/louise-landgraf-revalida-titulo-no-campeonato-internacional-amador-de-portugal\/"},"modified":"2026-03-11T09:43:14","modified_gmt":"2026-03-11T12:43:14","slug":"louise-landgraf-revalida-titulo-no-campeonato-internacional-amador-de-portugal","status":"publish","type":"post","link":"https:\/\/portaltela.pt\/desporto\/futebol\/2026\/03\/11\/louise-landgraf-revalida-titulo-no-campeonato-internacional-amador-de-portugal\/","title":{"rendered":"Louise Landgraf revalida t\u00edtulo no Campeonato Internacional Amador de Portugal"},"content":{"rendered":"<p>Louise Uma Landgraf revalida o t\u00edtulo no Campeonato Internacional Amador de Portugal Feminino, disputado no Penina Hotel &amp; Golf Resort, em Portim\u00e3o. A jogadora francesa terminou com 273 pancadas, 19 abaixo do Par do Sir Henry Cotton Championship Course, ap\u00f3s voltas de 68, 68, 70 e 67. O triunfo foi obtido na \u00faltima volta, com vantagem m\u00ednima de um shot sobre duas advers\u00e1rias.<\/p>\n<p>A l\u00edder inicial, Anna Ludvov\u00e1, manteve a dianteira at\u00e9 ao derradeiro dia, mas n\u00e3o resistiu \u00e0 press\u00e3o de Landgraf. A jogadora finlandesa June Weckman fechou em 274, empatada com Ludvov\u00e1 no 3\u00ba lugar. O desfecho foi decidido nos \u00faltimos buracos, com Landgraf a protagonizar cinco birdies nos \u00faltimos 9 buracos.<\/p>\n<p>A 17 anos, Landgraf celebra o seu 7.\u00ba t\u00edtulo individual numa prova integrada na calendariza\u00e7\u00e3o da EGA. A jogadora tem perspetivas de carreira europeia de alto n\u00edvel, com passagens por campeonatos mundiais e eventos do LETAS, a segunda divis\u00e3o do golfe profissional da Europa.<\/p>\n<p>Entre as jogadoras portuguesas, a melhor classifica\u00e7\u00e3o foi de Francisca Ferreira da Costa (Miramar), na 42.\u00aa posi\u00e7\u00e3o, com 220 (+1). Seguiu-se Nicole Sardinha (Individual) na 62.\u00aa posi\u00e7\u00e3o, com 225 (+6). Am\u00e9lia Gabin (Quinta do Lago) terminou em 71.\u00aa, com 228 (+9).<\/p>\n<p>O 96.\u00ba Campeonato Internacional Amador Feminino de Portugal contou com 90 jogadoras de 21 pa\u00edses. A prova pontua para a nova Ordem de M\u00e9rito Amadora Europeia, gerida pela EGA, e para o ranking mundial amador. Al\u00e9m disso, serve de apuramento para a sele\u00e7\u00e3o europeia da PING Junior Solheim Cup.<\/p>\n<p>Na Ta\u00e7a das Na\u00e7\u00f5es, a Espanha sagrou-se campe\u00e3 com 420 pancadas. It\u00e1lia ficou em 2.\u00ba, com 423, \u00e0 frente da Espanha B, tamb\u00e9m com 423. Portugal participou com quatro equipas, sendo a melhor a equipa n.\u00ba2, integrada por Eva Silva, Francisca Ferreira da Costa e Laura Santos, com 451 pancadas.<\/p>\n","protected":false},"excerpt":{"rendered":"<ul>\n<li>Louise Uma Landgraf revalidau o t\u00edtulo do Campeonato Internacional Amador Feminino de Portugal, no Penina Hotel &amp; Golf Resort (Portim\u00e3o), com agregado de 273 pancadas, 19 abaixo do Par do Sir Henry Cotton Championship Course.<\/li>\n<li>A vit\u00f3ria veio por margem de um shot sobre Anna Ludvov\u00e1 e June Weckman, ap\u00f3s a \u00faltima volta com 68, 68, 70 e 67.<\/li>\n<li>Este \u00e9 o terceiro t\u00edtulo em provas individuais do calend\u00e1rio oficial da European Golf Association (EGA) conquistado pela jogadora francesa.<\/li>\n<li>A melhor portuguesa foi Francisca Ferreira da Costa (Miramar), 42.\u00aa classificada, com 220 (+1).<\/li>\n<li>O evento contou com 90 jogadoras de 21 pa\u00edses e \u00e9 a prova inicial da nova Ordem de M\u00e9rito Amadora Europeia da EGA.<\/li>\n<\/ul>\n","protected":false},"author":2,"featured_media":405900,"comment_status":"closed","ping_status":"closed","sticky":false,"template":"","format":"standard","meta":{"footnotes":""},"categories":[21,24],"tags":[2614,227,152,1242,1764,1014],"class_list":["post-405888","post","type-post","status-publish","format-standard","has-post-thumbnail","hentry","category-desporto","category-futebol","tag-amador","tag-campeonato","tag-desporto","tag-feminino","tag-portimao","tag-portugal"],"yoast_head":"<!-- This site is optimized with the Yoast SEO plugin v27.2 - https:\/\/yoast.com\/product\/yoast-seo-wordpress\/ -->\n<title>Louise Landgraf revalida t\u00edtulo no Campeonato Internacional Amador de Portugal - Portal Tela Portugal<\/title>\n<meta name=\"robots\" content=\"index, follow, max-snippet:-1, max-image-preview:large, max-video-preview:-1\" \/>\n<meta property=\"og:locale\" content=\"pt_PT\" \/>\n<meta property=\"og:type\" content=\"article\" \/>\n<meta property=\"og:title\" content=\"Louise Landgraf revalida t\u00edtulo no Campeonato Internacional Amador de Portugal - Portal Tela Portugal\" \/>\n<meta property=\"og:description\" content=\"Louise Uma Landgraf revalidau o t\u00edtulo do Campeonato Internacional Amador Feminino de Portugal, no Penina Hotel &amp; Golf Resort (Portim\u00e3o), com agregado de 273 pancadas, 19 abaixo do Par do Sir Henry Cotton Championship Course. A vit\u00f3ria veio por margem de um shot sobre Anna Ludvov\u00e1 e June Weckman, ap\u00f3s a \u00faltima volta com 68, 68, 70 e 67. Este \u00e9 o terceiro t\u00edtulo em provas individuais do calend\u00e1rio oficial da European Golf Association (EGA) conquistado pela jogadora francesa. A melhor portuguesa foi Francisca Ferreira da Costa (Miramar), 42.\u00aa classificada, com 220 (+1). O evento contou com 90 jogadoras de 21 pa\u00edses e \u00e9 a prova inicial da nova Ordem de M\u00e9rito Amadora Europeia da EGA.\" \/>\n<meta property=\"og:url\" content=\"https:\/\/portaltela.pt\/noticias\/2026\/03\/11\/louise-landgraf-revalida-titulo-no-campeonato-internacional-amador-de-portugal\/\" \/>\n<meta property=\"og:site_name\" content=\"Portal Tela Portugal\" \/>\n<meta property=\"article:published_time\" content=\"2026-03-11T12:43:14+00:00\" \/>\n<meta name=\"author\" content=\"Telinha\" \/>\n<meta name=\"twitter:card\" content=\"summary_large_image\" \/>\n<meta name=\"twitter:label1\" content=\"Escrito por\" \/>\n\t<meta name=\"twitter:data1\" content=\"Telinha\" \/>\n\t<meta name=\"twitter:label2\" content=\"Tempo estimado de leitura\" \/>\n\t<meta name=\"twitter:data2\" content=\"1 minuto\" \/>\n<script type=\"application\/ld+json\" class=\"yoast-schema-graph\">{\"@context\":\"https:\/\/schema.org\",\"@graph\":[{\"@type\":\"Article\",\"@id\":\"https:\/\/portaltela.pt\/noticias\/2026\/03\/11\/louise-landgraf-revalida-titulo-no-campeonato-internacional-amador-de-portugal\/#article\",\"isPartOf\":{\"@id\":\"https:\/\/portaltela.pt\/noticias\/2026\/03\/11\/louise-landgraf-revalida-titulo-no-campeonato-internacional-amador-de-portugal\/\"},\"author\":{\"name\":\"Telinha\",\"@id\":\"https:\/\/portaltela.pt\/#\/schema\/person\/c4278d4a6028830caff9ee44b42d32ed\"},\"headline\":\"Louise Landgraf revalida t\u00edtulo no Campeonato Internacional Amador de Portugal\",\"datePublished\":\"2026-03-11T12:43:14+00:00\",\"mainEntityOfPage\":{\"@id\":\"https:\/\/portaltela.pt\/noticias\/2026\/03\/11\/louise-landgraf-revalida-titulo-no-campeonato-internacional-amador-de-portugal\/\"},\"wordCount\":302,\"image\":{\"@id\":\"https:\/\/portaltela.pt\/noticias\/2026\/03\/11\/louise-landgraf-revalida-titulo-no-campeonato-internacional-amador-de-portugal\/#primaryimage\"},\"thumbnailUrl\":\"https:\/\/portaltela.pt\/s.01k8rhncp4jt1\/2026\/03\/img_920x518uu2026-03-11-12-42-34-2426195-im-639088297689196627.jpg\",\"keywords\":[\"amador\",\"campeonato\",\"desporto\",\"feminino\",\"Portim\u00e3o\",\"Portugal\"],\"articleSection\":[\"Desporto\",\"Futebol\"],\"inLanguage\":\"pt-PT\"},{\"@type\":\"WebPage\",\"@id\":\"https:\/\/portaltela.pt\/noticias\/2026\/03\/11\/louise-landgraf-revalida-titulo-no-campeonato-internacional-amador-de-portugal\/\",\"url\":\"https:\/\/portaltela.pt\/noticias\/2026\/03\/11\/louise-landgraf-revalida-titulo-no-campeonato-internacional-amador-de-portugal\/\",\"name\":\"Louise Landgraf revalida t\u00edtulo no Campeonato Internacional Amador de Portugal - Portal Tela Portugal\",\"isPartOf\":{\"@id\":\"https:\/\/portaltela.pt\/#website\"},\"primaryImageOfPage\":{\"@id\":\"https:\/\/portaltela.pt\/noticias\/2026\/03\/11\/louise-landgraf-revalida-titulo-no-campeonato-internacional-amador-de-portugal\/#primaryimage\"},\"image\":{\"@id\":\"https:\/\/portaltela.pt\/noticias\/2026\/03\/11\/louise-landgraf-revalida-titulo-no-campeonato-internacional-amador-de-portugal\/#primaryimage\"},\"thumbnailUrl\":\"https:\/\/portaltela.pt\/s.01k8rhncp4jt1\/2026\/03\/img_920x518uu2026-03-11-12-42-34-2426195-im-639088297689196627.jpg\",\"datePublished\":\"2026-03-11T12:43:14+00:00\",\"author\":{\"@id\":\"https:\/\/portaltela.pt\/#\/schema\/person\/c4278d4a6028830caff9ee44b42d32ed\"},\"breadcrumb\":{\"@id\":\"https:\/\/portaltela.pt\/noticias\/2026\/03\/11\/louise-landgraf-revalida-titulo-no-campeonato-internacional-amador-de-portugal\/#breadcrumb\"},\"inLanguage\":\"pt-PT\",\"potentialAction\":[{\"@type\":\"ReadAction\",\"target\":[\"https:\/\/portaltela.pt\/noticias\/2026\/03\/11\/louise-landgraf-revalida-titulo-no-campeonato-internacional-amador-de-portugal\/\"]}]},{\"@type\":\"ImageObject\",\"inLanguage\":\"pt-PT\",\"@id\":\"https:\/\/portaltela.pt\/noticias\/2026\/03\/11\/louise-landgraf-revalida-titulo-no-campeonato-internacional-amador-de-portugal\/#primaryimage\",\"url\":\"https:\/\/portaltela.pt\/s.01k8rhncp4jt1\/2026\/03\/img_920x518uu2026-03-11-12-42-34-2426195-im-639088297689196627.jpg\",\"contentUrl\":\"https:\/\/portaltela.pt\/s.01k8rhncp4jt1\/2026\/03\/img_920x518uu2026-03-11-12-42-34-2426195-im-639088297689196627.jpg\",\"width\":796,\"height\":448,\"caption\":\"Louise Uma Landgraf (campe\u00e3), Pedro Nunes Pedro (pre. FPG) e Manuel Baltazar (Penina)\"},{\"@type\":\"BreadcrumbList\",\"@id\":\"https:\/\/portaltela.pt\/noticias\/2026\/03\/11\/louise-landgraf-revalida-titulo-no-campeonato-internacional-amador-de-portugal\/#breadcrumb\",\"itemListElement\":[{\"@type\":\"ListItem\",\"position\":1,\"name\":\"In\u00edcio\",\"item\":\"https:\/\/portaltela.pt\/\"},{\"@type\":\"ListItem\",\"position\":2,\"name\":\"Louise Landgraf revalida t\u00edtulo no Campeonato Internacional Amador de Portugal\"}]},{\"@type\":\"WebSite\",\"@id\":\"https:\/\/portaltela.pt\/#website\",\"url\":\"https:\/\/portaltela.pt\/\",\"name\":\"Portal Tela Portugal\",\"description\":\"\",\"potentialAction\":[{\"@type\":\"SearchAction\",\"target\":{\"@type\":\"EntryPoint\",\"urlTemplate\":\"https:\/\/portaltela.pt\/?s={search_term_string}\"},\"query-input\":{\"@type\":\"PropertyValueSpecification\",\"valueRequired\":true,\"valueName\":\"search_term_string\"}}],\"inLanguage\":\"pt-PT\"},{\"@type\":\"Person\",\"@id\":\"https:\/\/portaltela.pt\/#\/schema\/person\/c4278d4a6028830caff9ee44b42d32ed\",\"name\":\"Telinha\",\"image\":{\"@type\":\"ImageObject\",\"inLanguage\":\"pt-PT\",\"@id\":\"https:\/\/portaltela.pt\/s.01k8rhncp4jt1\/2025\/11\/talking-bot-125x125.png\",\"url\":\"https:\/\/portaltela.pt\/s.01k8rhncp4jt1\/2025\/11\/talking-bot-125x125.png\",\"contentUrl\":\"https:\/\/portaltela.pt\/s.01k8rhncp4jt1\/2025\/11\/talking-bot-125x125.png\",\"caption\":\"Telinha\"},\"sameAs\":[\"https:\/\/portaltela.pt\/\"],\"url\":\"https:\/\/portaltela.pt\/por\/367410592786\/\"}]}<\/script>\n<!-- \/ Yoast SEO plugin. -->","yoast_head_json":{"title":"Louise Landgraf revalida t\u00edtulo no Campeonato Internacional Amador de Portugal - Portal Tela Portugal","robots":{"index":"index","follow":"follow","max-snippet":"max-snippet:-1","max-image-preview":"max-image-preview:large","max-video-preview":"max-video-preview:-1"},"og_locale":"pt_PT","og_type":"article","og_title":"Louise Landgraf revalida t\u00edtulo no Campeonato Internacional Amador de Portugal - Portal Tela Portugal","og_description":"Louise Uma Landgraf revalidau o t\u00edtulo do Campeonato Internacional Amador Feminino de Portugal, no Penina Hotel &amp; Golf Resort (Portim\u00e3o), com agregado de 273 pancadas, 19 abaixo do Par do Sir Henry Cotton Championship Course. A vit\u00f3ria veio por margem de um shot sobre Anna Ludvov\u00e1 e June Weckman, ap\u00f3s a \u00faltima volta com 68, 68, 70 e 67. Este \u00e9 o terceiro t\u00edtulo em provas individuais do calend\u00e1rio oficial da European Golf Association (EGA) conquistado pela jogadora francesa. A melhor portuguesa foi Francisca Ferreira da Costa (Miramar), 42.\u00aa classificada, com 220 (+1). O evento contou com 90 jogadoras de 21 pa\u00edses e \u00e9 a prova inicial da nova Ordem de M\u00e9rito Amadora Europeia da EGA.","og_url":"https:\/\/portaltela.pt\/noticias\/2026\/03\/11\/louise-landgraf-revalida-titulo-no-campeonato-internacional-amador-de-portugal\/","og_site_name":"Portal Tela Portugal","article_published_time":"2026-03-11T12:43:14+00:00","author":"Telinha","twitter_card":"summary_large_image","twitter_misc":{"Escrito por":"Telinha","Tempo estimado de leitura":"1 minuto"},"schema":{"@context":"https:\/\/schema.org","@graph":[{"@type":"Article","@id":"https:\/\/portaltela.pt\/noticias\/2026\/03\/11\/louise-landgraf-revalida-titulo-no-campeonato-internacional-amador-de-portugal\/#article","isPartOf":{"@id":"https:\/\/portaltela.pt\/noticias\/2026\/03\/11\/louise-landgraf-revalida-titulo-no-campeonato-internacional-amador-de-portugal\/"},"author":{"name":"Telinha","@id":"https:\/\/portaltela.pt\/#\/schema\/person\/c4278d4a6028830caff9ee44b42d32ed"},"headline":"Louise Landgraf revalida t\u00edtulo no Campeonato Internacional Amador de Portugal","datePublished":"2026-03-11T12:43:14+00:00","mainEntityOfPage":{"@id":"https:\/\/portaltela.pt\/noticias\/2026\/03\/11\/louise-landgraf-revalida-titulo-no-campeonato-internacional-amador-de-portugal\/"},"wordCount":302,"image":{"@id":"https:\/\/portaltela.pt\/noticias\/2026\/03\/11\/louise-landgraf-revalida-titulo-no-campeonato-internacional-amador-de-portugal\/#primaryimage"},"thumbnailUrl":"https:\/\/portaltela.pt\/s.01k8rhncp4jt1\/2026\/03\/img_920x518uu2026-03-11-12-42-34-2426195-im-639088297689196627.jpg","keywords":["amador","campeonato","desporto","feminino","Portim\u00e3o","Portugal"],"articleSection":["Desporto","Futebol"],"inLanguage":"pt-PT"},{"@type":"WebPage","@id":"https:\/\/portaltela.pt\/noticias\/2026\/03\/11\/louise-landgraf-revalida-titulo-no-campeonato-internacional-amador-de-portugal\/","url":"https:\/\/portaltela.pt\/noticias\/2026\/03\/11\/louise-landgraf-revalida-titulo-no-campeonato-internacional-amador-de-portugal\/","name":"Louise Landgraf revalida t\u00edtulo no Campeonato Internacional Amador de Portugal - Portal Tela Portugal","isPartOf":{"@id":"https:\/\/portaltela.pt\/#website"},"primaryImageOfPage":{"@id":"https:\/\/portaltela.pt\/noticias\/2026\/03\/11\/louise-landgraf-revalida-titulo-no-campeonato-internacional-amador-de-portugal\/#primaryimage"},"image":{"@id":"https:\/\/portaltela.pt\/noticias\/2026\/03\/11\/louise-landgraf-revalida-titulo-no-campeonato-internacional-amador-de-portugal\/#primaryimage"},"thumbnailUrl":"https:\/\/portaltela.pt\/s.01k8rhncp4jt1\/2026\/03\/img_920x518uu2026-03-11-12-42-34-2426195-im-639088297689196627.jpg","datePublished":"2026-03-11T12:43:14+00:00","author":{"@id":"https:\/\/portaltela.pt\/#\/schema\/person\/c4278d4a6028830caff9ee44b42d32ed"},"breadcrumb":{"@id":"https:\/\/portaltela.pt\/noticias\/2026\/03\/11\/louise-landgraf-revalida-titulo-no-campeonato-internacional-amador-de-portugal\/#breadcrumb"},"inLanguage":"pt-PT","potentialAction":[{"@type":"ReadAction","target":["https:\/\/portaltela.pt\/noticias\/2026\/03\/11\/louise-landgraf-revalida-titulo-no-campeonato-internacional-amador-de-portugal\/"]}]},{"@type":"ImageObject","inLanguage":"pt-PT","@id":"https:\/\/portaltela.pt\/noticias\/2026\/03\/11\/louise-landgraf-revalida-titulo-no-campeonato-internacional-amador-de-portugal\/#primaryimage","url":"https:\/\/portaltela.pt\/s.01k8rhncp4jt1\/2026\/03\/img_920x518uu2026-03-11-12-42-34-2426195-im-639088297689196627.jpg","contentUrl":"https:\/\/portaltela.pt\/s.01k8rhncp4jt1\/2026\/03\/img_920x518uu2026-03-11-12-42-34-2426195-im-639088297689196627.jpg","width":796,"height":448,"caption":"Louise Uma Landgraf (campe\u00e3), Pedro Nunes Pedro (pre. FPG) e Manuel Baltazar (Penina)"},{"@type":"BreadcrumbList","@id":"https:\/\/portaltela.pt\/noticias\/2026\/03\/11\/louise-landgraf-revalida-titulo-no-campeonato-internacional-amador-de-portugal\/#breadcrumb","itemListElement":[{"@type":"ListItem","position":1,"name":"In\u00edcio","item":"https:\/\/portaltela.pt\/"},{"@type":"ListItem","position":2,"name":"Louise Landgraf revalida t\u00edtulo no Campeonato Internacional Amador de Portugal"}]},{"@type":"WebSite","@id":"https:\/\/portaltela.pt\/#website","url":"https:\/\/portaltela.pt\/","name":"Portal Tela Portugal","description":"","potentialAction":[{"@type":"SearchAction","target":{"@type":"EntryPoint","urlTemplate":"https:\/\/portaltela.pt\/?s={search_term_string}"},"query-input":{"@type":"PropertyValueSpecification","valueRequired":true,"valueName":"search_term_string"}}],"inLanguage":"pt-PT"},{"@type":"Person","@id":"https:\/\/portaltela.pt\/#\/schema\/person\/c4278d4a6028830caff9ee44b42d32ed","name":"Telinha","image":{"@type":"ImageObject","inLanguage":"pt-PT","@id":"https:\/\/portaltela.pt\/s.01k8rhncp4jt1\/2025\/11\/talking-bot-125x125.png","url":"https:\/\/portaltela.pt\/s.01k8rhncp4jt1\/2025\/11\/talking-bot-125x125.png","contentUrl":"https:\/\/portaltela.pt\/s.01k8rhncp4jt1\/2025\/11\/talking-bot-125x125.png","caption":"Telinha"},"sameAs":["https:\/\/portaltela.pt\/"],"url":"https:\/\/portaltela.pt\/por\/367410592786\/"}]}},"_links":{"self":[{"href":"https:\/\/portaltela.pt\/api\/wp\/v2\/posts\/405888","targetHints":{"allow":["GET"]}}],"collection":[{"href":"https:\/\/portaltela.pt\/api\/wp\/v2\/posts"}],"about":[{"href":"https:\/\/portaltela.pt\/api\/wp\/v2\/types\/post"}],"author":[{"embeddable":true,"href":"https:\/\/portaltela.pt\/api\/wp\/v2\/users\/2"}],"replies":[{"embeddable":true,"href":"https:\/\/portaltela.pt\/api\/wp\/v2\/comments?post=405888"}],"version-history":[{"count":0,"href":"https:\/\/portaltela.pt\/api\/wp\/v2\/posts\/405888\/revisions"}],"wp:featuredmedia":[{"embeddable":true,"href":"https:\/\/portaltela.pt\/api\/wp\/v2\/media\/405900"}],"wp:attachment":[{"href":"https:\/\/portaltela.pt\/api\/wp\/v2\/media?parent=405888"}],"wp:term":[{"taxonomy":"category","embeddable":true,"href":"https:\/\/portaltela.pt\/api\/wp\/v2\/categories?post=405888"},{"taxonomy":"post_tag","embeddable":true,"href":"https:\/\/portaltela.pt\/api\/wp\/v2\/tags?post=405888"}],"curies":[{"name":"wp","href":"https:\/\/api.w.org\/{rel}","templated":true}]}}