{"id":405884,"date":"2026-03-11T09:16:00","date_gmt":"2026-03-11T12:16:00","guid":{"rendered":"https:\/\/portaltela.pt\/noticias\/2026\/03\/11\/igai-pede-mudanca-de-instalacoes-da-esquadra-do-rato-e-mais-rigor-nas-detencoes\/"},"modified":"2026-03-11T09:16:00","modified_gmt":"2026-03-11T12:16:00","slug":"igai-pede-mudanca-de-instalacoes-da-esquadra-do-rato-e-mais-rigor-nas-detencoes","status":"publish","type":"post","link":"https:\/\/portaltela.pt\/policia\/2026\/03\/11\/igai-pede-mudanca-de-instalacoes-da-esquadra-do-rato-e-mais-rigor-nas-detencoes\/","title":{"rendered":"IGAI pede mudan\u00e7a de instala\u00e7\u00f5es da esquadra do Rato e mais rigor nas deten\u00e7\u00f5es"},"content":{"rendered":"<p>A Inspec\u00e7\u00e3o-Geral da Administra\u00e7\u00e3o Interna (IGAI) recomendou \u00e0 PSP a mudan\u00e7a de instala\u00e7\u00f5es da Esquadra do Rato, por considerar o edif\u00edcio n\u00e3o funcional nem habit\u00e1vel. A IGAI tamb\u00e9m pediu mais rigor na instru\u00e7\u00e3o de casos de deten\u00e7\u00f5es.<\/p>\n<p>A IGAI realizou inspe\u00e7\u00f5es-surpresa \u00e0s esquadras onde estavam nove agentes arguidos por suspeitas de tortura, viola\u00e7\u00e3o e maus-tratos. Em ambos os processos, foram apontados problemas de estrutura e organiza\u00e7\u00e3o interna.<\/p>\n<p>A Esquadra do Bairro Alto tamb\u00e9m foi alvo de inspe\u00e7\u00e3o, com conclus\u00f5es que destacam falhas na infraestrutura e na gest\u00e3o. A IGAI recomendou verifica\u00e7\u00e3o de registos de detidos, tradu\u00e7\u00e3o de documentos para estrangeiros e acessibilidade de entrada.<\/p>\n<h3>Elementos cr\u00edticos: quem est\u00e1 envolvido e a\u00e7\u00f5es em curso<\/h3>\n<p>Sete agentes da PSP foram detidos recentemente e permanecem em pris\u00e3o preventiva, juntamente com dois detidos em julho. Os agentes s\u00e3o acusados de tortura de v\u00e1rias v\u00edtimas, incluindo pessoas em situa\u00e7\u00e3o de sem-abrigo e imigrantes.<\/p>\n<p>As acusa\u00e7\u00f5es referem ainda que houve partilha de conte\u00fados violentos entre agentes, num grupo de WhatsApp de cerca de 70 pessoas. O inqu\u00e9rito est\u00e1 a cargo do Minist\u00e9rio P\u00fablico e est\u00e1 a ser acompanhado pela IGAI.<\/p>\n<p>A procuradora Felismina Carvalho Franco sublinha, no despacho de acusa\u00e7\u00e3o, a atua\u00e7\u00e3o reiterada dos suspeitos, com ocorr\u00eancias em v\u00e1rias esquadras e na via p\u00fablica. Registos apontam reten\u00e7\u00e3o de dinheiro e bens, uso de subst\u00e2ncias e viol\u00eancia desproporcionada.<\/p>\n","protected":false},"excerpt":{"rendered":"<ul>\n<li>A Inspe\u00e7\u00e3o-Geral da Administra\u00e7\u00e3o Interna (IGAI) realizou inspe\u00e7\u00f5es-surpresa \u00e0s esquadras onde est\u00e3o nove agentes arguidos por suspeitas de tortura, recomendando \u00e0 PSP a mudan\u00e7a de instala\u00e7\u00f5es da Esquadra do Rato por n\u00e3o apresentar condi\u00e7\u00f5es de habitabilidade nem ser funcional.<\/li>\n<li>Recomenda ainda maior rigor no expediente das deten\u00e7\u00f5es na Esquadra do Rato.<\/li>\n<li>A Esquadra do Bairro Alto tamb\u00e9m foi alvo de inspe\u00e7\u00e3o, com conclus\u00e3o de problemas na infraestrutura e na organiza\u00e7\u00e3o interna.<\/li>\n<li>Entre as recomenda\u00e7\u00f5es, a IGAI exige verifica\u00e7\u00e3o dos registos de detidos (completa correspond\u00eancia entre documentos) e, no caso de estrangeiros, indica\u00e7\u00e3o da l\u00edngua dominada com documentos traduzidos; pede ainda melhoria de acessibilidade, elimina\u00e7\u00e3o de humidade e remo\u00e7\u00e3o de bicicletas da sala de apoio \u00e0 v\u00edtima.<\/li>\n<li>O despacho de acusa\u00e7\u00e3o relativo aos casos envolvendo os agentes aponta atua\u00e7\u00e3o reiterada de viol\u00eancia, com furtos de bens e outros relatos de agress\u00f5es, ocorridos sobretudo nas esquadras do Rato e do Bairro Alto.<\/li>\n<\/ul>\n","protected":false},"author":2,"featured_media":405895,"comment_status":"closed","ping_status":"closed","sticky":false,"template":"","format":"standard","meta":{"footnotes":""},"categories":[1,6781],"tags":[470,6244,217,5869,3418,3535],"class_list":["post-405884","post","type-post","status-publish","format-standard","has-post-thumbnail","hentry","category-noticias","category-policia","tag-abuso-de-autoridade","tag-detidos","tag-investigacao-criminal","tag-maus-tratos","tag-policia-de-seguranca-publica","tag-tortura"],"yoast_head":"<!-- This site is optimized with the Yoast SEO plugin v27.2 - https:\/\/yoast.com\/product\/yoast-seo-wordpress\/ -->\n<title>IGAI pede mudan\u00e7a de instala\u00e7\u00f5es da esquadra do Rato e mais rigor nas deten\u00e7\u00f5es - Portal Tela Portugal<\/title>\n<meta name=\"robots\" content=\"index, follow, max-snippet:-1, max-image-preview:large, max-video-preview:-1\" \/>\n<meta property=\"og:locale\" content=\"pt_PT\" \/>\n<meta property=\"og:type\" content=\"article\" \/>\n<meta property=\"og:title\" content=\"IGAI pede mudan\u00e7a de instala\u00e7\u00f5es da esquadra do Rato e mais rigor nas deten\u00e7\u00f5es - Portal Tela Portugal\" \/>\n<meta property=\"og:description\" content=\"A Inspe\u00e7\u00e3o-Geral da Administra\u00e7\u00e3o Interna (IGAI) realizou inspe\u00e7\u00f5es-surpresa \u00e0s esquadras onde est\u00e3o nove agentes arguidos por suspeitas de tortura, recomendando \u00e0 PSP a mudan\u00e7a de instala\u00e7\u00f5es da Esquadra do Rato por n\u00e3o apresentar condi\u00e7\u00f5es de habitabilidade nem ser funcional. Recomenda ainda maior rigor no expediente das deten\u00e7\u00f5es na Esquadra do Rato. A Esquadra do Bairro Alto tamb\u00e9m foi alvo de inspe\u00e7\u00e3o, com conclus\u00e3o de problemas na infraestrutura e na organiza\u00e7\u00e3o interna. Entre as recomenda\u00e7\u00f5es, a IGAI exige verifica\u00e7\u00e3o dos registos de detidos (completa correspond\u00eancia entre documentos) e, no caso de estrangeiros, indica\u00e7\u00e3o da l\u00edngua dominada com documentos traduzidos; pede ainda melhoria de acessibilidade, elimina\u00e7\u00e3o de humidade e remo\u00e7\u00e3o de bicicletas da sala de apoio \u00e0 v\u00edtima. O despacho de acusa\u00e7\u00e3o relativo aos casos envolvendo os agentes aponta atua\u00e7\u00e3o reiterada de viol\u00eancia, com furtos de bens e outros relatos de agress\u00f5es, ocorridos sobretudo nas esquadras do Rato e do Bairro Alto.\" \/>\n<meta property=\"og:url\" content=\"https:\/\/portaltela.pt\/noticias\/2026\/03\/11\/igai-pede-mudanca-de-instalacoes-da-esquadra-do-rato-e-mais-rigor-nas-detencoes\/\" \/>\n<meta property=\"og:site_name\" content=\"Portal Tela Portugal\" \/>\n<meta property=\"article:published_time\" content=\"2026-03-11T12:16:00+00:00\" \/>\n<meta name=\"author\" content=\"Telinha\" \/>\n<meta name=\"twitter:card\" content=\"summary_large_image\" \/>\n<meta name=\"twitter:label1\" content=\"Escrito por\" \/>\n\t<meta name=\"twitter:data1\" content=\"Telinha\" \/>\n\t<meta name=\"twitter:label2\" content=\"Tempo estimado de leitura\" \/>\n\t<meta name=\"twitter:data2\" content=\"1 minuto\" \/>\n<script type=\"application\/ld+json\" class=\"yoast-schema-graph\">{\"@context\":\"https:\/\/schema.org\",\"@graph\":[{\"@type\":\"Article\",\"@id\":\"https:\/\/portaltela.pt\/noticias\/2026\/03\/11\/igai-pede-mudanca-de-instalacoes-da-esquadra-do-rato-e-mais-rigor-nas-detencoes\/#article\",\"isPartOf\":{\"@id\":\"https:\/\/portaltela.pt\/noticias\/2026\/03\/11\/igai-pede-mudanca-de-instalacoes-da-esquadra-do-rato-e-mais-rigor-nas-detencoes\/\"},\"author\":{\"name\":\"Telinha\",\"@id\":\"https:\/\/portaltela.pt\/#\/schema\/person\/c4278d4a6028830caff9ee44b42d32ed\"},\"headline\":\"IGAI pede mudan\u00e7a de instala\u00e7\u00f5es da esquadra do Rato e mais rigor nas deten\u00e7\u00f5es\",\"datePublished\":\"2026-03-11T12:16:00+00:00\",\"mainEntityOfPage\":{\"@id\":\"https:\/\/portaltela.pt\/noticias\/2026\/03\/11\/igai-pede-mudanca-de-instalacoes-da-esquadra-do-rato-e-mais-rigor-nas-detencoes\/\"},\"wordCount\":275,\"image\":{\"@id\":\"https:\/\/portaltela.pt\/noticias\/2026\/03\/11\/igai-pede-mudanca-de-instalacoes-da-esquadra-do-rato-e-mais-rigor-nas-detencoes\/#primaryimage\"},\"thumbnailUrl\":\"https:\/\/portaltela.pt\/s.01k8rhncp4jt1\/2026\/03\/2073297.jpg\",\"keywords\":[\"abuso de autoridade\",\"detidos\",\"investiga\u00e7\u00e3o criminal\",\"maus-tratos\",\"Pol\u00edcia de Seguran\u00e7a P\u00fablica\",\"tortura\"],\"articleSection\":[\"Not\u00edcias\",\"Pol\u00edcia\"],\"inLanguage\":\"pt-PT\"},{\"@type\":\"WebPage\",\"@id\":\"https:\/\/portaltela.pt\/noticias\/2026\/03\/11\/igai-pede-mudanca-de-instalacoes-da-esquadra-do-rato-e-mais-rigor-nas-detencoes\/\",\"url\":\"https:\/\/portaltela.pt\/noticias\/2026\/03\/11\/igai-pede-mudanca-de-instalacoes-da-esquadra-do-rato-e-mais-rigor-nas-detencoes\/\",\"name\":\"IGAI pede mudan\u00e7a de instala\u00e7\u00f5es da esquadra do Rato e mais rigor nas deten\u00e7\u00f5es - Portal Tela Portugal\",\"isPartOf\":{\"@id\":\"https:\/\/portaltela.pt\/#website\"},\"primaryImageOfPage\":{\"@id\":\"https:\/\/portaltela.pt\/noticias\/2026\/03\/11\/igai-pede-mudanca-de-instalacoes-da-esquadra-do-rato-e-mais-rigor-nas-detencoes\/#primaryimage\"},\"image\":{\"@id\":\"https:\/\/portaltela.pt\/noticias\/2026\/03\/11\/igai-pede-mudanca-de-instalacoes-da-esquadra-do-rato-e-mais-rigor-nas-detencoes\/#primaryimage\"},\"thumbnailUrl\":\"https:\/\/portaltela.pt\/s.01k8rhncp4jt1\/2026\/03\/2073297.jpg\",\"datePublished\":\"2026-03-11T12:16:00+00:00\",\"author\":{\"@id\":\"https:\/\/portaltela.pt\/#\/schema\/person\/c4278d4a6028830caff9ee44b42d32ed\"},\"breadcrumb\":{\"@id\":\"https:\/\/portaltela.pt\/noticias\/2026\/03\/11\/igai-pede-mudanca-de-instalacoes-da-esquadra-do-rato-e-mais-rigor-nas-detencoes\/#breadcrumb\"},\"inLanguage\":\"pt-PT\",\"potentialAction\":[{\"@type\":\"ReadAction\",\"target\":[\"https:\/\/portaltela.pt\/noticias\/2026\/03\/11\/igai-pede-mudanca-de-instalacoes-da-esquadra-do-rato-e-mais-rigor-nas-detencoes\/\"]}]},{\"@type\":\"ImageObject\",\"inLanguage\":\"pt-PT\",\"@id\":\"https:\/\/portaltela.pt\/noticias\/2026\/03\/11\/igai-pede-mudanca-de-instalacoes-da-esquadra-do-rato-e-mais-rigor-nas-detencoes\/#primaryimage\",\"url\":\"https:\/\/portaltela.pt\/s.01k8rhncp4jt1\/2026\/03\/2073297.jpg\",\"contentUrl\":\"https:\/\/portaltela.pt\/s.01k8rhncp4jt1\/2026\/03\/2073297.jpg\",\"width\":796,\"height\":448,\"caption\":\"PSP foi aconselhada a avaliar outro edif\u00edcio para se instalar por se considerar que a esquadra actual n\u00e3o tem condi\u00e7\u00f5es de habitabilidade e n\u00e3o \u00e9 funcional\"},{\"@type\":\"BreadcrumbList\",\"@id\":\"https:\/\/portaltela.pt\/noticias\/2026\/03\/11\/igai-pede-mudanca-de-instalacoes-da-esquadra-do-rato-e-mais-rigor-nas-detencoes\/#breadcrumb\",\"itemListElement\":[{\"@type\":\"ListItem\",\"position\":1,\"name\":\"In\u00edcio\",\"item\":\"https:\/\/portaltela.pt\/\"},{\"@type\":\"ListItem\",\"position\":2,\"name\":\"IGAI pede mudan\u00e7a de instala\u00e7\u00f5es da esquadra do Rato e mais rigor nas deten\u00e7\u00f5es\"}]},{\"@type\":\"WebSite\",\"@id\":\"https:\/\/portaltela.pt\/#website\",\"url\":\"https:\/\/portaltela.pt\/\",\"name\":\"Portal Tela Portugal\",\"description\":\"\",\"potentialAction\":[{\"@type\":\"SearchAction\",\"target\":{\"@type\":\"EntryPoint\",\"urlTemplate\":\"https:\/\/portaltela.pt\/?s={search_term_string}\"},\"query-input\":{\"@type\":\"PropertyValueSpecification\",\"valueRequired\":true,\"valueName\":\"search_term_string\"}}],\"inLanguage\":\"pt-PT\"},{\"@type\":\"Person\",\"@id\":\"https:\/\/portaltela.pt\/#\/schema\/person\/c4278d4a6028830caff9ee44b42d32ed\",\"name\":\"Telinha\",\"image\":{\"@type\":\"ImageObject\",\"inLanguage\":\"pt-PT\",\"@id\":\"https:\/\/portaltela.pt\/s.01k8rhncp4jt1\/2025\/11\/talking-bot-125x125.png\",\"url\":\"https:\/\/portaltela.pt\/s.01k8rhncp4jt1\/2025\/11\/talking-bot-125x125.png\",\"contentUrl\":\"https:\/\/portaltela.pt\/s.01k8rhncp4jt1\/2025\/11\/talking-bot-125x125.png\",\"caption\":\"Telinha\"},\"sameAs\":[\"https:\/\/portaltela.pt\/\"],\"url\":\"https:\/\/portaltela.pt\/por\/367410592786\/\"}]}<\/script>\n<!-- \/ Yoast SEO plugin. -->","yoast_head_json":{"title":"IGAI pede mudan\u00e7a de instala\u00e7\u00f5es da esquadra do Rato e mais rigor nas deten\u00e7\u00f5es - Portal Tela Portugal","robots":{"index":"index","follow":"follow","max-snippet":"max-snippet:-1","max-image-preview":"max-image-preview:large","max-video-preview":"max-video-preview:-1"},"og_locale":"pt_PT","og_type":"article","og_title":"IGAI pede mudan\u00e7a de instala\u00e7\u00f5es da esquadra do Rato e mais rigor nas deten\u00e7\u00f5es - Portal Tela Portugal","og_description":"A Inspe\u00e7\u00e3o-Geral da Administra\u00e7\u00e3o Interna (IGAI) realizou inspe\u00e7\u00f5es-surpresa \u00e0s esquadras onde est\u00e3o nove agentes arguidos por suspeitas de tortura, recomendando \u00e0 PSP a mudan\u00e7a de instala\u00e7\u00f5es da Esquadra do Rato por n\u00e3o apresentar condi\u00e7\u00f5es de habitabilidade nem ser funcional. Recomenda ainda maior rigor no expediente das deten\u00e7\u00f5es na Esquadra do Rato. A Esquadra do Bairro Alto tamb\u00e9m foi alvo de inspe\u00e7\u00e3o, com conclus\u00e3o de problemas na infraestrutura e na organiza\u00e7\u00e3o interna. Entre as recomenda\u00e7\u00f5es, a IGAI exige verifica\u00e7\u00e3o dos registos de detidos (completa correspond\u00eancia entre documentos) e, no caso de estrangeiros, indica\u00e7\u00e3o da l\u00edngua dominada com documentos traduzidos; pede ainda melhoria de acessibilidade, elimina\u00e7\u00e3o de humidade e remo\u00e7\u00e3o de bicicletas da sala de apoio \u00e0 v\u00edtima. O despacho de acusa\u00e7\u00e3o relativo aos casos envolvendo os agentes aponta atua\u00e7\u00e3o reiterada de viol\u00eancia, com furtos de bens e outros relatos de agress\u00f5es, ocorridos sobretudo nas esquadras do Rato e do Bairro Alto.","og_url":"https:\/\/portaltela.pt\/noticias\/2026\/03\/11\/igai-pede-mudanca-de-instalacoes-da-esquadra-do-rato-e-mais-rigor-nas-detencoes\/","og_site_name":"Portal Tela Portugal","article_published_time":"2026-03-11T12:16:00+00:00","author":"Telinha","twitter_card":"summary_large_image","twitter_misc":{"Escrito por":"Telinha","Tempo estimado de leitura":"1 minuto"},"schema":{"@context":"https:\/\/schema.org","@graph":[{"@type":"Article","@id":"https:\/\/portaltela.pt\/noticias\/2026\/03\/11\/igai-pede-mudanca-de-instalacoes-da-esquadra-do-rato-e-mais-rigor-nas-detencoes\/#article","isPartOf":{"@id":"https:\/\/portaltela.pt\/noticias\/2026\/03\/11\/igai-pede-mudanca-de-instalacoes-da-esquadra-do-rato-e-mais-rigor-nas-detencoes\/"},"author":{"name":"Telinha","@id":"https:\/\/portaltela.pt\/#\/schema\/person\/c4278d4a6028830caff9ee44b42d32ed"},"headline":"IGAI pede mudan\u00e7a de instala\u00e7\u00f5es da esquadra do Rato e mais rigor nas deten\u00e7\u00f5es","datePublished":"2026-03-11T12:16:00+00:00","mainEntityOfPage":{"@id":"https:\/\/portaltela.pt\/noticias\/2026\/03\/11\/igai-pede-mudanca-de-instalacoes-da-esquadra-do-rato-e-mais-rigor-nas-detencoes\/"},"wordCount":275,"image":{"@id":"https:\/\/portaltela.pt\/noticias\/2026\/03\/11\/igai-pede-mudanca-de-instalacoes-da-esquadra-do-rato-e-mais-rigor-nas-detencoes\/#primaryimage"},"thumbnailUrl":"https:\/\/portaltela.pt\/s.01k8rhncp4jt1\/2026\/03\/2073297.jpg","keywords":["abuso de autoridade","detidos","investiga\u00e7\u00e3o criminal","maus-tratos","Pol\u00edcia de Seguran\u00e7a P\u00fablica","tortura"],"articleSection":["Not\u00edcias","Pol\u00edcia"],"inLanguage":"pt-PT"},{"@type":"WebPage","@id":"https:\/\/portaltela.pt\/noticias\/2026\/03\/11\/igai-pede-mudanca-de-instalacoes-da-esquadra-do-rato-e-mais-rigor-nas-detencoes\/","url":"https:\/\/portaltela.pt\/noticias\/2026\/03\/11\/igai-pede-mudanca-de-instalacoes-da-esquadra-do-rato-e-mais-rigor-nas-detencoes\/","name":"IGAI pede mudan\u00e7a de instala\u00e7\u00f5es da esquadra do Rato e mais rigor nas deten\u00e7\u00f5es - Portal Tela Portugal","isPartOf":{"@id":"https:\/\/portaltela.pt\/#website"},"primaryImageOfPage":{"@id":"https:\/\/portaltela.pt\/noticias\/2026\/03\/11\/igai-pede-mudanca-de-instalacoes-da-esquadra-do-rato-e-mais-rigor-nas-detencoes\/#primaryimage"},"image":{"@id":"https:\/\/portaltela.pt\/noticias\/2026\/03\/11\/igai-pede-mudanca-de-instalacoes-da-esquadra-do-rato-e-mais-rigor-nas-detencoes\/#primaryimage"},"thumbnailUrl":"https:\/\/portaltela.pt\/s.01k8rhncp4jt1\/2026\/03\/2073297.jpg","datePublished":"2026-03-11T12:16:00+00:00","author":{"@id":"https:\/\/portaltela.pt\/#\/schema\/person\/c4278d4a6028830caff9ee44b42d32ed"},"breadcrumb":{"@id":"https:\/\/portaltela.pt\/noticias\/2026\/03\/11\/igai-pede-mudanca-de-instalacoes-da-esquadra-do-rato-e-mais-rigor-nas-detencoes\/#breadcrumb"},"inLanguage":"pt-PT","potentialAction":[{"@type":"ReadAction","target":["https:\/\/portaltela.pt\/noticias\/2026\/03\/11\/igai-pede-mudanca-de-instalacoes-da-esquadra-do-rato-e-mais-rigor-nas-detencoes\/"]}]},{"@type":"ImageObject","inLanguage":"pt-PT","@id":"https:\/\/portaltela.pt\/noticias\/2026\/03\/11\/igai-pede-mudanca-de-instalacoes-da-esquadra-do-rato-e-mais-rigor-nas-detencoes\/#primaryimage","url":"https:\/\/portaltela.pt\/s.01k8rhncp4jt1\/2026\/03\/2073297.jpg","contentUrl":"https:\/\/portaltela.pt\/s.01k8rhncp4jt1\/2026\/03\/2073297.jpg","width":796,"height":448,"caption":"PSP foi aconselhada a avaliar outro edif\u00edcio para se instalar por se considerar que a esquadra actual n\u00e3o tem condi\u00e7\u00f5es de habitabilidade e n\u00e3o \u00e9 funcional"},{"@type":"BreadcrumbList","@id":"https:\/\/portaltela.pt\/noticias\/2026\/03\/11\/igai-pede-mudanca-de-instalacoes-da-esquadra-do-rato-e-mais-rigor-nas-detencoes\/#breadcrumb","itemListElement":[{"@type":"ListItem","position":1,"name":"In\u00edcio","item":"https:\/\/portaltela.pt\/"},{"@type":"ListItem","position":2,"name":"IGAI pede mudan\u00e7a de instala\u00e7\u00f5es da esquadra do Rato e mais rigor nas deten\u00e7\u00f5es"}]},{"@type":"WebSite","@id":"https:\/\/portaltela.pt\/#website","url":"https:\/\/portaltela.pt\/","name":"Portal Tela Portugal","description":"","potentialAction":[{"@type":"SearchAction","target":{"@type":"EntryPoint","urlTemplate":"https:\/\/portaltela.pt\/?s={search_term_string}"},"query-input":{"@type":"PropertyValueSpecification","valueRequired":true,"valueName":"search_term_string"}}],"inLanguage":"pt-PT"},{"@type":"Person","@id":"https:\/\/portaltela.pt\/#\/schema\/person\/c4278d4a6028830caff9ee44b42d32ed","name":"Telinha","image":{"@type":"ImageObject","inLanguage":"pt-PT","@id":"https:\/\/portaltela.pt\/s.01k8rhncp4jt1\/2025\/11\/talking-bot-125x125.png","url":"https:\/\/portaltela.pt\/s.01k8rhncp4jt1\/2025\/11\/talking-bot-125x125.png","contentUrl":"https:\/\/portaltela.pt\/s.01k8rhncp4jt1\/2025\/11\/talking-bot-125x125.png","caption":"Telinha"},"sameAs":["https:\/\/portaltela.pt\/"],"url":"https:\/\/portaltela.pt\/por\/367410592786\/"}]}},"_links":{"self":[{"href":"https:\/\/portaltela.pt\/api\/wp\/v2\/posts\/405884","targetHints":{"allow":["GET"]}}],"collection":[{"href":"https:\/\/portaltela.pt\/api\/wp\/v2\/posts"}],"about":[{"href":"https:\/\/portaltela.pt\/api\/wp\/v2\/types\/post"}],"author":[{"embeddable":true,"href":"https:\/\/portaltela.pt\/api\/wp\/v2\/users\/2"}],"replies":[{"embeddable":true,"href":"https:\/\/portaltela.pt\/api\/wp\/v2\/comments?post=405884"}],"version-history":[{"count":0,"href":"https:\/\/portaltela.pt\/api\/wp\/v2\/posts\/405884\/revisions"}],"wp:featuredmedia":[{"embeddable":true,"href":"https:\/\/portaltela.pt\/api\/wp\/v2\/media\/405895"}],"wp:attachment":[{"href":"https:\/\/portaltela.pt\/api\/wp\/v2\/media?parent=405884"}],"wp:term":[{"taxonomy":"category","embeddable":true,"href":"https:\/\/portaltela.pt\/api\/wp\/v2\/categories?post=405884"},{"taxonomy":"post_tag","embeddable":true,"href":"https:\/\/portaltela.pt\/api\/wp\/v2\/tags?post=405884"}],"curies":[{"name":"wp","href":"https:\/\/api.w.org\/{rel}","templated":true}]}}