{"id":405871,"date":"2026-03-11T09:32:06","date_gmt":"2026-03-11T12:32:06","guid":{"rendered":"https:\/\/portaltela.pt\/noticias\/2026\/03\/11\/von-der-leyen-reafirma-apoio-inabalavel-a-ordem-baseada-em-regras-apos-criticas\/"},"modified":"2026-03-11T09:32:06","modified_gmt":"2026-03-11T12:32:06","slug":"von-der-leyen-reafirma-apoio-inabalavel-a-ordem-baseada-em-regras-apos-criticas","status":"publish","type":"post","link":"https:\/\/portaltela.pt\/noticias\/politica\/2026\/03\/11\/von-der-leyen-reafirma-apoio-inabalavel-a-ordem-baseada-em-regras-apos-criticas\/","title":{"rendered":"Von der Leyen reafirma apoio inabal\u00e1vel \u00e0 ordem baseada em regras ap\u00f3s cr\u00edticas"},"content":{"rendered":"<p>Ursula von der Leyen refor\u00e7ou o apoio inabal\u00e1vel da UE ao direito internacional, dois dias ap\u00f3s afirmar que a Europa n\u00e3o pode continuar a ser guardi\u00e3 da velha ordem mundial. O discurso foi feito na confer\u00eancia anual de embaixadores.<\/p>\n<p>A presidente da Comiss\u00e3o Europeia defendeu o compromisso com o sistema multilateral e com a Carta das Na\u00e7\u00f5es Unidas, tentando clarificar a posi\u00e7\u00e3o perante cr\u00edticas de realpolitik. A rea\u00e7\u00e3o variou entre apoio e preocupa\u00e7\u00f5es sobre licen\u00e7as para viola\u00e7\u00f5es legais.<\/p>\n<p>Em Espanha, o governo de Pedro S\u00e1nchez criticou publicamente a interven\u00e7\u00e3o, numa pol\u00e9mica que ganhou contornos de debate sobre a legitimidade das a\u00e7\u00f5es da UE no M\u00e9dio Oriente.<\/p>\n<h3>Esclarecimentos na Europa<\/h3>\n<p>Von der Leyen foi ao Parlamento Europeu em Estrasburgo para reiterar a vis\u00e3o pragm\u00e1tica da UE sem comprometer a miss\u00e3o central. A l\u00edder comunit\u00e1ria afirmou que a UE nasceu pela paz e que os princ\u00edpios da ONU continuam centrais.<\/p>\n<p>A presidente sublinhou que defender o sistema baseado em regras \u00e9 essencial, admitindo que o sistema da ONU precisa de reformas. Disse ainda que, quando formatos tradicionais travam, \u00e9 preciso explorar vias criativas para crises graves.<\/p>\n<h3>Rea\u00e7\u00f5es na esfera p\u00fablica europeia<\/h3>\n<p>O discurso voltou a gerar controv\u00e9rsia entre os opositores do bloco, com cr\u00edticas \u00e0 condu\u00e7\u00e3o diplom\u00e1tica. A tens\u00e3o refletiu-se na cobertura medi\u00e1tica e nas declara\u00e7\u00f5es de pol\u00edticos progressistas no hemiciclo.<\/p>\n<p>Costa reiterou, numa interven\u00e7\u00e3o simult\u00e2nea, a leitura de que um mundo multipolar exige solu\u00e7\u00f5es multilaterais. O primeiro-ministro portugu\u00eas refor\u00e7ou a defesa da ordem internacional baseada em regras e da Carta das Na\u00e7\u00f5es Unidas.<\/p>\n","protected":false},"excerpt":{"rendered":"<ul>\n<li>Ursula von der Leyen reiterou o compromisso inabal\u00e1vel da Uni\u00e3o Europeia com o direito internacional e com o sistema multilateral, dias depois de dizer que a Europa n\u00e3o pode ser guardi\u00e3 da velha ordem mundial.<\/li>\n<li>O discurso inicial gerou rece\u00e7\u00e3o mista: apoiantes consideraram-no realista; cr\u00edticos temeram que pudesse encorajar viola\u00e7\u00f5es legais.<\/li>\n<li>O governo espanhol, liderado por Pedro S\u00e1nchez, criticou publicamente as declara\u00e7\u00f5es; o primeiro-ministro espanhol tem diverg\u00eancias com Von der Leyen em v\u00e1rias quest\u00f5es.<\/li>\n<li>Von der Leyen, no Parlamento Europeu, manteve a vis\u00e3o pragm\u00e1tica mas sublinhou que a miss\u00e3o central da UE n\u00e3o seria enfraquecida, defendendo a Carta das Na\u00e7\u00f5es Unidas e a necessidade de reformas na ONU.<\/li>\n<li>A Comiss\u00e3o pediu reflex\u00e3o sobre a pol\u00edtica externa da UE e o uso do sistema baseado em regras, numa altura em que Bruxelas discute o veto da Hungria a um empr\u00e9stimo \u00e0 Ucr\u00e2nia e Ant\u00f3nio Costa sinalizou a import\u00e2ncia de solu\u00e7\u00f5es multilaterais em um mundo multipolar.<\/li>\n<\/ul>\n","protected":false},"author":2,"featured_media":405874,"comment_status":"closed","ping_status":"closed","sticky":false,"template":"","format":"standard","meta":{"footnotes":""},"categories":[6912,5],"tags":[3251,6703,3034,2487,2127,2055],"class_list":["post-405871","post","type-post","status-publish","format-standard","has-post-thumbnail","hentry","category-internacionais","category-politica","tag-carta-das-nacoes-unidas","tag-diplomacia-internacional","tag-direito-internacional","tag-europa","tag-nacoes-unidas","tag-uniao-europeia"],"yoast_head":"<!-- This site is optimized with the Yoast SEO plugin v27.2 - https:\/\/yoast.com\/product\/yoast-seo-wordpress\/ -->\n<title>Von der Leyen reafirma apoio inabal\u00e1vel \u00e0 ordem baseada em regras ap\u00f3s cr\u00edticas - Portal Tela Portugal<\/title>\n<meta name=\"robots\" content=\"index, follow, max-snippet:-1, max-image-preview:large, max-video-preview:-1\" \/>\n<meta property=\"og:locale\" content=\"pt_PT\" \/>\n<meta property=\"og:type\" content=\"article\" \/>\n<meta property=\"og:title\" content=\"Von der Leyen reafirma apoio inabal\u00e1vel \u00e0 ordem baseada em regras ap\u00f3s cr\u00edticas - Portal Tela Portugal\" \/>\n<meta property=\"og:description\" content=\"Ursula von der Leyen reiterou o compromisso inabal\u00e1vel da Uni\u00e3o Europeia com o direito internacional e com o sistema multilateral, dias depois de dizer que a Europa n\u00e3o pode ser guardi\u00e3 da velha ordem mundial. O discurso inicial gerou rece\u00e7\u00e3o mista: apoiantes consideraram-no realista; cr\u00edticos temeram que pudesse encorajar viola\u00e7\u00f5es legais. O governo espanhol, liderado por Pedro S\u00e1nchez, criticou publicamente as declara\u00e7\u00f5es; o primeiro-ministro espanhol tem diverg\u00eancias com Von der Leyen em v\u00e1rias quest\u00f5es. Von der Leyen, no Parlamento Europeu, manteve a vis\u00e3o pragm\u00e1tica mas sublinhou que a miss\u00e3o central da UE n\u00e3o seria enfraquecida, defendendo a Carta das Na\u00e7\u00f5es Unidas e a necessidade de reformas na ONU. A Comiss\u00e3o pediu reflex\u00e3o sobre a pol\u00edtica externa da UE e o uso do sistema baseado em regras, numa altura em que Bruxelas discute o veto da Hungria a um empr\u00e9stimo \u00e0 Ucr\u00e2nia e Ant\u00f3nio Costa sinalizou a import\u00e2ncia de solu\u00e7\u00f5es multilaterais em um mundo multipolar.\" \/>\n<meta property=\"og:url\" content=\"https:\/\/portaltela.pt\/noticias\/2026\/03\/11\/von-der-leyen-reafirma-apoio-inabalavel-a-ordem-baseada-em-regras-apos-criticas\/\" \/>\n<meta property=\"og:site_name\" content=\"Portal Tela Portugal\" \/>\n<meta property=\"article:published_time\" content=\"2026-03-11T12:32:06+00:00\" \/>\n<meta name=\"author\" content=\"Telinha\" \/>\n<meta name=\"twitter:card\" content=\"summary_large_image\" \/>\n<meta name=\"twitter:label1\" content=\"Escrito por\" \/>\n\t<meta name=\"twitter:data1\" content=\"Telinha\" \/>\n\t<meta name=\"twitter:label2\" content=\"Tempo estimado de leitura\" \/>\n\t<meta name=\"twitter:data2\" content=\"1 minuto\" \/>\n<script type=\"application\/ld+json\" class=\"yoast-schema-graph\">{\"@context\":\"https:\/\/schema.org\",\"@graph\":[{\"@type\":\"Article\",\"@id\":\"https:\/\/portaltela.pt\/noticias\/2026\/03\/11\/von-der-leyen-reafirma-apoio-inabalavel-a-ordem-baseada-em-regras-apos-criticas\/#article\",\"isPartOf\":{\"@id\":\"https:\/\/portaltela.pt\/noticias\/2026\/03\/11\/von-der-leyen-reafirma-apoio-inabalavel-a-ordem-baseada-em-regras-apos-criticas\/\"},\"author\":{\"name\":\"Telinha\",\"@id\":\"https:\/\/portaltela.pt\/#\/schema\/person\/c4278d4a6028830caff9ee44b42d32ed\"},\"headline\":\"Von der Leyen reafirma apoio inabal\u00e1vel \u00e0 ordem baseada em regras ap\u00f3s cr\u00edticas\",\"datePublished\":\"2026-03-11T12:32:06+00:00\",\"mainEntityOfPage\":{\"@id\":\"https:\/\/portaltela.pt\/noticias\/2026\/03\/11\/von-der-leyen-reafirma-apoio-inabalavel-a-ordem-baseada-em-regras-apos-criticas\/\"},\"wordCount\":304,\"image\":{\"@id\":\"https:\/\/portaltela.pt\/noticias\/2026\/03\/11\/von-der-leyen-reafirma-apoio-inabalavel-a-ordem-baseada-em-regras-apos-criticas\/#primaryimage\"},\"thumbnailUrl\":\"https:\/\/portaltela.pt\/s.01k8rhncp4jt1\/2026\/03\/1536x864_cmsv2_12be49d6-9a17-5fec-ad02-e06aa7fcc947-9681631.jpg\",\"keywords\":[\"Carta das Na\u00e7\u00f5es Unidas\",\"diplomacia internacional\",\"direito internacional\",\"Europa\",\"Na\u00e7\u00f5es Unidas\",\"Uni\u00e3o Europeia\"],\"articleSection\":[\"Internacionais\",\"Pol\u00edtica\"],\"inLanguage\":\"pt-PT\"},{\"@type\":\"WebPage\",\"@id\":\"https:\/\/portaltela.pt\/noticias\/2026\/03\/11\/von-der-leyen-reafirma-apoio-inabalavel-a-ordem-baseada-em-regras-apos-criticas\/\",\"url\":\"https:\/\/portaltela.pt\/noticias\/2026\/03\/11\/von-der-leyen-reafirma-apoio-inabalavel-a-ordem-baseada-em-regras-apos-criticas\/\",\"name\":\"Von der Leyen reafirma apoio inabal\u00e1vel \u00e0 ordem baseada em regras ap\u00f3s cr\u00edticas - Portal Tela Portugal\",\"isPartOf\":{\"@id\":\"https:\/\/portaltela.pt\/#website\"},\"primaryImageOfPage\":{\"@id\":\"https:\/\/portaltela.pt\/noticias\/2026\/03\/11\/von-der-leyen-reafirma-apoio-inabalavel-a-ordem-baseada-em-regras-apos-criticas\/#primaryimage\"},\"image\":{\"@id\":\"https:\/\/portaltela.pt\/noticias\/2026\/03\/11\/von-der-leyen-reafirma-apoio-inabalavel-a-ordem-baseada-em-regras-apos-criticas\/#primaryimage\"},\"thumbnailUrl\":\"https:\/\/portaltela.pt\/s.01k8rhncp4jt1\/2026\/03\/1536x864_cmsv2_12be49d6-9a17-5fec-ad02-e06aa7fcc947-9681631.jpg\",\"datePublished\":\"2026-03-11T12:32:06+00:00\",\"author\":{\"@id\":\"https:\/\/portaltela.pt\/#\/schema\/person\/c4278d4a6028830caff9ee44b42d32ed\"},\"breadcrumb\":{\"@id\":\"https:\/\/portaltela.pt\/noticias\/2026\/03\/11\/von-der-leyen-reafirma-apoio-inabalavel-a-ordem-baseada-em-regras-apos-criticas\/#breadcrumb\"},\"inLanguage\":\"pt-PT\",\"potentialAction\":[{\"@type\":\"ReadAction\",\"target\":[\"https:\/\/portaltela.pt\/noticias\/2026\/03\/11\/von-der-leyen-reafirma-apoio-inabalavel-a-ordem-baseada-em-regras-apos-criticas\/\"]}]},{\"@type\":\"ImageObject\",\"inLanguage\":\"pt-PT\",\"@id\":\"https:\/\/portaltela.pt\/noticias\/2026\/03\/11\/von-der-leyen-reafirma-apoio-inabalavel-a-ordem-baseada-em-regras-apos-criticas\/#primaryimage\",\"url\":\"https:\/\/portaltela.pt\/s.01k8rhncp4jt1\/2026\/03\/1536x864_cmsv2_12be49d6-9a17-5fec-ad02-e06aa7fcc947-9681631.jpg\",\"contentUrl\":\"https:\/\/portaltela.pt\/s.01k8rhncp4jt1\/2026\/03\/1536x864_cmsv2_12be49d6-9a17-5fec-ad02-e06aa7fcc947-9681631.jpg\",\"width\":796,\"height\":448,\"caption\":\"Ursula von der Leyen na manh\u00e3 de quarta-feira.\"},{\"@type\":\"BreadcrumbList\",\"@id\":\"https:\/\/portaltela.pt\/noticias\/2026\/03\/11\/von-der-leyen-reafirma-apoio-inabalavel-a-ordem-baseada-em-regras-apos-criticas\/#breadcrumb\",\"itemListElement\":[{\"@type\":\"ListItem\",\"position\":1,\"name\":\"In\u00edcio\",\"item\":\"https:\/\/portaltela.pt\/\"},{\"@type\":\"ListItem\",\"position\":2,\"name\":\"Von der Leyen reafirma apoio inabal\u00e1vel \u00e0 ordem baseada em regras ap\u00f3s cr\u00edticas\"}]},{\"@type\":\"WebSite\",\"@id\":\"https:\/\/portaltela.pt\/#website\",\"url\":\"https:\/\/portaltela.pt\/\",\"name\":\"Portal Tela Portugal\",\"description\":\"\",\"potentialAction\":[{\"@type\":\"SearchAction\",\"target\":{\"@type\":\"EntryPoint\",\"urlTemplate\":\"https:\/\/portaltela.pt\/?s={search_term_string}\"},\"query-input\":{\"@type\":\"PropertyValueSpecification\",\"valueRequired\":true,\"valueName\":\"search_term_string\"}}],\"inLanguage\":\"pt-PT\"},{\"@type\":\"Person\",\"@id\":\"https:\/\/portaltela.pt\/#\/schema\/person\/c4278d4a6028830caff9ee44b42d32ed\",\"name\":\"Telinha\",\"image\":{\"@type\":\"ImageObject\",\"inLanguage\":\"pt-PT\",\"@id\":\"https:\/\/portaltela.pt\/s.01k8rhncp4jt1\/2025\/11\/talking-bot-125x125.png\",\"url\":\"https:\/\/portaltela.pt\/s.01k8rhncp4jt1\/2025\/11\/talking-bot-125x125.png\",\"contentUrl\":\"https:\/\/portaltela.pt\/s.01k8rhncp4jt1\/2025\/11\/talking-bot-125x125.png\",\"caption\":\"Telinha\"},\"sameAs\":[\"https:\/\/portaltela.pt\/\"],\"url\":\"https:\/\/portaltela.pt\/por\/367410592786\/\"}]}<\/script>\n<!-- \/ Yoast SEO plugin. -->","yoast_head_json":{"title":"Von der Leyen reafirma apoio inabal\u00e1vel \u00e0 ordem baseada em regras ap\u00f3s cr\u00edticas - Portal Tela Portugal","robots":{"index":"index","follow":"follow","max-snippet":"max-snippet:-1","max-image-preview":"max-image-preview:large","max-video-preview":"max-video-preview:-1"},"og_locale":"pt_PT","og_type":"article","og_title":"Von der Leyen reafirma apoio inabal\u00e1vel \u00e0 ordem baseada em regras ap\u00f3s cr\u00edticas - Portal Tela Portugal","og_description":"Ursula von der Leyen reiterou o compromisso inabal\u00e1vel da Uni\u00e3o Europeia com o direito internacional e com o sistema multilateral, dias depois de dizer que a Europa n\u00e3o pode ser guardi\u00e3 da velha ordem mundial. O discurso inicial gerou rece\u00e7\u00e3o mista: apoiantes consideraram-no realista; cr\u00edticos temeram que pudesse encorajar viola\u00e7\u00f5es legais. O governo espanhol, liderado por Pedro S\u00e1nchez, criticou publicamente as declara\u00e7\u00f5es; o primeiro-ministro espanhol tem diverg\u00eancias com Von der Leyen em v\u00e1rias quest\u00f5es. Von der Leyen, no Parlamento Europeu, manteve a vis\u00e3o pragm\u00e1tica mas sublinhou que a miss\u00e3o central da UE n\u00e3o seria enfraquecida, defendendo a Carta das Na\u00e7\u00f5es Unidas e a necessidade de reformas na ONU. A Comiss\u00e3o pediu reflex\u00e3o sobre a pol\u00edtica externa da UE e o uso do sistema baseado em regras, numa altura em que Bruxelas discute o veto da Hungria a um empr\u00e9stimo \u00e0 Ucr\u00e2nia e Ant\u00f3nio Costa sinalizou a import\u00e2ncia de solu\u00e7\u00f5es multilaterais em um mundo multipolar.","og_url":"https:\/\/portaltela.pt\/noticias\/2026\/03\/11\/von-der-leyen-reafirma-apoio-inabalavel-a-ordem-baseada-em-regras-apos-criticas\/","og_site_name":"Portal Tela Portugal","article_published_time":"2026-03-11T12:32:06+00:00","author":"Telinha","twitter_card":"summary_large_image","twitter_misc":{"Escrito por":"Telinha","Tempo estimado de leitura":"1 minuto"},"schema":{"@context":"https:\/\/schema.org","@graph":[{"@type":"Article","@id":"https:\/\/portaltela.pt\/noticias\/2026\/03\/11\/von-der-leyen-reafirma-apoio-inabalavel-a-ordem-baseada-em-regras-apos-criticas\/#article","isPartOf":{"@id":"https:\/\/portaltela.pt\/noticias\/2026\/03\/11\/von-der-leyen-reafirma-apoio-inabalavel-a-ordem-baseada-em-regras-apos-criticas\/"},"author":{"name":"Telinha","@id":"https:\/\/portaltela.pt\/#\/schema\/person\/c4278d4a6028830caff9ee44b42d32ed"},"headline":"Von der Leyen reafirma apoio inabal\u00e1vel \u00e0 ordem baseada em regras ap\u00f3s cr\u00edticas","datePublished":"2026-03-11T12:32:06+00:00","mainEntityOfPage":{"@id":"https:\/\/portaltela.pt\/noticias\/2026\/03\/11\/von-der-leyen-reafirma-apoio-inabalavel-a-ordem-baseada-em-regras-apos-criticas\/"},"wordCount":304,"image":{"@id":"https:\/\/portaltela.pt\/noticias\/2026\/03\/11\/von-der-leyen-reafirma-apoio-inabalavel-a-ordem-baseada-em-regras-apos-criticas\/#primaryimage"},"thumbnailUrl":"https:\/\/portaltela.pt\/s.01k8rhncp4jt1\/2026\/03\/1536x864_cmsv2_12be49d6-9a17-5fec-ad02-e06aa7fcc947-9681631.jpg","keywords":["Carta das Na\u00e7\u00f5es Unidas","diplomacia internacional","direito internacional","Europa","Na\u00e7\u00f5es Unidas","Uni\u00e3o Europeia"],"articleSection":["Internacionais","Pol\u00edtica"],"inLanguage":"pt-PT"},{"@type":"WebPage","@id":"https:\/\/portaltela.pt\/noticias\/2026\/03\/11\/von-der-leyen-reafirma-apoio-inabalavel-a-ordem-baseada-em-regras-apos-criticas\/","url":"https:\/\/portaltela.pt\/noticias\/2026\/03\/11\/von-der-leyen-reafirma-apoio-inabalavel-a-ordem-baseada-em-regras-apos-criticas\/","name":"Von der Leyen reafirma apoio inabal\u00e1vel \u00e0 ordem baseada em regras ap\u00f3s cr\u00edticas - Portal Tela Portugal","isPartOf":{"@id":"https:\/\/portaltela.pt\/#website"},"primaryImageOfPage":{"@id":"https:\/\/portaltela.pt\/noticias\/2026\/03\/11\/von-der-leyen-reafirma-apoio-inabalavel-a-ordem-baseada-em-regras-apos-criticas\/#primaryimage"},"image":{"@id":"https:\/\/portaltela.pt\/noticias\/2026\/03\/11\/von-der-leyen-reafirma-apoio-inabalavel-a-ordem-baseada-em-regras-apos-criticas\/#primaryimage"},"thumbnailUrl":"https:\/\/portaltela.pt\/s.01k8rhncp4jt1\/2026\/03\/1536x864_cmsv2_12be49d6-9a17-5fec-ad02-e06aa7fcc947-9681631.jpg","datePublished":"2026-03-11T12:32:06+00:00","author":{"@id":"https:\/\/portaltela.pt\/#\/schema\/person\/c4278d4a6028830caff9ee44b42d32ed"},"breadcrumb":{"@id":"https:\/\/portaltela.pt\/noticias\/2026\/03\/11\/von-der-leyen-reafirma-apoio-inabalavel-a-ordem-baseada-em-regras-apos-criticas\/#breadcrumb"},"inLanguage":"pt-PT","potentialAction":[{"@type":"ReadAction","target":["https:\/\/portaltela.pt\/noticias\/2026\/03\/11\/von-der-leyen-reafirma-apoio-inabalavel-a-ordem-baseada-em-regras-apos-criticas\/"]}]},{"@type":"ImageObject","inLanguage":"pt-PT","@id":"https:\/\/portaltela.pt\/noticias\/2026\/03\/11\/von-der-leyen-reafirma-apoio-inabalavel-a-ordem-baseada-em-regras-apos-criticas\/#primaryimage","url":"https:\/\/portaltela.pt\/s.01k8rhncp4jt1\/2026\/03\/1536x864_cmsv2_12be49d6-9a17-5fec-ad02-e06aa7fcc947-9681631.jpg","contentUrl":"https:\/\/portaltela.pt\/s.01k8rhncp4jt1\/2026\/03\/1536x864_cmsv2_12be49d6-9a17-5fec-ad02-e06aa7fcc947-9681631.jpg","width":796,"height":448,"caption":"Ursula von der Leyen na manh\u00e3 de quarta-feira."},{"@type":"BreadcrumbList","@id":"https:\/\/portaltela.pt\/noticias\/2026\/03\/11\/von-der-leyen-reafirma-apoio-inabalavel-a-ordem-baseada-em-regras-apos-criticas\/#breadcrumb","itemListElement":[{"@type":"ListItem","position":1,"name":"In\u00edcio","item":"https:\/\/portaltela.pt\/"},{"@type":"ListItem","position":2,"name":"Von der Leyen reafirma apoio inabal\u00e1vel \u00e0 ordem baseada em regras ap\u00f3s cr\u00edticas"}]},{"@type":"WebSite","@id":"https:\/\/portaltela.pt\/#website","url":"https:\/\/portaltela.pt\/","name":"Portal Tela Portugal","description":"","potentialAction":[{"@type":"SearchAction","target":{"@type":"EntryPoint","urlTemplate":"https:\/\/portaltela.pt\/?s={search_term_string}"},"query-input":{"@type":"PropertyValueSpecification","valueRequired":true,"valueName":"search_term_string"}}],"inLanguage":"pt-PT"},{"@type":"Person","@id":"https:\/\/portaltela.pt\/#\/schema\/person\/c4278d4a6028830caff9ee44b42d32ed","name":"Telinha","image":{"@type":"ImageObject","inLanguage":"pt-PT","@id":"https:\/\/portaltela.pt\/s.01k8rhncp4jt1\/2025\/11\/talking-bot-125x125.png","url":"https:\/\/portaltela.pt\/s.01k8rhncp4jt1\/2025\/11\/talking-bot-125x125.png","contentUrl":"https:\/\/portaltela.pt\/s.01k8rhncp4jt1\/2025\/11\/talking-bot-125x125.png","caption":"Telinha"},"sameAs":["https:\/\/portaltela.pt\/"],"url":"https:\/\/portaltela.pt\/por\/367410592786\/"}]}},"_links":{"self":[{"href":"https:\/\/portaltela.pt\/api\/wp\/v2\/posts\/405871","targetHints":{"allow":["GET"]}}],"collection":[{"href":"https:\/\/portaltela.pt\/api\/wp\/v2\/posts"}],"about":[{"href":"https:\/\/portaltela.pt\/api\/wp\/v2\/types\/post"}],"author":[{"embeddable":true,"href":"https:\/\/portaltela.pt\/api\/wp\/v2\/users\/2"}],"replies":[{"embeddable":true,"href":"https:\/\/portaltela.pt\/api\/wp\/v2\/comments?post=405871"}],"version-history":[{"count":0,"href":"https:\/\/portaltela.pt\/api\/wp\/v2\/posts\/405871\/revisions"}],"wp:featuredmedia":[{"embeddable":true,"href":"https:\/\/portaltela.pt\/api\/wp\/v2\/media\/405874"}],"wp:attachment":[{"href":"https:\/\/portaltela.pt\/api\/wp\/v2\/media?parent=405871"}],"wp:term":[{"taxonomy":"category","embeddable":true,"href":"https:\/\/portaltela.pt\/api\/wp\/v2\/categories?post=405871"},{"taxonomy":"post_tag","embeddable":true,"href":"https:\/\/portaltela.pt\/api\/wp\/v2\/tags?post=405871"}],"curies":[{"name":"wp","href":"https:\/\/api.w.org\/{rel}","templated":true}]}}