{"id":405858,"date":"2026-03-11T09:22:00","date_gmt":"2026-03-11T12:22:00","guid":{"rendered":"https:\/\/portaltela.pt\/noticias\/2026\/03\/11\/familia-procura-por-professora-desaparecida-em-faro\/"},"modified":"2026-03-11T09:22:00","modified_gmt":"2026-03-11T12:22:00","slug":"familia-procura-por-professora-desaparecida-em-faro","status":"publish","type":"post","link":"https:\/\/portaltela.pt\/sociedade\/2026\/03\/11\/familia-procura-por-professora-desaparecida-em-faro\/","title":{"rendered":"Fam\u00edlia procura por professora desaparecida em Faro"},"content":{"rendered":"<p>Em Faro, a professora Carla continua desaparecida desde a passada sexta-feira, segundo informa\u00e7\u00f5es da escola e de fontes locais. V\u00e1rios alunos e colegas t\u00eam-se mobilizado para realizar buscas na cidade.<\/p>\n<p>Entre os envolvidos est\u00e3o alunos, docentes e membros da comunidade escolar, que organizaram atividades de procura e partilha de informa\u00e7\u00f5es relevantes. A iniciativa visa esclarecer o paradeiro da professora.<\/p>\n<p>O desaparecimento ocorreu na sexta-feira, ainda sem explica\u00e7\u00e3o oficial sobre as Umst\u00e4nden. As autoridades est\u00e3o a investigar, e a escola transmite o seu apoio \u00e0 fam\u00edlia da docente. N\u00e3o foram divulgadas mais informa\u00e7\u00f5es sobre as causas.<\/p>\n","protected":false},"excerpt":{"rendered":"<ul>\n<li>Professora chamada Carla est\u00e1 desaparecida em Faro desde sexta-feira passada.<\/li>\n<li>V\u00e1rios alunos e colegas t\u00eam-se mobilizado em buscas.<\/li>\n<li>A mobiliza\u00e7\u00e3o envolve a comunidade escolar local.<\/li>\n<li>N\u00e3o foram fornecidas informa\u00e7\u00f5es adicionais no momento.<\/li>\n<\/ul>\n","protected":false},"author":2,"featured_media":405863,"comment_status":"closed","ping_status":"closed","sticky":false,"template":"","format":"standard","meta":{"footnotes":""},"categories":[1,6871],"tags":[100,7023,163,992,215,97],"class_list":["post-405858","post","type-post","status-publish","format-standard","has-post-thumbnail","hentry","category-noticias","category-sociedade","tag-alunos","tag-comunidade-escolar","tag-educacao","tag-faro","tag-investigacao","tag-professores"],"yoast_head":"<!-- This site is optimized with the Yoast SEO plugin v27.2 - https:\/\/yoast.com\/product\/yoast-seo-wordpress\/ -->\n<title>Fam\u00edlia procura por professora desaparecida em Faro - Portal Tela Portugal<\/title>\n<meta name=\"robots\" content=\"index, follow, max-snippet:-1, max-image-preview:large, max-video-preview:-1\" \/>\n<meta property=\"og:locale\" content=\"pt_PT\" \/>\n<meta property=\"og:type\" content=\"article\" \/>\n<meta property=\"og:title\" content=\"Fam\u00edlia procura por professora desaparecida em Faro - Portal Tela Portugal\" \/>\n<meta property=\"og:description\" content=\"Professora chamada Carla est\u00e1 desaparecida em Faro desde sexta-feira passada. V\u00e1rios alunos e colegas t\u00eam-se mobilizado em buscas. A mobiliza\u00e7\u00e3o envolve a comunidade escolar local. N\u00e3o foram fornecidas informa\u00e7\u00f5es adicionais no momento.\" \/>\n<meta property=\"og:url\" content=\"https:\/\/portaltela.pt\/noticias\/2026\/03\/11\/familia-procura-por-professora-desaparecida-em-faro\/\" \/>\n<meta property=\"og:site_name\" content=\"Portal Tela Portugal\" \/>\n<meta property=\"article:published_time\" content=\"2026-03-11T12:22:00+00:00\" \/>\n<meta name=\"author\" content=\"Telinha\" \/>\n<meta name=\"twitter:card\" content=\"summary_large_image\" \/>\n<meta name=\"twitter:label1\" content=\"Escrito por\" \/>\n\t<meta name=\"twitter:data1\" content=\"Telinha\" \/>\n\t<meta name=\"twitter:label2\" content=\"Tempo estimado de leitura\" \/>\n\t<meta name=\"twitter:data2\" content=\"1 minuto\" \/>\n<script type=\"application\/ld+json\" class=\"yoast-schema-graph\">{\"@context\":\"https:\/\/schema.org\",\"@graph\":[{\"@type\":\"Article\",\"@id\":\"https:\/\/portaltela.pt\/noticias\/2026\/03\/11\/familia-procura-por-professora-desaparecida-em-faro\/#article\",\"isPartOf\":{\"@id\":\"https:\/\/portaltela.pt\/noticias\/2026\/03\/11\/familia-procura-por-professora-desaparecida-em-faro\/\"},\"author\":{\"name\":\"Telinha\",\"@id\":\"https:\/\/portaltela.pt\/#\/schema\/person\/c4278d4a6028830caff9ee44b42d32ed\"},\"headline\":\"Fam\u00edlia procura por professora desaparecida em Faro\",\"datePublished\":\"2026-03-11T12:22:00+00:00\",\"mainEntityOfPage\":{\"@id\":\"https:\/\/portaltela.pt\/noticias\/2026\/03\/11\/familia-procura-por-professora-desaparecida-em-faro\/\"},\"wordCount\":113,\"image\":{\"@id\":\"https:\/\/portaltela.pt\/noticias\/2026\/03\/11\/familia-procura-por-professora-desaparecida-em-faro\/#primaryimage\"},\"thumbnailUrl\":\"https:\/\/portaltela.pt\/s.01k8rhncp4jt1\/2026\/03\/img_1280x722uu2026-03-10-14-44-29-2271549.jpg\",\"keywords\":[\"alunos\",\"comunidade escolar\",\"educa\u00e7\u00e3o\",\"Faro\",\"investiga\u00e7\u00e3o\",\"professores\"],\"articleSection\":[\"Not\u00edcias\",\"Sociedade\"],\"inLanguage\":\"pt-PT\"},{\"@type\":\"WebPage\",\"@id\":\"https:\/\/portaltela.pt\/noticias\/2026\/03\/11\/familia-procura-por-professora-desaparecida-em-faro\/\",\"url\":\"https:\/\/portaltela.pt\/noticias\/2026\/03\/11\/familia-procura-por-professora-desaparecida-em-faro\/\",\"name\":\"Fam\u00edlia procura por professora desaparecida em Faro - Portal Tela Portugal\",\"isPartOf\":{\"@id\":\"https:\/\/portaltela.pt\/#website\"},\"primaryImageOfPage\":{\"@id\":\"https:\/\/portaltela.pt\/noticias\/2026\/03\/11\/familia-procura-por-professora-desaparecida-em-faro\/#primaryimage\"},\"image\":{\"@id\":\"https:\/\/portaltela.pt\/noticias\/2026\/03\/11\/familia-procura-por-professora-desaparecida-em-faro\/#primaryimage\"},\"thumbnailUrl\":\"https:\/\/portaltela.pt\/s.01k8rhncp4jt1\/2026\/03\/img_1280x722uu2026-03-10-14-44-29-2271549.jpg\",\"datePublished\":\"2026-03-11T12:22:00+00:00\",\"author\":{\"@id\":\"https:\/\/portaltela.pt\/#\/schema\/person\/c4278d4a6028830caff9ee44b42d32ed\"},\"breadcrumb\":{\"@id\":\"https:\/\/portaltela.pt\/noticias\/2026\/03\/11\/familia-procura-por-professora-desaparecida-em-faro\/#breadcrumb\"},\"inLanguage\":\"pt-PT\",\"potentialAction\":[{\"@type\":\"ReadAction\",\"target\":[\"https:\/\/portaltela.pt\/noticias\/2026\/03\/11\/familia-procura-por-professora-desaparecida-em-faro\/\"]}]},{\"@type\":\"ImageObject\",\"inLanguage\":\"pt-PT\",\"@id\":\"https:\/\/portaltela.pt\/noticias\/2026\/03\/11\/familia-procura-por-professora-desaparecida-em-faro\/#primaryimage\",\"url\":\"https:\/\/portaltela.pt\/s.01k8rhncp4jt1\/2026\/03\/img_1280x722uu2026-03-10-14-44-29-2271549.jpg\",\"contentUrl\":\"https:\/\/portaltela.pt\/s.01k8rhncp4jt1\/2026\/03\/img_1280x722uu2026-03-10-14-44-29-2271549.jpg\",\"width\":796,\"height\":448,\"caption\":\"Photo\"},{\"@type\":\"BreadcrumbList\",\"@id\":\"https:\/\/portaltela.pt\/noticias\/2026\/03\/11\/familia-procura-por-professora-desaparecida-em-faro\/#breadcrumb\",\"itemListElement\":[{\"@type\":\"ListItem\",\"position\":1,\"name\":\"In\u00edcio\",\"item\":\"https:\/\/portaltela.pt\/\"},{\"@type\":\"ListItem\",\"position\":2,\"name\":\"Fam\u00edlia procura por professora desaparecida em Faro\"}]},{\"@type\":\"WebSite\",\"@id\":\"https:\/\/portaltela.pt\/#website\",\"url\":\"https:\/\/portaltela.pt\/\",\"name\":\"Portal Tela Portugal\",\"description\":\"\",\"potentialAction\":[{\"@type\":\"SearchAction\",\"target\":{\"@type\":\"EntryPoint\",\"urlTemplate\":\"https:\/\/portaltela.pt\/?s={search_term_string}\"},\"query-input\":{\"@type\":\"PropertyValueSpecification\",\"valueRequired\":true,\"valueName\":\"search_term_string\"}}],\"inLanguage\":\"pt-PT\"},{\"@type\":\"Person\",\"@id\":\"https:\/\/portaltela.pt\/#\/schema\/person\/c4278d4a6028830caff9ee44b42d32ed\",\"name\":\"Telinha\",\"image\":{\"@type\":\"ImageObject\",\"inLanguage\":\"pt-PT\",\"@id\":\"https:\/\/portaltela.pt\/s.01k8rhncp4jt1\/2025\/11\/talking-bot-125x125.png\",\"url\":\"https:\/\/portaltela.pt\/s.01k8rhncp4jt1\/2025\/11\/talking-bot-125x125.png\",\"contentUrl\":\"https:\/\/portaltela.pt\/s.01k8rhncp4jt1\/2025\/11\/talking-bot-125x125.png\",\"caption\":\"Telinha\"},\"sameAs\":[\"https:\/\/portaltela.pt\/\"],\"url\":\"https:\/\/portaltela.pt\/por\/367410592786\/\"}]}<\/script>\n<!-- \/ Yoast SEO plugin. -->","yoast_head_json":{"title":"Fam\u00edlia procura por professora desaparecida em Faro - Portal Tela Portugal","robots":{"index":"index","follow":"follow","max-snippet":"max-snippet:-1","max-image-preview":"max-image-preview:large","max-video-preview":"max-video-preview:-1"},"og_locale":"pt_PT","og_type":"article","og_title":"Fam\u00edlia procura por professora desaparecida em Faro - Portal Tela Portugal","og_description":"Professora chamada Carla est\u00e1 desaparecida em Faro desde sexta-feira passada. V\u00e1rios alunos e colegas t\u00eam-se mobilizado em buscas. A mobiliza\u00e7\u00e3o envolve a comunidade escolar local. N\u00e3o foram fornecidas informa\u00e7\u00f5es adicionais no momento.","og_url":"https:\/\/portaltela.pt\/noticias\/2026\/03\/11\/familia-procura-por-professora-desaparecida-em-faro\/","og_site_name":"Portal Tela Portugal","article_published_time":"2026-03-11T12:22:00+00:00","author":"Telinha","twitter_card":"summary_large_image","twitter_misc":{"Escrito por":"Telinha","Tempo estimado de leitura":"1 minuto"},"schema":{"@context":"https:\/\/schema.org","@graph":[{"@type":"Article","@id":"https:\/\/portaltela.pt\/noticias\/2026\/03\/11\/familia-procura-por-professora-desaparecida-em-faro\/#article","isPartOf":{"@id":"https:\/\/portaltela.pt\/noticias\/2026\/03\/11\/familia-procura-por-professora-desaparecida-em-faro\/"},"author":{"name":"Telinha","@id":"https:\/\/portaltela.pt\/#\/schema\/person\/c4278d4a6028830caff9ee44b42d32ed"},"headline":"Fam\u00edlia procura por professora desaparecida em Faro","datePublished":"2026-03-11T12:22:00+00:00","mainEntityOfPage":{"@id":"https:\/\/portaltela.pt\/noticias\/2026\/03\/11\/familia-procura-por-professora-desaparecida-em-faro\/"},"wordCount":113,"image":{"@id":"https:\/\/portaltela.pt\/noticias\/2026\/03\/11\/familia-procura-por-professora-desaparecida-em-faro\/#primaryimage"},"thumbnailUrl":"https:\/\/portaltela.pt\/s.01k8rhncp4jt1\/2026\/03\/img_1280x722uu2026-03-10-14-44-29-2271549.jpg","keywords":["alunos","comunidade escolar","educa\u00e7\u00e3o","Faro","investiga\u00e7\u00e3o","professores"],"articleSection":["Not\u00edcias","Sociedade"],"inLanguage":"pt-PT"},{"@type":"WebPage","@id":"https:\/\/portaltela.pt\/noticias\/2026\/03\/11\/familia-procura-por-professora-desaparecida-em-faro\/","url":"https:\/\/portaltela.pt\/noticias\/2026\/03\/11\/familia-procura-por-professora-desaparecida-em-faro\/","name":"Fam\u00edlia procura por professora desaparecida em Faro - Portal Tela Portugal","isPartOf":{"@id":"https:\/\/portaltela.pt\/#website"},"primaryImageOfPage":{"@id":"https:\/\/portaltela.pt\/noticias\/2026\/03\/11\/familia-procura-por-professora-desaparecida-em-faro\/#primaryimage"},"image":{"@id":"https:\/\/portaltela.pt\/noticias\/2026\/03\/11\/familia-procura-por-professora-desaparecida-em-faro\/#primaryimage"},"thumbnailUrl":"https:\/\/portaltela.pt\/s.01k8rhncp4jt1\/2026\/03\/img_1280x722uu2026-03-10-14-44-29-2271549.jpg","datePublished":"2026-03-11T12:22:00+00:00","author":{"@id":"https:\/\/portaltela.pt\/#\/schema\/person\/c4278d4a6028830caff9ee44b42d32ed"},"breadcrumb":{"@id":"https:\/\/portaltela.pt\/noticias\/2026\/03\/11\/familia-procura-por-professora-desaparecida-em-faro\/#breadcrumb"},"inLanguage":"pt-PT","potentialAction":[{"@type":"ReadAction","target":["https:\/\/portaltela.pt\/noticias\/2026\/03\/11\/familia-procura-por-professora-desaparecida-em-faro\/"]}]},{"@type":"ImageObject","inLanguage":"pt-PT","@id":"https:\/\/portaltela.pt\/noticias\/2026\/03\/11\/familia-procura-por-professora-desaparecida-em-faro\/#primaryimage","url":"https:\/\/portaltela.pt\/s.01k8rhncp4jt1\/2026\/03\/img_1280x722uu2026-03-10-14-44-29-2271549.jpg","contentUrl":"https:\/\/portaltela.pt\/s.01k8rhncp4jt1\/2026\/03\/img_1280x722uu2026-03-10-14-44-29-2271549.jpg","width":796,"height":448,"caption":"Photo"},{"@type":"BreadcrumbList","@id":"https:\/\/portaltela.pt\/noticias\/2026\/03\/11\/familia-procura-por-professora-desaparecida-em-faro\/#breadcrumb","itemListElement":[{"@type":"ListItem","position":1,"name":"In\u00edcio","item":"https:\/\/portaltela.pt\/"},{"@type":"ListItem","position":2,"name":"Fam\u00edlia procura por professora desaparecida em Faro"}]},{"@type":"WebSite","@id":"https:\/\/portaltela.pt\/#website","url":"https:\/\/portaltela.pt\/","name":"Portal Tela Portugal","description":"","potentialAction":[{"@type":"SearchAction","target":{"@type":"EntryPoint","urlTemplate":"https:\/\/portaltela.pt\/?s={search_term_string}"},"query-input":{"@type":"PropertyValueSpecification","valueRequired":true,"valueName":"search_term_string"}}],"inLanguage":"pt-PT"},{"@type":"Person","@id":"https:\/\/portaltela.pt\/#\/schema\/person\/c4278d4a6028830caff9ee44b42d32ed","name":"Telinha","image":{"@type":"ImageObject","inLanguage":"pt-PT","@id":"https:\/\/portaltela.pt\/s.01k8rhncp4jt1\/2025\/11\/talking-bot-125x125.png","url":"https:\/\/portaltela.pt\/s.01k8rhncp4jt1\/2025\/11\/talking-bot-125x125.png","contentUrl":"https:\/\/portaltela.pt\/s.01k8rhncp4jt1\/2025\/11\/talking-bot-125x125.png","caption":"Telinha"},"sameAs":["https:\/\/portaltela.pt\/"],"url":"https:\/\/portaltela.pt\/por\/367410592786\/"}]}},"_links":{"self":[{"href":"https:\/\/portaltela.pt\/api\/wp\/v2\/posts\/405858","targetHints":{"allow":["GET"]}}],"collection":[{"href":"https:\/\/portaltela.pt\/api\/wp\/v2\/posts"}],"about":[{"href":"https:\/\/portaltela.pt\/api\/wp\/v2\/types\/post"}],"author":[{"embeddable":true,"href":"https:\/\/portaltela.pt\/api\/wp\/v2\/users\/2"}],"replies":[{"embeddable":true,"href":"https:\/\/portaltela.pt\/api\/wp\/v2\/comments?post=405858"}],"version-history":[{"count":0,"href":"https:\/\/portaltela.pt\/api\/wp\/v2\/posts\/405858\/revisions"}],"wp:featuredmedia":[{"embeddable":true,"href":"https:\/\/portaltela.pt\/api\/wp\/v2\/media\/405863"}],"wp:attachment":[{"href":"https:\/\/portaltela.pt\/api\/wp\/v2\/media?parent=405858"}],"wp:term":[{"taxonomy":"category","embeddable":true,"href":"https:\/\/portaltela.pt\/api\/wp\/v2\/categories?post=405858"},{"taxonomy":"post_tag","embeddable":true,"href":"https:\/\/portaltela.pt\/api\/wp\/v2\/tags?post=405858"}],"curies":[{"name":"wp","href":"https:\/\/api.w.org\/{rel}","templated":true}]}}