{"id":405845,"date":"2026-03-11T08:57:00","date_gmt":"2026-03-11T11:57:00","guid":{"rendered":"https:\/\/portaltela.pt\/noticias\/2026\/03\/11\/byd-avalia-entrar-na-formula-1-com-equipa-propria-3\/"},"modified":"2026-03-11T08:57:00","modified_gmt":"2026-03-11T11:57:00","slug":"byd-avalia-entrar-na-formula-1-com-equipa-propria-3","status":"publish","type":"post","link":"https:\/\/portaltela.pt\/noticias\/2026\/03\/11\/byd-avalia-entrar-na-formula-1-com-equipa-propria-3\/","title":{"rendered":"BYD avalia entrar na F\u00f3rmula 1 com equipa pr\u00f3pria"},"content":{"rendered":"<p>A BYD, fabricante chinesa de ve\u00edculos el\u00e9tricos, est\u00e1 a estudar a possibilidade de entrar na F\u00f3rmula 1 ou no Campeonato Mundial de Resist\u00eancia com equipa pr\u00f3pria, segundo a Bloomberg. A informa\u00e7\u00e3o n\u00e3o confirma decis\u00e3o final.<\/p>\n<p>A publica\u00e7\u00e3o indica que a BYD avalia v\u00e1rias formas de participa\u00e7\u00e3o, incluindo formar uma equipa do zero ou adquirir uma j\u00e1 existente, dependendo de condi\u00e7\u00f5es estrat\u00e9gicas e financeiras.<\/p>\n<h3>Custos e contexto t\u00e9cnico<\/h3>\n<p>As fontes apontam que o investimento necess\u00e1rio pode chegar a cerca de 500 milh\u00f5es de d\u00f3lares por temporada, refletindo o desafio de desenvolver e manter uma equipa de alto n\u00edvel.<\/p>\n<h3>Evolu\u00e7\u00e3o da F\u00f3rmula 1 e oportunidades globais<\/h3>\n<p>A entrada da BYD ocorreria num contexto de maior peso da energia el\u00e9ctrica nas unidades h\u00edbridas e de interesse de fabricantes como a Audi, j\u00e1 presente na competi\u00e7\u00e3o.<\/p>\n<h3>Perspetivas para o mercado chin\u00eas e internacional<\/h3>\n<p>A BYD tem vindo a expandir as vendas internacionais e a apostar tamb\u00e9m no segmento de luxo, mirando maior visibilidade global, inclusive para potenciais mercados como os EUA.<\/p>\n<h3>Situa\u00e7\u00e3o atual da equipa chinesa na F1<\/h3>\n<p>Zhou Guanyu, piloto chin\u00eas hist\u00f3rico da F1 desde 2022, \u00e9 hoje piloto de reserva da Cadillac, equipa estreante na presente temporada.<\/p>\n","protected":false},"excerpt":{"rendered":"<ul>\n<li>A BYD est\u00e1 a analisar entrar na F\u00f3rmula 1 com uma equipa pr\u00f3pria, seja criada desde zero ou adquirida.<\/li>\n<li>A entrada poderia aumentar a visibilidade da BYD a n\u00edvel internacional, incluindo o mercado norte\u2011americano.<\/li>\n<li>Um dos principais obst\u00e1culos \u00e9 o custo, estimado em at\u00e9 500 milh\u00f5es de d\u00f3lares por temporada.<\/li>\n<li>A ideia acompanha a tend\u00eancia de maior uso de sistemas h\u00edbridos na F1, \u00e1rea onde a BYD tem tecnologia pr\u00f3pria.<\/li>\n<li>A BYD n\u00e3o confirmou publicamente os planos; a not\u00edcia \u00e9 baseada em informa\u00e7\u00f5es de fontes \u00e0 Bloomberg.<\/li>\n<\/ul>\n","protected":false},"author":2,"featured_media":405848,"comment_status":"closed","ping_status":"closed","sticky":false,"template":"","format":"standard","meta":{"footnotes":""},"categories":[1],"tags":[2371,2467,4542,2729,3833,81],"class_list":["post-405845","post","type-post","status-publish","format-standard","has-post-thumbnail","hentry","category-noticias","tag-automoveis","tag-desportos-motorizados","tag-energia-electrica","tag-energia-renovavel","tag-f1","tag-internacionais"],"yoast_head":"<!-- This site is optimized with the Yoast SEO plugin v27.2 - https:\/\/yoast.com\/product\/yoast-seo-wordpress\/ -->\n<title>BYD avalia entrar na F\u00f3rmula 1 com equipa pr\u00f3pria - Portal Tela Portugal<\/title>\n<meta name=\"robots\" content=\"index, follow, max-snippet:-1, max-image-preview:large, max-video-preview:-1\" \/>\n<meta property=\"og:locale\" content=\"pt_PT\" \/>\n<meta property=\"og:type\" content=\"article\" \/>\n<meta property=\"og:title\" content=\"BYD avalia entrar na F\u00f3rmula 1 com equipa pr\u00f3pria - Portal Tela Portugal\" \/>\n<meta property=\"og:description\" content=\"A BYD est\u00e1 a analisar entrar na F\u00f3rmula 1 com uma equipa pr\u00f3pria, seja criada desde zero ou adquirida. A entrada poderia aumentar a visibilidade da BYD a n\u00edvel internacional, incluindo o mercado norte\u2011americano. Um dos principais obst\u00e1culos \u00e9 o custo, estimado em at\u00e9 500 milh\u00f5es de d\u00f3lares por temporada. A ideia acompanha a tend\u00eancia de maior uso de sistemas h\u00edbridos na F1, \u00e1rea onde a BYD tem tecnologia pr\u00f3pria. A BYD n\u00e3o confirmou publicamente os planos; a not\u00edcia \u00e9 baseada em informa\u00e7\u00f5es de fontes \u00e0 Bloomberg.\" \/>\n<meta property=\"og:url\" content=\"https:\/\/portaltela.pt\/noticias\/2026\/03\/11\/byd-avalia-entrar-na-formula-1-com-equipa-propria-3\/\" \/>\n<meta property=\"og:site_name\" content=\"Portal Tela Portugal\" \/>\n<meta property=\"article:published_time\" content=\"2026-03-11T11:57:00+00:00\" \/>\n<meta name=\"author\" content=\"Telinha\" \/>\n<meta name=\"twitter:card\" content=\"summary_large_image\" \/>\n<meta name=\"twitter:label1\" content=\"Escrito por\" \/>\n\t<meta name=\"twitter:data1\" content=\"Telinha\" \/>\n\t<meta name=\"twitter:label2\" content=\"Tempo estimado de leitura\" \/>\n\t<meta name=\"twitter:data2\" content=\"1 minuto\" \/>\n<script type=\"application\/ld+json\" class=\"yoast-schema-graph\">{\"@context\":\"https:\/\/schema.org\",\"@graph\":[{\"@type\":\"Article\",\"@id\":\"https:\/\/portaltela.pt\/noticias\/2026\/03\/11\/byd-avalia-entrar-na-formula-1-com-equipa-propria-3\/#article\",\"isPartOf\":{\"@id\":\"https:\/\/portaltela.pt\/noticias\/2026\/03\/11\/byd-avalia-entrar-na-formula-1-com-equipa-propria-3\/\"},\"author\":{\"name\":\"Telinha\",\"@id\":\"https:\/\/portaltela.pt\/#\/schema\/person\/c4278d4a6028830caff9ee44b42d32ed\"},\"headline\":\"BYD avalia entrar na F\u00f3rmula 1 com equipa pr\u00f3pria\",\"datePublished\":\"2026-03-11T11:57:00+00:00\",\"mainEntityOfPage\":{\"@id\":\"https:\/\/portaltela.pt\/noticias\/2026\/03\/11\/byd-avalia-entrar-na-formula-1-com-equipa-propria-3\/\"},\"wordCount\":228,\"image\":{\"@id\":\"https:\/\/portaltela.pt\/noticias\/2026\/03\/11\/byd-avalia-entrar-na-formula-1-com-equipa-propria-3\/#primaryimage\"},\"thumbnailUrl\":\"https:\/\/portaltela.pt\/s.01k8rhncp4jt1\/2026\/03\/image-702.jpg\",\"keywords\":[\"Autom\u00f3veis\",\"Desportos Motorizados\",\"energia el\u00e9ctrica\",\"energia renov\u00e1vel\",\"F1\",\"internacionais\"],\"articleSection\":[\"Not\u00edcias\"],\"inLanguage\":\"pt-PT\"},{\"@type\":\"WebPage\",\"@id\":\"https:\/\/portaltela.pt\/noticias\/2026\/03\/11\/byd-avalia-entrar-na-formula-1-com-equipa-propria-3\/\",\"url\":\"https:\/\/portaltela.pt\/noticias\/2026\/03\/11\/byd-avalia-entrar-na-formula-1-com-equipa-propria-3\/\",\"name\":\"BYD avalia entrar na F\u00f3rmula 1 com equipa pr\u00f3pria - Portal Tela Portugal\",\"isPartOf\":{\"@id\":\"https:\/\/portaltela.pt\/#website\"},\"primaryImageOfPage\":{\"@id\":\"https:\/\/portaltela.pt\/noticias\/2026\/03\/11\/byd-avalia-entrar-na-formula-1-com-equipa-propria-3\/#primaryimage\"},\"image\":{\"@id\":\"https:\/\/portaltela.pt\/noticias\/2026\/03\/11\/byd-avalia-entrar-na-formula-1-com-equipa-propria-3\/#primaryimage\"},\"thumbnailUrl\":\"https:\/\/portaltela.pt\/s.01k8rhncp4jt1\/2026\/03\/image-702.jpg\",\"datePublished\":\"2026-03-11T11:57:00+00:00\",\"author\":{\"@id\":\"https:\/\/portaltela.pt\/#\/schema\/person\/c4278d4a6028830caff9ee44b42d32ed\"},\"breadcrumb\":{\"@id\":\"https:\/\/portaltela.pt\/noticias\/2026\/03\/11\/byd-avalia-entrar-na-formula-1-com-equipa-propria-3\/#breadcrumb\"},\"inLanguage\":\"pt-PT\",\"potentialAction\":[{\"@type\":\"ReadAction\",\"target\":[\"https:\/\/portaltela.pt\/noticias\/2026\/03\/11\/byd-avalia-entrar-na-formula-1-com-equipa-propria-3\/\"]}]},{\"@type\":\"ImageObject\",\"inLanguage\":\"pt-PT\",\"@id\":\"https:\/\/portaltela.pt\/noticias\/2026\/03\/11\/byd-avalia-entrar-na-formula-1-com-equipa-propria-3\/#primaryimage\",\"url\":\"https:\/\/portaltela.pt\/s.01k8rhncp4jt1\/2026\/03\/image-702.jpg\",\"contentUrl\":\"https:\/\/portaltela.pt\/s.01k8rhncp4jt1\/2026\/03\/image-702.jpg\",\"width\":796,\"height\":448,\"caption\":\"Chinesa BYD estuda entrar na F\u00f3rmula 1 com equipa pr\u00f3pria\"},{\"@type\":\"BreadcrumbList\",\"@id\":\"https:\/\/portaltela.pt\/noticias\/2026\/03\/11\/byd-avalia-entrar-na-formula-1-com-equipa-propria-3\/#breadcrumb\",\"itemListElement\":[{\"@type\":\"ListItem\",\"position\":1,\"name\":\"In\u00edcio\",\"item\":\"https:\/\/portaltela.pt\/\"},{\"@type\":\"ListItem\",\"position\":2,\"name\":\"BYD avalia entrar na F\u00f3rmula 1 com equipa pr\u00f3pria\"}]},{\"@type\":\"WebSite\",\"@id\":\"https:\/\/portaltela.pt\/#website\",\"url\":\"https:\/\/portaltela.pt\/\",\"name\":\"Portal Tela Portugal\",\"description\":\"\",\"potentialAction\":[{\"@type\":\"SearchAction\",\"target\":{\"@type\":\"EntryPoint\",\"urlTemplate\":\"https:\/\/portaltela.pt\/?s={search_term_string}\"},\"query-input\":{\"@type\":\"PropertyValueSpecification\",\"valueRequired\":true,\"valueName\":\"search_term_string\"}}],\"inLanguage\":\"pt-PT\"},{\"@type\":\"Person\",\"@id\":\"https:\/\/portaltela.pt\/#\/schema\/person\/c4278d4a6028830caff9ee44b42d32ed\",\"name\":\"Telinha\",\"image\":{\"@type\":\"ImageObject\",\"inLanguage\":\"pt-PT\",\"@id\":\"https:\/\/portaltela.pt\/s.01k8rhncp4jt1\/2025\/11\/talking-bot-125x125.png\",\"url\":\"https:\/\/portaltela.pt\/s.01k8rhncp4jt1\/2025\/11\/talking-bot-125x125.png\",\"contentUrl\":\"https:\/\/portaltela.pt\/s.01k8rhncp4jt1\/2025\/11\/talking-bot-125x125.png\",\"caption\":\"Telinha\"},\"sameAs\":[\"https:\/\/portaltela.pt\/\"],\"url\":\"https:\/\/portaltela.pt\/por\/367410592786\/\"}]}<\/script>\n<!-- \/ Yoast SEO plugin. -->","yoast_head_json":{"title":"BYD avalia entrar na F\u00f3rmula 1 com equipa pr\u00f3pria - Portal Tela Portugal","robots":{"index":"index","follow":"follow","max-snippet":"max-snippet:-1","max-image-preview":"max-image-preview:large","max-video-preview":"max-video-preview:-1"},"og_locale":"pt_PT","og_type":"article","og_title":"BYD avalia entrar na F\u00f3rmula 1 com equipa pr\u00f3pria - Portal Tela Portugal","og_description":"A BYD est\u00e1 a analisar entrar na F\u00f3rmula 1 com uma equipa pr\u00f3pria, seja criada desde zero ou adquirida. A entrada poderia aumentar a visibilidade da BYD a n\u00edvel internacional, incluindo o mercado norte\u2011americano. Um dos principais obst\u00e1culos \u00e9 o custo, estimado em at\u00e9 500 milh\u00f5es de d\u00f3lares por temporada. A ideia acompanha a tend\u00eancia de maior uso de sistemas h\u00edbridos na F1, \u00e1rea onde a BYD tem tecnologia pr\u00f3pria. A BYD n\u00e3o confirmou publicamente os planos; a not\u00edcia \u00e9 baseada em informa\u00e7\u00f5es de fontes \u00e0 Bloomberg.","og_url":"https:\/\/portaltela.pt\/noticias\/2026\/03\/11\/byd-avalia-entrar-na-formula-1-com-equipa-propria-3\/","og_site_name":"Portal Tela Portugal","article_published_time":"2026-03-11T11:57:00+00:00","author":"Telinha","twitter_card":"summary_large_image","twitter_misc":{"Escrito por":"Telinha","Tempo estimado de leitura":"1 minuto"},"schema":{"@context":"https:\/\/schema.org","@graph":[{"@type":"Article","@id":"https:\/\/portaltela.pt\/noticias\/2026\/03\/11\/byd-avalia-entrar-na-formula-1-com-equipa-propria-3\/#article","isPartOf":{"@id":"https:\/\/portaltela.pt\/noticias\/2026\/03\/11\/byd-avalia-entrar-na-formula-1-com-equipa-propria-3\/"},"author":{"name":"Telinha","@id":"https:\/\/portaltela.pt\/#\/schema\/person\/c4278d4a6028830caff9ee44b42d32ed"},"headline":"BYD avalia entrar na F\u00f3rmula 1 com equipa pr\u00f3pria","datePublished":"2026-03-11T11:57:00+00:00","mainEntityOfPage":{"@id":"https:\/\/portaltela.pt\/noticias\/2026\/03\/11\/byd-avalia-entrar-na-formula-1-com-equipa-propria-3\/"},"wordCount":228,"image":{"@id":"https:\/\/portaltela.pt\/noticias\/2026\/03\/11\/byd-avalia-entrar-na-formula-1-com-equipa-propria-3\/#primaryimage"},"thumbnailUrl":"https:\/\/portaltela.pt\/s.01k8rhncp4jt1\/2026\/03\/image-702.jpg","keywords":["Autom\u00f3veis","Desportos Motorizados","energia el\u00e9ctrica","energia renov\u00e1vel","F1","internacionais"],"articleSection":["Not\u00edcias"],"inLanguage":"pt-PT"},{"@type":"WebPage","@id":"https:\/\/portaltela.pt\/noticias\/2026\/03\/11\/byd-avalia-entrar-na-formula-1-com-equipa-propria-3\/","url":"https:\/\/portaltela.pt\/noticias\/2026\/03\/11\/byd-avalia-entrar-na-formula-1-com-equipa-propria-3\/","name":"BYD avalia entrar na F\u00f3rmula 1 com equipa pr\u00f3pria - Portal Tela Portugal","isPartOf":{"@id":"https:\/\/portaltela.pt\/#website"},"primaryImageOfPage":{"@id":"https:\/\/portaltela.pt\/noticias\/2026\/03\/11\/byd-avalia-entrar-na-formula-1-com-equipa-propria-3\/#primaryimage"},"image":{"@id":"https:\/\/portaltela.pt\/noticias\/2026\/03\/11\/byd-avalia-entrar-na-formula-1-com-equipa-propria-3\/#primaryimage"},"thumbnailUrl":"https:\/\/portaltela.pt\/s.01k8rhncp4jt1\/2026\/03\/image-702.jpg","datePublished":"2026-03-11T11:57:00+00:00","author":{"@id":"https:\/\/portaltela.pt\/#\/schema\/person\/c4278d4a6028830caff9ee44b42d32ed"},"breadcrumb":{"@id":"https:\/\/portaltela.pt\/noticias\/2026\/03\/11\/byd-avalia-entrar-na-formula-1-com-equipa-propria-3\/#breadcrumb"},"inLanguage":"pt-PT","potentialAction":[{"@type":"ReadAction","target":["https:\/\/portaltela.pt\/noticias\/2026\/03\/11\/byd-avalia-entrar-na-formula-1-com-equipa-propria-3\/"]}]},{"@type":"ImageObject","inLanguage":"pt-PT","@id":"https:\/\/portaltela.pt\/noticias\/2026\/03\/11\/byd-avalia-entrar-na-formula-1-com-equipa-propria-3\/#primaryimage","url":"https:\/\/portaltela.pt\/s.01k8rhncp4jt1\/2026\/03\/image-702.jpg","contentUrl":"https:\/\/portaltela.pt\/s.01k8rhncp4jt1\/2026\/03\/image-702.jpg","width":796,"height":448,"caption":"Chinesa BYD estuda entrar na F\u00f3rmula 1 com equipa pr\u00f3pria"},{"@type":"BreadcrumbList","@id":"https:\/\/portaltela.pt\/noticias\/2026\/03\/11\/byd-avalia-entrar-na-formula-1-com-equipa-propria-3\/#breadcrumb","itemListElement":[{"@type":"ListItem","position":1,"name":"In\u00edcio","item":"https:\/\/portaltela.pt\/"},{"@type":"ListItem","position":2,"name":"BYD avalia entrar na F\u00f3rmula 1 com equipa pr\u00f3pria"}]},{"@type":"WebSite","@id":"https:\/\/portaltela.pt\/#website","url":"https:\/\/portaltela.pt\/","name":"Portal Tela Portugal","description":"","potentialAction":[{"@type":"SearchAction","target":{"@type":"EntryPoint","urlTemplate":"https:\/\/portaltela.pt\/?s={search_term_string}"},"query-input":{"@type":"PropertyValueSpecification","valueRequired":true,"valueName":"search_term_string"}}],"inLanguage":"pt-PT"},{"@type":"Person","@id":"https:\/\/portaltela.pt\/#\/schema\/person\/c4278d4a6028830caff9ee44b42d32ed","name":"Telinha","image":{"@type":"ImageObject","inLanguage":"pt-PT","@id":"https:\/\/portaltela.pt\/s.01k8rhncp4jt1\/2025\/11\/talking-bot-125x125.png","url":"https:\/\/portaltela.pt\/s.01k8rhncp4jt1\/2025\/11\/talking-bot-125x125.png","contentUrl":"https:\/\/portaltela.pt\/s.01k8rhncp4jt1\/2025\/11\/talking-bot-125x125.png","caption":"Telinha"},"sameAs":["https:\/\/portaltela.pt\/"],"url":"https:\/\/portaltela.pt\/por\/367410592786\/"}]}},"_links":{"self":[{"href":"https:\/\/portaltela.pt\/api\/wp\/v2\/posts\/405845","targetHints":{"allow":["GET"]}}],"collection":[{"href":"https:\/\/portaltela.pt\/api\/wp\/v2\/posts"}],"about":[{"href":"https:\/\/portaltela.pt\/api\/wp\/v2\/types\/post"}],"author":[{"embeddable":true,"href":"https:\/\/portaltela.pt\/api\/wp\/v2\/users\/2"}],"replies":[{"embeddable":true,"href":"https:\/\/portaltela.pt\/api\/wp\/v2\/comments?post=405845"}],"version-history":[{"count":0,"href":"https:\/\/portaltela.pt\/api\/wp\/v2\/posts\/405845\/revisions"}],"wp:featuredmedia":[{"embeddable":true,"href":"https:\/\/portaltela.pt\/api\/wp\/v2\/media\/405848"}],"wp:attachment":[{"href":"https:\/\/portaltela.pt\/api\/wp\/v2\/media?parent=405845"}],"wp:term":[{"taxonomy":"category","embeddable":true,"href":"https:\/\/portaltela.pt\/api\/wp\/v2\/categories?post=405845"},{"taxonomy":"post_tag","embeddable":true,"href":"https:\/\/portaltela.pt\/api\/wp\/v2\/tags?post=405845"}],"curies":[{"name":"wp","href":"https:\/\/api.w.org\/{rel}","templated":true}]}}