{"id":405833,"date":"2026-03-11T09:02:04","date_gmt":"2026-03-11T12:02:04","guid":{"rendered":"https:\/\/portaltela.pt\/noticias\/2026\/03\/11\/italia-adquire-raro-caravaggio-por-30-milhoes-de-euros\/"},"modified":"2026-03-11T09:02:04","modified_gmt":"2026-03-11T12:02:04","slug":"italia-adquire-raro-caravaggio-por-30-milhoes-de-euros","status":"publish","type":"post","link":"https:\/\/portaltela.pt\/noticias\/2026\/03\/11\/italia-adquire-raro-caravaggio-por-30-milhoes-de-euros\/","title":{"rendered":"It\u00e1lia adquire raro Caravaggio por 30 milh\u00f5es de euros"},"content":{"rendered":"<p>O Estado italiano comprou um raro retrato de Caravaggio, datado por volta de 1598, por 30 milh\u00f5es de euros. A obra retrata o futuro papa Urbano VIII, ent\u00e3o Monsenhor Maffeo Barberini, no auge da sua juventude clerical. A transa\u00e7\u00e3o faz parte de uma estrat\u00e9gia de prote\u00e7\u00e3o do patrim\u00f3nio cultural nacional.<\/p>\n<p>O acordo foi fechado ap\u00f3s mais de um ano de negocia\u00e7\u00f5es com uma cole\u00e7\u00e3o privada. A pe\u00e7a passar\u00e1 a integrar a cole\u00e7\u00e3o permanente do Palazzo Barberini, em Roma, elevando o valor da institui\u00e7\u00e3o para uma das mais importantes do mundo em pintura barroca.<\/p>\n<p>A aquisi\u00e7\u00e3o, anunciada pelo Minist\u00e9rio da Cultura, refor\u00e7a o compromisso de preservar obras-primas e facilitar o acesso de investigadores. A decis\u00e3o coincide com a compra recente do Ecce Homo de Antonello da Messina, tamb\u00e9m integrada no esfor\u00e7o p\u00fablico.<\/p>\n<p>Rico em contexto hist\u00f3rico, o retrato tornou\u2011se refer\u00eancia na redescoberta moderna de Caravaggio, segundo reconhecido pela comunidade acad\u00e9mica desde 1963. A obra ficar\u00e1 exposta ao lado de outra pe\u00e7a de Caravaggio no pal\u00e1cio romano.<\/p>\n<p>A presen\u00e7a de Maffeo Barberini no acervo p\u00fablico refor\u00e7a a liga\u00e7\u00e3o entre a cole\u00e7\u00e3o Barberini e a hist\u00f3ria art\u00edstica italiana, especialmente na rela\u00e7\u00e3o entre o pintor e o auge barroco. A pe\u00e7a j\u00e1 \u00e9 considerada uma das chaves para entender o desenvolvimento da obra de Caravaggio.<\/p>\n","protected":false},"excerpt":{"rendered":"<ul>\n<li>O Estado italiano comprou por 30 milh\u00f5es de euros o retrato de Monsenhor Maffeo Barberini, de Caravaggio (c. 1598), para proteger o patrim\u00f3nio cultural e facilitar o acesso de investigadores.<\/li>\n<li>A obra mostra o futuro papa Urbano VIII aos 30 anos, vestido como cl\u00e9rigo da C\u00e2mara Apost\u00f3lica, numa altura crucial da sua ascens\u00e3o ao poder.<\/li>\n<li>Urbano VIII tornou\u2011se papa em 1623 e ficou conhecido como patrono das artes e da arquitetura barroca.<\/li>\n<li>A aquisi\u00e7\u00e3o, ap\u00f3s mais de um ano de negocia\u00e7\u00f5es com uma cole\u00e7\u00e3o privada, vai integrar a cole\u00e7\u00e3o permanente do Palazzo Barberini, em Roma.<\/li>\n<li>A compra faz parte de uma estrat\u00e9gia italiana para refor\u00e7ar o patrim\u00f3nio cultural nacional e tornar obras\u2011primas mais acess\u00edveis a investigadores e ao p\u00fablico.<\/li>\n<\/ul>\n","protected":false},"author":2,"featured_media":405839,"comment_status":"closed","ping_status":"closed","sticky":false,"template":"","format":"standard","meta":{"footnotes":""},"categories":[1],"tags":[70,145,1857,1175,248,4815],"class_list":["post-405833","post","type-post","status-publish","format-standard","has-post-thumbnail","hentry","category-noticias","tag-arte","tag-cultura","tag-italia","tag-patrimonio-cultural","tag-pintura","tag-roma"],"yoast_head":"<!-- This site is optimized with the Yoast SEO plugin v27.2 - https:\/\/yoast.com\/product\/yoast-seo-wordpress\/ -->\n<title>It\u00e1lia adquire raro Caravaggio por 30 milh\u00f5es de euros - Portal Tela Portugal<\/title>\n<meta name=\"robots\" content=\"index, follow, max-snippet:-1, max-image-preview:large, max-video-preview:-1\" \/>\n<meta property=\"og:locale\" content=\"pt_PT\" \/>\n<meta property=\"og:type\" content=\"article\" \/>\n<meta property=\"og:title\" content=\"It\u00e1lia adquire raro Caravaggio por 30 milh\u00f5es de euros - Portal Tela Portugal\" \/>\n<meta property=\"og:description\" content=\"O Estado italiano comprou por 30 milh\u00f5es de euros o retrato de Monsenhor Maffeo Barberini, de Caravaggio (c. 1598), para proteger o patrim\u00f3nio cultural e facilitar o acesso de investigadores. A obra mostra o futuro papa Urbano VIII aos 30 anos, vestido como cl\u00e9rigo da C\u00e2mara Apost\u00f3lica, numa altura crucial da sua ascens\u00e3o ao poder. Urbano VIII tornou\u2011se papa em 1623 e ficou conhecido como patrono das artes e da arquitetura barroca. A aquisi\u00e7\u00e3o, ap\u00f3s mais de um ano de negocia\u00e7\u00f5es com uma cole\u00e7\u00e3o privada, vai integrar a cole\u00e7\u00e3o permanente do Palazzo Barberini, em Roma. A compra faz parte de uma estrat\u00e9gia italiana para refor\u00e7ar o patrim\u00f3nio cultural nacional e tornar obras\u2011primas mais acess\u00edveis a investigadores e ao p\u00fablico.\" \/>\n<meta property=\"og:url\" content=\"https:\/\/portaltela.pt\/noticias\/2026\/03\/11\/italia-adquire-raro-caravaggio-por-30-milhoes-de-euros\/\" \/>\n<meta property=\"og:site_name\" content=\"Portal Tela Portugal\" \/>\n<meta property=\"article:published_time\" content=\"2026-03-11T12:02:04+00:00\" \/>\n<meta name=\"author\" content=\"Telinha\" \/>\n<meta name=\"twitter:card\" content=\"summary_large_image\" \/>\n<meta name=\"twitter:label1\" content=\"Escrito por\" \/>\n\t<meta name=\"twitter:data1\" content=\"Telinha\" \/>\n\t<meta name=\"twitter:label2\" content=\"Tempo estimado de leitura\" \/>\n\t<meta name=\"twitter:data2\" content=\"1 minuto\" \/>\n<script type=\"application\/ld+json\" class=\"yoast-schema-graph\">{\"@context\":\"https:\/\/schema.org\",\"@graph\":[{\"@type\":\"Article\",\"@id\":\"https:\/\/portaltela.pt\/noticias\/2026\/03\/11\/italia-adquire-raro-caravaggio-por-30-milhoes-de-euros\/#article\",\"isPartOf\":{\"@id\":\"https:\/\/portaltela.pt\/noticias\/2026\/03\/11\/italia-adquire-raro-caravaggio-por-30-milhoes-de-euros\/\"},\"author\":{\"name\":\"Telinha\",\"@id\":\"https:\/\/portaltela.pt\/#\/schema\/person\/c4278d4a6028830caff9ee44b42d32ed\"},\"headline\":\"It\u00e1lia adquire raro Caravaggio por 30 milh\u00f5es de euros\",\"datePublished\":\"2026-03-11T12:02:04+00:00\",\"mainEntityOfPage\":{\"@id\":\"https:\/\/portaltela.pt\/noticias\/2026\/03\/11\/italia-adquire-raro-caravaggio-por-30-milhoes-de-euros\/\"},\"wordCount\":251,\"image\":{\"@id\":\"https:\/\/portaltela.pt\/noticias\/2026\/03\/11\/italia-adquire-raro-caravaggio-por-30-milhoes-de-euros\/#primaryimage\"},\"thumbnailUrl\":\"https:\/\/portaltela.pt\/s.01k8rhncp4jt1\/2026\/03\/1536x864_cmsv2_2a167411-c156-560c-a935-5cef85eb1233-9681627.jpg\",\"keywords\":[\"arte\",\"cultura\",\"It\u00e1lia\",\"Patrim\u00f3nio Cultural\",\"pintura\",\"Roma\"],\"articleSection\":[\"Not\u00edcias\"],\"inLanguage\":\"pt-PT\"},{\"@type\":\"WebPage\",\"@id\":\"https:\/\/portaltela.pt\/noticias\/2026\/03\/11\/italia-adquire-raro-caravaggio-por-30-milhoes-de-euros\/\",\"url\":\"https:\/\/portaltela.pt\/noticias\/2026\/03\/11\/italia-adquire-raro-caravaggio-por-30-milhoes-de-euros\/\",\"name\":\"It\u00e1lia adquire raro Caravaggio por 30 milh\u00f5es de euros - Portal Tela Portugal\",\"isPartOf\":{\"@id\":\"https:\/\/portaltela.pt\/#website\"},\"primaryImageOfPage\":{\"@id\":\"https:\/\/portaltela.pt\/noticias\/2026\/03\/11\/italia-adquire-raro-caravaggio-por-30-milhoes-de-euros\/#primaryimage\"},\"image\":{\"@id\":\"https:\/\/portaltela.pt\/noticias\/2026\/03\/11\/italia-adquire-raro-caravaggio-por-30-milhoes-de-euros\/#primaryimage\"},\"thumbnailUrl\":\"https:\/\/portaltela.pt\/s.01k8rhncp4jt1\/2026\/03\/1536x864_cmsv2_2a167411-c156-560c-a935-5cef85eb1233-9681627.jpg\",\"datePublished\":\"2026-03-11T12:02:04+00:00\",\"author\":{\"@id\":\"https:\/\/portaltela.pt\/#\/schema\/person\/c4278d4a6028830caff9ee44b42d32ed\"},\"breadcrumb\":{\"@id\":\"https:\/\/portaltela.pt\/noticias\/2026\/03\/11\/italia-adquire-raro-caravaggio-por-30-milhoes-de-euros\/#breadcrumb\"},\"inLanguage\":\"pt-PT\",\"potentialAction\":[{\"@type\":\"ReadAction\",\"target\":[\"https:\/\/portaltela.pt\/noticias\/2026\/03\/11\/italia-adquire-raro-caravaggio-por-30-milhoes-de-euros\/\"]}]},{\"@type\":\"ImageObject\",\"inLanguage\":\"pt-PT\",\"@id\":\"https:\/\/portaltela.pt\/noticias\/2026\/03\/11\/italia-adquire-raro-caravaggio-por-30-milhoes-de-euros\/#primaryimage\",\"url\":\"https:\/\/portaltela.pt\/s.01k8rhncp4jt1\/2026\/03\/1536x864_cmsv2_2a167411-c156-560c-a935-5cef85eb1233-9681627.jpg\",\"contentUrl\":\"https:\/\/portaltela.pt\/s.01k8rhncp4jt1\/2026\/03\/1536x864_cmsv2_2a167411-c156-560c-a935-5cef85eb1233-9681627.jpg\",\"width\":796,\"height\":448,\"caption\":\"Imagem divulgada pelo Minist\u00e9rio da Cultura italiano mostra 'Retrato de Monsenhor Maffeo Barberini', do pintor barroco Caravaggio.\"},{\"@type\":\"BreadcrumbList\",\"@id\":\"https:\/\/portaltela.pt\/noticias\/2026\/03\/11\/italia-adquire-raro-caravaggio-por-30-milhoes-de-euros\/#breadcrumb\",\"itemListElement\":[{\"@type\":\"ListItem\",\"position\":1,\"name\":\"In\u00edcio\",\"item\":\"https:\/\/portaltela.pt\/\"},{\"@type\":\"ListItem\",\"position\":2,\"name\":\"It\u00e1lia adquire raro Caravaggio por 30 milh\u00f5es de euros\"}]},{\"@type\":\"WebSite\",\"@id\":\"https:\/\/portaltela.pt\/#website\",\"url\":\"https:\/\/portaltela.pt\/\",\"name\":\"Portal Tela Portugal\",\"description\":\"\",\"potentialAction\":[{\"@type\":\"SearchAction\",\"target\":{\"@type\":\"EntryPoint\",\"urlTemplate\":\"https:\/\/portaltela.pt\/?s={search_term_string}\"},\"query-input\":{\"@type\":\"PropertyValueSpecification\",\"valueRequired\":true,\"valueName\":\"search_term_string\"}}],\"inLanguage\":\"pt-PT\"},{\"@type\":\"Person\",\"@id\":\"https:\/\/portaltela.pt\/#\/schema\/person\/c4278d4a6028830caff9ee44b42d32ed\",\"name\":\"Telinha\",\"image\":{\"@type\":\"ImageObject\",\"inLanguage\":\"pt-PT\",\"@id\":\"https:\/\/portaltela.pt\/s.01k8rhncp4jt1\/2025\/11\/talking-bot-125x125.png\",\"url\":\"https:\/\/portaltela.pt\/s.01k8rhncp4jt1\/2025\/11\/talking-bot-125x125.png\",\"contentUrl\":\"https:\/\/portaltela.pt\/s.01k8rhncp4jt1\/2025\/11\/talking-bot-125x125.png\",\"caption\":\"Telinha\"},\"sameAs\":[\"https:\/\/portaltela.pt\/\"],\"url\":\"https:\/\/portaltela.pt\/por\/367410592786\/\"}]}<\/script>\n<!-- \/ Yoast SEO plugin. -->","yoast_head_json":{"title":"It\u00e1lia adquire raro Caravaggio por 30 milh\u00f5es de euros - Portal Tela Portugal","robots":{"index":"index","follow":"follow","max-snippet":"max-snippet:-1","max-image-preview":"max-image-preview:large","max-video-preview":"max-video-preview:-1"},"og_locale":"pt_PT","og_type":"article","og_title":"It\u00e1lia adquire raro Caravaggio por 30 milh\u00f5es de euros - Portal Tela Portugal","og_description":"O Estado italiano comprou por 30 milh\u00f5es de euros o retrato de Monsenhor Maffeo Barberini, de Caravaggio (c. 1598), para proteger o patrim\u00f3nio cultural e facilitar o acesso de investigadores. A obra mostra o futuro papa Urbano VIII aos 30 anos, vestido como cl\u00e9rigo da C\u00e2mara Apost\u00f3lica, numa altura crucial da sua ascens\u00e3o ao poder. Urbano VIII tornou\u2011se papa em 1623 e ficou conhecido como patrono das artes e da arquitetura barroca. A aquisi\u00e7\u00e3o, ap\u00f3s mais de um ano de negocia\u00e7\u00f5es com uma cole\u00e7\u00e3o privada, vai integrar a cole\u00e7\u00e3o permanente do Palazzo Barberini, em Roma. A compra faz parte de uma estrat\u00e9gia italiana para refor\u00e7ar o patrim\u00f3nio cultural nacional e tornar obras\u2011primas mais acess\u00edveis a investigadores e ao p\u00fablico.","og_url":"https:\/\/portaltela.pt\/noticias\/2026\/03\/11\/italia-adquire-raro-caravaggio-por-30-milhoes-de-euros\/","og_site_name":"Portal Tela Portugal","article_published_time":"2026-03-11T12:02:04+00:00","author":"Telinha","twitter_card":"summary_large_image","twitter_misc":{"Escrito por":"Telinha","Tempo estimado de leitura":"1 minuto"},"schema":{"@context":"https:\/\/schema.org","@graph":[{"@type":"Article","@id":"https:\/\/portaltela.pt\/noticias\/2026\/03\/11\/italia-adquire-raro-caravaggio-por-30-milhoes-de-euros\/#article","isPartOf":{"@id":"https:\/\/portaltela.pt\/noticias\/2026\/03\/11\/italia-adquire-raro-caravaggio-por-30-milhoes-de-euros\/"},"author":{"name":"Telinha","@id":"https:\/\/portaltela.pt\/#\/schema\/person\/c4278d4a6028830caff9ee44b42d32ed"},"headline":"It\u00e1lia adquire raro Caravaggio por 30 milh\u00f5es de euros","datePublished":"2026-03-11T12:02:04+00:00","mainEntityOfPage":{"@id":"https:\/\/portaltela.pt\/noticias\/2026\/03\/11\/italia-adquire-raro-caravaggio-por-30-milhoes-de-euros\/"},"wordCount":251,"image":{"@id":"https:\/\/portaltela.pt\/noticias\/2026\/03\/11\/italia-adquire-raro-caravaggio-por-30-milhoes-de-euros\/#primaryimage"},"thumbnailUrl":"https:\/\/portaltela.pt\/s.01k8rhncp4jt1\/2026\/03\/1536x864_cmsv2_2a167411-c156-560c-a935-5cef85eb1233-9681627.jpg","keywords":["arte","cultura","It\u00e1lia","Patrim\u00f3nio Cultural","pintura","Roma"],"articleSection":["Not\u00edcias"],"inLanguage":"pt-PT"},{"@type":"WebPage","@id":"https:\/\/portaltela.pt\/noticias\/2026\/03\/11\/italia-adquire-raro-caravaggio-por-30-milhoes-de-euros\/","url":"https:\/\/portaltela.pt\/noticias\/2026\/03\/11\/italia-adquire-raro-caravaggio-por-30-milhoes-de-euros\/","name":"It\u00e1lia adquire raro Caravaggio por 30 milh\u00f5es de euros - Portal Tela Portugal","isPartOf":{"@id":"https:\/\/portaltela.pt\/#website"},"primaryImageOfPage":{"@id":"https:\/\/portaltela.pt\/noticias\/2026\/03\/11\/italia-adquire-raro-caravaggio-por-30-milhoes-de-euros\/#primaryimage"},"image":{"@id":"https:\/\/portaltela.pt\/noticias\/2026\/03\/11\/italia-adquire-raro-caravaggio-por-30-milhoes-de-euros\/#primaryimage"},"thumbnailUrl":"https:\/\/portaltela.pt\/s.01k8rhncp4jt1\/2026\/03\/1536x864_cmsv2_2a167411-c156-560c-a935-5cef85eb1233-9681627.jpg","datePublished":"2026-03-11T12:02:04+00:00","author":{"@id":"https:\/\/portaltela.pt\/#\/schema\/person\/c4278d4a6028830caff9ee44b42d32ed"},"breadcrumb":{"@id":"https:\/\/portaltela.pt\/noticias\/2026\/03\/11\/italia-adquire-raro-caravaggio-por-30-milhoes-de-euros\/#breadcrumb"},"inLanguage":"pt-PT","potentialAction":[{"@type":"ReadAction","target":["https:\/\/portaltela.pt\/noticias\/2026\/03\/11\/italia-adquire-raro-caravaggio-por-30-milhoes-de-euros\/"]}]},{"@type":"ImageObject","inLanguage":"pt-PT","@id":"https:\/\/portaltela.pt\/noticias\/2026\/03\/11\/italia-adquire-raro-caravaggio-por-30-milhoes-de-euros\/#primaryimage","url":"https:\/\/portaltela.pt\/s.01k8rhncp4jt1\/2026\/03\/1536x864_cmsv2_2a167411-c156-560c-a935-5cef85eb1233-9681627.jpg","contentUrl":"https:\/\/portaltela.pt\/s.01k8rhncp4jt1\/2026\/03\/1536x864_cmsv2_2a167411-c156-560c-a935-5cef85eb1233-9681627.jpg","width":796,"height":448,"caption":"Imagem divulgada pelo Minist\u00e9rio da Cultura italiano mostra 'Retrato de Monsenhor Maffeo Barberini', do pintor barroco Caravaggio."},{"@type":"BreadcrumbList","@id":"https:\/\/portaltela.pt\/noticias\/2026\/03\/11\/italia-adquire-raro-caravaggio-por-30-milhoes-de-euros\/#breadcrumb","itemListElement":[{"@type":"ListItem","position":1,"name":"In\u00edcio","item":"https:\/\/portaltela.pt\/"},{"@type":"ListItem","position":2,"name":"It\u00e1lia adquire raro Caravaggio por 30 milh\u00f5es de euros"}]},{"@type":"WebSite","@id":"https:\/\/portaltela.pt\/#website","url":"https:\/\/portaltela.pt\/","name":"Portal Tela Portugal","description":"","potentialAction":[{"@type":"SearchAction","target":{"@type":"EntryPoint","urlTemplate":"https:\/\/portaltela.pt\/?s={search_term_string}"},"query-input":{"@type":"PropertyValueSpecification","valueRequired":true,"valueName":"search_term_string"}}],"inLanguage":"pt-PT"},{"@type":"Person","@id":"https:\/\/portaltela.pt\/#\/schema\/person\/c4278d4a6028830caff9ee44b42d32ed","name":"Telinha","image":{"@type":"ImageObject","inLanguage":"pt-PT","@id":"https:\/\/portaltela.pt\/s.01k8rhncp4jt1\/2025\/11\/talking-bot-125x125.png","url":"https:\/\/portaltela.pt\/s.01k8rhncp4jt1\/2025\/11\/talking-bot-125x125.png","contentUrl":"https:\/\/portaltela.pt\/s.01k8rhncp4jt1\/2025\/11\/talking-bot-125x125.png","caption":"Telinha"},"sameAs":["https:\/\/portaltela.pt\/"],"url":"https:\/\/portaltela.pt\/por\/367410592786\/"}]}},"_links":{"self":[{"href":"https:\/\/portaltela.pt\/api\/wp\/v2\/posts\/405833","targetHints":{"allow":["GET"]}}],"collection":[{"href":"https:\/\/portaltela.pt\/api\/wp\/v2\/posts"}],"about":[{"href":"https:\/\/portaltela.pt\/api\/wp\/v2\/types\/post"}],"author":[{"embeddable":true,"href":"https:\/\/portaltela.pt\/api\/wp\/v2\/users\/2"}],"replies":[{"embeddable":true,"href":"https:\/\/portaltela.pt\/api\/wp\/v2\/comments?post=405833"}],"version-history":[{"count":0,"href":"https:\/\/portaltela.pt\/api\/wp\/v2\/posts\/405833\/revisions"}],"wp:featuredmedia":[{"embeddable":true,"href":"https:\/\/portaltela.pt\/api\/wp\/v2\/media\/405839"}],"wp:attachment":[{"href":"https:\/\/portaltela.pt\/api\/wp\/v2\/media?parent=405833"}],"wp:term":[{"taxonomy":"category","embeddable":true,"href":"https:\/\/portaltela.pt\/api\/wp\/v2\/categories?post=405833"},{"taxonomy":"post_tag","embeddable":true,"href":"https:\/\/portaltela.pt\/api\/wp\/v2\/tags?post=405833"}],"curies":[{"name":"wp","href":"https:\/\/api.w.org\/{rel}","templated":true}]}}