{"id":405827,"date":"2026-03-11T08:47:10","date_gmt":"2026-03-11T11:47:10","guid":{"rendered":"https:\/\/portaltela.pt\/noticias\/2026\/03\/11\/ine-confirma-inflacao-de-21-em-fevereiro-alimentos-sobem-quase-7\/"},"modified":"2026-03-11T08:47:10","modified_gmt":"2026-03-11T11:47:10","slug":"ine-confirma-inflacao-de-21-em-fevereiro-alimentos-sobem-quase-7","status":"publish","type":"post","link":"https:\/\/portaltela.pt\/noticias\/economia\/2026\/03\/11\/ine-confirma-inflacao-de-21-em-fevereiro-alimentos-sobem-quase-7\/","title":{"rendered":"INE confirma infla\u00e7\u00e3o de 2,1% em fevereiro, alimentos sobem quase 7%"},"content":{"rendered":"<p>O Instituto Nacional de Estat\u00edstica (INE) confirmou que a infla\u00e7\u00e3o hom\u00f3loga acelerou de 1,9% para 2,1% em fevereiro de 2026. O aumento deve-se sobretudo aos alimentos, que subiram quase 7% no m\u00eas. A escalada ocorre ap\u00f3s tempestades que destru\u00edram colheitas e perturbaram o abastecimento.<\/p>\n<p>A infla\u00e7\u00e3o subjacente, que exclui alimentos n\u00e3o transformados e energ\u00e9ticos, passou de 1,8% para 1,9% em fevereiro. Embora acelerando, o avan\u00e7o foi menos intenso do que o registado no \u00edndice global, uma refer\u00eancia para o BCE nas decis\u00f5es de juros.<\/p>\n<h3>Alimentos e energia<\/h3>\n<p>O grupo dos alimentos n\u00e3o transformados avan\u00e7ou de 5,8% em janeiro para 6,7% em fevereiro, perto do pico de 7% do ano passado. O INE aponta para o impacto de tempestades e calamidades em v\u00e1rios munic\u00edpios na trajet\u00f3ria dos pre\u00e7os.<\/p>\n<p>J\u00e1 a energia registou uma varia\u00e7\u00e3o hom\u00f3loga de -2,2% em fevereiro, mantendo-se no terreno negativo. No entanto, perspetivas de aumento nos pre\u00e7os da energia j\u00e1 se esperam com a escalada dos combust\u00edveis a come\u00e7ar mar\u00e7o.<\/p>\n<h3>Compara\u00e7\u00e3o europeia<\/h3>\n<p>O IHPC harmonizado acelerou, em termos hom\u00f3logos, de 1,9% para 2,1% em fevereiro. O valor fica 0,2 pontos acima da estimativa do Eurostat para a Zona Euro. Sem alimentos n\u00e3o transformados e energia, o IHPC portugu\u00eas subiu para 2,0%, abaixo da m\u00e9dia da UE (2,3%).<\/p>\n","protected":false},"excerpt":{"rendered":"<ul>\n<li>O Instituto Nacional de Estat\u00edstica confirmou que a infla\u00e7\u00e3o hom\u00f3loga acelerou de 1,9% para 2,1% em fevereiro de 2026.<\/li>\n<li>A subida dos alimentos foi o principal motor, com o \u00edndice de pre\u00e7os dos alimentos n\u00e3o transformados a subir de 5,8% para 6,7% em fevereiro.<\/li>\n<li>A infla\u00e7\u00e3o subjacente (exclui alimentos n\u00e3o transformados e energ\u00e9ticos) subiu de 1,8% para 1,9% no mesmo per\u00edodo.<\/li>\n<li>O \u00edndice dos pre\u00e7os da energia manteve-se em queda anual de 2,2% em fevereiro.<\/li>\n<li>O IHPC (harmonizado) acelerou para 2,1% em fevereiro, comparado com 1,9% em janeiro, ficando acima da m\u00e9dia da Zona Euro.<\/li>\n<\/ul>\n","protected":false},"author":2,"featured_media":405831,"comment_status":"closed","ping_status":"closed","sticky":false,"template":"","format":"standard","meta":{"footnotes":""},"categories":[2,6850],"tags":[6115,5961,3289,28,5774,1014],"class_list":["post-405827","post","type-post","status-publish","format-standard","has-post-thumbnail","hentry","category-economia","category-financas","tag-_economia","tag-a-energia","tag-alimentos","tag-economia","tag-ihpc","tag-portugal"],"yoast_head":"<!-- This site is optimized with the Yoast SEO plugin v27.2 - https:\/\/yoast.com\/product\/yoast-seo-wordpress\/ -->\n<title>INE confirma infla\u00e7\u00e3o de 2,1% em fevereiro, alimentos sobem quase 7% - Portal Tela Portugal<\/title>\n<meta name=\"robots\" content=\"index, follow, max-snippet:-1, max-image-preview:large, max-video-preview:-1\" \/>\n<meta property=\"og:locale\" content=\"pt_PT\" \/>\n<meta property=\"og:type\" content=\"article\" \/>\n<meta property=\"og:title\" content=\"INE confirma infla\u00e7\u00e3o de 2,1% em fevereiro, alimentos sobem quase 7% - Portal Tela Portugal\" \/>\n<meta property=\"og:description\" content=\"O Instituto Nacional de Estat\u00edstica confirmou que a infla\u00e7\u00e3o hom\u00f3loga acelerou de 1,9% para 2,1% em fevereiro de 2026. A subida dos alimentos foi o principal motor, com o \u00edndice de pre\u00e7os dos alimentos n\u00e3o transformados a subir de 5,8% para 6,7% em fevereiro. A infla\u00e7\u00e3o subjacente (exclui alimentos n\u00e3o transformados e energ\u00e9ticos) subiu de 1,8% para 1,9% no mesmo per\u00edodo. O \u00edndice dos pre\u00e7os da energia manteve-se em queda anual de 2,2% em fevereiro. O IHPC (harmonizado) acelerou para 2,1% em fevereiro, comparado com 1,9% em janeiro, ficando acima da m\u00e9dia da Zona Euro.\" \/>\n<meta property=\"og:url\" content=\"https:\/\/portaltela.pt\/noticias\/2026\/03\/11\/ine-confirma-inflacao-de-21-em-fevereiro-alimentos-sobem-quase-7\/\" \/>\n<meta property=\"og:site_name\" content=\"Portal Tela Portugal\" \/>\n<meta property=\"article:published_time\" content=\"2026-03-11T11:47:10+00:00\" \/>\n<meta name=\"author\" content=\"Telinha\" \/>\n<meta name=\"twitter:card\" content=\"summary_large_image\" \/>\n<meta name=\"twitter:label1\" content=\"Escrito por\" \/>\n\t<meta name=\"twitter:data1\" content=\"Telinha\" \/>\n\t<meta name=\"twitter:label2\" content=\"Tempo estimado de leitura\" \/>\n\t<meta name=\"twitter:data2\" content=\"1 minuto\" \/>\n<script type=\"application\/ld+json\" class=\"yoast-schema-graph\">{\"@context\":\"https:\/\/schema.org\",\"@graph\":[{\"@type\":\"Article\",\"@id\":\"https:\/\/portaltela.pt\/noticias\/2026\/03\/11\/ine-confirma-inflacao-de-21-em-fevereiro-alimentos-sobem-quase-7\/#article\",\"isPartOf\":{\"@id\":\"https:\/\/portaltela.pt\/noticias\/2026\/03\/11\/ine-confirma-inflacao-de-21-em-fevereiro-alimentos-sobem-quase-7\/\"},\"author\":{\"name\":\"Telinha\",\"@id\":\"https:\/\/portaltela.pt\/#\/schema\/person\/c4278d4a6028830caff9ee44b42d32ed\"},\"headline\":\"INE confirma infla\u00e7\u00e3o de 2,1% em fevereiro, alimentos sobem quase 7%\",\"datePublished\":\"2026-03-11T11:47:10+00:00\",\"mainEntityOfPage\":{\"@id\":\"https:\/\/portaltela.pt\/noticias\/2026\/03\/11\/ine-confirma-inflacao-de-21-em-fevereiro-alimentos-sobem-quase-7\/\"},\"wordCount\":234,\"image\":{\"@id\":\"https:\/\/portaltela.pt\/noticias\/2026\/03\/11\/ine-confirma-inflacao-de-21-em-fevereiro-alimentos-sobem-quase-7\/#primaryimage\"},\"thumbnailUrl\":\"https:\/\/portaltela.pt\/s.01k8rhncp4jt1\/2026\/03\/img_920x518uu2026-03-11-11-42-41-2426185.jpg\",\"keywords\":[\"_economia\",\"a energia\",\"alimentos\",\"economia\",\"IHPC\",\"Portugal\"],\"articleSection\":[\"Economia\",\"Finan\u00e7as\"],\"inLanguage\":\"pt-PT\"},{\"@type\":\"WebPage\",\"@id\":\"https:\/\/portaltela.pt\/noticias\/2026\/03\/11\/ine-confirma-inflacao-de-21-em-fevereiro-alimentos-sobem-quase-7\/\",\"url\":\"https:\/\/portaltela.pt\/noticias\/2026\/03\/11\/ine-confirma-inflacao-de-21-em-fevereiro-alimentos-sobem-quase-7\/\",\"name\":\"INE confirma infla\u00e7\u00e3o de 2,1% em fevereiro, alimentos sobem quase 7% - Portal Tela Portugal\",\"isPartOf\":{\"@id\":\"https:\/\/portaltela.pt\/#website\"},\"primaryImageOfPage\":{\"@id\":\"https:\/\/portaltela.pt\/noticias\/2026\/03\/11\/ine-confirma-inflacao-de-21-em-fevereiro-alimentos-sobem-quase-7\/#primaryimage\"},\"image\":{\"@id\":\"https:\/\/portaltela.pt\/noticias\/2026\/03\/11\/ine-confirma-inflacao-de-21-em-fevereiro-alimentos-sobem-quase-7\/#primaryimage\"},\"thumbnailUrl\":\"https:\/\/portaltela.pt\/s.01k8rhncp4jt1\/2026\/03\/img_920x518uu2026-03-11-11-42-41-2426185.jpg\",\"datePublished\":\"2026-03-11T11:47:10+00:00\",\"author\":{\"@id\":\"https:\/\/portaltela.pt\/#\/schema\/person\/c4278d4a6028830caff9ee44b42d32ed\"},\"breadcrumb\":{\"@id\":\"https:\/\/portaltela.pt\/noticias\/2026\/03\/11\/ine-confirma-inflacao-de-21-em-fevereiro-alimentos-sobem-quase-7\/#breadcrumb\"},\"inLanguage\":\"pt-PT\",\"potentialAction\":[{\"@type\":\"ReadAction\",\"target\":[\"https:\/\/portaltela.pt\/noticias\/2026\/03\/11\/ine-confirma-inflacao-de-21-em-fevereiro-alimentos-sobem-quase-7\/\"]}]},{\"@type\":\"ImageObject\",\"inLanguage\":\"pt-PT\",\"@id\":\"https:\/\/portaltela.pt\/noticias\/2026\/03\/11\/ine-confirma-inflacao-de-21-em-fevereiro-alimentos-sobem-quase-7\/#primaryimage\",\"url\":\"https:\/\/portaltela.pt\/s.01k8rhncp4jt1\/2026\/03\/img_920x518uu2026-03-11-11-42-41-2426185.jpg\",\"contentUrl\":\"https:\/\/portaltela.pt\/s.01k8rhncp4jt1\/2026\/03\/img_920x518uu2026-03-11-11-42-41-2426185.jpg\",\"width\":796,\"height\":448,\"caption\":\"legumes, fruta, comida, supermercado\"},{\"@type\":\"BreadcrumbList\",\"@id\":\"https:\/\/portaltela.pt\/noticias\/2026\/03\/11\/ine-confirma-inflacao-de-21-em-fevereiro-alimentos-sobem-quase-7\/#breadcrumb\",\"itemListElement\":[{\"@type\":\"ListItem\",\"position\":1,\"name\":\"In\u00edcio\",\"item\":\"https:\/\/portaltela.pt\/\"},{\"@type\":\"ListItem\",\"position\":2,\"name\":\"INE confirma infla\u00e7\u00e3o de 2,1% em fevereiro, alimentos sobem quase 7%\"}]},{\"@type\":\"WebSite\",\"@id\":\"https:\/\/portaltela.pt\/#website\",\"url\":\"https:\/\/portaltela.pt\/\",\"name\":\"Portal Tela Portugal\",\"description\":\"\",\"potentialAction\":[{\"@type\":\"SearchAction\",\"target\":{\"@type\":\"EntryPoint\",\"urlTemplate\":\"https:\/\/portaltela.pt\/?s={search_term_string}\"},\"query-input\":{\"@type\":\"PropertyValueSpecification\",\"valueRequired\":true,\"valueName\":\"search_term_string\"}}],\"inLanguage\":\"pt-PT\"},{\"@type\":\"Person\",\"@id\":\"https:\/\/portaltela.pt\/#\/schema\/person\/c4278d4a6028830caff9ee44b42d32ed\",\"name\":\"Telinha\",\"image\":{\"@type\":\"ImageObject\",\"inLanguage\":\"pt-PT\",\"@id\":\"https:\/\/portaltela.pt\/s.01k8rhncp4jt1\/2025\/11\/talking-bot-125x125.png\",\"url\":\"https:\/\/portaltela.pt\/s.01k8rhncp4jt1\/2025\/11\/talking-bot-125x125.png\",\"contentUrl\":\"https:\/\/portaltela.pt\/s.01k8rhncp4jt1\/2025\/11\/talking-bot-125x125.png\",\"caption\":\"Telinha\"},\"sameAs\":[\"https:\/\/portaltela.pt\/\"],\"url\":\"https:\/\/portaltela.pt\/por\/367410592786\/\"}]}<\/script>\n<!-- \/ Yoast SEO plugin. -->","yoast_head_json":{"title":"INE confirma infla\u00e7\u00e3o de 2,1% em fevereiro, alimentos sobem quase 7% - Portal Tela Portugal","robots":{"index":"index","follow":"follow","max-snippet":"max-snippet:-1","max-image-preview":"max-image-preview:large","max-video-preview":"max-video-preview:-1"},"og_locale":"pt_PT","og_type":"article","og_title":"INE confirma infla\u00e7\u00e3o de 2,1% em fevereiro, alimentos sobem quase 7% - Portal Tela Portugal","og_description":"O Instituto Nacional de Estat\u00edstica confirmou que a infla\u00e7\u00e3o hom\u00f3loga acelerou de 1,9% para 2,1% em fevereiro de 2026. A subida dos alimentos foi o principal motor, com o \u00edndice de pre\u00e7os dos alimentos n\u00e3o transformados a subir de 5,8% para 6,7% em fevereiro. A infla\u00e7\u00e3o subjacente (exclui alimentos n\u00e3o transformados e energ\u00e9ticos) subiu de 1,8% para 1,9% no mesmo per\u00edodo. O \u00edndice dos pre\u00e7os da energia manteve-se em queda anual de 2,2% em fevereiro. O IHPC (harmonizado) acelerou para 2,1% em fevereiro, comparado com 1,9% em janeiro, ficando acima da m\u00e9dia da Zona Euro.","og_url":"https:\/\/portaltela.pt\/noticias\/2026\/03\/11\/ine-confirma-inflacao-de-21-em-fevereiro-alimentos-sobem-quase-7\/","og_site_name":"Portal Tela Portugal","article_published_time":"2026-03-11T11:47:10+00:00","author":"Telinha","twitter_card":"summary_large_image","twitter_misc":{"Escrito por":"Telinha","Tempo estimado de leitura":"1 minuto"},"schema":{"@context":"https:\/\/schema.org","@graph":[{"@type":"Article","@id":"https:\/\/portaltela.pt\/noticias\/2026\/03\/11\/ine-confirma-inflacao-de-21-em-fevereiro-alimentos-sobem-quase-7\/#article","isPartOf":{"@id":"https:\/\/portaltela.pt\/noticias\/2026\/03\/11\/ine-confirma-inflacao-de-21-em-fevereiro-alimentos-sobem-quase-7\/"},"author":{"name":"Telinha","@id":"https:\/\/portaltela.pt\/#\/schema\/person\/c4278d4a6028830caff9ee44b42d32ed"},"headline":"INE confirma infla\u00e7\u00e3o de 2,1% em fevereiro, alimentos sobem quase 7%","datePublished":"2026-03-11T11:47:10+00:00","mainEntityOfPage":{"@id":"https:\/\/portaltela.pt\/noticias\/2026\/03\/11\/ine-confirma-inflacao-de-21-em-fevereiro-alimentos-sobem-quase-7\/"},"wordCount":234,"image":{"@id":"https:\/\/portaltela.pt\/noticias\/2026\/03\/11\/ine-confirma-inflacao-de-21-em-fevereiro-alimentos-sobem-quase-7\/#primaryimage"},"thumbnailUrl":"https:\/\/portaltela.pt\/s.01k8rhncp4jt1\/2026\/03\/img_920x518uu2026-03-11-11-42-41-2426185.jpg","keywords":["_economia","a energia","alimentos","economia","IHPC","Portugal"],"articleSection":["Economia","Finan\u00e7as"],"inLanguage":"pt-PT"},{"@type":"WebPage","@id":"https:\/\/portaltela.pt\/noticias\/2026\/03\/11\/ine-confirma-inflacao-de-21-em-fevereiro-alimentos-sobem-quase-7\/","url":"https:\/\/portaltela.pt\/noticias\/2026\/03\/11\/ine-confirma-inflacao-de-21-em-fevereiro-alimentos-sobem-quase-7\/","name":"INE confirma infla\u00e7\u00e3o de 2,1% em fevereiro, alimentos sobem quase 7% - Portal Tela Portugal","isPartOf":{"@id":"https:\/\/portaltela.pt\/#website"},"primaryImageOfPage":{"@id":"https:\/\/portaltela.pt\/noticias\/2026\/03\/11\/ine-confirma-inflacao-de-21-em-fevereiro-alimentos-sobem-quase-7\/#primaryimage"},"image":{"@id":"https:\/\/portaltela.pt\/noticias\/2026\/03\/11\/ine-confirma-inflacao-de-21-em-fevereiro-alimentos-sobem-quase-7\/#primaryimage"},"thumbnailUrl":"https:\/\/portaltela.pt\/s.01k8rhncp4jt1\/2026\/03\/img_920x518uu2026-03-11-11-42-41-2426185.jpg","datePublished":"2026-03-11T11:47:10+00:00","author":{"@id":"https:\/\/portaltela.pt\/#\/schema\/person\/c4278d4a6028830caff9ee44b42d32ed"},"breadcrumb":{"@id":"https:\/\/portaltela.pt\/noticias\/2026\/03\/11\/ine-confirma-inflacao-de-21-em-fevereiro-alimentos-sobem-quase-7\/#breadcrumb"},"inLanguage":"pt-PT","potentialAction":[{"@type":"ReadAction","target":["https:\/\/portaltela.pt\/noticias\/2026\/03\/11\/ine-confirma-inflacao-de-21-em-fevereiro-alimentos-sobem-quase-7\/"]}]},{"@type":"ImageObject","inLanguage":"pt-PT","@id":"https:\/\/portaltela.pt\/noticias\/2026\/03\/11\/ine-confirma-inflacao-de-21-em-fevereiro-alimentos-sobem-quase-7\/#primaryimage","url":"https:\/\/portaltela.pt\/s.01k8rhncp4jt1\/2026\/03\/img_920x518uu2026-03-11-11-42-41-2426185.jpg","contentUrl":"https:\/\/portaltela.pt\/s.01k8rhncp4jt1\/2026\/03\/img_920x518uu2026-03-11-11-42-41-2426185.jpg","width":796,"height":448,"caption":"legumes, fruta, comida, supermercado"},{"@type":"BreadcrumbList","@id":"https:\/\/portaltela.pt\/noticias\/2026\/03\/11\/ine-confirma-inflacao-de-21-em-fevereiro-alimentos-sobem-quase-7\/#breadcrumb","itemListElement":[{"@type":"ListItem","position":1,"name":"In\u00edcio","item":"https:\/\/portaltela.pt\/"},{"@type":"ListItem","position":2,"name":"INE confirma infla\u00e7\u00e3o de 2,1% em fevereiro, alimentos sobem quase 7%"}]},{"@type":"WebSite","@id":"https:\/\/portaltela.pt\/#website","url":"https:\/\/portaltela.pt\/","name":"Portal Tela Portugal","description":"","potentialAction":[{"@type":"SearchAction","target":{"@type":"EntryPoint","urlTemplate":"https:\/\/portaltela.pt\/?s={search_term_string}"},"query-input":{"@type":"PropertyValueSpecification","valueRequired":true,"valueName":"search_term_string"}}],"inLanguage":"pt-PT"},{"@type":"Person","@id":"https:\/\/portaltela.pt\/#\/schema\/person\/c4278d4a6028830caff9ee44b42d32ed","name":"Telinha","image":{"@type":"ImageObject","inLanguage":"pt-PT","@id":"https:\/\/portaltela.pt\/s.01k8rhncp4jt1\/2025\/11\/talking-bot-125x125.png","url":"https:\/\/portaltela.pt\/s.01k8rhncp4jt1\/2025\/11\/talking-bot-125x125.png","contentUrl":"https:\/\/portaltela.pt\/s.01k8rhncp4jt1\/2025\/11\/talking-bot-125x125.png","caption":"Telinha"},"sameAs":["https:\/\/portaltela.pt\/"],"url":"https:\/\/portaltela.pt\/por\/367410592786\/"}]}},"_links":{"self":[{"href":"https:\/\/portaltela.pt\/api\/wp\/v2\/posts\/405827","targetHints":{"allow":["GET"]}}],"collection":[{"href":"https:\/\/portaltela.pt\/api\/wp\/v2\/posts"}],"about":[{"href":"https:\/\/portaltela.pt\/api\/wp\/v2\/types\/post"}],"author":[{"embeddable":true,"href":"https:\/\/portaltela.pt\/api\/wp\/v2\/users\/2"}],"replies":[{"embeddable":true,"href":"https:\/\/portaltela.pt\/api\/wp\/v2\/comments?post=405827"}],"version-history":[{"count":0,"href":"https:\/\/portaltela.pt\/api\/wp\/v2\/posts\/405827\/revisions"}],"wp:featuredmedia":[{"embeddable":true,"href":"https:\/\/portaltela.pt\/api\/wp\/v2\/media\/405831"}],"wp:attachment":[{"href":"https:\/\/portaltela.pt\/api\/wp\/v2\/media?parent=405827"}],"wp:term":[{"taxonomy":"category","embeddable":true,"href":"https:\/\/portaltela.pt\/api\/wp\/v2\/categories?post=405827"},{"taxonomy":"post_tag","embeddable":true,"href":"https:\/\/portaltela.pt\/api\/wp\/v2\/tags?post=405827"}],"curies":[{"name":"wp","href":"https:\/\/api.w.org\/{rel}","templated":true}]}}