{"id":405815,"date":"2026-03-11T09:00:05","date_gmt":"2026-03-11T12:00:05","guid":{"rendered":"https:\/\/portaltela.pt\/noticias\/2026\/03\/11\/castro-almeida-admite-que-apoios-a-reconstrucao-de-casas-nao-estao-a-correr-bem\/"},"modified":"2026-03-11T09:00:05","modified_gmt":"2026-03-11T12:00:05","slug":"castro-almeida-admite-que-apoios-a-reconstrucao-de-casas-nao-estao-a-correr-bem","status":"publish","type":"post","link":"https:\/\/portaltela.pt\/noticias\/economia\/2026\/03\/11\/castro-almeida-admite-que-apoios-a-reconstrucao-de-casas-nao-estao-a-correr-bem\/","title":{"rendered":"Castro Almeida admite que apoios \u00e0 reconstru\u00e7\u00e3o de casas n\u00e3o est\u00e3o a correr bem"},"content":{"rendered":"<p>O ministro da Economia e da Coes\u00e3o Territorial, Manuel Castro Almeida, reconheceu que o processo de apoio \u00e0 reconstru\u00e7\u00e3o de casas afetadas pelo mau tempo n\u00e3o est\u00e1 a correr bem. A posi\u00e7\u00e3o foi divulgada durante as jornadas parlamentares do PSD, num painel sobre o PTRR.<\/p>\n<p>Castro Almeida indicou que a falha n\u00e3o \u00e9 imput\u00e1vel ao Governo, mas sim \u00e0 avalia\u00e7\u00e3o realizada pelas C\u00e2maras Municipais, que tem demorado mais do que o previsto. O objetivo \u00e9 acelerar a atribui\u00e7\u00e3o de apoios \u00e0s fam\u00edlias.<\/p>\n<p>O PTRR foi lan\u00e7ado ap\u00f3s tempestades que ceifaram 18 vidas e deixaram centenas de desalojados. O Governo defende a agilidade no desenho das medidas e na distribui\u00e7\u00e3o de recursos para empresas.<\/p>\n<p>Segundo o ministro, j\u00e1 existem 3725 empresas com 877 milh\u00f5es de euros depositados e quase 5000 em fase de contratualiza\u00e7\u00e3o, num total de 1 141 milh\u00f5es de euros. Os n\u00fameros destacam o desempenho em apoio empresarial.<\/p>\n<p>No que toca \u00e0s habita\u00e7\u00f5es, o ministro referiu 25 mil candidaturas a apoios, num valor de 143 milh\u00f5es de euros. O dinheiro ainda n\u00e3o chegou \u00e0s fam\u00edlias devido ao atraso na avalia\u00e7\u00e3o municipal.<\/p>\n<p>Casas vai manter o papel das C\u00e2maras na avalia\u00e7\u00e3o, explicou Castro Almeida, acrescentando que o atraso n\u00e3o resulta de m\u00e1 vontade, mas de muitos compromissos municipais, como estradas e redes de energia.<\/p>\n<p>Para acelerar o processo, foi criado um protocolo com a Ordem dos Arquitetos, a Ordem dos Engenheiros e a Ordem dos Urbanistas, envolvendo 700 t\u00e9cnicos para apoiar as autarquias na avalia\u00e7\u00e3o dos preju\u00edzos.<\/p>\n<p>O ministro afirmou que o Governo est\u00e1 a fazer o que lhe compete para acelerar o processo, sem abrir m\u00e3o do papel das C\u00e2maras. Questionado, referiu que n\u00e3o h\u00e1 margem para facilitar o procedimento.<\/p>\n","protected":false},"excerpt":{"rendered":"<ul>\n<li>O ministro da Economia, Manuel Castro Almeida, reconheceu que o processo de apoios \u00e0 reconstru\u00e7\u00e3o de casas afetadas pelo mau tempo \u201cn\u00e3o est\u00e1 a correr bem\u201d, responsabilizando as C\u00e2maras Municipais pela demora na avalia\u00e7\u00e3o.<\/li>\n<li>Numa interven\u00e7\u00e3o nas jornadas parlamentares do PSD, em painel sobre o PTRR, o ministro destacou a agilidade do Governo no desenho das medidas e no apoio \u00e0s empresas: 3.725 empresas com 877 milh\u00f5es de euros j\u00e1 em conta; quase 5.000 empresas em contratualiza\u00e7\u00e3o para 1.141 milh\u00f5es.<\/li>\n<li>Por outro lado, afirmou que h\u00e1 25 mil candidaturas a apoios para casas, no valor de 143 milh\u00f5es de euros, ainda com o dinheiro pouco entregue \u00e0s pessoas.<\/li>\n<li>A demora, explicou, deve-se ao processo de avalia\u00e7\u00e3o a cargo das C\u00e2maras Municipais; quando fica pronto nas Comiss\u00f5es de Coordena\u00e7\u00e3o e Desenvolvimento Regional, o pagamento \u00e9 feito no pr\u00f3prio dia ou no dia seguinte.<\/li>\n<li>Foi criado um protocolo com a Ordem dos Arquitectos e a Ordem dos Engenheiros, entre outros, para contratar 700 t\u00e9cnicos que ajudem as C\u00e2maras na avalia\u00e7\u00e3o dos preju\u00edzos das casas.<\/li>\n<\/ul>\n","protected":false},"author":2,"featured_media":405825,"comment_status":"closed","ping_status":"closed","sticky":false,"template":"","format":"standard","meta":{"footnotes":""},"categories":[2,6735],"tags":[6115,830,3004,2843,28,150],"class_list":["post-405815","post","type-post","status-publish","format-standard","has-post-thumbnail","hentry","category-economia","category-negocios","tag-_economia","tag-coesao-territorial","tag-desalojados","tag-desalojamentos","tag-economia","tag-habitacao"],"yoast_head":"<!-- This site is optimized with the Yoast SEO plugin v27.2 - https:\/\/yoast.com\/product\/yoast-seo-wordpress\/ -->\n<title>Castro Almeida admite que apoios \u00e0 reconstru\u00e7\u00e3o de casas n\u00e3o est\u00e3o a correr bem - Portal Tela Portugal<\/title>\n<meta name=\"robots\" content=\"index, follow, max-snippet:-1, max-image-preview:large, max-video-preview:-1\" \/>\n<meta property=\"og:locale\" content=\"pt_PT\" \/>\n<meta property=\"og:type\" content=\"article\" \/>\n<meta property=\"og:title\" content=\"Castro Almeida admite que apoios \u00e0 reconstru\u00e7\u00e3o de casas n\u00e3o est\u00e3o a correr bem - Portal Tela Portugal\" \/>\n<meta property=\"og:description\" content=\"O ministro da Economia, Manuel Castro Almeida, reconheceu que o processo de apoios \u00e0 reconstru\u00e7\u00e3o de casas afetadas pelo mau tempo \u201cn\u00e3o est\u00e1 a correr bem\u201d, responsabilizando as C\u00e2maras Municipais pela demora na avalia\u00e7\u00e3o. Numa interven\u00e7\u00e3o nas jornadas parlamentares do PSD, em painel sobre o PTRR, o ministro destacou a agilidade do Governo no desenho das medidas e no apoio \u00e0s empresas: 3.725 empresas com 877 milh\u00f5es de euros j\u00e1 em conta; quase 5.000 empresas em contratualiza\u00e7\u00e3o para 1.141 milh\u00f5es. Por outro lado, afirmou que h\u00e1 25 mil candidaturas a apoios para casas, no valor de 143 milh\u00f5es de euros, ainda com o dinheiro pouco entregue \u00e0s pessoas. A demora, explicou, deve-se ao processo de avalia\u00e7\u00e3o a cargo das C\u00e2maras Municipais; quando fica pronto nas Comiss\u00f5es de Coordena\u00e7\u00e3o e Desenvolvimento Regional, o pagamento \u00e9 feito no pr\u00f3prio dia ou no dia seguinte. Foi criado um protocolo com a Ordem dos Arquitectos e a Ordem dos Engenheiros, entre outros, para contratar 700 t\u00e9cnicos que ajudem as C\u00e2maras na avalia\u00e7\u00e3o dos preju\u00edzos das casas.\" \/>\n<meta property=\"og:url\" content=\"https:\/\/portaltela.pt\/noticias\/2026\/03\/11\/castro-almeida-admite-que-apoios-a-reconstrucao-de-casas-nao-estao-a-correr-bem\/\" \/>\n<meta property=\"og:site_name\" content=\"Portal Tela Portugal\" \/>\n<meta property=\"article:published_time\" content=\"2026-03-11T12:00:05+00:00\" \/>\n<meta name=\"author\" content=\"Telinha\" \/>\n<meta name=\"twitter:card\" content=\"summary_large_image\" \/>\n<meta name=\"twitter:label1\" content=\"Escrito por\" \/>\n\t<meta name=\"twitter:data1\" content=\"Telinha\" \/>\n\t<meta name=\"twitter:label2\" content=\"Tempo estimado de leitura\" \/>\n\t<meta name=\"twitter:data2\" content=\"1 minuto\" \/>\n<script type=\"application\/ld+json\" class=\"yoast-schema-graph\">{\"@context\":\"https:\/\/schema.org\",\"@graph\":[{\"@type\":\"Article\",\"@id\":\"https:\/\/portaltela.pt\/noticias\/2026\/03\/11\/castro-almeida-admite-que-apoios-a-reconstrucao-de-casas-nao-estao-a-correr-bem\/#article\",\"isPartOf\":{\"@id\":\"https:\/\/portaltela.pt\/noticias\/2026\/03\/11\/castro-almeida-admite-que-apoios-a-reconstrucao-de-casas-nao-estao-a-correr-bem\/\"},\"author\":{\"name\":\"Telinha\",\"@id\":\"https:\/\/portaltela.pt\/#\/schema\/person\/c4278d4a6028830caff9ee44b42d32ed\"},\"headline\":\"Castro Almeida admite que apoios \u00e0 reconstru\u00e7\u00e3o de casas n\u00e3o est\u00e3o a correr bem\",\"datePublished\":\"2026-03-11T12:00:05+00:00\",\"mainEntityOfPage\":{\"@id\":\"https:\/\/portaltela.pt\/noticias\/2026\/03\/11\/castro-almeida-admite-que-apoios-a-reconstrucao-de-casas-nao-estao-a-correr-bem\/\"},\"wordCount\":315,\"image\":{\"@id\":\"https:\/\/portaltela.pt\/noticias\/2026\/03\/11\/castro-almeida-admite-que-apoios-a-reconstrucao-de-casas-nao-estao-a-correr-bem\/#primaryimage\"},\"thumbnailUrl\":\"https:\/\/portaltela.pt\/s.01k8rhncp4jt1\/2026\/03\/img_1500x1000uu2026-03-03-13-58-46-2270143.jpg\",\"keywords\":[\"_economia\",\"Coes\u00e3o Territorial\",\"desalojados\",\"desalojamentos\",\"economia\",\"habita\u00e7\u00e3o\"],\"articleSection\":[\"Economia\",\"Neg\u00f3cios\"],\"inLanguage\":\"pt-PT\"},{\"@type\":\"WebPage\",\"@id\":\"https:\/\/portaltela.pt\/noticias\/2026\/03\/11\/castro-almeida-admite-que-apoios-a-reconstrucao-de-casas-nao-estao-a-correr-bem\/\",\"url\":\"https:\/\/portaltela.pt\/noticias\/2026\/03\/11\/castro-almeida-admite-que-apoios-a-reconstrucao-de-casas-nao-estao-a-correr-bem\/\",\"name\":\"Castro Almeida admite que apoios \u00e0 reconstru\u00e7\u00e3o de casas n\u00e3o est\u00e3o a correr bem - Portal Tela Portugal\",\"isPartOf\":{\"@id\":\"https:\/\/portaltela.pt\/#website\"},\"primaryImageOfPage\":{\"@id\":\"https:\/\/portaltela.pt\/noticias\/2026\/03\/11\/castro-almeida-admite-que-apoios-a-reconstrucao-de-casas-nao-estao-a-correr-bem\/#primaryimage\"},\"image\":{\"@id\":\"https:\/\/portaltela.pt\/noticias\/2026\/03\/11\/castro-almeida-admite-que-apoios-a-reconstrucao-de-casas-nao-estao-a-correr-bem\/#primaryimage\"},\"thumbnailUrl\":\"https:\/\/portaltela.pt\/s.01k8rhncp4jt1\/2026\/03\/img_1500x1000uu2026-03-03-13-58-46-2270143.jpg\",\"datePublished\":\"2026-03-11T12:00:05+00:00\",\"author\":{\"@id\":\"https:\/\/portaltela.pt\/#\/schema\/person\/c4278d4a6028830caff9ee44b42d32ed\"},\"breadcrumb\":{\"@id\":\"https:\/\/portaltela.pt\/noticias\/2026\/03\/11\/castro-almeida-admite-que-apoios-a-reconstrucao-de-casas-nao-estao-a-correr-bem\/#breadcrumb\"},\"inLanguage\":\"pt-PT\",\"potentialAction\":[{\"@type\":\"ReadAction\",\"target\":[\"https:\/\/portaltela.pt\/noticias\/2026\/03\/11\/castro-almeida-admite-que-apoios-a-reconstrucao-de-casas-nao-estao-a-correr-bem\/\"]}]},{\"@type\":\"ImageObject\",\"inLanguage\":\"pt-PT\",\"@id\":\"https:\/\/portaltela.pt\/noticias\/2026\/03\/11\/castro-almeida-admite-que-apoios-a-reconstrucao-de-casas-nao-estao-a-correr-bem\/#primaryimage\",\"url\":\"https:\/\/portaltela.pt\/s.01k8rhncp4jt1\/2026\/03\/img_1500x1000uu2026-03-03-13-58-46-2270143.jpg\",\"contentUrl\":\"https:\/\/portaltela.pt\/s.01k8rhncp4jt1\/2026\/03\/img_1500x1000uu2026-03-03-13-58-46-2270143.jpg\",\"width\":796,\"height\":448,\"caption\":\"Ministro Castro Almeida\"},{\"@type\":\"BreadcrumbList\",\"@id\":\"https:\/\/portaltela.pt\/noticias\/2026\/03\/11\/castro-almeida-admite-que-apoios-a-reconstrucao-de-casas-nao-estao-a-correr-bem\/#breadcrumb\",\"itemListElement\":[{\"@type\":\"ListItem\",\"position\":1,\"name\":\"In\u00edcio\",\"item\":\"https:\/\/portaltela.pt\/\"},{\"@type\":\"ListItem\",\"position\":2,\"name\":\"Castro Almeida admite que apoios \u00e0 reconstru\u00e7\u00e3o de casas n\u00e3o est\u00e3o a correr bem\"}]},{\"@type\":\"WebSite\",\"@id\":\"https:\/\/portaltela.pt\/#website\",\"url\":\"https:\/\/portaltela.pt\/\",\"name\":\"Portal Tela Portugal\",\"description\":\"\",\"potentialAction\":[{\"@type\":\"SearchAction\",\"target\":{\"@type\":\"EntryPoint\",\"urlTemplate\":\"https:\/\/portaltela.pt\/?s={search_term_string}\"},\"query-input\":{\"@type\":\"PropertyValueSpecification\",\"valueRequired\":true,\"valueName\":\"search_term_string\"}}],\"inLanguage\":\"pt-PT\"},{\"@type\":\"Person\",\"@id\":\"https:\/\/portaltela.pt\/#\/schema\/person\/c4278d4a6028830caff9ee44b42d32ed\",\"name\":\"Telinha\",\"image\":{\"@type\":\"ImageObject\",\"inLanguage\":\"pt-PT\",\"@id\":\"https:\/\/portaltela.pt\/s.01k8rhncp4jt1\/2025\/11\/talking-bot-125x125.png\",\"url\":\"https:\/\/portaltela.pt\/s.01k8rhncp4jt1\/2025\/11\/talking-bot-125x125.png\",\"contentUrl\":\"https:\/\/portaltela.pt\/s.01k8rhncp4jt1\/2025\/11\/talking-bot-125x125.png\",\"caption\":\"Telinha\"},\"sameAs\":[\"https:\/\/portaltela.pt\/\"],\"url\":\"https:\/\/portaltela.pt\/por\/367410592786\/\"}]}<\/script>\n<!-- \/ Yoast SEO plugin. -->","yoast_head_json":{"title":"Castro Almeida admite que apoios \u00e0 reconstru\u00e7\u00e3o de casas n\u00e3o est\u00e3o a correr bem - Portal Tela Portugal","robots":{"index":"index","follow":"follow","max-snippet":"max-snippet:-1","max-image-preview":"max-image-preview:large","max-video-preview":"max-video-preview:-1"},"og_locale":"pt_PT","og_type":"article","og_title":"Castro Almeida admite que apoios \u00e0 reconstru\u00e7\u00e3o de casas n\u00e3o est\u00e3o a correr bem - Portal Tela Portugal","og_description":"O ministro da Economia, Manuel Castro Almeida, reconheceu que o processo de apoios \u00e0 reconstru\u00e7\u00e3o de casas afetadas pelo mau tempo \u201cn\u00e3o est\u00e1 a correr bem\u201d, responsabilizando as C\u00e2maras Municipais pela demora na avalia\u00e7\u00e3o. Numa interven\u00e7\u00e3o nas jornadas parlamentares do PSD, em painel sobre o PTRR, o ministro destacou a agilidade do Governo no desenho das medidas e no apoio \u00e0s empresas: 3.725 empresas com 877 milh\u00f5es de euros j\u00e1 em conta; quase 5.000 empresas em contratualiza\u00e7\u00e3o para 1.141 milh\u00f5es. Por outro lado, afirmou que h\u00e1 25 mil candidaturas a apoios para casas, no valor de 143 milh\u00f5es de euros, ainda com o dinheiro pouco entregue \u00e0s pessoas. A demora, explicou, deve-se ao processo de avalia\u00e7\u00e3o a cargo das C\u00e2maras Municipais; quando fica pronto nas Comiss\u00f5es de Coordena\u00e7\u00e3o e Desenvolvimento Regional, o pagamento \u00e9 feito no pr\u00f3prio dia ou no dia seguinte. Foi criado um protocolo com a Ordem dos Arquitectos e a Ordem dos Engenheiros, entre outros, para contratar 700 t\u00e9cnicos que ajudem as C\u00e2maras na avalia\u00e7\u00e3o dos preju\u00edzos das casas.","og_url":"https:\/\/portaltela.pt\/noticias\/2026\/03\/11\/castro-almeida-admite-que-apoios-a-reconstrucao-de-casas-nao-estao-a-correr-bem\/","og_site_name":"Portal Tela Portugal","article_published_time":"2026-03-11T12:00:05+00:00","author":"Telinha","twitter_card":"summary_large_image","twitter_misc":{"Escrito por":"Telinha","Tempo estimado de leitura":"1 minuto"},"schema":{"@context":"https:\/\/schema.org","@graph":[{"@type":"Article","@id":"https:\/\/portaltela.pt\/noticias\/2026\/03\/11\/castro-almeida-admite-que-apoios-a-reconstrucao-de-casas-nao-estao-a-correr-bem\/#article","isPartOf":{"@id":"https:\/\/portaltela.pt\/noticias\/2026\/03\/11\/castro-almeida-admite-que-apoios-a-reconstrucao-de-casas-nao-estao-a-correr-bem\/"},"author":{"name":"Telinha","@id":"https:\/\/portaltela.pt\/#\/schema\/person\/c4278d4a6028830caff9ee44b42d32ed"},"headline":"Castro Almeida admite que apoios \u00e0 reconstru\u00e7\u00e3o de casas n\u00e3o est\u00e3o a correr bem","datePublished":"2026-03-11T12:00:05+00:00","mainEntityOfPage":{"@id":"https:\/\/portaltela.pt\/noticias\/2026\/03\/11\/castro-almeida-admite-que-apoios-a-reconstrucao-de-casas-nao-estao-a-correr-bem\/"},"wordCount":315,"image":{"@id":"https:\/\/portaltela.pt\/noticias\/2026\/03\/11\/castro-almeida-admite-que-apoios-a-reconstrucao-de-casas-nao-estao-a-correr-bem\/#primaryimage"},"thumbnailUrl":"https:\/\/portaltela.pt\/s.01k8rhncp4jt1\/2026\/03\/img_1500x1000uu2026-03-03-13-58-46-2270143.jpg","keywords":["_economia","Coes\u00e3o Territorial","desalojados","desalojamentos","economia","habita\u00e7\u00e3o"],"articleSection":["Economia","Neg\u00f3cios"],"inLanguage":"pt-PT"},{"@type":"WebPage","@id":"https:\/\/portaltela.pt\/noticias\/2026\/03\/11\/castro-almeida-admite-que-apoios-a-reconstrucao-de-casas-nao-estao-a-correr-bem\/","url":"https:\/\/portaltela.pt\/noticias\/2026\/03\/11\/castro-almeida-admite-que-apoios-a-reconstrucao-de-casas-nao-estao-a-correr-bem\/","name":"Castro Almeida admite que apoios \u00e0 reconstru\u00e7\u00e3o de casas n\u00e3o est\u00e3o a correr bem - Portal Tela Portugal","isPartOf":{"@id":"https:\/\/portaltela.pt\/#website"},"primaryImageOfPage":{"@id":"https:\/\/portaltela.pt\/noticias\/2026\/03\/11\/castro-almeida-admite-que-apoios-a-reconstrucao-de-casas-nao-estao-a-correr-bem\/#primaryimage"},"image":{"@id":"https:\/\/portaltela.pt\/noticias\/2026\/03\/11\/castro-almeida-admite-que-apoios-a-reconstrucao-de-casas-nao-estao-a-correr-bem\/#primaryimage"},"thumbnailUrl":"https:\/\/portaltela.pt\/s.01k8rhncp4jt1\/2026\/03\/img_1500x1000uu2026-03-03-13-58-46-2270143.jpg","datePublished":"2026-03-11T12:00:05+00:00","author":{"@id":"https:\/\/portaltela.pt\/#\/schema\/person\/c4278d4a6028830caff9ee44b42d32ed"},"breadcrumb":{"@id":"https:\/\/portaltela.pt\/noticias\/2026\/03\/11\/castro-almeida-admite-que-apoios-a-reconstrucao-de-casas-nao-estao-a-correr-bem\/#breadcrumb"},"inLanguage":"pt-PT","potentialAction":[{"@type":"ReadAction","target":["https:\/\/portaltela.pt\/noticias\/2026\/03\/11\/castro-almeida-admite-que-apoios-a-reconstrucao-de-casas-nao-estao-a-correr-bem\/"]}]},{"@type":"ImageObject","inLanguage":"pt-PT","@id":"https:\/\/portaltela.pt\/noticias\/2026\/03\/11\/castro-almeida-admite-que-apoios-a-reconstrucao-de-casas-nao-estao-a-correr-bem\/#primaryimage","url":"https:\/\/portaltela.pt\/s.01k8rhncp4jt1\/2026\/03\/img_1500x1000uu2026-03-03-13-58-46-2270143.jpg","contentUrl":"https:\/\/portaltela.pt\/s.01k8rhncp4jt1\/2026\/03\/img_1500x1000uu2026-03-03-13-58-46-2270143.jpg","width":796,"height":448,"caption":"Ministro Castro Almeida"},{"@type":"BreadcrumbList","@id":"https:\/\/portaltela.pt\/noticias\/2026\/03\/11\/castro-almeida-admite-que-apoios-a-reconstrucao-de-casas-nao-estao-a-correr-bem\/#breadcrumb","itemListElement":[{"@type":"ListItem","position":1,"name":"In\u00edcio","item":"https:\/\/portaltela.pt\/"},{"@type":"ListItem","position":2,"name":"Castro Almeida admite que apoios \u00e0 reconstru\u00e7\u00e3o de casas n\u00e3o est\u00e3o a correr bem"}]},{"@type":"WebSite","@id":"https:\/\/portaltela.pt\/#website","url":"https:\/\/portaltela.pt\/","name":"Portal Tela Portugal","description":"","potentialAction":[{"@type":"SearchAction","target":{"@type":"EntryPoint","urlTemplate":"https:\/\/portaltela.pt\/?s={search_term_string}"},"query-input":{"@type":"PropertyValueSpecification","valueRequired":true,"valueName":"search_term_string"}}],"inLanguage":"pt-PT"},{"@type":"Person","@id":"https:\/\/portaltela.pt\/#\/schema\/person\/c4278d4a6028830caff9ee44b42d32ed","name":"Telinha","image":{"@type":"ImageObject","inLanguage":"pt-PT","@id":"https:\/\/portaltela.pt\/s.01k8rhncp4jt1\/2025\/11\/talking-bot-125x125.png","url":"https:\/\/portaltela.pt\/s.01k8rhncp4jt1\/2025\/11\/talking-bot-125x125.png","contentUrl":"https:\/\/portaltela.pt\/s.01k8rhncp4jt1\/2025\/11\/talking-bot-125x125.png","caption":"Telinha"},"sameAs":["https:\/\/portaltela.pt\/"],"url":"https:\/\/portaltela.pt\/por\/367410592786\/"}]}},"_links":{"self":[{"href":"https:\/\/portaltela.pt\/api\/wp\/v2\/posts\/405815","targetHints":{"allow":["GET"]}}],"collection":[{"href":"https:\/\/portaltela.pt\/api\/wp\/v2\/posts"}],"about":[{"href":"https:\/\/portaltela.pt\/api\/wp\/v2\/types\/post"}],"author":[{"embeddable":true,"href":"https:\/\/portaltela.pt\/api\/wp\/v2\/users\/2"}],"replies":[{"embeddable":true,"href":"https:\/\/portaltela.pt\/api\/wp\/v2\/comments?post=405815"}],"version-history":[{"count":0,"href":"https:\/\/portaltela.pt\/api\/wp\/v2\/posts\/405815\/revisions"}],"wp:featuredmedia":[{"embeddable":true,"href":"https:\/\/portaltela.pt\/api\/wp\/v2\/media\/405825"}],"wp:attachment":[{"href":"https:\/\/portaltela.pt\/api\/wp\/v2\/media?parent=405815"}],"wp:term":[{"taxonomy":"category","embeddable":true,"href":"https:\/\/portaltela.pt\/api\/wp\/v2\/categories?post=405815"},{"taxonomy":"post_tag","embeddable":true,"href":"https:\/\/portaltela.pt\/api\/wp\/v2\/tags?post=405815"}],"curies":[{"name":"wp","href":"https:\/\/api.w.org\/{rel}","templated":true}]}}