{"id":405808,"date":"2026-03-11T08:47:01","date_gmt":"2026-03-11T11:47:01","guid":{"rendered":"https:\/\/portaltela.pt\/noticias\/2026\/03\/11\/fukushima-e-tohoku-marcam-15-anos-do-desastre-na-central-nuclear\/"},"modified":"2026-03-11T08:47:01","modified_gmt":"2026-03-11T11:47:01","slug":"fukushima-e-tohoku-marcam-15-anos-do-desastre-na-central-nuclear","status":"publish","type":"post","link":"https:\/\/portaltela.pt\/noticias\/2026\/03\/11\/fukushima-e-tohoku-marcam-15-anos-do-desastre-na-central-nuclear\/","title":{"rendered":"Fukushima e Tohoku marcam 15 anos do desastre na central nuclear"},"content":{"rendered":"<p>A 11 de mar\u00e7o de 2026, o Jap\u00e3o assinala 15 anos desde o grande terramoto de magnitude 9,0 que atingiu o nordeste e despoletou um tsunami devastador. O abalo teve impacto direto nas prov\u00edncias de Miyagi, Fukushima e Iwate, causando um balan\u00e7o humanit\u00e1rio grave e desencadeando o acidente nuclear de Fukushima Daiichi.<\/p>\n<p>O governo japon\u00eas registou, at\u00e9 mar\u00e7o de 2026, 15.901 mortos e 2.519 desaparecidos. Mais de 122 mil edif\u00edcios ficaram destru\u00eddos, num dos epis\u00f3dios mais marcantes da hist\u00f3ria natural do pa\u00eds. O desastre levou \u00e0 fus\u00e3o de tr\u00eas n\u00facleos de reactors, o que motivou uma resposta de emerg\u00eancia sem precedentes.<\/p>\n<p>Reconstru\u00e7\u00e3o continua<\/p>\n<p>Desde 2011, o pa\u00eds implementou duas fases intensas de reconstru\u00e7\u00e3o para restabelecer infraestruturas cr\u00edticas e apoiar deslocados. Entre 2011 e 2015, foram reabilitadas vias de acesso e habita\u00e7\u00f5es p\u00fablicas, com foco na independ\u00eancia econ\u00f3mica das zonas afetadas. Um terceiro ciclo de revitaliza\u00e7\u00e3o est\u00e1 previsto para 2026-2030.<\/p>\n<p>A Fukushima Daiichi enfrentou desafios adicionais devido ao acidente nuclear. As autoridades indicam uma redu\u00e7\u00e3o significativa dos n\u00edveis de radia\u00e7\u00e3o, resultado de descontamina\u00e7\u00e3o e da decomposi\u00e7\u00e3o natural. O controlo da alimenta\u00e7\u00e3o tamb\u00e9m \u00e9 rigoroso, com raras detec\u00e7\u00f5es de radioatividade acima dos limites.<\/p>\n<h3>Ambiente e vida comunit\u00e1ria<\/h3>\n<p>As \u00e1reas sob evacua\u00e7\u00e3o reduziram-se para cerca de 2,2% do territ\u00f3rio de Fukushima, sinal de progressos na reabertura. O governo e a operadora TEPCO continuam a libertar \u00e1gua tratada da central para o Oceano Pac\u00edfico, dentro de normas de seguran\u00e7a internacionais. O foco mant\u00e9m-se na recupera\u00e7\u00e3o a longo prazo e na revitaliza\u00e7\u00e3o regional.<\/p>\n<p>Centros de sa\u00fade mental foram criados nas prefeituras afetadas, com equipas multidisciplinares a apoiar v\u00edtimas. Al\u00e9m disso, moradores de habita\u00e7\u00f5es p\u00fablicas e evacua\u00e7\u00f5es recebem apoio social e servi\u00e7os comunit\u00e1rios para restabelecer liga\u00e7\u00f5es e qualidade de vida.<\/p>\n<p>Turismo e mem\u00f3ria<\/p>\n<p>Muitos pontos tur\u00edsticos da regi\u00e3o de Tohoku come\u00e7am a registar recupera\u00e7\u00e3o de visitantes, com locais como Matsushima, Jodogahama e festivais locais a ganharem novo movimento. As autoridades esperam que, tanto nacionais como estrangeiros, vejam o progresso da reconstru\u00e7\u00e3o.<\/p>\n<p>Reconhecimento internacional<\/p>\n<p>O Governo japon\u00eas agradece \u00e0 comunidade internacional pela ajuda humanit\u00e1ria. Mais de 195 pa\u00edses e regi\u00f5es, al\u00e9m de 68 organiza\u00e7\u00f5es, enviaram apoio e mensagens de solidariedade ap\u00f3s o desastre.<\/p>\n","protected":false},"excerpt":{"rendered":"<ul>\n<li>Em 11 de mar\u00e7o de 2011, um terramoto de magnitude nove e um tsunami atingiram a regi\u00e3o de Tohoku, causando cerca de vinte mil mortes.<\/li>\n<li>O sismo e o tsunami desencadearam o pior acidente nuclear desde Chernobyl, com a fus\u00e3o dos n\u00facleos em tr\u00eas reatores da central Fukushima Daiichi; registaram-se quinze mil novecentos e uma mortes e dois mil quinhentos e dezenove desaparecidos at\u00e9 mar\u00e7o de dois mil e vinte e seis; mais de cento e vinte e dois mil edif\u00edcios ficaram destru\u00eddos.<\/li>\n<li>A reconstru\u00e7\u00e3o dividiu-se em fases desde 2011: at\u00e9 dois mil e quinze para restaurar infraestruturas b\u00e1sicas, seguidas por etapas para apoiar comunidades e independ\u00eancia econ\u00f3mica; um terceiro per\u00edodo inicia em abril de dois mil e vinte e seis e vai at\u00e9 dois mil e trinta.<\/li>\n<li>Os n\u00edveis de radia\u00e7\u00e3o diminu\u00edram significativamente devido \u00e0 descontamina\u00e7\u00e3o e \u00e0 decomposi\u00e7\u00e3o natural; o controlo da seguran\u00e7a alimentar foi refor\u00e7ado e as \u00e1reas sob evacua\u00e7\u00e3o passaram a representar cerca de dois coma dois por cento do total da Fukushima.<\/li>\n<li>A \u00e1gua tratada da central tem sido libertada para o oceano Pac\u00edfico, com as autoridades a garantirem que cumpre normas internacionais; o turismo tem vindo a recuperar e as autoridades destacam o apoio internacional recebido por mais de novecentos e cinquenta pa\u00edses e cinquenta e oito organiza\u00e7\u00f5es.<\/li>\n<\/ul>\n","protected":false},"author":2,"featured_media":405810,"comment_status":"closed","ping_status":"closed","sticky":false,"template":"","format":"standard","meta":{"footnotes":""},"categories":[1],"tags":[6711,2938,45,2023,5031,169],"class_list":["post-405808","post","type-post","status-publish","format-standard","has-post-thumbnail","hentry","category-noticias","tag-desastre","tag-evacuacao","tag-meio-ambiente","tag-organizacoes-internacionais","tag-reconstrucao-urbana","tag-turismo"],"yoast_head":"<!-- This site is optimized with the Yoast SEO plugin v27.2 - https:\/\/yoast.com\/product\/yoast-seo-wordpress\/ -->\n<title>Fukushima e Tohoku marcam 15 anos do desastre na central nuclear - Portal Tela Portugal<\/title>\n<meta name=\"robots\" content=\"index, follow, max-snippet:-1, max-image-preview:large, max-video-preview:-1\" \/>\n<meta property=\"og:locale\" content=\"pt_PT\" \/>\n<meta property=\"og:type\" content=\"article\" \/>\n<meta property=\"og:title\" content=\"Fukushima e Tohoku marcam 15 anos do desastre na central nuclear - Portal Tela Portugal\" \/>\n<meta property=\"og:description\" content=\"Em 11 de mar\u00e7o de 2011, um terramoto de magnitude nove e um tsunami atingiram a regi\u00e3o de Tohoku, causando cerca de vinte mil mortes. O sismo e o tsunami desencadearam o pior acidente nuclear desde Chernobyl, com a fus\u00e3o dos n\u00facleos em tr\u00eas reatores da central Fukushima Daiichi; registaram-se quinze mil novecentos e uma mortes e dois mil quinhentos e dezenove desaparecidos at\u00e9 mar\u00e7o de dois mil e vinte e seis; mais de cento e vinte e dois mil edif\u00edcios ficaram destru\u00eddos. A reconstru\u00e7\u00e3o dividiu-se em fases desde 2011: at\u00e9 dois mil e quinze para restaurar infraestruturas b\u00e1sicas, seguidas por etapas para apoiar comunidades e independ\u00eancia econ\u00f3mica; um terceiro per\u00edodo inicia em abril de dois mil e vinte e seis e vai at\u00e9 dois mil e trinta. Os n\u00edveis de radia\u00e7\u00e3o diminu\u00edram significativamente devido \u00e0 descontamina\u00e7\u00e3o e \u00e0 decomposi\u00e7\u00e3o natural; o controlo da seguran\u00e7a alimentar foi refor\u00e7ado e as \u00e1reas sob evacua\u00e7\u00e3o passaram a representar cerca de dois coma dois por cento do total da Fukushima. A \u00e1gua tratada da central tem sido libertada para o oceano Pac\u00edfico, com as autoridades a garantirem que cumpre normas internacionais; o turismo tem vindo a recuperar e as autoridades destacam o apoio internacional recebido por mais de novecentos e cinquenta pa\u00edses e cinquenta e oito organiza\u00e7\u00f5es.\" \/>\n<meta property=\"og:url\" content=\"https:\/\/portaltela.pt\/noticias\/2026\/03\/11\/fukushima-e-tohoku-marcam-15-anos-do-desastre-na-central-nuclear\/\" \/>\n<meta property=\"og:site_name\" content=\"Portal Tela Portugal\" \/>\n<meta property=\"article:published_time\" content=\"2026-03-11T11:47:01+00:00\" \/>\n<meta name=\"author\" content=\"Telinha\" \/>\n<meta name=\"twitter:card\" content=\"summary_large_image\" \/>\n<meta name=\"twitter:label1\" content=\"Escrito por\" \/>\n\t<meta name=\"twitter:data1\" content=\"Telinha\" \/>\n\t<meta name=\"twitter:label2\" content=\"Tempo estimado de leitura\" \/>\n\t<meta name=\"twitter:data2\" content=\"2 minutos\" \/>\n<script type=\"application\/ld+json\" class=\"yoast-schema-graph\">{\"@context\":\"https:\/\/schema.org\",\"@graph\":[{\"@type\":\"Article\",\"@id\":\"https:\/\/portaltela.pt\/noticias\/2026\/03\/11\/fukushima-e-tohoku-marcam-15-anos-do-desastre-na-central-nuclear\/#article\",\"isPartOf\":{\"@id\":\"https:\/\/portaltela.pt\/noticias\/2026\/03\/11\/fukushima-e-tohoku-marcam-15-anos-do-desastre-na-central-nuclear\/\"},\"author\":{\"name\":\"Telinha\",\"@id\":\"https:\/\/portaltela.pt\/#\/schema\/person\/c4278d4a6028830caff9ee44b42d32ed\"},\"headline\":\"Fukushima e Tohoku marcam 15 anos do desastre na central nuclear\",\"datePublished\":\"2026-03-11T11:47:01+00:00\",\"mainEntityOfPage\":{\"@id\":\"https:\/\/portaltela.pt\/noticias\/2026\/03\/11\/fukushima-e-tohoku-marcam-15-anos-do-desastre-na-central-nuclear\/\"},\"wordCount\":412,\"image\":{\"@id\":\"https:\/\/portaltela.pt\/noticias\/2026\/03\/11\/fukushima-e-tohoku-marcam-15-anos-do-desastre-na-central-nuclear\/#primaryimage\"},\"thumbnailUrl\":\"https:\/\/portaltela.pt\/s.01k8rhncp4jt1\/2026\/03\/1536x864_cmsv2_c3321e74-1b53-5e49-bf40-79a43bbac962-9681621.jpg\",\"keywords\":[\"desastre\",\"evacua\u00e7\u00e3o\",\"meio-ambiente\",\"organiza\u00e7\u00f5es internacionais\",\"reconstru\u00e7\u00e3o urbana\",\"turismo\"],\"articleSection\":[\"Not\u00edcias\"],\"inLanguage\":\"pt-PT\"},{\"@type\":\"WebPage\",\"@id\":\"https:\/\/portaltela.pt\/noticias\/2026\/03\/11\/fukushima-e-tohoku-marcam-15-anos-do-desastre-na-central-nuclear\/\",\"url\":\"https:\/\/portaltela.pt\/noticias\/2026\/03\/11\/fukushima-e-tohoku-marcam-15-anos-do-desastre-na-central-nuclear\/\",\"name\":\"Fukushima e Tohoku marcam 15 anos do desastre na central nuclear - Portal Tela Portugal\",\"isPartOf\":{\"@id\":\"https:\/\/portaltela.pt\/#website\"},\"primaryImageOfPage\":{\"@id\":\"https:\/\/portaltela.pt\/noticias\/2026\/03\/11\/fukushima-e-tohoku-marcam-15-anos-do-desastre-na-central-nuclear\/#primaryimage\"},\"image\":{\"@id\":\"https:\/\/portaltela.pt\/noticias\/2026\/03\/11\/fukushima-e-tohoku-marcam-15-anos-do-desastre-na-central-nuclear\/#primaryimage\"},\"thumbnailUrl\":\"https:\/\/portaltela.pt\/s.01k8rhncp4jt1\/2026\/03\/1536x864_cmsv2_c3321e74-1b53-5e49-bf40-79a43bbac962-9681621.jpg\",\"datePublished\":\"2026-03-11T11:47:01+00:00\",\"author\":{\"@id\":\"https:\/\/portaltela.pt\/#\/schema\/person\/c4278d4a6028830caff9ee44b42d32ed\"},\"breadcrumb\":{\"@id\":\"https:\/\/portaltela.pt\/noticias\/2026\/03\/11\/fukushima-e-tohoku-marcam-15-anos-do-desastre-na-central-nuclear\/#breadcrumb\"},\"inLanguage\":\"pt-PT\",\"potentialAction\":[{\"@type\":\"ReadAction\",\"target\":[\"https:\/\/portaltela.pt\/noticias\/2026\/03\/11\/fukushima-e-tohoku-marcam-15-anos-do-desastre-na-central-nuclear\/\"]}]},{\"@type\":\"ImageObject\",\"inLanguage\":\"pt-PT\",\"@id\":\"https:\/\/portaltela.pt\/noticias\/2026\/03\/11\/fukushima-e-tohoku-marcam-15-anos-do-desastre-na-central-nuclear\/#primaryimage\",\"url\":\"https:\/\/portaltela.pt\/s.01k8rhncp4jt1\/2026\/03\/1536x864_cmsv2_c3321e74-1b53-5e49-bf40-79a43bbac962-9681621.jpg\",\"contentUrl\":\"https:\/\/portaltela.pt\/s.01k8rhncp4jt1\/2026\/03\/1536x864_cmsv2_c3321e74-1b53-5e49-bf40-79a43bbac962-9681621.jpg\",\"width\":796,\"height\":448,\"caption\":\"O santu\u00e1rio de Kusano, destru\u00eddo pelo tsunami de 2011 e posteriormente reconstru\u00eddo, ergue-se nos campos de Namie, na prov\u00edncia de Fukushima, quinta-feira, 12 de fevereiro de 2026.\"},{\"@type\":\"BreadcrumbList\",\"@id\":\"https:\/\/portaltela.pt\/noticias\/2026\/03\/11\/fukushima-e-tohoku-marcam-15-anos-do-desastre-na-central-nuclear\/#breadcrumb\",\"itemListElement\":[{\"@type\":\"ListItem\",\"position\":1,\"name\":\"In\u00edcio\",\"item\":\"https:\/\/portaltela.pt\/\"},{\"@type\":\"ListItem\",\"position\":2,\"name\":\"Fukushima e Tohoku marcam 15 anos do desastre na central nuclear\"}]},{\"@type\":\"WebSite\",\"@id\":\"https:\/\/portaltela.pt\/#website\",\"url\":\"https:\/\/portaltela.pt\/\",\"name\":\"Portal Tela Portugal\",\"description\":\"\",\"potentialAction\":[{\"@type\":\"SearchAction\",\"target\":{\"@type\":\"EntryPoint\",\"urlTemplate\":\"https:\/\/portaltela.pt\/?s={search_term_string}\"},\"query-input\":{\"@type\":\"PropertyValueSpecification\",\"valueRequired\":true,\"valueName\":\"search_term_string\"}}],\"inLanguage\":\"pt-PT\"},{\"@type\":\"Person\",\"@id\":\"https:\/\/portaltela.pt\/#\/schema\/person\/c4278d4a6028830caff9ee44b42d32ed\",\"name\":\"Telinha\",\"image\":{\"@type\":\"ImageObject\",\"inLanguage\":\"pt-PT\",\"@id\":\"https:\/\/portaltela.pt\/s.01k8rhncp4jt1\/2025\/11\/talking-bot-125x125.png\",\"url\":\"https:\/\/portaltela.pt\/s.01k8rhncp4jt1\/2025\/11\/talking-bot-125x125.png\",\"contentUrl\":\"https:\/\/portaltela.pt\/s.01k8rhncp4jt1\/2025\/11\/talking-bot-125x125.png\",\"caption\":\"Telinha\"},\"sameAs\":[\"https:\/\/portaltela.pt\/\"],\"url\":\"https:\/\/portaltela.pt\/por\/367410592786\/\"}]}<\/script>\n<!-- \/ Yoast SEO plugin. -->","yoast_head_json":{"title":"Fukushima e Tohoku marcam 15 anos do desastre na central nuclear - Portal Tela Portugal","robots":{"index":"index","follow":"follow","max-snippet":"max-snippet:-1","max-image-preview":"max-image-preview:large","max-video-preview":"max-video-preview:-1"},"og_locale":"pt_PT","og_type":"article","og_title":"Fukushima e Tohoku marcam 15 anos do desastre na central nuclear - Portal Tela Portugal","og_description":"Em 11 de mar\u00e7o de 2011, um terramoto de magnitude nove e um tsunami atingiram a regi\u00e3o de Tohoku, causando cerca de vinte mil mortes. O sismo e o tsunami desencadearam o pior acidente nuclear desde Chernobyl, com a fus\u00e3o dos n\u00facleos em tr\u00eas reatores da central Fukushima Daiichi; registaram-se quinze mil novecentos e uma mortes e dois mil quinhentos e dezenove desaparecidos at\u00e9 mar\u00e7o de dois mil e vinte e seis; mais de cento e vinte e dois mil edif\u00edcios ficaram destru\u00eddos. A reconstru\u00e7\u00e3o dividiu-se em fases desde 2011: at\u00e9 dois mil e quinze para restaurar infraestruturas b\u00e1sicas, seguidas por etapas para apoiar comunidades e independ\u00eancia econ\u00f3mica; um terceiro per\u00edodo inicia em abril de dois mil e vinte e seis e vai at\u00e9 dois mil e trinta. Os n\u00edveis de radia\u00e7\u00e3o diminu\u00edram significativamente devido \u00e0 descontamina\u00e7\u00e3o e \u00e0 decomposi\u00e7\u00e3o natural; o controlo da seguran\u00e7a alimentar foi refor\u00e7ado e as \u00e1reas sob evacua\u00e7\u00e3o passaram a representar cerca de dois coma dois por cento do total da Fukushima. A \u00e1gua tratada da central tem sido libertada para o oceano Pac\u00edfico, com as autoridades a garantirem que cumpre normas internacionais; o turismo tem vindo a recuperar e as autoridades destacam o apoio internacional recebido por mais de novecentos e cinquenta pa\u00edses e cinquenta e oito organiza\u00e7\u00f5es.","og_url":"https:\/\/portaltela.pt\/noticias\/2026\/03\/11\/fukushima-e-tohoku-marcam-15-anos-do-desastre-na-central-nuclear\/","og_site_name":"Portal Tela Portugal","article_published_time":"2026-03-11T11:47:01+00:00","author":"Telinha","twitter_card":"summary_large_image","twitter_misc":{"Escrito por":"Telinha","Tempo estimado de leitura":"2 minutos"},"schema":{"@context":"https:\/\/schema.org","@graph":[{"@type":"Article","@id":"https:\/\/portaltela.pt\/noticias\/2026\/03\/11\/fukushima-e-tohoku-marcam-15-anos-do-desastre-na-central-nuclear\/#article","isPartOf":{"@id":"https:\/\/portaltela.pt\/noticias\/2026\/03\/11\/fukushima-e-tohoku-marcam-15-anos-do-desastre-na-central-nuclear\/"},"author":{"name":"Telinha","@id":"https:\/\/portaltela.pt\/#\/schema\/person\/c4278d4a6028830caff9ee44b42d32ed"},"headline":"Fukushima e Tohoku marcam 15 anos do desastre na central nuclear","datePublished":"2026-03-11T11:47:01+00:00","mainEntityOfPage":{"@id":"https:\/\/portaltela.pt\/noticias\/2026\/03\/11\/fukushima-e-tohoku-marcam-15-anos-do-desastre-na-central-nuclear\/"},"wordCount":412,"image":{"@id":"https:\/\/portaltela.pt\/noticias\/2026\/03\/11\/fukushima-e-tohoku-marcam-15-anos-do-desastre-na-central-nuclear\/#primaryimage"},"thumbnailUrl":"https:\/\/portaltela.pt\/s.01k8rhncp4jt1\/2026\/03\/1536x864_cmsv2_c3321e74-1b53-5e49-bf40-79a43bbac962-9681621.jpg","keywords":["desastre","evacua\u00e7\u00e3o","meio-ambiente","organiza\u00e7\u00f5es internacionais","reconstru\u00e7\u00e3o urbana","turismo"],"articleSection":["Not\u00edcias"],"inLanguage":"pt-PT"},{"@type":"WebPage","@id":"https:\/\/portaltela.pt\/noticias\/2026\/03\/11\/fukushima-e-tohoku-marcam-15-anos-do-desastre-na-central-nuclear\/","url":"https:\/\/portaltela.pt\/noticias\/2026\/03\/11\/fukushima-e-tohoku-marcam-15-anos-do-desastre-na-central-nuclear\/","name":"Fukushima e Tohoku marcam 15 anos do desastre na central nuclear - Portal Tela Portugal","isPartOf":{"@id":"https:\/\/portaltela.pt\/#website"},"primaryImageOfPage":{"@id":"https:\/\/portaltela.pt\/noticias\/2026\/03\/11\/fukushima-e-tohoku-marcam-15-anos-do-desastre-na-central-nuclear\/#primaryimage"},"image":{"@id":"https:\/\/portaltela.pt\/noticias\/2026\/03\/11\/fukushima-e-tohoku-marcam-15-anos-do-desastre-na-central-nuclear\/#primaryimage"},"thumbnailUrl":"https:\/\/portaltela.pt\/s.01k8rhncp4jt1\/2026\/03\/1536x864_cmsv2_c3321e74-1b53-5e49-bf40-79a43bbac962-9681621.jpg","datePublished":"2026-03-11T11:47:01+00:00","author":{"@id":"https:\/\/portaltela.pt\/#\/schema\/person\/c4278d4a6028830caff9ee44b42d32ed"},"breadcrumb":{"@id":"https:\/\/portaltela.pt\/noticias\/2026\/03\/11\/fukushima-e-tohoku-marcam-15-anos-do-desastre-na-central-nuclear\/#breadcrumb"},"inLanguage":"pt-PT","potentialAction":[{"@type":"ReadAction","target":["https:\/\/portaltela.pt\/noticias\/2026\/03\/11\/fukushima-e-tohoku-marcam-15-anos-do-desastre-na-central-nuclear\/"]}]},{"@type":"ImageObject","inLanguage":"pt-PT","@id":"https:\/\/portaltela.pt\/noticias\/2026\/03\/11\/fukushima-e-tohoku-marcam-15-anos-do-desastre-na-central-nuclear\/#primaryimage","url":"https:\/\/portaltela.pt\/s.01k8rhncp4jt1\/2026\/03\/1536x864_cmsv2_c3321e74-1b53-5e49-bf40-79a43bbac962-9681621.jpg","contentUrl":"https:\/\/portaltela.pt\/s.01k8rhncp4jt1\/2026\/03\/1536x864_cmsv2_c3321e74-1b53-5e49-bf40-79a43bbac962-9681621.jpg","width":796,"height":448,"caption":"O santu\u00e1rio de Kusano, destru\u00eddo pelo tsunami de 2011 e posteriormente reconstru\u00eddo, ergue-se nos campos de Namie, na prov\u00edncia de Fukushima, quinta-feira, 12 de fevereiro de 2026."},{"@type":"BreadcrumbList","@id":"https:\/\/portaltela.pt\/noticias\/2026\/03\/11\/fukushima-e-tohoku-marcam-15-anos-do-desastre-na-central-nuclear\/#breadcrumb","itemListElement":[{"@type":"ListItem","position":1,"name":"In\u00edcio","item":"https:\/\/portaltela.pt\/"},{"@type":"ListItem","position":2,"name":"Fukushima e Tohoku marcam 15 anos do desastre na central nuclear"}]},{"@type":"WebSite","@id":"https:\/\/portaltela.pt\/#website","url":"https:\/\/portaltela.pt\/","name":"Portal Tela Portugal","description":"","potentialAction":[{"@type":"SearchAction","target":{"@type":"EntryPoint","urlTemplate":"https:\/\/portaltela.pt\/?s={search_term_string}"},"query-input":{"@type":"PropertyValueSpecification","valueRequired":true,"valueName":"search_term_string"}}],"inLanguage":"pt-PT"},{"@type":"Person","@id":"https:\/\/portaltela.pt\/#\/schema\/person\/c4278d4a6028830caff9ee44b42d32ed","name":"Telinha","image":{"@type":"ImageObject","inLanguage":"pt-PT","@id":"https:\/\/portaltela.pt\/s.01k8rhncp4jt1\/2025\/11\/talking-bot-125x125.png","url":"https:\/\/portaltela.pt\/s.01k8rhncp4jt1\/2025\/11\/talking-bot-125x125.png","contentUrl":"https:\/\/portaltela.pt\/s.01k8rhncp4jt1\/2025\/11\/talking-bot-125x125.png","caption":"Telinha"},"sameAs":["https:\/\/portaltela.pt\/"],"url":"https:\/\/portaltela.pt\/por\/367410592786\/"}]}},"_links":{"self":[{"href":"https:\/\/portaltela.pt\/api\/wp\/v2\/posts\/405808","targetHints":{"allow":["GET"]}}],"collection":[{"href":"https:\/\/portaltela.pt\/api\/wp\/v2\/posts"}],"about":[{"href":"https:\/\/portaltela.pt\/api\/wp\/v2\/types\/post"}],"author":[{"embeddable":true,"href":"https:\/\/portaltela.pt\/api\/wp\/v2\/users\/2"}],"replies":[{"embeddable":true,"href":"https:\/\/portaltela.pt\/api\/wp\/v2\/comments?post=405808"}],"version-history":[{"count":0,"href":"https:\/\/portaltela.pt\/api\/wp\/v2\/posts\/405808\/revisions"}],"wp:featuredmedia":[{"embeddable":true,"href":"https:\/\/portaltela.pt\/api\/wp\/v2\/media\/405810"}],"wp:attachment":[{"href":"https:\/\/portaltela.pt\/api\/wp\/v2\/media?parent=405808"}],"wp:term":[{"taxonomy":"category","embeddable":true,"href":"https:\/\/portaltela.pt\/api\/wp\/v2\/categories?post=405808"},{"taxonomy":"post_tag","embeddable":true,"href":"https:\/\/portaltela.pt\/api\/wp\/v2\/tags?post=405808"}],"curies":[{"name":"wp","href":"https:\/\/api.w.org\/{rel}","templated":true}]}}