{"id":405803,"date":"2026-03-11T08:41:58","date_gmt":"2026-03-11T11:41:58","guid":{"rendered":"https:\/\/portaltela.pt\/noticias\/2026\/03\/11\/gnr-investiga-furto-de-empregada-de-limpeza-em-almada\/"},"modified":"2026-03-11T08:41:58","modified_gmt":"2026-03-11T11:41:58","slug":"gnr-investiga-furto-de-empregada-de-limpeza-em-almada","status":"publish","type":"post","link":"https:\/\/portaltela.pt\/policia\/2026\/03\/11\/gnr-investiga-furto-de-empregada-de-limpeza-em-almada\/","title":{"rendered":"GNR investiga furto de empregada de limpeza em Almada"},"content":{"rendered":"<p>A GNR da Costa de Caparica, em Almada, deteve uma empregada de limpeza, de 51 anos, por furto numa resid\u00eancia onde prestava servi\u00e7o. Five pe\u00e7as em ouro \u2014 um anel e quatro fios \u2014 foram alegadamente subtra\u00eddas durante o per\u00edodo de trabalho.<\/p>\n<p>A interven\u00e7\u00e3o ocorreu ap\u00f3s a queixa apresentada pela patroa da suspeita, segundo informa\u00e7\u00e3o recolhida pelo CM. Os bens furtados foram apreendidos pela Guarda e devolvidos \u00e0 leg\u00edtima propriet\u00e1ria.<\/p>\n<p>A suspeita foi constitu\u00edda arguida e ficou sujeita a Termo de Identidade e Resid\u00eancia. A ocorr\u00eancia est\u00e1 a ser acompanhada pelas autoridades competentes.<\/p>\n<h3>Deten\u00e7\u00e3o e desdobramentos<\/h3>\n<ul>\n<li>O que foi recuperado: cinco pe\u00e7as em ouro foram devolvidas \u00e0 propriet\u00e1ria.<\/li>\n<li>Quem est\u00e1 envolvido: empregada de limpeza de 51 anos e a patroa da resid\u00eancia.<\/li>\n<li>Quando\/onde: Almada, Costa de Caparica; interven\u00e7\u00e3o ap\u00f3s queixa.<\/li>\n<li>Porqu\u00ea: alegado furto de joias durante o hor\u00e1rio de trabalho.<\/li>\n<\/ul>\n","protected":false},"excerpt":{"rendered":"<ul>\n<li>A GNR da Costa de Caparica, em Almada, deteve uma mulher de 51 anos por furto numa resid\u00eancia onde prestava servi\u00e7o de limpeza.<\/li>\n<li>Foram apreendidas cinco pe\u00e7as em ouro: um anel e quatro fios.<\/li>\n<li>A interven\u00e7\u00e3o aconteceu ap\u00f3s uma queixa da patroa da suspeita.<\/li>\n<li>Todos os bens foram devolvidos \u00e0 leg\u00edtima propriet\u00e1ria.<\/li>\n<li>A mulher ficou constitu\u00edda arguida e sujeita a Termo de Identidade e Resid\u00eancia.<\/li>\n<\/ul>\n","protected":false},"author":2,"featured_media":405806,"comment_status":"closed","ping_status":"closed","sticky":false,"template":"","format":"standard","meta":{"footnotes":""},"categories":[6907,6781],"tags":[1373,5442,147,424,1380,188],"class_list":["post-405803","post","type-post","status-publish","format-standard","has-post-thumbnail","hentry","category-crime","category-policia","tag-almada","tag-costa-da-caparica","tag-crime","tag-furto","tag-gnr","tag-joalharia"],"yoast_head":"<!-- This site is optimized with the Yoast SEO plugin v27.2 - https:\/\/yoast.com\/product\/yoast-seo-wordpress\/ -->\n<title>GNR investiga furto de empregada de limpeza em Almada - Portal Tela Portugal<\/title>\n<meta name=\"robots\" content=\"index, follow, max-snippet:-1, max-image-preview:large, max-video-preview:-1\" \/>\n<meta property=\"og:locale\" content=\"pt_PT\" \/>\n<meta property=\"og:type\" content=\"article\" \/>\n<meta property=\"og:title\" content=\"GNR investiga furto de empregada de limpeza em Almada - Portal Tela Portugal\" \/>\n<meta property=\"og:description\" content=\"A GNR da Costa de Caparica, em Almada, deteve uma mulher de 51 anos por furto numa resid\u00eancia onde prestava servi\u00e7o de limpeza. Foram apreendidas cinco pe\u00e7as em ouro: um anel e quatro fios. A interven\u00e7\u00e3o aconteceu ap\u00f3s uma queixa da patroa da suspeita. Todos os bens foram devolvidos \u00e0 leg\u00edtima propriet\u00e1ria. A mulher ficou constitu\u00edda arguida e sujeita a Termo de Identidade e Resid\u00eancia.\" \/>\n<meta property=\"og:url\" content=\"https:\/\/portaltela.pt\/noticias\/2026\/03\/11\/gnr-investiga-furto-de-empregada-de-limpeza-em-almada\/\" \/>\n<meta property=\"og:site_name\" content=\"Portal Tela Portugal\" \/>\n<meta property=\"article:published_time\" content=\"2026-03-11T11:41:58+00:00\" \/>\n<meta name=\"author\" content=\"Telinha\" \/>\n<meta name=\"twitter:card\" content=\"summary_large_image\" \/>\n<meta name=\"twitter:label1\" content=\"Escrito por\" \/>\n\t<meta name=\"twitter:data1\" content=\"Telinha\" \/>\n\t<meta name=\"twitter:label2\" content=\"Tempo estimado de leitura\" \/>\n\t<meta name=\"twitter:data2\" content=\"1 minuto\" \/>\n<script type=\"application\/ld+json\" class=\"yoast-schema-graph\">{\"@context\":\"https:\/\/schema.org\",\"@graph\":[{\"@type\":\"Article\",\"@id\":\"https:\/\/portaltela.pt\/noticias\/2026\/03\/11\/gnr-investiga-furto-de-empregada-de-limpeza-em-almada\/#article\",\"isPartOf\":{\"@id\":\"https:\/\/portaltela.pt\/noticias\/2026\/03\/11\/gnr-investiga-furto-de-empregada-de-limpeza-em-almada\/\"},\"author\":{\"name\":\"Telinha\",\"@id\":\"https:\/\/portaltela.pt\/#\/schema\/person\/c4278d4a6028830caff9ee44b42d32ed\"},\"headline\":\"GNR investiga furto de empregada de limpeza em Almada\",\"datePublished\":\"2026-03-11T11:41:58+00:00\",\"mainEntityOfPage\":{\"@id\":\"https:\/\/portaltela.pt\/noticias\/2026\/03\/11\/gnr-investiga-furto-de-empregada-de-limpeza-em-almada\/\"},\"wordCount\":164,\"image\":{\"@id\":\"https:\/\/portaltela.pt\/noticias\/2026\/03\/11\/gnr-investiga-furto-de-empregada-de-limpeza-em-almada\/#primaryimage\"},\"thumbnailUrl\":\"https:\/\/portaltela.pt\/s.01k8rhncp4jt1\/2026\/03\/img_1500x1000uu2026-03-11-11-19-44-2271710-im-639088250718055225.jpg\",\"keywords\":[\"Almada\",\"Costa da Caparica\",\"crime\",\"furto\",\"GNR\",\"joalharia\"],\"articleSection\":[\"Crime\",\"Pol\u00edcia\"],\"inLanguage\":\"pt-PT\"},{\"@type\":\"WebPage\",\"@id\":\"https:\/\/portaltela.pt\/noticias\/2026\/03\/11\/gnr-investiga-furto-de-empregada-de-limpeza-em-almada\/\",\"url\":\"https:\/\/portaltela.pt\/noticias\/2026\/03\/11\/gnr-investiga-furto-de-empregada-de-limpeza-em-almada\/\",\"name\":\"GNR investiga furto de empregada de limpeza em Almada - Portal Tela Portugal\",\"isPartOf\":{\"@id\":\"https:\/\/portaltela.pt\/#website\"},\"primaryImageOfPage\":{\"@id\":\"https:\/\/portaltela.pt\/noticias\/2026\/03\/11\/gnr-investiga-furto-de-empregada-de-limpeza-em-almada\/#primaryimage\"},\"image\":{\"@id\":\"https:\/\/portaltela.pt\/noticias\/2026\/03\/11\/gnr-investiga-furto-de-empregada-de-limpeza-em-almada\/#primaryimage\"},\"thumbnailUrl\":\"https:\/\/portaltela.pt\/s.01k8rhncp4jt1\/2026\/03\/img_1500x1000uu2026-03-11-11-19-44-2271710-im-639088250718055225.jpg\",\"datePublished\":\"2026-03-11T11:41:58+00:00\",\"author\":{\"@id\":\"https:\/\/portaltela.pt\/#\/schema\/person\/c4278d4a6028830caff9ee44b42d32ed\"},\"breadcrumb\":{\"@id\":\"https:\/\/portaltela.pt\/noticias\/2026\/03\/11\/gnr-investiga-furto-de-empregada-de-limpeza-em-almada\/#breadcrumb\"},\"inLanguage\":\"pt-PT\",\"potentialAction\":[{\"@type\":\"ReadAction\",\"target\":[\"https:\/\/portaltela.pt\/noticias\/2026\/03\/11\/gnr-investiga-furto-de-empregada-de-limpeza-em-almada\/\"]}]},{\"@type\":\"ImageObject\",\"inLanguage\":\"pt-PT\",\"@id\":\"https:\/\/portaltela.pt\/noticias\/2026\/03\/11\/gnr-investiga-furto-de-empregada-de-limpeza-em-almada\/#primaryimage\",\"url\":\"https:\/\/portaltela.pt\/s.01k8rhncp4jt1\/2026\/03\/img_1500x1000uu2026-03-11-11-19-44-2271710-im-639088250718055225.jpg\",\"contentUrl\":\"https:\/\/portaltela.pt\/s.01k8rhncp4jt1\/2026\/03\/img_1500x1000uu2026-03-11-11-19-44-2271710-im-639088250718055225.jpg\",\"width\":796,\"height\":448,\"caption\":\"Militares do posto da Costa de Caparica recuperaram um anel e quatro fios em ouro\"},{\"@type\":\"BreadcrumbList\",\"@id\":\"https:\/\/portaltela.pt\/noticias\/2026\/03\/11\/gnr-investiga-furto-de-empregada-de-limpeza-em-almada\/#breadcrumb\",\"itemListElement\":[{\"@type\":\"ListItem\",\"position\":1,\"name\":\"In\u00edcio\",\"item\":\"https:\/\/portaltela.pt\/\"},{\"@type\":\"ListItem\",\"position\":2,\"name\":\"GNR investiga furto de empregada de limpeza em Almada\"}]},{\"@type\":\"WebSite\",\"@id\":\"https:\/\/portaltela.pt\/#website\",\"url\":\"https:\/\/portaltela.pt\/\",\"name\":\"Portal Tela Portugal\",\"description\":\"\",\"potentialAction\":[{\"@type\":\"SearchAction\",\"target\":{\"@type\":\"EntryPoint\",\"urlTemplate\":\"https:\/\/portaltela.pt\/?s={search_term_string}\"},\"query-input\":{\"@type\":\"PropertyValueSpecification\",\"valueRequired\":true,\"valueName\":\"search_term_string\"}}],\"inLanguage\":\"pt-PT\"},{\"@type\":\"Person\",\"@id\":\"https:\/\/portaltela.pt\/#\/schema\/person\/c4278d4a6028830caff9ee44b42d32ed\",\"name\":\"Telinha\",\"image\":{\"@type\":\"ImageObject\",\"inLanguage\":\"pt-PT\",\"@id\":\"https:\/\/portaltela.pt\/s.01k8rhncp4jt1\/2025\/11\/talking-bot-125x125.png\",\"url\":\"https:\/\/portaltela.pt\/s.01k8rhncp4jt1\/2025\/11\/talking-bot-125x125.png\",\"contentUrl\":\"https:\/\/portaltela.pt\/s.01k8rhncp4jt1\/2025\/11\/talking-bot-125x125.png\",\"caption\":\"Telinha\"},\"sameAs\":[\"https:\/\/portaltela.pt\/\"],\"url\":\"https:\/\/portaltela.pt\/por\/367410592786\/\"}]}<\/script>\n<!-- \/ Yoast SEO plugin. -->","yoast_head_json":{"title":"GNR investiga furto de empregada de limpeza em Almada - Portal Tela Portugal","robots":{"index":"index","follow":"follow","max-snippet":"max-snippet:-1","max-image-preview":"max-image-preview:large","max-video-preview":"max-video-preview:-1"},"og_locale":"pt_PT","og_type":"article","og_title":"GNR investiga furto de empregada de limpeza em Almada - Portal Tela Portugal","og_description":"A GNR da Costa de Caparica, em Almada, deteve uma mulher de 51 anos por furto numa resid\u00eancia onde prestava servi\u00e7o de limpeza. Foram apreendidas cinco pe\u00e7as em ouro: um anel e quatro fios. A interven\u00e7\u00e3o aconteceu ap\u00f3s uma queixa da patroa da suspeita. Todos os bens foram devolvidos \u00e0 leg\u00edtima propriet\u00e1ria. A mulher ficou constitu\u00edda arguida e sujeita a Termo de Identidade e Resid\u00eancia.","og_url":"https:\/\/portaltela.pt\/noticias\/2026\/03\/11\/gnr-investiga-furto-de-empregada-de-limpeza-em-almada\/","og_site_name":"Portal Tela Portugal","article_published_time":"2026-03-11T11:41:58+00:00","author":"Telinha","twitter_card":"summary_large_image","twitter_misc":{"Escrito por":"Telinha","Tempo estimado de leitura":"1 minuto"},"schema":{"@context":"https:\/\/schema.org","@graph":[{"@type":"Article","@id":"https:\/\/portaltela.pt\/noticias\/2026\/03\/11\/gnr-investiga-furto-de-empregada-de-limpeza-em-almada\/#article","isPartOf":{"@id":"https:\/\/portaltela.pt\/noticias\/2026\/03\/11\/gnr-investiga-furto-de-empregada-de-limpeza-em-almada\/"},"author":{"name":"Telinha","@id":"https:\/\/portaltela.pt\/#\/schema\/person\/c4278d4a6028830caff9ee44b42d32ed"},"headline":"GNR investiga furto de empregada de limpeza em Almada","datePublished":"2026-03-11T11:41:58+00:00","mainEntityOfPage":{"@id":"https:\/\/portaltela.pt\/noticias\/2026\/03\/11\/gnr-investiga-furto-de-empregada-de-limpeza-em-almada\/"},"wordCount":164,"image":{"@id":"https:\/\/portaltela.pt\/noticias\/2026\/03\/11\/gnr-investiga-furto-de-empregada-de-limpeza-em-almada\/#primaryimage"},"thumbnailUrl":"https:\/\/portaltela.pt\/s.01k8rhncp4jt1\/2026\/03\/img_1500x1000uu2026-03-11-11-19-44-2271710-im-639088250718055225.jpg","keywords":["Almada","Costa da Caparica","crime","furto","GNR","joalharia"],"articleSection":["Crime","Pol\u00edcia"],"inLanguage":"pt-PT"},{"@type":"WebPage","@id":"https:\/\/portaltela.pt\/noticias\/2026\/03\/11\/gnr-investiga-furto-de-empregada-de-limpeza-em-almada\/","url":"https:\/\/portaltela.pt\/noticias\/2026\/03\/11\/gnr-investiga-furto-de-empregada-de-limpeza-em-almada\/","name":"GNR investiga furto de empregada de limpeza em Almada - Portal Tela Portugal","isPartOf":{"@id":"https:\/\/portaltela.pt\/#website"},"primaryImageOfPage":{"@id":"https:\/\/portaltela.pt\/noticias\/2026\/03\/11\/gnr-investiga-furto-de-empregada-de-limpeza-em-almada\/#primaryimage"},"image":{"@id":"https:\/\/portaltela.pt\/noticias\/2026\/03\/11\/gnr-investiga-furto-de-empregada-de-limpeza-em-almada\/#primaryimage"},"thumbnailUrl":"https:\/\/portaltela.pt\/s.01k8rhncp4jt1\/2026\/03\/img_1500x1000uu2026-03-11-11-19-44-2271710-im-639088250718055225.jpg","datePublished":"2026-03-11T11:41:58+00:00","author":{"@id":"https:\/\/portaltela.pt\/#\/schema\/person\/c4278d4a6028830caff9ee44b42d32ed"},"breadcrumb":{"@id":"https:\/\/portaltela.pt\/noticias\/2026\/03\/11\/gnr-investiga-furto-de-empregada-de-limpeza-em-almada\/#breadcrumb"},"inLanguage":"pt-PT","potentialAction":[{"@type":"ReadAction","target":["https:\/\/portaltela.pt\/noticias\/2026\/03\/11\/gnr-investiga-furto-de-empregada-de-limpeza-em-almada\/"]}]},{"@type":"ImageObject","inLanguage":"pt-PT","@id":"https:\/\/portaltela.pt\/noticias\/2026\/03\/11\/gnr-investiga-furto-de-empregada-de-limpeza-em-almada\/#primaryimage","url":"https:\/\/portaltela.pt\/s.01k8rhncp4jt1\/2026\/03\/img_1500x1000uu2026-03-11-11-19-44-2271710-im-639088250718055225.jpg","contentUrl":"https:\/\/portaltela.pt\/s.01k8rhncp4jt1\/2026\/03\/img_1500x1000uu2026-03-11-11-19-44-2271710-im-639088250718055225.jpg","width":796,"height":448,"caption":"Militares do posto da Costa de Caparica recuperaram um anel e quatro fios em ouro"},{"@type":"BreadcrumbList","@id":"https:\/\/portaltela.pt\/noticias\/2026\/03\/11\/gnr-investiga-furto-de-empregada-de-limpeza-em-almada\/#breadcrumb","itemListElement":[{"@type":"ListItem","position":1,"name":"In\u00edcio","item":"https:\/\/portaltela.pt\/"},{"@type":"ListItem","position":2,"name":"GNR investiga furto de empregada de limpeza em Almada"}]},{"@type":"WebSite","@id":"https:\/\/portaltela.pt\/#website","url":"https:\/\/portaltela.pt\/","name":"Portal Tela Portugal","description":"","potentialAction":[{"@type":"SearchAction","target":{"@type":"EntryPoint","urlTemplate":"https:\/\/portaltela.pt\/?s={search_term_string}"},"query-input":{"@type":"PropertyValueSpecification","valueRequired":true,"valueName":"search_term_string"}}],"inLanguage":"pt-PT"},{"@type":"Person","@id":"https:\/\/portaltela.pt\/#\/schema\/person\/c4278d4a6028830caff9ee44b42d32ed","name":"Telinha","image":{"@type":"ImageObject","inLanguage":"pt-PT","@id":"https:\/\/portaltela.pt\/s.01k8rhncp4jt1\/2025\/11\/talking-bot-125x125.png","url":"https:\/\/portaltela.pt\/s.01k8rhncp4jt1\/2025\/11\/talking-bot-125x125.png","contentUrl":"https:\/\/portaltela.pt\/s.01k8rhncp4jt1\/2025\/11\/talking-bot-125x125.png","caption":"Telinha"},"sameAs":["https:\/\/portaltela.pt\/"],"url":"https:\/\/portaltela.pt\/por\/367410592786\/"}]}},"_links":{"self":[{"href":"https:\/\/portaltela.pt\/api\/wp\/v2\/posts\/405803","targetHints":{"allow":["GET"]}}],"collection":[{"href":"https:\/\/portaltela.pt\/api\/wp\/v2\/posts"}],"about":[{"href":"https:\/\/portaltela.pt\/api\/wp\/v2\/types\/post"}],"author":[{"embeddable":true,"href":"https:\/\/portaltela.pt\/api\/wp\/v2\/users\/2"}],"replies":[{"embeddable":true,"href":"https:\/\/portaltela.pt\/api\/wp\/v2\/comments?post=405803"}],"version-history":[{"count":0,"href":"https:\/\/portaltela.pt\/api\/wp\/v2\/posts\/405803\/revisions"}],"wp:featuredmedia":[{"embeddable":true,"href":"https:\/\/portaltela.pt\/api\/wp\/v2\/media\/405806"}],"wp:attachment":[{"href":"https:\/\/portaltela.pt\/api\/wp\/v2\/media?parent=405803"}],"wp:term":[{"taxonomy":"category","embeddable":true,"href":"https:\/\/portaltela.pt\/api\/wp\/v2\/categories?post=405803"},{"taxonomy":"post_tag","embeddable":true,"href":"https:\/\/portaltela.pt\/api\/wp\/v2\/tags?post=405803"}],"curies":[{"name":"wp","href":"https:\/\/api.w.org\/{rel}","templated":true}]}}