{"id":405778,"date":"2026-03-11T08:11:00","date_gmt":"2026-03-11T11:11:00","guid":{"rendered":"https:\/\/portaltela.pt\/noticias\/2026\/03\/11\/mediadores-culturais-nas-escolas-vao-receber-formacao-ainda-este-ano\/"},"modified":"2026-03-11T08:11:00","modified_gmt":"2026-03-11T11:11:00","slug":"mediadores-culturais-nas-escolas-vao-receber-formacao-ainda-este-ano","status":"publish","type":"post","link":"https:\/\/portaltela.pt\/noticias\/2026\/03\/11\/mediadores-culturais-nas-escolas-vao-receber-formacao-ainda-este-ano\/","title":{"rendered":"Mediadores culturais nas escolas v\u00e3o receber forma\u00e7\u00e3o ainda este ano"},"content":{"rendered":"<p>Duas funda\u00e7\u00f5es dedicadas a popula\u00e7\u00f5es migrantes foram escolhidas pelo Governo para assegurar a forma\u00e7\u00e3o de mediadores culturais nas escolas at\u00e9 2028. A Aga Khan Foundation e a Funda\u00e7\u00e3o Gon\u00e7alo da Silveira v\u00e3o assumir a capacita\u00e7\u00e3o dos profissionais, com in\u00edcio ainda neste ano letivo.<\/p>\n<p>A decis\u00e3o foi comunicada pelo Minist\u00e9rio da Educa\u00e7\u00e3o, que explicou que o objetivo \u00e9 desenvolver compet\u00eancias para o exerc\u00edcio das fun\u00e7\u00f5es de media\u00e7\u00e3o. As a\u00e7\u00f5es de forma\u00e7\u00e3o devem arrancar j\u00e1 este ano, em pleno funcionamento das escolas.<\/p>\n<p>O processo de sele\u00e7\u00e3o foi feito pela AIMA, sem concurso p\u00fablico. As entidades foram escolhidas com base na experi\u00eancia, capacidade t\u00e9cnica e hist\u00f3rico de interven\u00e7\u00f5es em educa\u00e7\u00e3o intercultural e integra\u00e7\u00e3o de alunos migrantes.<\/p>\n<h3>Financiamento e planos de forma\u00e7\u00e3o<\/h3>\n<p>Ao todo, o financiamento p\u00fablico soma 1,022 milh\u00f5es de euros, com 474.433 euros para a Aga Khan e 547.669 euros para a Gon\u00e7alo da Silveira. O dinheiro destina-se a 2026, 2027 e 2028, mediante acompanhamento t\u00e9cnico e presta\u00e7\u00e3o de relat\u00f3rios.<\/p>\n<p>Os planos de forma\u00e7\u00e3o preveem ciclos formativos anuais. A Aga Khan aponta 30 horas te\u00f3ricas e pr\u00e1ticas online\/presenciais, mais 30 horas de trabalho aut\u00f3nomo e um showcase nacional com melhores pr\u00e1ticas. O objetivo \u00e9 dotar mediadores de t\u00e9cnicas para acolhimento, inclus\u00e3o e participa\u00e7\u00e3o familiar.<\/p>\n<p>A Gon\u00e7alo da Silveira prop\u00f5e forma\u00e7\u00e3o presencial com acompanhamento t\u00e9cnico e supervis\u00e3o online. Entre os temas est\u00e1 a promo\u00e7\u00e3o da reflex\u00e3o sobre identidade cultural dos alunos e a sua rela\u00e7\u00e3o com outras culturas.<\/p>\n<h3>Contexto e implementa\u00e7\u00e3o<\/h3>\n<p>Entre 2018\/2019 e 2024\/2025 o n\u00famero de alunos estrangeiros em Portugal subiu de 53 mil para mais de 157 mil, conforme os protocolos assinados com as funda\u00e7\u00f5es. A adjudica\u00e7\u00e3o foi feita pela AIMA e n\u00e3o sofreu recurso p\u00fablico. A execu\u00e7\u00e3o est\u00e1 sujeita a monitoriza\u00e7\u00e3o e controlo.<\/p>\n<p>O Minist\u00e9rio indica que, antes do arranque, a situa\u00e7\u00e3o de contrata\u00e7\u00e3o de mediadores j\u00e1 melhorou: dos 310 hor\u00e1rios autorizados, 304,5 j\u00e1 estavam preenchidos. Os restantes hor\u00e1rios encontram-se em candidatura ou em sele\u00e7\u00e3o.<\/p>\n","protected":false},"excerpt":{"rendered":"<ul>\n<li>O Governo avan\u00e7ar\u00e1 com a forma\u00e7\u00e3o de mediadores lingu\u00edsticos e culturais nas escolas j\u00e1 neste ano letivo, tendo escolhido duas funda\u00e7\u00f5es para assegurar a forma\u00e7\u00e3o at\u00e9 2028.<\/li>\n<li>As entidades selecionadas s\u00e3o a Funda\u00e7\u00e3o Aga Khan e a Funda\u00e7\u00e3o Gon\u00e7alo da Silveira, ambas com protocolos financiados pela Ag\u00eancia para a Integra\u00e7\u00e3o, Migra\u00e7\u00f5es e Asilo (AIMA).<\/li>\n<li>O apoio financeiro total \u00e9 de 1,022,102 euros (474.433 euros para a Funda\u00e7\u00e3o Aga Khan e 547.669 euros para a Funda\u00e7\u00e3o Gon\u00e7alo da Silveira), a garantir nos anos de 2026, 2027 e 2028.<\/li>\n<li>A Funda\u00e7\u00e3o Aga Khan prop\u00f5e um ciclo formativo anual de 30 horas online\/presenciais, mais 30 horas de trabalho aut\u00f3nomo, com um showcase nacional e avalia\u00e7\u00e3o de impacto nos resultados escolares dos alunos migrantes.<\/li>\n<li>A Funda\u00e7\u00e3o Gon\u00e7alo da Silveira prev\u00ea forma\u00e7\u00e3o presencial com acompanhamento t\u00e9cnico e supervis\u00e3o online, incluindo conte\u00fados sobre identidade cultural e a sua rela\u00e7\u00e3o com outros grupos.<\/li>\n<\/ul>\n","protected":false},"author":2,"featured_media":405789,"comment_status":"closed","ping_status":"closed","sticky":false,"template":"","format":"standard","meta":{"footnotes":""},"categories":[1],"tags":[145,163,712,2213,5773,3117],"class_list":["post-405778","post","type-post","status-publish","format-standard","has-post-thumbnail","hentry","category-noticias","tag-cultura","tag-educacao","tag-imigracao","tag-integracao-internacional","tag-integracao-social","tag-mediacao"],"yoast_head":"<!-- This site is optimized with the Yoast SEO plugin v27.2 - https:\/\/yoast.com\/product\/yoast-seo-wordpress\/ -->\n<title>Mediadores culturais nas escolas v\u00e3o receber forma\u00e7\u00e3o ainda este ano - Portal Tela Portugal<\/title>\n<meta name=\"robots\" content=\"index, follow, max-snippet:-1, max-image-preview:large, max-video-preview:-1\" \/>\n<meta property=\"og:locale\" content=\"pt_PT\" \/>\n<meta property=\"og:type\" content=\"article\" \/>\n<meta property=\"og:title\" content=\"Mediadores culturais nas escolas v\u00e3o receber forma\u00e7\u00e3o ainda este ano - Portal Tela Portugal\" \/>\n<meta property=\"og:description\" content=\"O Governo avan\u00e7ar\u00e1 com a forma\u00e7\u00e3o de mediadores lingu\u00edsticos e culturais nas escolas j\u00e1 neste ano letivo, tendo escolhido duas funda\u00e7\u00f5es para assegurar a forma\u00e7\u00e3o at\u00e9 2028. As entidades selecionadas s\u00e3o a Funda\u00e7\u00e3o Aga Khan e a Funda\u00e7\u00e3o Gon\u00e7alo da Silveira, ambas com protocolos financiados pela Ag\u00eancia para a Integra\u00e7\u00e3o, Migra\u00e7\u00f5es e Asilo (AIMA). O apoio financeiro total \u00e9 de 1,022,102 euros (474.433 euros para a Funda\u00e7\u00e3o Aga Khan e 547.669 euros para a Funda\u00e7\u00e3o Gon\u00e7alo da Silveira), a garantir nos anos de 2026, 2027 e 2028. A Funda\u00e7\u00e3o Aga Khan prop\u00f5e um ciclo formativo anual de 30 horas online\/presenciais, mais 30 horas de trabalho aut\u00f3nomo, com um showcase nacional e avalia\u00e7\u00e3o de impacto nos resultados escolares dos alunos migrantes. A Funda\u00e7\u00e3o Gon\u00e7alo da Silveira prev\u00ea forma\u00e7\u00e3o presencial com acompanhamento t\u00e9cnico e supervis\u00e3o online, incluindo conte\u00fados sobre identidade cultural e a sua rela\u00e7\u00e3o com outros grupos.\" \/>\n<meta property=\"og:url\" content=\"https:\/\/portaltela.pt\/noticias\/2026\/03\/11\/mediadores-culturais-nas-escolas-vao-receber-formacao-ainda-este-ano\/\" \/>\n<meta property=\"og:site_name\" content=\"Portal Tela Portugal\" \/>\n<meta property=\"article:published_time\" content=\"2026-03-11T11:11:00+00:00\" \/>\n<meta name=\"author\" content=\"Telinha\" \/>\n<meta name=\"twitter:card\" content=\"summary_large_image\" \/>\n<meta name=\"twitter:label1\" content=\"Escrito por\" \/>\n\t<meta name=\"twitter:data1\" content=\"Telinha\" \/>\n\t<meta name=\"twitter:label2\" content=\"Tempo estimado de leitura\" \/>\n\t<meta name=\"twitter:data2\" content=\"2 minutos\" \/>\n<script type=\"application\/ld+json\" class=\"yoast-schema-graph\">{\"@context\":\"https:\/\/schema.org\",\"@graph\":[{\"@type\":\"Article\",\"@id\":\"https:\/\/portaltela.pt\/noticias\/2026\/03\/11\/mediadores-culturais-nas-escolas-vao-receber-formacao-ainda-este-ano\/#article\",\"isPartOf\":{\"@id\":\"https:\/\/portaltela.pt\/noticias\/2026\/03\/11\/mediadores-culturais-nas-escolas-vao-receber-formacao-ainda-este-ano\/\"},\"author\":{\"name\":\"Telinha\",\"@id\":\"https:\/\/portaltela.pt\/#\/schema\/person\/c4278d4a6028830caff9ee44b42d32ed\"},\"headline\":\"Mediadores culturais nas escolas v\u00e3o receber forma\u00e7\u00e3o ainda este ano\",\"datePublished\":\"2026-03-11T11:11:00+00:00\",\"mainEntityOfPage\":{\"@id\":\"https:\/\/portaltela.pt\/noticias\/2026\/03\/11\/mediadores-culturais-nas-escolas-vao-receber-formacao-ainda-este-ano\/\"},\"wordCount\":374,\"image\":{\"@id\":\"https:\/\/portaltela.pt\/noticias\/2026\/03\/11\/mediadores-culturais-nas-escolas-vao-receber-formacao-ainda-este-ano\/#primaryimage\"},\"thumbnailUrl\":\"https:\/\/portaltela.pt\/s.01k8rhncp4jt1\/2026\/03\/2072469.jpg\",\"keywords\":[\"cultura\",\"educa\u00e7\u00e3o\",\"imigra\u00e7\u00e3o\",\"integra\u00e7\u00e3o internacional\",\"integra\u00e7\u00e3o social\",\"media\u00e7\u00e3o\"],\"articleSection\":[\"Not\u00edcias\"],\"inLanguage\":\"pt-PT\"},{\"@type\":\"WebPage\",\"@id\":\"https:\/\/portaltela.pt\/noticias\/2026\/03\/11\/mediadores-culturais-nas-escolas-vao-receber-formacao-ainda-este-ano\/\",\"url\":\"https:\/\/portaltela.pt\/noticias\/2026\/03\/11\/mediadores-culturais-nas-escolas-vao-receber-formacao-ainda-este-ano\/\",\"name\":\"Mediadores culturais nas escolas v\u00e3o receber forma\u00e7\u00e3o ainda este ano - Portal Tela Portugal\",\"isPartOf\":{\"@id\":\"https:\/\/portaltela.pt\/#website\"},\"primaryImageOfPage\":{\"@id\":\"https:\/\/portaltela.pt\/noticias\/2026\/03\/11\/mediadores-culturais-nas-escolas-vao-receber-formacao-ainda-este-ano\/#primaryimage\"},\"image\":{\"@id\":\"https:\/\/portaltela.pt\/noticias\/2026\/03\/11\/mediadores-culturais-nas-escolas-vao-receber-formacao-ainda-este-ano\/#primaryimage\"},\"thumbnailUrl\":\"https:\/\/portaltela.pt\/s.01k8rhncp4jt1\/2026\/03\/2072469.jpg\",\"datePublished\":\"2026-03-11T11:11:00+00:00\",\"author\":{\"@id\":\"https:\/\/portaltela.pt\/#\/schema\/person\/c4278d4a6028830caff9ee44b42d32ed\"},\"breadcrumb\":{\"@id\":\"https:\/\/portaltela.pt\/noticias\/2026\/03\/11\/mediadores-culturais-nas-escolas-vao-receber-formacao-ainda-este-ano\/#breadcrumb\"},\"inLanguage\":\"pt-PT\",\"potentialAction\":[{\"@type\":\"ReadAction\",\"target\":[\"https:\/\/portaltela.pt\/noticias\/2026\/03\/11\/mediadores-culturais-nas-escolas-vao-receber-formacao-ainda-este-ano\/\"]}]},{\"@type\":\"ImageObject\",\"inLanguage\":\"pt-PT\",\"@id\":\"https:\/\/portaltela.pt\/noticias\/2026\/03\/11\/mediadores-culturais-nas-escolas-vao-receber-formacao-ainda-este-ano\/#primaryimage\",\"url\":\"https:\/\/portaltela.pt\/s.01k8rhncp4jt1\/2026\/03\/2072469.jpg\",\"contentUrl\":\"https:\/\/portaltela.pt\/s.01k8rhncp4jt1\/2026\/03\/2072469.jpg\",\"width\":796,\"height\":448,\"caption\":\"Entre 2018\/2019 e 2024\/2025 o n\u00famero de alunos estrangeiros em Portugal passou de 53 mil para mais de 157 mil\"},{\"@type\":\"BreadcrumbList\",\"@id\":\"https:\/\/portaltela.pt\/noticias\/2026\/03\/11\/mediadores-culturais-nas-escolas-vao-receber-formacao-ainda-este-ano\/#breadcrumb\",\"itemListElement\":[{\"@type\":\"ListItem\",\"position\":1,\"name\":\"In\u00edcio\",\"item\":\"https:\/\/portaltela.pt\/\"},{\"@type\":\"ListItem\",\"position\":2,\"name\":\"Mediadores culturais nas escolas v\u00e3o receber forma\u00e7\u00e3o ainda este ano\"}]},{\"@type\":\"WebSite\",\"@id\":\"https:\/\/portaltela.pt\/#website\",\"url\":\"https:\/\/portaltela.pt\/\",\"name\":\"Portal Tela Portugal\",\"description\":\"\",\"potentialAction\":[{\"@type\":\"SearchAction\",\"target\":{\"@type\":\"EntryPoint\",\"urlTemplate\":\"https:\/\/portaltela.pt\/?s={search_term_string}\"},\"query-input\":{\"@type\":\"PropertyValueSpecification\",\"valueRequired\":true,\"valueName\":\"search_term_string\"}}],\"inLanguage\":\"pt-PT\"},{\"@type\":\"Person\",\"@id\":\"https:\/\/portaltela.pt\/#\/schema\/person\/c4278d4a6028830caff9ee44b42d32ed\",\"name\":\"Telinha\",\"image\":{\"@type\":\"ImageObject\",\"inLanguage\":\"pt-PT\",\"@id\":\"https:\/\/portaltela.pt\/s.01k8rhncp4jt1\/2025\/11\/talking-bot-125x125.png\",\"url\":\"https:\/\/portaltela.pt\/s.01k8rhncp4jt1\/2025\/11\/talking-bot-125x125.png\",\"contentUrl\":\"https:\/\/portaltela.pt\/s.01k8rhncp4jt1\/2025\/11\/talking-bot-125x125.png\",\"caption\":\"Telinha\"},\"sameAs\":[\"https:\/\/portaltela.pt\/\"],\"url\":\"https:\/\/portaltela.pt\/por\/367410592786\/\"}]}<\/script>\n<!-- \/ Yoast SEO plugin. -->","yoast_head_json":{"title":"Mediadores culturais nas escolas v\u00e3o receber forma\u00e7\u00e3o ainda este ano - Portal Tela Portugal","robots":{"index":"index","follow":"follow","max-snippet":"max-snippet:-1","max-image-preview":"max-image-preview:large","max-video-preview":"max-video-preview:-1"},"og_locale":"pt_PT","og_type":"article","og_title":"Mediadores culturais nas escolas v\u00e3o receber forma\u00e7\u00e3o ainda este ano - Portal Tela Portugal","og_description":"O Governo avan\u00e7ar\u00e1 com a forma\u00e7\u00e3o de mediadores lingu\u00edsticos e culturais nas escolas j\u00e1 neste ano letivo, tendo escolhido duas funda\u00e7\u00f5es para assegurar a forma\u00e7\u00e3o at\u00e9 2028. As entidades selecionadas s\u00e3o a Funda\u00e7\u00e3o Aga Khan e a Funda\u00e7\u00e3o Gon\u00e7alo da Silveira, ambas com protocolos financiados pela Ag\u00eancia para a Integra\u00e7\u00e3o, Migra\u00e7\u00f5es e Asilo (AIMA). O apoio financeiro total \u00e9 de 1,022,102 euros (474.433 euros para a Funda\u00e7\u00e3o Aga Khan e 547.669 euros para a Funda\u00e7\u00e3o Gon\u00e7alo da Silveira), a garantir nos anos de 2026, 2027 e 2028. A Funda\u00e7\u00e3o Aga Khan prop\u00f5e um ciclo formativo anual de 30 horas online\/presenciais, mais 30 horas de trabalho aut\u00f3nomo, com um showcase nacional e avalia\u00e7\u00e3o de impacto nos resultados escolares dos alunos migrantes. A Funda\u00e7\u00e3o Gon\u00e7alo da Silveira prev\u00ea forma\u00e7\u00e3o presencial com acompanhamento t\u00e9cnico e supervis\u00e3o online, incluindo conte\u00fados sobre identidade cultural e a sua rela\u00e7\u00e3o com outros grupos.","og_url":"https:\/\/portaltela.pt\/noticias\/2026\/03\/11\/mediadores-culturais-nas-escolas-vao-receber-formacao-ainda-este-ano\/","og_site_name":"Portal Tela Portugal","article_published_time":"2026-03-11T11:11:00+00:00","author":"Telinha","twitter_card":"summary_large_image","twitter_misc":{"Escrito por":"Telinha","Tempo estimado de leitura":"2 minutos"},"schema":{"@context":"https:\/\/schema.org","@graph":[{"@type":"Article","@id":"https:\/\/portaltela.pt\/noticias\/2026\/03\/11\/mediadores-culturais-nas-escolas-vao-receber-formacao-ainda-este-ano\/#article","isPartOf":{"@id":"https:\/\/portaltela.pt\/noticias\/2026\/03\/11\/mediadores-culturais-nas-escolas-vao-receber-formacao-ainda-este-ano\/"},"author":{"name":"Telinha","@id":"https:\/\/portaltela.pt\/#\/schema\/person\/c4278d4a6028830caff9ee44b42d32ed"},"headline":"Mediadores culturais nas escolas v\u00e3o receber forma\u00e7\u00e3o ainda este ano","datePublished":"2026-03-11T11:11:00+00:00","mainEntityOfPage":{"@id":"https:\/\/portaltela.pt\/noticias\/2026\/03\/11\/mediadores-culturais-nas-escolas-vao-receber-formacao-ainda-este-ano\/"},"wordCount":374,"image":{"@id":"https:\/\/portaltela.pt\/noticias\/2026\/03\/11\/mediadores-culturais-nas-escolas-vao-receber-formacao-ainda-este-ano\/#primaryimage"},"thumbnailUrl":"https:\/\/portaltela.pt\/s.01k8rhncp4jt1\/2026\/03\/2072469.jpg","keywords":["cultura","educa\u00e7\u00e3o","imigra\u00e7\u00e3o","integra\u00e7\u00e3o internacional","integra\u00e7\u00e3o social","media\u00e7\u00e3o"],"articleSection":["Not\u00edcias"],"inLanguage":"pt-PT"},{"@type":"WebPage","@id":"https:\/\/portaltela.pt\/noticias\/2026\/03\/11\/mediadores-culturais-nas-escolas-vao-receber-formacao-ainda-este-ano\/","url":"https:\/\/portaltela.pt\/noticias\/2026\/03\/11\/mediadores-culturais-nas-escolas-vao-receber-formacao-ainda-este-ano\/","name":"Mediadores culturais nas escolas v\u00e3o receber forma\u00e7\u00e3o ainda este ano - Portal Tela Portugal","isPartOf":{"@id":"https:\/\/portaltela.pt\/#website"},"primaryImageOfPage":{"@id":"https:\/\/portaltela.pt\/noticias\/2026\/03\/11\/mediadores-culturais-nas-escolas-vao-receber-formacao-ainda-este-ano\/#primaryimage"},"image":{"@id":"https:\/\/portaltela.pt\/noticias\/2026\/03\/11\/mediadores-culturais-nas-escolas-vao-receber-formacao-ainda-este-ano\/#primaryimage"},"thumbnailUrl":"https:\/\/portaltela.pt\/s.01k8rhncp4jt1\/2026\/03\/2072469.jpg","datePublished":"2026-03-11T11:11:00+00:00","author":{"@id":"https:\/\/portaltela.pt\/#\/schema\/person\/c4278d4a6028830caff9ee44b42d32ed"},"breadcrumb":{"@id":"https:\/\/portaltela.pt\/noticias\/2026\/03\/11\/mediadores-culturais-nas-escolas-vao-receber-formacao-ainda-este-ano\/#breadcrumb"},"inLanguage":"pt-PT","potentialAction":[{"@type":"ReadAction","target":["https:\/\/portaltela.pt\/noticias\/2026\/03\/11\/mediadores-culturais-nas-escolas-vao-receber-formacao-ainda-este-ano\/"]}]},{"@type":"ImageObject","inLanguage":"pt-PT","@id":"https:\/\/portaltela.pt\/noticias\/2026\/03\/11\/mediadores-culturais-nas-escolas-vao-receber-formacao-ainda-este-ano\/#primaryimage","url":"https:\/\/portaltela.pt\/s.01k8rhncp4jt1\/2026\/03\/2072469.jpg","contentUrl":"https:\/\/portaltela.pt\/s.01k8rhncp4jt1\/2026\/03\/2072469.jpg","width":796,"height":448,"caption":"Entre 2018\/2019 e 2024\/2025 o n\u00famero de alunos estrangeiros em Portugal passou de 53 mil para mais de 157 mil"},{"@type":"BreadcrumbList","@id":"https:\/\/portaltela.pt\/noticias\/2026\/03\/11\/mediadores-culturais-nas-escolas-vao-receber-formacao-ainda-este-ano\/#breadcrumb","itemListElement":[{"@type":"ListItem","position":1,"name":"In\u00edcio","item":"https:\/\/portaltela.pt\/"},{"@type":"ListItem","position":2,"name":"Mediadores culturais nas escolas v\u00e3o receber forma\u00e7\u00e3o ainda este ano"}]},{"@type":"WebSite","@id":"https:\/\/portaltela.pt\/#website","url":"https:\/\/portaltela.pt\/","name":"Portal Tela Portugal","description":"","potentialAction":[{"@type":"SearchAction","target":{"@type":"EntryPoint","urlTemplate":"https:\/\/portaltela.pt\/?s={search_term_string}"},"query-input":{"@type":"PropertyValueSpecification","valueRequired":true,"valueName":"search_term_string"}}],"inLanguage":"pt-PT"},{"@type":"Person","@id":"https:\/\/portaltela.pt\/#\/schema\/person\/c4278d4a6028830caff9ee44b42d32ed","name":"Telinha","image":{"@type":"ImageObject","inLanguage":"pt-PT","@id":"https:\/\/portaltela.pt\/s.01k8rhncp4jt1\/2025\/11\/talking-bot-125x125.png","url":"https:\/\/portaltela.pt\/s.01k8rhncp4jt1\/2025\/11\/talking-bot-125x125.png","contentUrl":"https:\/\/portaltela.pt\/s.01k8rhncp4jt1\/2025\/11\/talking-bot-125x125.png","caption":"Telinha"},"sameAs":["https:\/\/portaltela.pt\/"],"url":"https:\/\/portaltela.pt\/por\/367410592786\/"}]}},"_links":{"self":[{"href":"https:\/\/portaltela.pt\/api\/wp\/v2\/posts\/405778","targetHints":{"allow":["GET"]}}],"collection":[{"href":"https:\/\/portaltela.pt\/api\/wp\/v2\/posts"}],"about":[{"href":"https:\/\/portaltela.pt\/api\/wp\/v2\/types\/post"}],"author":[{"embeddable":true,"href":"https:\/\/portaltela.pt\/api\/wp\/v2\/users\/2"}],"replies":[{"embeddable":true,"href":"https:\/\/portaltela.pt\/api\/wp\/v2\/comments?post=405778"}],"version-history":[{"count":0,"href":"https:\/\/portaltela.pt\/api\/wp\/v2\/posts\/405778\/revisions"}],"wp:featuredmedia":[{"embeddable":true,"href":"https:\/\/portaltela.pt\/api\/wp\/v2\/media\/405789"}],"wp:attachment":[{"href":"https:\/\/portaltela.pt\/api\/wp\/v2\/media?parent=405778"}],"wp:term":[{"taxonomy":"category","embeddable":true,"href":"https:\/\/portaltela.pt\/api\/wp\/v2\/categories?post=405778"},{"taxonomy":"post_tag","embeddable":true,"href":"https:\/\/portaltela.pt\/api\/wp\/v2\/tags?post=405778"}],"curies":[{"name":"wp","href":"https:\/\/api.w.org\/{rel}","templated":true}]}}