{"id":405776,"date":"2026-03-11T08:28:00","date_gmt":"2026-03-11T11:28:00","guid":{"rendered":"https:\/\/portaltela.pt\/noticias\/2026\/03\/11\/rendas-das-casas-sobem-52-em-fevereiro-segundo-o-ine\/"},"modified":"2026-03-11T08:28:00","modified_gmt":"2026-03-11T11:28:00","slug":"rendas-das-casas-sobem-52-em-fevereiro-segundo-o-ine","status":"publish","type":"post","link":"https:\/\/portaltela.pt\/noticias\/2026\/03\/11\/rendas-das-casas-sobem-52-em-fevereiro-segundo-o-ine\/","title":{"rendered":"Rendas das casas sobem 5,2% em fevereiro, segundo o INE"},"content":{"rendered":"<p>As rendas das casas por metro quadrado aumentaram 5,2% em fevereiro, face ao mesmo m\u00eas de 2025. O crescimento \u00e9 0,1 pontos percentuais superior ao verificando em janeiro, segundo o INE.<\/p>\n<p>Todas as regi\u00f5es registaram aumentos hom\u00f3logos nas rendas, de acordo com o Instituto Nacional de Estat\u00edstica.<\/p>\n<p>A divulga\u00e7\u00e3o do indicador faz parte do conjunto de estat\u00edsticas sobre o mercado residencial e foi anunciada pelo INE hoje.<\/p>\n","protected":false},"excerpt":{"rendered":"<ul>\n<li>As rendas das casas por metro quadrado aumentaram 5,2% em fevereiro face ao mesmo m\u00eas de 2025.<\/li>\n<li>O crescimento foi 0,1 pontos percentuais superior ao registado em janeiro.<\/li>\n<li>Todas as regi\u00f5es registaram crescimentos hom\u00f3logos.<\/li>\n<li>O dado foi divulgado pelo Instituto Nacional de Estat\u00edstica (INE).<\/li>\n<\/ul>\n","protected":false},"author":2,"featured_media":405784,"comment_status":"closed","ping_status":"closed","sticky":false,"template":"","format":"standard","meta":{"footnotes":""},"categories":[1],"tags":[6115,28,150,2817,1014],"class_list":["post-405776","post","type-post","status-publish","format-standard","has-post-thumbnail","hentry","category-noticias","tag-_economia","tag-economia","tag-habitacao","tag-habitacoes","tag-portugal"],"yoast_head":"<!-- This site is optimized with the Yoast SEO plugin v27.2 - https:\/\/yoast.com\/product\/yoast-seo-wordpress\/ -->\n<title>Rendas das casas sobem 5,2% em fevereiro, segundo o INE - Portal Tela Portugal<\/title>\n<meta name=\"robots\" content=\"index, follow, max-snippet:-1, max-image-preview:large, max-video-preview:-1\" \/>\n<meta property=\"og:locale\" content=\"pt_PT\" \/>\n<meta property=\"og:type\" content=\"article\" \/>\n<meta property=\"og:title\" content=\"Rendas das casas sobem 5,2% em fevereiro, segundo o INE - Portal Tela Portugal\" \/>\n<meta property=\"og:description\" content=\"As rendas das casas por metro quadrado aumentaram 5,2% em fevereiro face ao mesmo m\u00eas de 2025. O crescimento foi 0,1 pontos percentuais superior ao registado em janeiro. Todas as regi\u00f5es registaram crescimentos hom\u00f3logos. O dado foi divulgado pelo Instituto Nacional de Estat\u00edstica (INE).\" \/>\n<meta property=\"og:url\" content=\"https:\/\/portaltela.pt\/noticias\/2026\/03\/11\/rendas-das-casas-sobem-52-em-fevereiro-segundo-o-ine\/\" \/>\n<meta property=\"og:site_name\" content=\"Portal Tela Portugal\" \/>\n<meta property=\"article:published_time\" content=\"2026-03-11T11:28:00+00:00\" \/>\n<meta name=\"author\" content=\"Telinha\" \/>\n<meta name=\"twitter:card\" content=\"summary_large_image\" \/>\n<meta name=\"twitter:label1\" content=\"Escrito por\" \/>\n\t<meta name=\"twitter:data1\" content=\"Telinha\" \/>\n<script type=\"application\/ld+json\" class=\"yoast-schema-graph\">{\"@context\":\"https:\/\/schema.org\",\"@graph\":[{\"@type\":\"Article\",\"@id\":\"https:\/\/portaltela.pt\/noticias\/2026\/03\/11\/rendas-das-casas-sobem-52-em-fevereiro-segundo-o-ine\/#article\",\"isPartOf\":{\"@id\":\"https:\/\/portaltela.pt\/noticias\/2026\/03\/11\/rendas-das-casas-sobem-52-em-fevereiro-segundo-o-ine\/\"},\"author\":{\"name\":\"Telinha\",\"@id\":\"https:\/\/portaltela.pt\/#\/schema\/person\/c4278d4a6028830caff9ee44b42d32ed\"},\"headline\":\"Rendas das casas sobem 5,2% em fevereiro, segundo o INE\",\"datePublished\":\"2026-03-11T11:28:00+00:00\",\"mainEntityOfPage\":{\"@id\":\"https:\/\/portaltela.pt\/noticias\/2026\/03\/11\/rendas-das-casas-sobem-52-em-fevereiro-segundo-o-ine\/\"},\"wordCount\":78,\"image\":{\"@id\":\"https:\/\/portaltela.pt\/noticias\/2026\/03\/11\/rendas-das-casas-sobem-52-em-fevereiro-segundo-o-ine\/#primaryimage\"},\"thumbnailUrl\":\"https:\/\/portaltela.pt\/s.01k8rhncp4jt1\/2026\/03\/CACHE_780X1200_ANALOG_WATERMARKED_41424526_3419538_31082023030825.jpg\",\"keywords\":[\"_economia\",\"economia\",\"habita\u00e7\u00e3o\",\"habita\u00e7\u00f5es\",\"Portugal\"],\"articleSection\":[\"Not\u00edcias\"],\"inLanguage\":\"pt-PT\"},{\"@type\":\"WebPage\",\"@id\":\"https:\/\/portaltela.pt\/noticias\/2026\/03\/11\/rendas-das-casas-sobem-52-em-fevereiro-segundo-o-ine\/\",\"url\":\"https:\/\/portaltela.pt\/noticias\/2026\/03\/11\/rendas-das-casas-sobem-52-em-fevereiro-segundo-o-ine\/\",\"name\":\"Rendas das casas sobem 5,2% em fevereiro, segundo o INE - Portal Tela Portugal\",\"isPartOf\":{\"@id\":\"https:\/\/portaltela.pt\/#website\"},\"primaryImageOfPage\":{\"@id\":\"https:\/\/portaltela.pt\/noticias\/2026\/03\/11\/rendas-das-casas-sobem-52-em-fevereiro-segundo-o-ine\/#primaryimage\"},\"image\":{\"@id\":\"https:\/\/portaltela.pt\/noticias\/2026\/03\/11\/rendas-das-casas-sobem-52-em-fevereiro-segundo-o-ine\/#primaryimage\"},\"thumbnailUrl\":\"https:\/\/portaltela.pt\/s.01k8rhncp4jt1\/2026\/03\/CACHE_780X1200_ANALOG_WATERMARKED_41424526_3419538_31082023030825.jpg\",\"datePublished\":\"2026-03-11T11:28:00+00:00\",\"author\":{\"@id\":\"https:\/\/portaltela.pt\/#\/schema\/person\/c4278d4a6028830caff9ee44b42d32ed\"},\"breadcrumb\":{\"@id\":\"https:\/\/portaltela.pt\/noticias\/2026\/03\/11\/rendas-das-casas-sobem-52-em-fevereiro-segundo-o-ine\/#breadcrumb\"},\"inLanguage\":\"pt-PT\",\"potentialAction\":[{\"@type\":\"ReadAction\",\"target\":[\"https:\/\/portaltela.pt\/noticias\/2026\/03\/11\/rendas-das-casas-sobem-52-em-fevereiro-segundo-o-ine\/\"]}]},{\"@type\":\"ImageObject\",\"inLanguage\":\"pt-PT\",\"@id\":\"https:\/\/portaltela.pt\/noticias\/2026\/03\/11\/rendas-das-casas-sobem-52-em-fevereiro-segundo-o-ine\/#primaryimage\",\"url\":\"https:\/\/portaltela.pt\/s.01k8rhncp4jt1\/2026\/03\/CACHE_780X1200_ANALOG_WATERMARKED_41424526_3419538_31082023030825.jpg\",\"contentUrl\":\"https:\/\/portaltela.pt\/s.01k8rhncp4jt1\/2026\/03\/CACHE_780X1200_ANALOG_WATERMARKED_41424526_3419538_31082023030825.jpg\",\"width\":796,\"height\":448,\"caption\":\"Rendas das casas sobem 5,2% em fevereiro - INE\"},{\"@type\":\"BreadcrumbList\",\"@id\":\"https:\/\/portaltela.pt\/noticias\/2026\/03\/11\/rendas-das-casas-sobem-52-em-fevereiro-segundo-o-ine\/#breadcrumb\",\"itemListElement\":[{\"@type\":\"ListItem\",\"position\":1,\"name\":\"In\u00edcio\",\"item\":\"https:\/\/portaltela.pt\/\"},{\"@type\":\"ListItem\",\"position\":2,\"name\":\"Rendas das casas sobem 5,2% em fevereiro, segundo o INE\"}]},{\"@type\":\"WebSite\",\"@id\":\"https:\/\/portaltela.pt\/#website\",\"url\":\"https:\/\/portaltela.pt\/\",\"name\":\"Portal Tela Portugal\",\"description\":\"\",\"potentialAction\":[{\"@type\":\"SearchAction\",\"target\":{\"@type\":\"EntryPoint\",\"urlTemplate\":\"https:\/\/portaltela.pt\/?s={search_term_string}\"},\"query-input\":{\"@type\":\"PropertyValueSpecification\",\"valueRequired\":true,\"valueName\":\"search_term_string\"}}],\"inLanguage\":\"pt-PT\"},{\"@type\":\"Person\",\"@id\":\"https:\/\/portaltela.pt\/#\/schema\/person\/c4278d4a6028830caff9ee44b42d32ed\",\"name\":\"Telinha\",\"image\":{\"@type\":\"ImageObject\",\"inLanguage\":\"pt-PT\",\"@id\":\"https:\/\/portaltela.pt\/s.01k8rhncp4jt1\/2025\/11\/talking-bot-125x125.png\",\"url\":\"https:\/\/portaltela.pt\/s.01k8rhncp4jt1\/2025\/11\/talking-bot-125x125.png\",\"contentUrl\":\"https:\/\/portaltela.pt\/s.01k8rhncp4jt1\/2025\/11\/talking-bot-125x125.png\",\"caption\":\"Telinha\"},\"sameAs\":[\"https:\/\/portaltela.pt\/\"],\"url\":\"https:\/\/portaltela.pt\/por\/367410592786\/\"}]}<\/script>\n<!-- \/ Yoast SEO plugin. -->","yoast_head_json":{"title":"Rendas das casas sobem 5,2% em fevereiro, segundo o INE - Portal Tela Portugal","robots":{"index":"index","follow":"follow","max-snippet":"max-snippet:-1","max-image-preview":"max-image-preview:large","max-video-preview":"max-video-preview:-1"},"og_locale":"pt_PT","og_type":"article","og_title":"Rendas das casas sobem 5,2% em fevereiro, segundo o INE - Portal Tela Portugal","og_description":"As rendas das casas por metro quadrado aumentaram 5,2% em fevereiro face ao mesmo m\u00eas de 2025. O crescimento foi 0,1 pontos percentuais superior ao registado em janeiro. Todas as regi\u00f5es registaram crescimentos hom\u00f3logos. O dado foi divulgado pelo Instituto Nacional de Estat\u00edstica (INE).","og_url":"https:\/\/portaltela.pt\/noticias\/2026\/03\/11\/rendas-das-casas-sobem-52-em-fevereiro-segundo-o-ine\/","og_site_name":"Portal Tela Portugal","article_published_time":"2026-03-11T11:28:00+00:00","author":"Telinha","twitter_card":"summary_large_image","twitter_misc":{"Escrito por":"Telinha"},"schema":{"@context":"https:\/\/schema.org","@graph":[{"@type":"Article","@id":"https:\/\/portaltela.pt\/noticias\/2026\/03\/11\/rendas-das-casas-sobem-52-em-fevereiro-segundo-o-ine\/#article","isPartOf":{"@id":"https:\/\/portaltela.pt\/noticias\/2026\/03\/11\/rendas-das-casas-sobem-52-em-fevereiro-segundo-o-ine\/"},"author":{"name":"Telinha","@id":"https:\/\/portaltela.pt\/#\/schema\/person\/c4278d4a6028830caff9ee44b42d32ed"},"headline":"Rendas das casas sobem 5,2% em fevereiro, segundo o INE","datePublished":"2026-03-11T11:28:00+00:00","mainEntityOfPage":{"@id":"https:\/\/portaltela.pt\/noticias\/2026\/03\/11\/rendas-das-casas-sobem-52-em-fevereiro-segundo-o-ine\/"},"wordCount":78,"image":{"@id":"https:\/\/portaltela.pt\/noticias\/2026\/03\/11\/rendas-das-casas-sobem-52-em-fevereiro-segundo-o-ine\/#primaryimage"},"thumbnailUrl":"https:\/\/portaltela.pt\/s.01k8rhncp4jt1\/2026\/03\/CACHE_780X1200_ANALOG_WATERMARKED_41424526_3419538_31082023030825.jpg","keywords":["_economia","economia","habita\u00e7\u00e3o","habita\u00e7\u00f5es","Portugal"],"articleSection":["Not\u00edcias"],"inLanguage":"pt-PT"},{"@type":"WebPage","@id":"https:\/\/portaltela.pt\/noticias\/2026\/03\/11\/rendas-das-casas-sobem-52-em-fevereiro-segundo-o-ine\/","url":"https:\/\/portaltela.pt\/noticias\/2026\/03\/11\/rendas-das-casas-sobem-52-em-fevereiro-segundo-o-ine\/","name":"Rendas das casas sobem 5,2% em fevereiro, segundo o INE - Portal Tela Portugal","isPartOf":{"@id":"https:\/\/portaltela.pt\/#website"},"primaryImageOfPage":{"@id":"https:\/\/portaltela.pt\/noticias\/2026\/03\/11\/rendas-das-casas-sobem-52-em-fevereiro-segundo-o-ine\/#primaryimage"},"image":{"@id":"https:\/\/portaltela.pt\/noticias\/2026\/03\/11\/rendas-das-casas-sobem-52-em-fevereiro-segundo-o-ine\/#primaryimage"},"thumbnailUrl":"https:\/\/portaltela.pt\/s.01k8rhncp4jt1\/2026\/03\/CACHE_780X1200_ANALOG_WATERMARKED_41424526_3419538_31082023030825.jpg","datePublished":"2026-03-11T11:28:00+00:00","author":{"@id":"https:\/\/portaltela.pt\/#\/schema\/person\/c4278d4a6028830caff9ee44b42d32ed"},"breadcrumb":{"@id":"https:\/\/portaltela.pt\/noticias\/2026\/03\/11\/rendas-das-casas-sobem-52-em-fevereiro-segundo-o-ine\/#breadcrumb"},"inLanguage":"pt-PT","potentialAction":[{"@type":"ReadAction","target":["https:\/\/portaltela.pt\/noticias\/2026\/03\/11\/rendas-das-casas-sobem-52-em-fevereiro-segundo-o-ine\/"]}]},{"@type":"ImageObject","inLanguage":"pt-PT","@id":"https:\/\/portaltela.pt\/noticias\/2026\/03\/11\/rendas-das-casas-sobem-52-em-fevereiro-segundo-o-ine\/#primaryimage","url":"https:\/\/portaltela.pt\/s.01k8rhncp4jt1\/2026\/03\/CACHE_780X1200_ANALOG_WATERMARKED_41424526_3419538_31082023030825.jpg","contentUrl":"https:\/\/portaltela.pt\/s.01k8rhncp4jt1\/2026\/03\/CACHE_780X1200_ANALOG_WATERMARKED_41424526_3419538_31082023030825.jpg","width":796,"height":448,"caption":"Rendas das casas sobem 5,2% em fevereiro - INE"},{"@type":"BreadcrumbList","@id":"https:\/\/portaltela.pt\/noticias\/2026\/03\/11\/rendas-das-casas-sobem-52-em-fevereiro-segundo-o-ine\/#breadcrumb","itemListElement":[{"@type":"ListItem","position":1,"name":"In\u00edcio","item":"https:\/\/portaltela.pt\/"},{"@type":"ListItem","position":2,"name":"Rendas das casas sobem 5,2% em fevereiro, segundo o INE"}]},{"@type":"WebSite","@id":"https:\/\/portaltela.pt\/#website","url":"https:\/\/portaltela.pt\/","name":"Portal Tela Portugal","description":"","potentialAction":[{"@type":"SearchAction","target":{"@type":"EntryPoint","urlTemplate":"https:\/\/portaltela.pt\/?s={search_term_string}"},"query-input":{"@type":"PropertyValueSpecification","valueRequired":true,"valueName":"search_term_string"}}],"inLanguage":"pt-PT"},{"@type":"Person","@id":"https:\/\/portaltela.pt\/#\/schema\/person\/c4278d4a6028830caff9ee44b42d32ed","name":"Telinha","image":{"@type":"ImageObject","inLanguage":"pt-PT","@id":"https:\/\/portaltela.pt\/s.01k8rhncp4jt1\/2025\/11\/talking-bot-125x125.png","url":"https:\/\/portaltela.pt\/s.01k8rhncp4jt1\/2025\/11\/talking-bot-125x125.png","contentUrl":"https:\/\/portaltela.pt\/s.01k8rhncp4jt1\/2025\/11\/talking-bot-125x125.png","caption":"Telinha"},"sameAs":["https:\/\/portaltela.pt\/"],"url":"https:\/\/portaltela.pt\/por\/367410592786\/"}]}},"_links":{"self":[{"href":"https:\/\/portaltela.pt\/api\/wp\/v2\/posts\/405776","targetHints":{"allow":["GET"]}}],"collection":[{"href":"https:\/\/portaltela.pt\/api\/wp\/v2\/posts"}],"about":[{"href":"https:\/\/portaltela.pt\/api\/wp\/v2\/types\/post"}],"author":[{"embeddable":true,"href":"https:\/\/portaltela.pt\/api\/wp\/v2\/users\/2"}],"replies":[{"embeddable":true,"href":"https:\/\/portaltela.pt\/api\/wp\/v2\/comments?post=405776"}],"version-history":[{"count":0,"href":"https:\/\/portaltela.pt\/api\/wp\/v2\/posts\/405776\/revisions"}],"wp:featuredmedia":[{"embeddable":true,"href":"https:\/\/portaltela.pt\/api\/wp\/v2\/media\/405784"}],"wp:attachment":[{"href":"https:\/\/portaltela.pt\/api\/wp\/v2\/media?parent=405776"}],"wp:term":[{"taxonomy":"category","embeddable":true,"href":"https:\/\/portaltela.pt\/api\/wp\/v2\/categories?post=405776"},{"taxonomy":"post_tag","embeddable":true,"href":"https:\/\/portaltela.pt\/api\/wp\/v2\/tags?post=405776"}],"curies":[{"name":"wp","href":"https:\/\/api.w.org\/{rel}","templated":true}]}}