{"id":405760,"date":"2026-03-11T08:15:31","date_gmt":"2026-03-11T11:15:31","guid":{"rendered":"https:\/\/portaltela.pt\/noticias\/2026\/03\/11\/espanha-mantem-faturas-de-energia-baixas-com-renovaveis-apesar-do-gas\/"},"modified":"2026-03-11T08:15:31","modified_gmt":"2026-03-11T11:15:31","slug":"espanha-mantem-faturas-de-energia-baixas-com-renovaveis-apesar-do-gas","status":"publish","type":"post","link":"https:\/\/portaltela.pt\/noticias\/2026\/03\/11\/espanha-mantem-faturas-de-energia-baixas-com-renovaveis-apesar-do-gas\/","title":{"rendered":"Espanha mant\u00e9m faturas de energia baixas com renov\u00e1veis, apesar do g\u00e1s"},"content":{"rendered":"<p>A Espanha avan\u00e7ou rapidamente na energia limpa nos \u00faltimos seis anos, expandindo significativamente a capacidade de e\u00f3lica e solar. Esse impulso colocou o pa\u00eds entre os que registam os pre\u00e7os de eletricidade mais baixos da Europa, mesmo em contexto de volatilidade energ\u00e9tica mundial.<\/p>\n<p>Entre 2019 e 2024, a Espanha duplicou a capacidade instalada, adicionando mais de 40 GW e ficando atr\u00e1s apenas da Alemanha no ranking da UE. O efeito foi uma menor depend\u00eancia do g\u00e1s na forma\u00e7\u00e3o do pre\u00e7o da eletricidade, ajudando fam\u00edlias a enfrentar choques externos.<\/p>\n<h3>Impacto e dados do relat\u00f3rio Ember<\/h3>\n<p>Segundo o relat\u00f3rio da Ember, a Espanha reduziu, entre 2020 e 2024, a fatura de importa\u00e7\u00e3o do setor el\u00e9trico mais do que qualquer outro pa\u00eds da UE, evitando a compra de 26 mil milh\u00f5es de metros c\u00fabicos de g\u00e1s, num valor estimado de 13,5 mil milh\u00f5es de euros.<\/p>\n<p>Em agosto de 2025, o pa\u00eds n\u00e3o utilizou carv\u00e3o na produ\u00e7\u00e3o el\u00e9trica. Este contraste evidencia a viragem para renov\u00e1veis iniciada h\u00e1 menos de uma d\u00e9cada, quando o carv\u00e3o representava cerca de um quarto da eletricidade nacional.<\/p>\n<h3>Economia energ\u00e9tica atual e desafios<\/h3>\n<p>A redu\u00e7\u00e3o da influ\u00eancia do g\u00e1s na forma\u00e7\u00e3o de pre\u00e7os tem sido uma das maiores conquistas, com custos de combust\u00edveis f\u00f3sseis menos determinantes para o valor da eletricidade. A r\u00e1pida escalada de renov\u00e1veis explica parte da estabilidade recente das faturas.<\/p>\n<p>Apesar dos progressos, especialistas lembram que a capacidade de armazenagem continua aqu\u00e9m do desejado. O parque de baterias de 120 MW \u00e9 modesto em rela\u00e7\u00e3o aos equil\u00edbrios energ\u00e9ticos necess\u00e1rios para cen\u00e1rios de crise.<\/p>\n<h3>Perspetivas globais e contexto econ\u00f3mico<\/h3>\n<p>A volatilidade no M\u00e9dio Oriente e o encerramento do estreito de Ormuz alimentaram receios de aumentos nas faturas. A Espanha, com investimento renov\u00e1vel, mostra menor exposi\u00e7\u00e3o a choques do g\u00e1s.<\/p>\n<p>A transi\u00e7\u00e3o influencia pol\u00edticas p\u00fablicas e o investimento privado, com avalia\u00e7\u00f5es destacando custos de longo prazo mais baixos para renov\u00e1veis em compara\u00e7\u00e3o com combust\u00edveis f\u00f3sseis. Estudos internacionais refor\u00e7am essa vis\u00e3o de viabilidade econ\u00f3mica.<\/p>\n","protected":false},"excerpt":{"rendered":"<ul>\n<li>Espanha investiu fortemente em energia e\u00f3lica e solar desde 2019, somando mais de 40 gigawatts, o que a coloca entre os pa\u00edses da UE com menor sensibilidade aos pre\u00e7os do g\u00e1s.<\/li>\n<li>Segundo a Ember, isso reduziu em cerca de 75 por cento a influ\u00eancia das centrais f\u00f3sseis no pre\u00e7o da eletricidade desde 2019, ficando menos exposta a choques do g\u00e1s.<\/li>\n<li>Entre 2020 e 2024, a Espanha reduziu a fatura de importa\u00e7\u00e3o de eletricidade mais do que qualquer outro pa\u00eds da UE, evitando a importa\u00e7\u00e3o de 26 mil milh\u00f5es de metros c\u00fabicos de g\u00e1s (valorado em 13,5 mil milh\u00f5es de euros).<\/li>\n<li>Em agosto de 2025, o pa\u00eds n\u00e3o utilizou carv\u00e3o para gerar eletricidade, sinalizando uma viragem cont\u00ednua para renov\u00e1veis e menor depend\u00eancia de combust\u00edveis f\u00f3sseis.<\/li>\n<li>Especialistas apontam que, apesar das melhorias, falta maior capacidade de armazenamento de energia, com baterias de apenas 120 megawatts, o que reduz a resili\u00eancia a picos de procura.<\/li>\n<\/ul>\n","protected":false},"author":2,"featured_media":405766,"comment_status":"closed","ping_status":"closed","sticky":false,"template":"","format":"standard","meta":{"footnotes":""},"categories":[6806,1],"tags":[28,174,5231,3603,2031,3444],"class_list":["post-405760","post","type-post","status-publish","format-standard","has-post-thumbnail","hentry","category-energia","category-noticias","tag-economia","tag-energia","tag-energia-sustentavel","tag-energias-renovaveis","tag-espanha","tag-sustentabilidade"],"yoast_head":"<!-- This site is optimized with the Yoast SEO plugin v27.2 - https:\/\/yoast.com\/product\/yoast-seo-wordpress\/ -->\n<title>Espanha mant\u00e9m faturas de energia baixas com renov\u00e1veis, apesar do g\u00e1s - Portal Tela Portugal<\/title>\n<meta name=\"robots\" content=\"index, follow, max-snippet:-1, max-image-preview:large, max-video-preview:-1\" \/>\n<meta property=\"og:locale\" content=\"pt_PT\" \/>\n<meta property=\"og:type\" content=\"article\" \/>\n<meta property=\"og:title\" content=\"Espanha mant\u00e9m faturas de energia baixas com renov\u00e1veis, apesar do g\u00e1s - Portal Tela Portugal\" \/>\n<meta property=\"og:description\" content=\"Espanha investiu fortemente em energia e\u00f3lica e solar desde 2019, somando mais de 40 gigawatts, o que a coloca entre os pa\u00edses da UE com menor sensibilidade aos pre\u00e7os do g\u00e1s. Segundo a Ember, isso reduziu em cerca de 75 por cento a influ\u00eancia das centrais f\u00f3sseis no pre\u00e7o da eletricidade desde 2019, ficando menos exposta a choques do g\u00e1s. Entre 2020 e 2024, a Espanha reduziu a fatura de importa\u00e7\u00e3o de eletricidade mais do que qualquer outro pa\u00eds da UE, evitando a importa\u00e7\u00e3o de 26 mil milh\u00f5es de metros c\u00fabicos de g\u00e1s (valorado em 13,5 mil milh\u00f5es de euros). Em agosto de 2025, o pa\u00eds n\u00e3o utilizou carv\u00e3o para gerar eletricidade, sinalizando uma viragem cont\u00ednua para renov\u00e1veis e menor depend\u00eancia de combust\u00edveis f\u00f3sseis. Especialistas apontam que, apesar das melhorias, falta maior capacidade de armazenamento de energia, com baterias de apenas 120 megawatts, o que reduz a resili\u00eancia a picos de procura.\" \/>\n<meta property=\"og:url\" content=\"https:\/\/portaltela.pt\/noticias\/2026\/03\/11\/espanha-mantem-faturas-de-energia-baixas-com-renovaveis-apesar-do-gas\/\" \/>\n<meta property=\"og:site_name\" content=\"Portal Tela Portugal\" \/>\n<meta property=\"article:published_time\" content=\"2026-03-11T11:15:31+00:00\" \/>\n<meta name=\"author\" content=\"Telinha\" \/>\n<meta name=\"twitter:card\" content=\"summary_large_image\" \/>\n<meta name=\"twitter:label1\" content=\"Escrito por\" \/>\n\t<meta name=\"twitter:data1\" content=\"Telinha\" \/>\n\t<meta name=\"twitter:label2\" content=\"Tempo estimado de leitura\" \/>\n\t<meta name=\"twitter:data2\" content=\"2 minutos\" \/>\n<script type=\"application\/ld+json\" class=\"yoast-schema-graph\">{\"@context\":\"https:\/\/schema.org\",\"@graph\":[{\"@type\":\"Article\",\"@id\":\"https:\/\/portaltela.pt\/noticias\/2026\/03\/11\/espanha-mantem-faturas-de-energia-baixas-com-renovaveis-apesar-do-gas\/#article\",\"isPartOf\":{\"@id\":\"https:\/\/portaltela.pt\/noticias\/2026\/03\/11\/espanha-mantem-faturas-de-energia-baixas-com-renovaveis-apesar-do-gas\/\"},\"author\":{\"name\":\"Telinha\",\"@id\":\"https:\/\/portaltela.pt\/#\/schema\/person\/c4278d4a6028830caff9ee44b42d32ed\"},\"headline\":\"Espanha mant\u00e9m faturas de energia baixas com renov\u00e1veis, apesar do g\u00e1s\",\"datePublished\":\"2026-03-11T11:15:31+00:00\",\"mainEntityOfPage\":{\"@id\":\"https:\/\/portaltela.pt\/noticias\/2026\/03\/11\/espanha-mantem-faturas-de-energia-baixas-com-renovaveis-apesar-do-gas\/\"},\"wordCount\":388,\"image\":{\"@id\":\"https:\/\/portaltela.pt\/noticias\/2026\/03\/11\/espanha-mantem-faturas-de-energia-baixas-com-renovaveis-apesar-do-gas\/#primaryimage\"},\"thumbnailUrl\":\"https:\/\/portaltela.pt\/s.01k8rhncp4jt1\/2026\/03\/1536x864_cmsv2_8be564a8-d606-5ada-bf03-ea2615f4cc04-9681673.jpg\",\"keywords\":[\"economia\",\"energia\",\"Energia sustent\u00e1vel\",\"energias renov\u00e1veis\",\"Espanha\",\"Sustentabilidade\"],\"articleSection\":[\"Energia\",\"Not\u00edcias\"],\"inLanguage\":\"pt-PT\"},{\"@type\":\"WebPage\",\"@id\":\"https:\/\/portaltela.pt\/noticias\/2026\/03\/11\/espanha-mantem-faturas-de-energia-baixas-com-renovaveis-apesar-do-gas\/\",\"url\":\"https:\/\/portaltela.pt\/noticias\/2026\/03\/11\/espanha-mantem-faturas-de-energia-baixas-com-renovaveis-apesar-do-gas\/\",\"name\":\"Espanha mant\u00e9m faturas de energia baixas com renov\u00e1veis, apesar do g\u00e1s - Portal Tela Portugal\",\"isPartOf\":{\"@id\":\"https:\/\/portaltela.pt\/#website\"},\"primaryImageOfPage\":{\"@id\":\"https:\/\/portaltela.pt\/noticias\/2026\/03\/11\/espanha-mantem-faturas-de-energia-baixas-com-renovaveis-apesar-do-gas\/#primaryimage\"},\"image\":{\"@id\":\"https:\/\/portaltela.pt\/noticias\/2026\/03\/11\/espanha-mantem-faturas-de-energia-baixas-com-renovaveis-apesar-do-gas\/#primaryimage\"},\"thumbnailUrl\":\"https:\/\/portaltela.pt\/s.01k8rhncp4jt1\/2026\/03\/1536x864_cmsv2_8be564a8-d606-5ada-bf03-ea2615f4cc04-9681673.jpg\",\"datePublished\":\"2026-03-11T11:15:31+00:00\",\"author\":{\"@id\":\"https:\/\/portaltela.pt\/#\/schema\/person\/c4278d4a6028830caff9ee44b42d32ed\"},\"breadcrumb\":{\"@id\":\"https:\/\/portaltela.pt\/noticias\/2026\/03\/11\/espanha-mantem-faturas-de-energia-baixas-com-renovaveis-apesar-do-gas\/#breadcrumb\"},\"inLanguage\":\"pt-PT\",\"potentialAction\":[{\"@type\":\"ReadAction\",\"target\":[\"https:\/\/portaltela.pt\/noticias\/2026\/03\/11\/espanha-mantem-faturas-de-energia-baixas-com-renovaveis-apesar-do-gas\/\"]}]},{\"@type\":\"ImageObject\",\"inLanguage\":\"pt-PT\",\"@id\":\"https:\/\/portaltela.pt\/noticias\/2026\/03\/11\/espanha-mantem-faturas-de-energia-baixas-com-renovaveis-apesar-do-gas\/#primaryimage\",\"url\":\"https:\/\/portaltela.pt\/s.01k8rhncp4jt1\/2026\/03\/1536x864_cmsv2_8be564a8-d606-5ada-bf03-ea2615f4cc04-9681673.jpg\",\"contentUrl\":\"https:\/\/portaltela.pt\/s.01k8rhncp4jt1\/2026\/03\/1536x864_cmsv2_8be564a8-d606-5ada-bf03-ea2615f4cc04-9681673.jpg\",\"width\":796,\"height\":448,\"caption\":\"ARQUIVO - Uma \u00e1rvore rodeada por pain\u00e9is solares em Los Arcos, Navarra, norte de Espanha, sexta-feira, 24 de fevereiro de 2023\"},{\"@type\":\"BreadcrumbList\",\"@id\":\"https:\/\/portaltela.pt\/noticias\/2026\/03\/11\/espanha-mantem-faturas-de-energia-baixas-com-renovaveis-apesar-do-gas\/#breadcrumb\",\"itemListElement\":[{\"@type\":\"ListItem\",\"position\":1,\"name\":\"In\u00edcio\",\"item\":\"https:\/\/portaltela.pt\/\"},{\"@type\":\"ListItem\",\"position\":2,\"name\":\"Espanha mant\u00e9m faturas de energia baixas com renov\u00e1veis, apesar do g\u00e1s\"}]},{\"@type\":\"WebSite\",\"@id\":\"https:\/\/portaltela.pt\/#website\",\"url\":\"https:\/\/portaltela.pt\/\",\"name\":\"Portal Tela Portugal\",\"description\":\"\",\"potentialAction\":[{\"@type\":\"SearchAction\",\"target\":{\"@type\":\"EntryPoint\",\"urlTemplate\":\"https:\/\/portaltela.pt\/?s={search_term_string}\"},\"query-input\":{\"@type\":\"PropertyValueSpecification\",\"valueRequired\":true,\"valueName\":\"search_term_string\"}}],\"inLanguage\":\"pt-PT\"},{\"@type\":\"Person\",\"@id\":\"https:\/\/portaltela.pt\/#\/schema\/person\/c4278d4a6028830caff9ee44b42d32ed\",\"name\":\"Telinha\",\"image\":{\"@type\":\"ImageObject\",\"inLanguage\":\"pt-PT\",\"@id\":\"https:\/\/portaltela.pt\/s.01k8rhncp4jt1\/2025\/11\/talking-bot-125x125.png\",\"url\":\"https:\/\/portaltela.pt\/s.01k8rhncp4jt1\/2025\/11\/talking-bot-125x125.png\",\"contentUrl\":\"https:\/\/portaltela.pt\/s.01k8rhncp4jt1\/2025\/11\/talking-bot-125x125.png\",\"caption\":\"Telinha\"},\"sameAs\":[\"https:\/\/portaltela.pt\/\"],\"url\":\"https:\/\/portaltela.pt\/por\/367410592786\/\"}]}<\/script>\n<!-- \/ Yoast SEO plugin. -->","yoast_head_json":{"title":"Espanha mant\u00e9m faturas de energia baixas com renov\u00e1veis, apesar do g\u00e1s - Portal Tela Portugal","robots":{"index":"index","follow":"follow","max-snippet":"max-snippet:-1","max-image-preview":"max-image-preview:large","max-video-preview":"max-video-preview:-1"},"og_locale":"pt_PT","og_type":"article","og_title":"Espanha mant\u00e9m faturas de energia baixas com renov\u00e1veis, apesar do g\u00e1s - Portal Tela Portugal","og_description":"Espanha investiu fortemente em energia e\u00f3lica e solar desde 2019, somando mais de 40 gigawatts, o que a coloca entre os pa\u00edses da UE com menor sensibilidade aos pre\u00e7os do g\u00e1s. Segundo a Ember, isso reduziu em cerca de 75 por cento a influ\u00eancia das centrais f\u00f3sseis no pre\u00e7o da eletricidade desde 2019, ficando menos exposta a choques do g\u00e1s. Entre 2020 e 2024, a Espanha reduziu a fatura de importa\u00e7\u00e3o de eletricidade mais do que qualquer outro pa\u00eds da UE, evitando a importa\u00e7\u00e3o de 26 mil milh\u00f5es de metros c\u00fabicos de g\u00e1s (valorado em 13,5 mil milh\u00f5es de euros). Em agosto de 2025, o pa\u00eds n\u00e3o utilizou carv\u00e3o para gerar eletricidade, sinalizando uma viragem cont\u00ednua para renov\u00e1veis e menor depend\u00eancia de combust\u00edveis f\u00f3sseis. Especialistas apontam que, apesar das melhorias, falta maior capacidade de armazenamento de energia, com baterias de apenas 120 megawatts, o que reduz a resili\u00eancia a picos de procura.","og_url":"https:\/\/portaltela.pt\/noticias\/2026\/03\/11\/espanha-mantem-faturas-de-energia-baixas-com-renovaveis-apesar-do-gas\/","og_site_name":"Portal Tela Portugal","article_published_time":"2026-03-11T11:15:31+00:00","author":"Telinha","twitter_card":"summary_large_image","twitter_misc":{"Escrito por":"Telinha","Tempo estimado de leitura":"2 minutos"},"schema":{"@context":"https:\/\/schema.org","@graph":[{"@type":"Article","@id":"https:\/\/portaltela.pt\/noticias\/2026\/03\/11\/espanha-mantem-faturas-de-energia-baixas-com-renovaveis-apesar-do-gas\/#article","isPartOf":{"@id":"https:\/\/portaltela.pt\/noticias\/2026\/03\/11\/espanha-mantem-faturas-de-energia-baixas-com-renovaveis-apesar-do-gas\/"},"author":{"name":"Telinha","@id":"https:\/\/portaltela.pt\/#\/schema\/person\/c4278d4a6028830caff9ee44b42d32ed"},"headline":"Espanha mant\u00e9m faturas de energia baixas com renov\u00e1veis, apesar do g\u00e1s","datePublished":"2026-03-11T11:15:31+00:00","mainEntityOfPage":{"@id":"https:\/\/portaltela.pt\/noticias\/2026\/03\/11\/espanha-mantem-faturas-de-energia-baixas-com-renovaveis-apesar-do-gas\/"},"wordCount":388,"image":{"@id":"https:\/\/portaltela.pt\/noticias\/2026\/03\/11\/espanha-mantem-faturas-de-energia-baixas-com-renovaveis-apesar-do-gas\/#primaryimage"},"thumbnailUrl":"https:\/\/portaltela.pt\/s.01k8rhncp4jt1\/2026\/03\/1536x864_cmsv2_8be564a8-d606-5ada-bf03-ea2615f4cc04-9681673.jpg","keywords":["economia","energia","Energia sustent\u00e1vel","energias renov\u00e1veis","Espanha","Sustentabilidade"],"articleSection":["Energia","Not\u00edcias"],"inLanguage":"pt-PT"},{"@type":"WebPage","@id":"https:\/\/portaltela.pt\/noticias\/2026\/03\/11\/espanha-mantem-faturas-de-energia-baixas-com-renovaveis-apesar-do-gas\/","url":"https:\/\/portaltela.pt\/noticias\/2026\/03\/11\/espanha-mantem-faturas-de-energia-baixas-com-renovaveis-apesar-do-gas\/","name":"Espanha mant\u00e9m faturas de energia baixas com renov\u00e1veis, apesar do g\u00e1s - Portal Tela Portugal","isPartOf":{"@id":"https:\/\/portaltela.pt\/#website"},"primaryImageOfPage":{"@id":"https:\/\/portaltela.pt\/noticias\/2026\/03\/11\/espanha-mantem-faturas-de-energia-baixas-com-renovaveis-apesar-do-gas\/#primaryimage"},"image":{"@id":"https:\/\/portaltela.pt\/noticias\/2026\/03\/11\/espanha-mantem-faturas-de-energia-baixas-com-renovaveis-apesar-do-gas\/#primaryimage"},"thumbnailUrl":"https:\/\/portaltela.pt\/s.01k8rhncp4jt1\/2026\/03\/1536x864_cmsv2_8be564a8-d606-5ada-bf03-ea2615f4cc04-9681673.jpg","datePublished":"2026-03-11T11:15:31+00:00","author":{"@id":"https:\/\/portaltela.pt\/#\/schema\/person\/c4278d4a6028830caff9ee44b42d32ed"},"breadcrumb":{"@id":"https:\/\/portaltela.pt\/noticias\/2026\/03\/11\/espanha-mantem-faturas-de-energia-baixas-com-renovaveis-apesar-do-gas\/#breadcrumb"},"inLanguage":"pt-PT","potentialAction":[{"@type":"ReadAction","target":["https:\/\/portaltela.pt\/noticias\/2026\/03\/11\/espanha-mantem-faturas-de-energia-baixas-com-renovaveis-apesar-do-gas\/"]}]},{"@type":"ImageObject","inLanguage":"pt-PT","@id":"https:\/\/portaltela.pt\/noticias\/2026\/03\/11\/espanha-mantem-faturas-de-energia-baixas-com-renovaveis-apesar-do-gas\/#primaryimage","url":"https:\/\/portaltela.pt\/s.01k8rhncp4jt1\/2026\/03\/1536x864_cmsv2_8be564a8-d606-5ada-bf03-ea2615f4cc04-9681673.jpg","contentUrl":"https:\/\/portaltela.pt\/s.01k8rhncp4jt1\/2026\/03\/1536x864_cmsv2_8be564a8-d606-5ada-bf03-ea2615f4cc04-9681673.jpg","width":796,"height":448,"caption":"ARQUIVO - Uma \u00e1rvore rodeada por pain\u00e9is solares em Los Arcos, Navarra, norte de Espanha, sexta-feira, 24 de fevereiro de 2023"},{"@type":"BreadcrumbList","@id":"https:\/\/portaltela.pt\/noticias\/2026\/03\/11\/espanha-mantem-faturas-de-energia-baixas-com-renovaveis-apesar-do-gas\/#breadcrumb","itemListElement":[{"@type":"ListItem","position":1,"name":"In\u00edcio","item":"https:\/\/portaltela.pt\/"},{"@type":"ListItem","position":2,"name":"Espanha mant\u00e9m faturas de energia baixas com renov\u00e1veis, apesar do g\u00e1s"}]},{"@type":"WebSite","@id":"https:\/\/portaltela.pt\/#website","url":"https:\/\/portaltela.pt\/","name":"Portal Tela Portugal","description":"","potentialAction":[{"@type":"SearchAction","target":{"@type":"EntryPoint","urlTemplate":"https:\/\/portaltela.pt\/?s={search_term_string}"},"query-input":{"@type":"PropertyValueSpecification","valueRequired":true,"valueName":"search_term_string"}}],"inLanguage":"pt-PT"},{"@type":"Person","@id":"https:\/\/portaltela.pt\/#\/schema\/person\/c4278d4a6028830caff9ee44b42d32ed","name":"Telinha","image":{"@type":"ImageObject","inLanguage":"pt-PT","@id":"https:\/\/portaltela.pt\/s.01k8rhncp4jt1\/2025\/11\/talking-bot-125x125.png","url":"https:\/\/portaltela.pt\/s.01k8rhncp4jt1\/2025\/11\/talking-bot-125x125.png","contentUrl":"https:\/\/portaltela.pt\/s.01k8rhncp4jt1\/2025\/11\/talking-bot-125x125.png","caption":"Telinha"},"sameAs":["https:\/\/portaltela.pt\/"],"url":"https:\/\/portaltela.pt\/por\/367410592786\/"}]}},"_links":{"self":[{"href":"https:\/\/portaltela.pt\/api\/wp\/v2\/posts\/405760","targetHints":{"allow":["GET"]}}],"collection":[{"href":"https:\/\/portaltela.pt\/api\/wp\/v2\/posts"}],"about":[{"href":"https:\/\/portaltela.pt\/api\/wp\/v2\/types\/post"}],"author":[{"embeddable":true,"href":"https:\/\/portaltela.pt\/api\/wp\/v2\/users\/2"}],"replies":[{"embeddable":true,"href":"https:\/\/portaltela.pt\/api\/wp\/v2\/comments?post=405760"}],"version-history":[{"count":0,"href":"https:\/\/portaltela.pt\/api\/wp\/v2\/posts\/405760\/revisions"}],"wp:featuredmedia":[{"embeddable":true,"href":"https:\/\/portaltela.pt\/api\/wp\/v2\/media\/405766"}],"wp:attachment":[{"href":"https:\/\/portaltela.pt\/api\/wp\/v2\/media?parent=405760"}],"wp:term":[{"taxonomy":"category","embeddable":true,"href":"https:\/\/portaltela.pt\/api\/wp\/v2\/categories?post=405760"},{"taxonomy":"post_tag","embeddable":true,"href":"https:\/\/portaltela.pt\/api\/wp\/v2\/tags?post=405760"}],"curies":[{"name":"wp","href":"https:\/\/api.w.org\/{rel}","templated":true}]}}