{"id":405736,"date":"2026-03-11T07:41:00","date_gmt":"2026-03-11T10:41:00","guid":{"rendered":"https:\/\/portaltela.pt\/noticias\/2026\/03\/11\/sara-correia-veigh-vizinhos-e-quim-barreiros-no-sol-da-caparica\/"},"modified":"2026-03-11T07:41:00","modified_gmt":"2026-03-11T10:41:00","slug":"sara-correia-veigh-vizinhos-e-quim-barreiros-no-sol-da-caparica","status":"publish","type":"post","link":"https:\/\/portaltela.pt\/noticias\/2026\/03\/11\/sara-correia-veigh-vizinhos-e-quim-barreiros-no-sol-da-caparica\/","title":{"rendered":"Sara Correia, Veigh, Vizinhos e Quim Barreiros no Sol da Caparica"},"content":{"rendered":"<p>O Festival Sol da Caparica anunciou os primeiros nomes da edi\u00e7\u00e3o de 2026, que decorre entre 13 e 16 de agosto no Parque Urbano da Costa da Caparica. O cartaz inicial cruza tradi\u00e7\u00e3o, pop, m\u00fasica urbana e refer\u00eancias lus\u00f3fonas, mantendo a liga\u00e7\u00e3o ao territ\u00f3rio local.<\/p>\n<p>No palco na abertura, no dia 13, atua Sara Correia, uma das vozes da nova gera\u00e7\u00e3o do fado, que recentemente esgotou a Meo Arena em Lisboa com o seu novo disco Tempestade. No dia seguinte sobe ao palco Veigh, destaque da m\u00fasica urbana brasileira, conhecido pelo cruzamento de trap, R&amp;B e hip hop.<\/p>\n<p>O alinhamento continua com os Vizinhos no dia 15 de agosto, um fen\u00f3meno de \u00c9vora conhecido pela abordagem irreverente, respons\u00e1vel por hits como P\u00f4r do Sol. No \u00faltimo dia, 16 de agosto, atua Quim Barreiros, figura hist\u00f3rica da m\u00fasica popular portuguesa.<\/p>\n<h3>Cartaz divulgado<\/h3>\n<p>A organiza\u00e7\u00e3o adianta que o cartaz pode sofrer novas adi\u00e7\u00f5es nas pr\u00f3ximas semanas, com concertos distribu\u00eddos por v\u00e1rios palcos e zonas de restaura\u00e7\u00e3o no recinto. A programa\u00e7\u00e3o incluir\u00e1 iniciativas paralelas de liga\u00e7\u00e3o entre comunidade e territ\u00f3rio.<\/p>\n<h3>Venda de bilhetes<\/h3>\n<p>Os bilhetes j\u00e1 est\u00e3o \u00e0 venda em blueticket.pt e nos pontos habituais. Pre\u00e7os da primeira fase: di\u00e1rios 28 euros, passes de dois dias 48 euros e de quatro dias 82 euros. A organiza\u00e7\u00e3o destaca a possibilidade de an\u00fancios de novos artistas e novidades na programa\u00e7\u00e3o.<\/p>\n","protected":false},"excerpt":{"rendered":"<ul>\n<li>O Festival Sol da Caparica ocorre de 13 a 16 de agosto de 2026 no Parque Urbano da Costa da Caparica.<\/li>\n<li>Sara Correia atua no dia 13 de agosto, abrindo o cartaz com fado contempor\u00e2neo e o \u00e1lbum Tempestade.<\/li>\n<li>Veigh apresenta-se no dia 14 de agosto, com uma sonoridade que mistura trap, R&amp;B e hip hop.<\/li>\n<li>No dia 15 de agosto sobem ao palco os Vizinhos, fen\u00f3meno de \u00c9vora conhecido pela abordagem irreverente.<\/li>\n<li>Quim Barreiros fecha a edi\u00e7\u00e3o de 16 de agosto, agregando d\u00e9cadas de carreira junto do p\u00fablico.<\/li>\n<li>Os bilhetes j\u00e1 est\u00e3o \u00e0 venda em blueticket.pt, com pre\u00e7os di\u00e1rios de 28 euros, passes de dois dias a 48 euros e de quatro dias a 82 euros.<\/li>\n<\/ul>\n","protected":false},"author":2,"featured_media":405741,"comment_status":"closed","ping_status":"closed","sticky":false,"template":"","format":"standard","meta":{"footnotes":""},"categories":[6676,1],"tags":[1373,145,1074,122,5062,1014],"class_list":["post-405736","post","type-post","status-publish","format-standard","has-post-thumbnail","hentry","category-musica","category-noticias","tag-almada","tag-cultura","tag-evora","tag-musica","tag-musica-urbana","tag-portugal"],"yoast_head":"<!-- This site is optimized with the Yoast SEO plugin v27.2 - https:\/\/yoast.com\/product\/yoast-seo-wordpress\/ -->\n<title>Sara Correia, Veigh, Vizinhos e Quim Barreiros no Sol da Caparica - Portal Tela Portugal<\/title>\n<meta name=\"robots\" content=\"index, follow, max-snippet:-1, max-image-preview:large, max-video-preview:-1\" \/>\n<meta property=\"og:locale\" content=\"pt_PT\" \/>\n<meta property=\"og:type\" content=\"article\" \/>\n<meta property=\"og:title\" content=\"Sara Correia, Veigh, Vizinhos e Quim Barreiros no Sol da Caparica - Portal Tela Portugal\" \/>\n<meta property=\"og:description\" content=\"O Festival Sol da Caparica ocorre de 13 a 16 de agosto de 2026 no Parque Urbano da Costa da Caparica. Sara Correia atua no dia 13 de agosto, abrindo o cartaz com fado contempor\u00e2neo e o \u00e1lbum Tempestade. Veigh apresenta-se no dia 14 de agosto, com uma sonoridade que mistura trap, R&amp;B e hip hop. No dia 15 de agosto sobem ao palco os Vizinhos, fen\u00f3meno de \u00c9vora conhecido pela abordagem irreverente. Quim Barreiros fecha a edi\u00e7\u00e3o de 16 de agosto, agregando d\u00e9cadas de carreira junto do p\u00fablico. Os bilhetes j\u00e1 est\u00e3o \u00e0 venda em blueticket.pt, com pre\u00e7os di\u00e1rios de 28 euros, passes de dois dias a 48 euros e de quatro dias a 82 euros.\" \/>\n<meta property=\"og:url\" content=\"https:\/\/portaltela.pt\/noticias\/2026\/03\/11\/sara-correia-veigh-vizinhos-e-quim-barreiros-no-sol-da-caparica\/\" \/>\n<meta property=\"og:site_name\" content=\"Portal Tela Portugal\" \/>\n<meta property=\"article:published_time\" content=\"2026-03-11T10:41:00+00:00\" \/>\n<meta name=\"author\" content=\"Telinha\" \/>\n<meta name=\"twitter:card\" content=\"summary_large_image\" \/>\n<meta name=\"twitter:label1\" content=\"Escrito por\" \/>\n\t<meta name=\"twitter:data1\" content=\"Telinha\" \/>\n\t<meta name=\"twitter:label2\" content=\"Tempo estimado de leitura\" \/>\n\t<meta name=\"twitter:data2\" content=\"1 minuto\" \/>\n<script type=\"application\/ld+json\" class=\"yoast-schema-graph\">{\"@context\":\"https:\/\/schema.org\",\"@graph\":[{\"@type\":\"Article\",\"@id\":\"https:\/\/portaltela.pt\/noticias\/2026\/03\/11\/sara-correia-veigh-vizinhos-e-quim-barreiros-no-sol-da-caparica\/#article\",\"isPartOf\":{\"@id\":\"https:\/\/portaltela.pt\/noticias\/2026\/03\/11\/sara-correia-veigh-vizinhos-e-quim-barreiros-no-sol-da-caparica\/\"},\"author\":{\"name\":\"Telinha\",\"@id\":\"https:\/\/portaltela.pt\/#\/schema\/person\/c4278d4a6028830caff9ee44b42d32ed\"},\"headline\":\"Sara Correia, Veigh, Vizinhos e Quim Barreiros no Sol da Caparica\",\"datePublished\":\"2026-03-11T10:41:00+00:00\",\"mainEntityOfPage\":{\"@id\":\"https:\/\/portaltela.pt\/noticias\/2026\/03\/11\/sara-correia-veigh-vizinhos-e-quim-barreiros-no-sol-da-caparica\/\"},\"wordCount\":258,\"image\":{\"@id\":\"https:\/\/portaltela.pt\/noticias\/2026\/03\/11\/sara-correia-veigh-vizinhos-e-quim-barreiros-no-sol-da-caparica\/#primaryimage\"},\"thumbnailUrl\":\"https:\/\/portaltela.pt\/s.01k8rhncp4jt1\/2026\/03\/image-692.jpg\",\"keywords\":[\"Almada\",\"cultura\",\"\u00c9vora\",\"m\u00fasica\",\"m\u00fasica urbana\",\"Portugal\"],\"articleSection\":[\"M\u00fasica\",\"Not\u00edcias\"],\"inLanguage\":\"pt-PT\"},{\"@type\":\"WebPage\",\"@id\":\"https:\/\/portaltela.pt\/noticias\/2026\/03\/11\/sara-correia-veigh-vizinhos-e-quim-barreiros-no-sol-da-caparica\/\",\"url\":\"https:\/\/portaltela.pt\/noticias\/2026\/03\/11\/sara-correia-veigh-vizinhos-e-quim-barreiros-no-sol-da-caparica\/\",\"name\":\"Sara Correia, Veigh, Vizinhos e Quim Barreiros no Sol da Caparica - Portal Tela Portugal\",\"isPartOf\":{\"@id\":\"https:\/\/portaltela.pt\/#website\"},\"primaryImageOfPage\":{\"@id\":\"https:\/\/portaltela.pt\/noticias\/2026\/03\/11\/sara-correia-veigh-vizinhos-e-quim-barreiros-no-sol-da-caparica\/#primaryimage\"},\"image\":{\"@id\":\"https:\/\/portaltela.pt\/noticias\/2026\/03\/11\/sara-correia-veigh-vizinhos-e-quim-barreiros-no-sol-da-caparica\/#primaryimage\"},\"thumbnailUrl\":\"https:\/\/portaltela.pt\/s.01k8rhncp4jt1\/2026\/03\/image-692.jpg\",\"datePublished\":\"2026-03-11T10:41:00+00:00\",\"author\":{\"@id\":\"https:\/\/portaltela.pt\/#\/schema\/person\/c4278d4a6028830caff9ee44b42d32ed\"},\"breadcrumb\":{\"@id\":\"https:\/\/portaltela.pt\/noticias\/2026\/03\/11\/sara-correia-veigh-vizinhos-e-quim-barreiros-no-sol-da-caparica\/#breadcrumb\"},\"inLanguage\":\"pt-PT\",\"potentialAction\":[{\"@type\":\"ReadAction\",\"target\":[\"https:\/\/portaltela.pt\/noticias\/2026\/03\/11\/sara-correia-veigh-vizinhos-e-quim-barreiros-no-sol-da-caparica\/\"]}]},{\"@type\":\"ImageObject\",\"inLanguage\":\"pt-PT\",\"@id\":\"https:\/\/portaltela.pt\/noticias\/2026\/03\/11\/sara-correia-veigh-vizinhos-e-quim-barreiros-no-sol-da-caparica\/#primaryimage\",\"url\":\"https:\/\/portaltela.pt\/s.01k8rhncp4jt1\/2026\/03\/image-692.jpg\",\"contentUrl\":\"https:\/\/portaltela.pt\/s.01k8rhncp4jt1\/2026\/03\/image-692.jpg\",\"width\":796,\"height\":448,\"caption\":\"Sara Correia sobe ao palco no dia 13 de agosto\"},{\"@type\":\"BreadcrumbList\",\"@id\":\"https:\/\/portaltela.pt\/noticias\/2026\/03\/11\/sara-correia-veigh-vizinhos-e-quim-barreiros-no-sol-da-caparica\/#breadcrumb\",\"itemListElement\":[{\"@type\":\"ListItem\",\"position\":1,\"name\":\"In\u00edcio\",\"item\":\"https:\/\/portaltela.pt\/\"},{\"@type\":\"ListItem\",\"position\":2,\"name\":\"Sara Correia, Veigh, Vizinhos e Quim Barreiros no Sol da Caparica\"}]},{\"@type\":\"WebSite\",\"@id\":\"https:\/\/portaltela.pt\/#website\",\"url\":\"https:\/\/portaltela.pt\/\",\"name\":\"Portal Tela Portugal\",\"description\":\"\",\"potentialAction\":[{\"@type\":\"SearchAction\",\"target\":{\"@type\":\"EntryPoint\",\"urlTemplate\":\"https:\/\/portaltela.pt\/?s={search_term_string}\"},\"query-input\":{\"@type\":\"PropertyValueSpecification\",\"valueRequired\":true,\"valueName\":\"search_term_string\"}}],\"inLanguage\":\"pt-PT\"},{\"@type\":\"Person\",\"@id\":\"https:\/\/portaltela.pt\/#\/schema\/person\/c4278d4a6028830caff9ee44b42d32ed\",\"name\":\"Telinha\",\"image\":{\"@type\":\"ImageObject\",\"inLanguage\":\"pt-PT\",\"@id\":\"https:\/\/portaltela.pt\/s.01k8rhncp4jt1\/2025\/11\/talking-bot-125x125.png\",\"url\":\"https:\/\/portaltela.pt\/s.01k8rhncp4jt1\/2025\/11\/talking-bot-125x125.png\",\"contentUrl\":\"https:\/\/portaltela.pt\/s.01k8rhncp4jt1\/2025\/11\/talking-bot-125x125.png\",\"caption\":\"Telinha\"},\"sameAs\":[\"https:\/\/portaltela.pt\/\"],\"url\":\"https:\/\/portaltela.pt\/por\/367410592786\/\"}]}<\/script>\n<!-- \/ Yoast SEO plugin. -->","yoast_head_json":{"title":"Sara Correia, Veigh, Vizinhos e Quim Barreiros no Sol da Caparica - Portal Tela Portugal","robots":{"index":"index","follow":"follow","max-snippet":"max-snippet:-1","max-image-preview":"max-image-preview:large","max-video-preview":"max-video-preview:-1"},"og_locale":"pt_PT","og_type":"article","og_title":"Sara Correia, Veigh, Vizinhos e Quim Barreiros no Sol da Caparica - Portal Tela Portugal","og_description":"O Festival Sol da Caparica ocorre de 13 a 16 de agosto de 2026 no Parque Urbano da Costa da Caparica. Sara Correia atua no dia 13 de agosto, abrindo o cartaz com fado contempor\u00e2neo e o \u00e1lbum Tempestade. Veigh apresenta-se no dia 14 de agosto, com uma sonoridade que mistura trap, R&amp;B e hip hop. No dia 15 de agosto sobem ao palco os Vizinhos, fen\u00f3meno de \u00c9vora conhecido pela abordagem irreverente. Quim Barreiros fecha a edi\u00e7\u00e3o de 16 de agosto, agregando d\u00e9cadas de carreira junto do p\u00fablico. Os bilhetes j\u00e1 est\u00e3o \u00e0 venda em blueticket.pt, com pre\u00e7os di\u00e1rios de 28 euros, passes de dois dias a 48 euros e de quatro dias a 82 euros.","og_url":"https:\/\/portaltela.pt\/noticias\/2026\/03\/11\/sara-correia-veigh-vizinhos-e-quim-barreiros-no-sol-da-caparica\/","og_site_name":"Portal Tela Portugal","article_published_time":"2026-03-11T10:41:00+00:00","author":"Telinha","twitter_card":"summary_large_image","twitter_misc":{"Escrito por":"Telinha","Tempo estimado de leitura":"1 minuto"},"schema":{"@context":"https:\/\/schema.org","@graph":[{"@type":"Article","@id":"https:\/\/portaltela.pt\/noticias\/2026\/03\/11\/sara-correia-veigh-vizinhos-e-quim-barreiros-no-sol-da-caparica\/#article","isPartOf":{"@id":"https:\/\/portaltela.pt\/noticias\/2026\/03\/11\/sara-correia-veigh-vizinhos-e-quim-barreiros-no-sol-da-caparica\/"},"author":{"name":"Telinha","@id":"https:\/\/portaltela.pt\/#\/schema\/person\/c4278d4a6028830caff9ee44b42d32ed"},"headline":"Sara Correia, Veigh, Vizinhos e Quim Barreiros no Sol da Caparica","datePublished":"2026-03-11T10:41:00+00:00","mainEntityOfPage":{"@id":"https:\/\/portaltela.pt\/noticias\/2026\/03\/11\/sara-correia-veigh-vizinhos-e-quim-barreiros-no-sol-da-caparica\/"},"wordCount":258,"image":{"@id":"https:\/\/portaltela.pt\/noticias\/2026\/03\/11\/sara-correia-veigh-vizinhos-e-quim-barreiros-no-sol-da-caparica\/#primaryimage"},"thumbnailUrl":"https:\/\/portaltela.pt\/s.01k8rhncp4jt1\/2026\/03\/image-692.jpg","keywords":["Almada","cultura","\u00c9vora","m\u00fasica","m\u00fasica urbana","Portugal"],"articleSection":["M\u00fasica","Not\u00edcias"],"inLanguage":"pt-PT"},{"@type":"WebPage","@id":"https:\/\/portaltela.pt\/noticias\/2026\/03\/11\/sara-correia-veigh-vizinhos-e-quim-barreiros-no-sol-da-caparica\/","url":"https:\/\/portaltela.pt\/noticias\/2026\/03\/11\/sara-correia-veigh-vizinhos-e-quim-barreiros-no-sol-da-caparica\/","name":"Sara Correia, Veigh, Vizinhos e Quim Barreiros no Sol da Caparica - Portal Tela Portugal","isPartOf":{"@id":"https:\/\/portaltela.pt\/#website"},"primaryImageOfPage":{"@id":"https:\/\/portaltela.pt\/noticias\/2026\/03\/11\/sara-correia-veigh-vizinhos-e-quim-barreiros-no-sol-da-caparica\/#primaryimage"},"image":{"@id":"https:\/\/portaltela.pt\/noticias\/2026\/03\/11\/sara-correia-veigh-vizinhos-e-quim-barreiros-no-sol-da-caparica\/#primaryimage"},"thumbnailUrl":"https:\/\/portaltela.pt\/s.01k8rhncp4jt1\/2026\/03\/image-692.jpg","datePublished":"2026-03-11T10:41:00+00:00","author":{"@id":"https:\/\/portaltela.pt\/#\/schema\/person\/c4278d4a6028830caff9ee44b42d32ed"},"breadcrumb":{"@id":"https:\/\/portaltela.pt\/noticias\/2026\/03\/11\/sara-correia-veigh-vizinhos-e-quim-barreiros-no-sol-da-caparica\/#breadcrumb"},"inLanguage":"pt-PT","potentialAction":[{"@type":"ReadAction","target":["https:\/\/portaltela.pt\/noticias\/2026\/03\/11\/sara-correia-veigh-vizinhos-e-quim-barreiros-no-sol-da-caparica\/"]}]},{"@type":"ImageObject","inLanguage":"pt-PT","@id":"https:\/\/portaltela.pt\/noticias\/2026\/03\/11\/sara-correia-veigh-vizinhos-e-quim-barreiros-no-sol-da-caparica\/#primaryimage","url":"https:\/\/portaltela.pt\/s.01k8rhncp4jt1\/2026\/03\/image-692.jpg","contentUrl":"https:\/\/portaltela.pt\/s.01k8rhncp4jt1\/2026\/03\/image-692.jpg","width":796,"height":448,"caption":"Sara Correia sobe ao palco no dia 13 de agosto"},{"@type":"BreadcrumbList","@id":"https:\/\/portaltela.pt\/noticias\/2026\/03\/11\/sara-correia-veigh-vizinhos-e-quim-barreiros-no-sol-da-caparica\/#breadcrumb","itemListElement":[{"@type":"ListItem","position":1,"name":"In\u00edcio","item":"https:\/\/portaltela.pt\/"},{"@type":"ListItem","position":2,"name":"Sara Correia, Veigh, Vizinhos e Quim Barreiros no Sol da Caparica"}]},{"@type":"WebSite","@id":"https:\/\/portaltela.pt\/#website","url":"https:\/\/portaltela.pt\/","name":"Portal Tela Portugal","description":"","potentialAction":[{"@type":"SearchAction","target":{"@type":"EntryPoint","urlTemplate":"https:\/\/portaltela.pt\/?s={search_term_string}"},"query-input":{"@type":"PropertyValueSpecification","valueRequired":true,"valueName":"search_term_string"}}],"inLanguage":"pt-PT"},{"@type":"Person","@id":"https:\/\/portaltela.pt\/#\/schema\/person\/c4278d4a6028830caff9ee44b42d32ed","name":"Telinha","image":{"@type":"ImageObject","inLanguage":"pt-PT","@id":"https:\/\/portaltela.pt\/s.01k8rhncp4jt1\/2025\/11\/talking-bot-125x125.png","url":"https:\/\/portaltela.pt\/s.01k8rhncp4jt1\/2025\/11\/talking-bot-125x125.png","contentUrl":"https:\/\/portaltela.pt\/s.01k8rhncp4jt1\/2025\/11\/talking-bot-125x125.png","caption":"Telinha"},"sameAs":["https:\/\/portaltela.pt\/"],"url":"https:\/\/portaltela.pt\/por\/367410592786\/"}]}},"_links":{"self":[{"href":"https:\/\/portaltela.pt\/api\/wp\/v2\/posts\/405736","targetHints":{"allow":["GET"]}}],"collection":[{"href":"https:\/\/portaltela.pt\/api\/wp\/v2\/posts"}],"about":[{"href":"https:\/\/portaltela.pt\/api\/wp\/v2\/types\/post"}],"author":[{"embeddable":true,"href":"https:\/\/portaltela.pt\/api\/wp\/v2\/users\/2"}],"replies":[{"embeddable":true,"href":"https:\/\/portaltela.pt\/api\/wp\/v2\/comments?post=405736"}],"version-history":[{"count":0,"href":"https:\/\/portaltela.pt\/api\/wp\/v2\/posts\/405736\/revisions"}],"wp:featuredmedia":[{"embeddable":true,"href":"https:\/\/portaltela.pt\/api\/wp\/v2\/media\/405741"}],"wp:attachment":[{"href":"https:\/\/portaltela.pt\/api\/wp\/v2\/media?parent=405736"}],"wp:term":[{"taxonomy":"category","embeddable":true,"href":"https:\/\/portaltela.pt\/api\/wp\/v2\/categories?post=405736"},{"taxonomy":"post_tag","embeddable":true,"href":"https:\/\/portaltela.pt\/api\/wp\/v2\/tags?post=405736"}],"curies":[{"name":"wp","href":"https:\/\/api.w.org\/{rel}","templated":true}]}}