{"id":405713,"date":"2026-03-11T07:38:00","date_gmt":"2026-03-11T10:38:00","guid":{"rendered":"https:\/\/portaltela.pt\/noticias\/2026\/03\/11\/casemiro-no-dragao-e-sonho-impossivel-de-thiago-silva\/"},"modified":"2026-03-11T07:38:00","modified_gmt":"2026-03-11T10:38:00","slug":"casemiro-no-dragao-e-sonho-impossivel-de-thiago-silva","status":"publish","type":"post","link":"https:\/\/portaltela.pt\/desporto\/futebol\/2026\/03\/11\/casemiro-no-dragao-e-sonho-impossivel-de-thiago-silva\/","title":{"rendered":"Casemiro no Drag\u00e3o \u00e9 sonho imposs\u00edvel de Thiago Silva"},"content":{"rendered":"<p>Casemiro vai abandonar o Manchester United no final da temporada, e o F. C. Porto n\u00e3o \u00e9 o destino \u043f\u0440\u043eposto. O m\u00e9dio brasileiro ainda n\u00e3o tem um acordo definido para o pr\u00f3ximo passo da carreira.<\/p>\n<p>Thiago Silva admitiu o desejo de voltar a jogar com Casemiro, com quem partilhou a sele\u00e7\u00e3o brasileira, abrindo a hip\u00f3tese de regressar \u00e0 Invicta. No entanto, n\u00e3o h\u00e1 movimento em curso pelo jogador de 34 anos.<\/p>\n<p>Segundo o Jornal de Not\u00edcias (JN), n\u00e3o existe interesse por parte da administra\u00e7\u00e3o do Porto na contrata\u00e7\u00e3o de Casemiro, o que torna esse cen\u00e1rio improv\u00e1vel neste momento. Casemiro destacou-se j\u00e1 pelo clube portista em 2014\/15 antes de se transferir para o Real Madrid.<\/p>\n<p>A sa\u00edda de Casemiro do United sucede ap\u00f3s uma \u00e9poca ainda em curso, sem confirma\u00e7\u00e3o de destino oficial. O jogador j\u00e1 anunciou que deixar\u00e1 o clube ao terminar o presente campeonato.<\/p>\n","protected":false},"excerpt":{"rendered":"<ul>\n<li>Casemiro vai sair do Manchester United no final da \u00e9poca e o destino seguinte n\u00e3o ser\u00e1 o F. C. Porto.<\/li>\n<li>Thiago Silva manifestou o desejo de voltar a jogar com Casemiro, abrindo a possibilidade de regresso ao Drag\u00e3o, onde brilhou na \u00e9poca 2014\/15.<\/li>\n<li>N\u00e3o existe interesse da Sociedade Desportiva do Porto (SAD) na contrata\u00e7\u00e3o do internacional brasileiro, de 34 anos.<\/li>\n<li>Casemiro tem 34 anos e j\u00e1 anunciou a sa\u00edda do Manchester United ao fim desta temporada.<\/li>\n<li>Segundo o Jornal de Not\u00edcias, o cen\u00e1rio de regresso ao Porto n\u00e3o est\u00e1 em cima da mesa.<\/li>\n<\/ul>\n","protected":false},"author":2,"featured_media":405715,"comment_status":"closed","ping_status":"closed","sticky":false,"template":"","format":"standard","meta":{"footnotes":""},"categories":[21,24],"tags":[2547,2454,32,3187,982,3037],"class_list":["post-405713","post","type-post","status-publish","format-standard","has-post-thumbnail","hentry","category-desporto","category-futebol","tag-brasil","tag-casemiro","tag-futebol","tag-manchester-united","tag-porto","tag-thiago-silva"],"yoast_head":"<!-- This site is optimized with the Yoast SEO plugin v27.2 - https:\/\/yoast.com\/product\/yoast-seo-wordpress\/ -->\n<title>Casemiro no Drag\u00e3o \u00e9 sonho imposs\u00edvel de Thiago Silva - Portal Tela Portugal<\/title>\n<meta name=\"robots\" content=\"index, follow, max-snippet:-1, max-image-preview:large, max-video-preview:-1\" \/>\n<meta property=\"og:locale\" content=\"pt_PT\" \/>\n<meta property=\"og:type\" content=\"article\" \/>\n<meta property=\"og:title\" content=\"Casemiro no Drag\u00e3o \u00e9 sonho imposs\u00edvel de Thiago Silva - Portal Tela Portugal\" \/>\n<meta property=\"og:description\" content=\"Casemiro vai sair do Manchester United no final da \u00e9poca e o destino seguinte n\u00e3o ser\u00e1 o F. C. Porto. Thiago Silva manifestou o desejo de voltar a jogar com Casemiro, abrindo a possibilidade de regresso ao Drag\u00e3o, onde brilhou na \u00e9poca 2014\/15. N\u00e3o existe interesse da Sociedade Desportiva do Porto (SAD) na contrata\u00e7\u00e3o do internacional brasileiro, de 34 anos. Casemiro tem 34 anos e j\u00e1 anunciou a sa\u00edda do Manchester United ao fim desta temporada. Segundo o Jornal de Not\u00edcias, o cen\u00e1rio de regresso ao Porto n\u00e3o est\u00e1 em cima da mesa.\" \/>\n<meta property=\"og:url\" content=\"https:\/\/portaltela.pt\/noticias\/2026\/03\/11\/casemiro-no-dragao-e-sonho-impossivel-de-thiago-silva\/\" \/>\n<meta property=\"og:site_name\" content=\"Portal Tela Portugal\" \/>\n<meta property=\"article:published_time\" content=\"2026-03-11T10:38:00+00:00\" \/>\n<meta name=\"author\" content=\"Telinha\" \/>\n<meta name=\"twitter:card\" content=\"summary_large_image\" \/>\n<meta name=\"twitter:label1\" content=\"Escrito por\" \/>\n\t<meta name=\"twitter:data1\" content=\"Telinha\" \/>\n\t<meta name=\"twitter:label2\" content=\"Tempo estimado de leitura\" \/>\n\t<meta name=\"twitter:data2\" content=\"1 minuto\" \/>\n<script type=\"application\/ld+json\" class=\"yoast-schema-graph\">{\"@context\":\"https:\/\/schema.org\",\"@graph\":[{\"@type\":\"Article\",\"@id\":\"https:\/\/portaltela.pt\/noticias\/2026\/03\/11\/casemiro-no-dragao-e-sonho-impossivel-de-thiago-silva\/#article\",\"isPartOf\":{\"@id\":\"https:\/\/portaltela.pt\/noticias\/2026\/03\/11\/casemiro-no-dragao-e-sonho-impossivel-de-thiago-silva\/\"},\"author\":{\"name\":\"Telinha\",\"@id\":\"https:\/\/portaltela.pt\/#\/schema\/person\/c4278d4a6028830caff9ee44b42d32ed\"},\"headline\":\"Casemiro no Drag\u00e3o \u00e9 sonho imposs\u00edvel de Thiago Silva\",\"datePublished\":\"2026-03-11T10:38:00+00:00\",\"mainEntityOfPage\":{\"@id\":\"https:\/\/portaltela.pt\/noticias\/2026\/03\/11\/casemiro-no-dragao-e-sonho-impossivel-de-thiago-silva\/\"},\"wordCount\":167,\"image\":{\"@id\":\"https:\/\/portaltela.pt\/noticias\/2026\/03\/11\/casemiro-no-dragao-e-sonho-impossivel-de-thiago-silva\/#primaryimage\"},\"thumbnailUrl\":\"https:\/\/portaltela.pt\/s.01k8rhncp4jt1\/2026\/03\/image-688.jpg\",\"keywords\":[\"Brasil\",\"Casemiro\",\"futebol\",\"Manchester United\",\"Porto\",\"Thiago Silva\"],\"articleSection\":[\"Desporto\",\"Futebol\"],\"inLanguage\":\"pt-PT\"},{\"@type\":\"WebPage\",\"@id\":\"https:\/\/portaltela.pt\/noticias\/2026\/03\/11\/casemiro-no-dragao-e-sonho-impossivel-de-thiago-silva\/\",\"url\":\"https:\/\/portaltela.pt\/noticias\/2026\/03\/11\/casemiro-no-dragao-e-sonho-impossivel-de-thiago-silva\/\",\"name\":\"Casemiro no Drag\u00e3o \u00e9 sonho imposs\u00edvel de Thiago Silva - Portal Tela Portugal\",\"isPartOf\":{\"@id\":\"https:\/\/portaltela.pt\/#website\"},\"primaryImageOfPage\":{\"@id\":\"https:\/\/portaltela.pt\/noticias\/2026\/03\/11\/casemiro-no-dragao-e-sonho-impossivel-de-thiago-silva\/#primaryimage\"},\"image\":{\"@id\":\"https:\/\/portaltela.pt\/noticias\/2026\/03\/11\/casemiro-no-dragao-e-sonho-impossivel-de-thiago-silva\/#primaryimage\"},\"thumbnailUrl\":\"https:\/\/portaltela.pt\/s.01k8rhncp4jt1\/2026\/03\/image-688.jpg\",\"datePublished\":\"2026-03-11T10:38:00+00:00\",\"author\":{\"@id\":\"https:\/\/portaltela.pt\/#\/schema\/person\/c4278d4a6028830caff9ee44b42d32ed\"},\"breadcrumb\":{\"@id\":\"https:\/\/portaltela.pt\/noticias\/2026\/03\/11\/casemiro-no-dragao-e-sonho-impossivel-de-thiago-silva\/#breadcrumb\"},\"inLanguage\":\"pt-PT\",\"potentialAction\":[{\"@type\":\"ReadAction\",\"target\":[\"https:\/\/portaltela.pt\/noticias\/2026\/03\/11\/casemiro-no-dragao-e-sonho-impossivel-de-thiago-silva\/\"]}]},{\"@type\":\"ImageObject\",\"inLanguage\":\"pt-PT\",\"@id\":\"https:\/\/portaltela.pt\/noticias\/2026\/03\/11\/casemiro-no-dragao-e-sonho-impossivel-de-thiago-silva\/#primaryimage\",\"url\":\"https:\/\/portaltela.pt\/s.01k8rhncp4jt1\/2026\/03\/image-688.jpg\",\"contentUrl\":\"https:\/\/portaltela.pt\/s.01k8rhncp4jt1\/2026\/03\/image-688.jpg\",\"width\":796,\"height\":448,\"caption\":\"Casemiro joga no Manchester United\"},{\"@type\":\"BreadcrumbList\",\"@id\":\"https:\/\/portaltela.pt\/noticias\/2026\/03\/11\/casemiro-no-dragao-e-sonho-impossivel-de-thiago-silva\/#breadcrumb\",\"itemListElement\":[{\"@type\":\"ListItem\",\"position\":1,\"name\":\"In\u00edcio\",\"item\":\"https:\/\/portaltela.pt\/\"},{\"@type\":\"ListItem\",\"position\":2,\"name\":\"Casemiro no Drag\u00e3o \u00e9 sonho imposs\u00edvel de Thiago Silva\"}]},{\"@type\":\"WebSite\",\"@id\":\"https:\/\/portaltela.pt\/#website\",\"url\":\"https:\/\/portaltela.pt\/\",\"name\":\"Portal Tela Portugal\",\"description\":\"\",\"potentialAction\":[{\"@type\":\"SearchAction\",\"target\":{\"@type\":\"EntryPoint\",\"urlTemplate\":\"https:\/\/portaltela.pt\/?s={search_term_string}\"},\"query-input\":{\"@type\":\"PropertyValueSpecification\",\"valueRequired\":true,\"valueName\":\"search_term_string\"}}],\"inLanguage\":\"pt-PT\"},{\"@type\":\"Person\",\"@id\":\"https:\/\/portaltela.pt\/#\/schema\/person\/c4278d4a6028830caff9ee44b42d32ed\",\"name\":\"Telinha\",\"image\":{\"@type\":\"ImageObject\",\"inLanguage\":\"pt-PT\",\"@id\":\"https:\/\/portaltela.pt\/s.01k8rhncp4jt1\/2025\/11\/talking-bot-125x125.png\",\"url\":\"https:\/\/portaltela.pt\/s.01k8rhncp4jt1\/2025\/11\/talking-bot-125x125.png\",\"contentUrl\":\"https:\/\/portaltela.pt\/s.01k8rhncp4jt1\/2025\/11\/talking-bot-125x125.png\",\"caption\":\"Telinha\"},\"sameAs\":[\"https:\/\/portaltela.pt\/\"],\"url\":\"https:\/\/portaltela.pt\/por\/367410592786\/\"}]}<\/script>\n<!-- \/ Yoast SEO plugin. -->","yoast_head_json":{"title":"Casemiro no Drag\u00e3o \u00e9 sonho imposs\u00edvel de Thiago Silva - Portal Tela Portugal","robots":{"index":"index","follow":"follow","max-snippet":"max-snippet:-1","max-image-preview":"max-image-preview:large","max-video-preview":"max-video-preview:-1"},"og_locale":"pt_PT","og_type":"article","og_title":"Casemiro no Drag\u00e3o \u00e9 sonho imposs\u00edvel de Thiago Silva - Portal Tela Portugal","og_description":"Casemiro vai sair do Manchester United no final da \u00e9poca e o destino seguinte n\u00e3o ser\u00e1 o F. C. Porto. Thiago Silva manifestou o desejo de voltar a jogar com Casemiro, abrindo a possibilidade de regresso ao Drag\u00e3o, onde brilhou na \u00e9poca 2014\/15. N\u00e3o existe interesse da Sociedade Desportiva do Porto (SAD) na contrata\u00e7\u00e3o do internacional brasileiro, de 34 anos. Casemiro tem 34 anos e j\u00e1 anunciou a sa\u00edda do Manchester United ao fim desta temporada. Segundo o Jornal de Not\u00edcias, o cen\u00e1rio de regresso ao Porto n\u00e3o est\u00e1 em cima da mesa.","og_url":"https:\/\/portaltela.pt\/noticias\/2026\/03\/11\/casemiro-no-dragao-e-sonho-impossivel-de-thiago-silva\/","og_site_name":"Portal Tela Portugal","article_published_time":"2026-03-11T10:38:00+00:00","author":"Telinha","twitter_card":"summary_large_image","twitter_misc":{"Escrito por":"Telinha","Tempo estimado de leitura":"1 minuto"},"schema":{"@context":"https:\/\/schema.org","@graph":[{"@type":"Article","@id":"https:\/\/portaltela.pt\/noticias\/2026\/03\/11\/casemiro-no-dragao-e-sonho-impossivel-de-thiago-silva\/#article","isPartOf":{"@id":"https:\/\/portaltela.pt\/noticias\/2026\/03\/11\/casemiro-no-dragao-e-sonho-impossivel-de-thiago-silva\/"},"author":{"name":"Telinha","@id":"https:\/\/portaltela.pt\/#\/schema\/person\/c4278d4a6028830caff9ee44b42d32ed"},"headline":"Casemiro no Drag\u00e3o \u00e9 sonho imposs\u00edvel de Thiago Silva","datePublished":"2026-03-11T10:38:00+00:00","mainEntityOfPage":{"@id":"https:\/\/portaltela.pt\/noticias\/2026\/03\/11\/casemiro-no-dragao-e-sonho-impossivel-de-thiago-silva\/"},"wordCount":167,"image":{"@id":"https:\/\/portaltela.pt\/noticias\/2026\/03\/11\/casemiro-no-dragao-e-sonho-impossivel-de-thiago-silva\/#primaryimage"},"thumbnailUrl":"https:\/\/portaltela.pt\/s.01k8rhncp4jt1\/2026\/03\/image-688.jpg","keywords":["Brasil","Casemiro","futebol","Manchester United","Porto","Thiago Silva"],"articleSection":["Desporto","Futebol"],"inLanguage":"pt-PT"},{"@type":"WebPage","@id":"https:\/\/portaltela.pt\/noticias\/2026\/03\/11\/casemiro-no-dragao-e-sonho-impossivel-de-thiago-silva\/","url":"https:\/\/portaltela.pt\/noticias\/2026\/03\/11\/casemiro-no-dragao-e-sonho-impossivel-de-thiago-silva\/","name":"Casemiro no Drag\u00e3o \u00e9 sonho imposs\u00edvel de Thiago Silva - Portal Tela Portugal","isPartOf":{"@id":"https:\/\/portaltela.pt\/#website"},"primaryImageOfPage":{"@id":"https:\/\/portaltela.pt\/noticias\/2026\/03\/11\/casemiro-no-dragao-e-sonho-impossivel-de-thiago-silva\/#primaryimage"},"image":{"@id":"https:\/\/portaltela.pt\/noticias\/2026\/03\/11\/casemiro-no-dragao-e-sonho-impossivel-de-thiago-silva\/#primaryimage"},"thumbnailUrl":"https:\/\/portaltela.pt\/s.01k8rhncp4jt1\/2026\/03\/image-688.jpg","datePublished":"2026-03-11T10:38:00+00:00","author":{"@id":"https:\/\/portaltela.pt\/#\/schema\/person\/c4278d4a6028830caff9ee44b42d32ed"},"breadcrumb":{"@id":"https:\/\/portaltela.pt\/noticias\/2026\/03\/11\/casemiro-no-dragao-e-sonho-impossivel-de-thiago-silva\/#breadcrumb"},"inLanguage":"pt-PT","potentialAction":[{"@type":"ReadAction","target":["https:\/\/portaltela.pt\/noticias\/2026\/03\/11\/casemiro-no-dragao-e-sonho-impossivel-de-thiago-silva\/"]}]},{"@type":"ImageObject","inLanguage":"pt-PT","@id":"https:\/\/portaltela.pt\/noticias\/2026\/03\/11\/casemiro-no-dragao-e-sonho-impossivel-de-thiago-silva\/#primaryimage","url":"https:\/\/portaltela.pt\/s.01k8rhncp4jt1\/2026\/03\/image-688.jpg","contentUrl":"https:\/\/portaltela.pt\/s.01k8rhncp4jt1\/2026\/03\/image-688.jpg","width":796,"height":448,"caption":"Casemiro joga no Manchester United"},{"@type":"BreadcrumbList","@id":"https:\/\/portaltela.pt\/noticias\/2026\/03\/11\/casemiro-no-dragao-e-sonho-impossivel-de-thiago-silva\/#breadcrumb","itemListElement":[{"@type":"ListItem","position":1,"name":"In\u00edcio","item":"https:\/\/portaltela.pt\/"},{"@type":"ListItem","position":2,"name":"Casemiro no Drag\u00e3o \u00e9 sonho imposs\u00edvel de Thiago Silva"}]},{"@type":"WebSite","@id":"https:\/\/portaltela.pt\/#website","url":"https:\/\/portaltela.pt\/","name":"Portal Tela Portugal","description":"","potentialAction":[{"@type":"SearchAction","target":{"@type":"EntryPoint","urlTemplate":"https:\/\/portaltela.pt\/?s={search_term_string}"},"query-input":{"@type":"PropertyValueSpecification","valueRequired":true,"valueName":"search_term_string"}}],"inLanguage":"pt-PT"},{"@type":"Person","@id":"https:\/\/portaltela.pt\/#\/schema\/person\/c4278d4a6028830caff9ee44b42d32ed","name":"Telinha","image":{"@type":"ImageObject","inLanguage":"pt-PT","@id":"https:\/\/portaltela.pt\/s.01k8rhncp4jt1\/2025\/11\/talking-bot-125x125.png","url":"https:\/\/portaltela.pt\/s.01k8rhncp4jt1\/2025\/11\/talking-bot-125x125.png","contentUrl":"https:\/\/portaltela.pt\/s.01k8rhncp4jt1\/2025\/11\/talking-bot-125x125.png","caption":"Telinha"},"sameAs":["https:\/\/portaltela.pt\/"],"url":"https:\/\/portaltela.pt\/por\/367410592786\/"}]}},"_links":{"self":[{"href":"https:\/\/portaltela.pt\/api\/wp\/v2\/posts\/405713","targetHints":{"allow":["GET"]}}],"collection":[{"href":"https:\/\/portaltela.pt\/api\/wp\/v2\/posts"}],"about":[{"href":"https:\/\/portaltela.pt\/api\/wp\/v2\/types\/post"}],"author":[{"embeddable":true,"href":"https:\/\/portaltela.pt\/api\/wp\/v2\/users\/2"}],"replies":[{"embeddable":true,"href":"https:\/\/portaltela.pt\/api\/wp\/v2\/comments?post=405713"}],"version-history":[{"count":0,"href":"https:\/\/portaltela.pt\/api\/wp\/v2\/posts\/405713\/revisions"}],"wp:featuredmedia":[{"embeddable":true,"href":"https:\/\/portaltela.pt\/api\/wp\/v2\/media\/405715"}],"wp:attachment":[{"href":"https:\/\/portaltela.pt\/api\/wp\/v2\/media?parent=405713"}],"wp:term":[{"taxonomy":"category","embeddable":true,"href":"https:\/\/portaltela.pt\/api\/wp\/v2\/categories?post=405713"},{"taxonomy":"post_tag","embeddable":true,"href":"https:\/\/portaltela.pt\/api\/wp\/v2\/tags?post=405713"}],"curies":[{"name":"wp","href":"https:\/\/api.w.org\/{rel}","templated":true}]}}