{"id":405701,"date":"2026-03-11T07:23:00","date_gmt":"2026-03-11T10:23:00","guid":{"rendered":"https:\/\/portaltela.pt\/noticias\/2026\/03\/11\/guerra-custa-3-mil-milhoes-aos-europeus-von-der-leyen-admite-tetos-ao-gas\/"},"modified":"2026-03-11T07:23:00","modified_gmt":"2026-03-11T10:23:00","slug":"guerra-custa-3-mil-milhoes-aos-europeus-von-der-leyen-admite-tetos-ao-gas","status":"publish","type":"post","link":"https:\/\/portaltela.pt\/energia\/2026\/03\/11\/guerra-custa-3-mil-milhoes-aos-europeus-von-der-leyen-admite-tetos-ao-gas\/","title":{"rendered":"Guerra custa 3 mil milh\u00f5es aos europeus; Von der Leyen admite tetos ao g\u00e1s"},"content":{"rendered":"<p>A presidente da Comiss\u00e3o Europeia afirmou, na sess\u00e3o plen\u00e1ria do Parlamento Europeu, que a UE pode impor tetos ao pre\u00e7o do g\u00e1s. Adiantou que o aumento dos pre\u00e7os de energia j\u00e1 custa aos contribuintes cerca de 3 mil milh\u00f5es de euros e reiterou a recusa de aumentar as importa\u00e7\u00f5es de g\u00e1s russo. Observou que a crise atual exige respostas r\u00e1pidas, sem abandonar a estrat\u00e9gia de longo prazo.<\/p>\n<p>Von der Leyen explicou que, desde o in\u00edcio do conflito no M\u00e9dio Oriente, os pre\u00e7os do g\u00e1s subiram cerca de 50% e os do petr\u00f3leo 27%. Em euros, dezoito dias de guerra provocaram esse encargo adicional aos contribuintes europeus. Alertou para os riscos de voltar aos combust\u00edveis f\u00f3sseis russos, que aumentariam a depend\u00eancia.<\/p>\n<p>A l\u00edder comunit\u00e1ria reconheceu a press\u00e3o sobre fam\u00edlias e empresas e apresentou uma leitura global das faturas energ\u00e9ticas, destacando quatro componentes que determinam o pre\u00e7o: energia, rede, impostos e taxas, e carbono. Prop\u00f4s a\u00e7\u00f5es que afetem estas \u00e1reas para reduzir as faturas.<\/p>\n<h3>Medidas para reduzir faturas de energia<\/h3>\n<p>N\u00e3o defendeu uma revis\u00e3o do atual sistema de pre\u00e7os, mas apontou op\u00e7\u00f5es como melhor uso de contratos de compra de energia e de contratos por diferen\u00e7a, al\u00e9m de medidas de apoio estatal e a possibilidade de subs\u00eddios ou tetos ao pre\u00e7o do g\u00e1s. O objetivo \u00e9 mitigar o impacto da energia cara.<\/p>\n<h3>Custos de rede e efici\u00eancia<\/h3>\n<p>Reconheceu que os encargos da rede s\u00e3o necess\u00e1rios para infraestruturas modernas, mas h\u00e1 margem para aumentar a produtividade da rede e reduzir perdas, especialmente com maior produ\u00e7\u00e3o renov\u00e1vel. Destacou que a UE instalou 80 gigawatts de renov\u00e1veis no \u00faltimo ano, um recorde, mas grande parte n\u00e3o chegou \u00e0s redes.<\/p>\n<h3>Impostos, taxas e carbono<\/h3>\n<p>A presidente apontou que a compet\u00eancia de tributa\u00e7\u00e3o \u00e9 nacional, com disparidades entre Estados-membros. Citou exemplos de varia\u00e7\u00f5es na tributa\u00e7\u00e3o de eletricidade. Defendeu a necessidade de modernizar o regime de emiss\u00f5es da UE, para evitar desperd\u00edcios de g\u00e1s.<\/p>\n<h3>Pr\u00f3ximos passos e coopera\u00e7\u00e3o<\/h3>\n<p>Concluiu pedindo aos eurodeputados que trabalhem em conjunto com a Comiss\u00e3o na implementa\u00e7\u00e3o destas medidas. Garantiu que a estrat\u00e9gia europeia procura reduzir custos, manter a seguran\u00e7a energ\u00e9tica e manter a press\u00e3o para uma transi\u00e7\u00e3o energ\u00e9tica mais eficiente.<\/p>\n","protected":false},"excerpt":{"rendered":"<ul>\n<li>A presidente da Comiss\u00e3o Europeia mencionou a possibilidade de tetos ao pre\u00e7o do g\u00e1s, sublinhando que o aumento da fatura energ\u00e9tica j\u00e1 custa aos contribuintes europeus cerca de 3 mil milh\u00f5es de euros em dez dias de conflito no Ir\u00e3o, mantendo as san\u00e7\u00f5es \u00e0 R\u00fassia.<\/li>\n<li>Alertou que abandonar a estrat\u00e9gia de longo prazo e regressar aos combust\u00edveis f\u00f3sseis russos seria um erro estrat\u00e9gico, aumentando a depend\u00eancia e a vulnerabilidade.<\/li>\n<li>Para reduzir as faturas, apontou quatro componentes que determinam o pre\u00e7o da energia: custo da energia, rede, impostos e taxas, e custo do carbono.<\/li>\n<li>Estudam\u2011se medidas como melhor uso de contratos de compra de energia e de contratos por diferen\u00e7a, ajuda estatal e a possibilidade de um teto ao pre\u00e7o do g\u00e1s.<\/li>\n<li>Sobre as redes, reconheceu espa\u00e7o para melhoria da produtividade; no \u00faltimo ano foram instalados 80 gigawatts de renov\u00e1veis, mas grande parte n\u00e3o chega \u00e0s redes, e h\u00e1 disparidades fiscais entre Estados\u2011Membros, com defesa do regime de com\u00e9rcio de emiss\u00f5es, a ser modernizado.<\/li>\n<\/ul>\n","protected":false},"author":2,"featured_media":405708,"comment_status":"closed","ping_status":"closed","sticky":false,"template":"","format":"standard","meta":{"footnotes":""},"categories":[6806],"tags":[942,174,3603,5821,3613,2055],"class_list":["post-405701","post","type-post","status-publish","format-standard","has-post-thumbnail","hentry","category-energia","tag-emissoes-de-gases-de-efeito-de-estufa","tag-energia","tag-energias-renovaveis","tag-importacoes-internacionais","tag-impostos","tag-uniao-europeia"],"yoast_head":"<!-- This site is optimized with the Yoast SEO plugin v27.2 - https:\/\/yoast.com\/product\/yoast-seo-wordpress\/ -->\n<title>Guerra custa 3 mil milh\u00f5es aos europeus; Von der Leyen admite tetos ao g\u00e1s - Portal Tela Portugal<\/title>\n<meta name=\"robots\" content=\"index, follow, max-snippet:-1, max-image-preview:large, max-video-preview:-1\" \/>\n<meta property=\"og:locale\" content=\"pt_PT\" \/>\n<meta property=\"og:type\" content=\"article\" \/>\n<meta property=\"og:title\" content=\"Guerra custa 3 mil milh\u00f5es aos europeus; Von der Leyen admite tetos ao g\u00e1s - Portal Tela Portugal\" \/>\n<meta property=\"og:description\" content=\"A presidente da Comiss\u00e3o Europeia mencionou a possibilidade de tetos ao pre\u00e7o do g\u00e1s, sublinhando que o aumento da fatura energ\u00e9tica j\u00e1 custa aos contribuintes europeus cerca de 3 mil milh\u00f5es de euros em dez dias de conflito no Ir\u00e3o, mantendo as san\u00e7\u00f5es \u00e0 R\u00fassia. Alertou que abandonar a estrat\u00e9gia de longo prazo e regressar aos combust\u00edveis f\u00f3sseis russos seria um erro estrat\u00e9gico, aumentando a depend\u00eancia e a vulnerabilidade. Para reduzir as faturas, apontou quatro componentes que determinam o pre\u00e7o da energia: custo da energia, rede, impostos e taxas, e custo do carbono. Estudam\u2011se medidas como melhor uso de contratos de compra de energia e de contratos por diferen\u00e7a, ajuda estatal e a possibilidade de um teto ao pre\u00e7o do g\u00e1s. Sobre as redes, reconheceu espa\u00e7o para melhoria da produtividade; no \u00faltimo ano foram instalados 80 gigawatts de renov\u00e1veis, mas grande parte n\u00e3o chega \u00e0s redes, e h\u00e1 disparidades fiscais entre Estados\u2011Membros, com defesa do regime de com\u00e9rcio de emiss\u00f5es, a ser modernizado.\" \/>\n<meta property=\"og:url\" content=\"https:\/\/portaltela.pt\/noticias\/2026\/03\/11\/guerra-custa-3-mil-milhoes-aos-europeus-von-der-leyen-admite-tetos-ao-gas\/\" \/>\n<meta property=\"og:site_name\" content=\"Portal Tela Portugal\" \/>\n<meta property=\"article:published_time\" content=\"2026-03-11T10:23:00+00:00\" \/>\n<meta name=\"author\" content=\"Telinha\" \/>\n<meta name=\"twitter:card\" content=\"summary_large_image\" \/>\n<meta name=\"twitter:label1\" content=\"Escrito por\" \/>\n\t<meta name=\"twitter:data1\" content=\"Telinha\" \/>\n\t<meta name=\"twitter:label2\" content=\"Tempo estimado de leitura\" \/>\n\t<meta name=\"twitter:data2\" content=\"2 minutos\" \/>\n<script type=\"application\/ld+json\" class=\"yoast-schema-graph\">{\"@context\":\"https:\/\/schema.org\",\"@graph\":[{\"@type\":\"Article\",\"@id\":\"https:\/\/portaltela.pt\/noticias\/2026\/03\/11\/guerra-custa-3-mil-milhoes-aos-europeus-von-der-leyen-admite-tetos-ao-gas\/#article\",\"isPartOf\":{\"@id\":\"https:\/\/portaltela.pt\/noticias\/2026\/03\/11\/guerra-custa-3-mil-milhoes-aos-europeus-von-der-leyen-admite-tetos-ao-gas\/\"},\"author\":{\"name\":\"Telinha\",\"@id\":\"https:\/\/portaltela.pt\/#\/schema\/person\/c4278d4a6028830caff9ee44b42d32ed\"},\"headline\":\"Guerra custa 3 mil milh\u00f5es aos europeus; Von der Leyen admite tetos ao g\u00e1s\",\"datePublished\":\"2026-03-11T10:23:00+00:00\",\"mainEntityOfPage\":{\"@id\":\"https:\/\/portaltela.pt\/noticias\/2026\/03\/11\/guerra-custa-3-mil-milhoes-aos-europeus-von-der-leyen-admite-tetos-ao-gas\/\"},\"wordCount\":426,\"image\":{\"@id\":\"https:\/\/portaltela.pt\/noticias\/2026\/03\/11\/guerra-custa-3-mil-milhoes-aos-europeus-von-der-leyen-admite-tetos-ao-gas\/#primaryimage\"},\"thumbnailUrl\":\"https:\/\/portaltela.pt\/s.01k8rhncp4jt1\/2026\/03\/image-687.jpg\",\"keywords\":[\"Emiss\u00f5es de Gases de Efeito de Estufa\",\"energia\",\"energias renov\u00e1veis\",\"importa\u00e7\u00f5es internacionais\",\"impostos\",\"Uni\u00e3o Europeia\"],\"articleSection\":[\"Energia\"],\"inLanguage\":\"pt-PT\"},{\"@type\":\"WebPage\",\"@id\":\"https:\/\/portaltela.pt\/noticias\/2026\/03\/11\/guerra-custa-3-mil-milhoes-aos-europeus-von-der-leyen-admite-tetos-ao-gas\/\",\"url\":\"https:\/\/portaltela.pt\/noticias\/2026\/03\/11\/guerra-custa-3-mil-milhoes-aos-europeus-von-der-leyen-admite-tetos-ao-gas\/\",\"name\":\"Guerra custa 3 mil milh\u00f5es aos europeus; Von der Leyen admite tetos ao g\u00e1s - Portal Tela Portugal\",\"isPartOf\":{\"@id\":\"https:\/\/portaltela.pt\/#website\"},\"primaryImageOfPage\":{\"@id\":\"https:\/\/portaltela.pt\/noticias\/2026\/03\/11\/guerra-custa-3-mil-milhoes-aos-europeus-von-der-leyen-admite-tetos-ao-gas\/#primaryimage\"},\"image\":{\"@id\":\"https:\/\/portaltela.pt\/noticias\/2026\/03\/11\/guerra-custa-3-mil-milhoes-aos-europeus-von-der-leyen-admite-tetos-ao-gas\/#primaryimage\"},\"thumbnailUrl\":\"https:\/\/portaltela.pt\/s.01k8rhncp4jt1\/2026\/03\/image-687.jpg\",\"datePublished\":\"2026-03-11T10:23:00+00:00\",\"author\":{\"@id\":\"https:\/\/portaltela.pt\/#\/schema\/person\/c4278d4a6028830caff9ee44b42d32ed\"},\"breadcrumb\":{\"@id\":\"https:\/\/portaltela.pt\/noticias\/2026\/03\/11\/guerra-custa-3-mil-milhoes-aos-europeus-von-der-leyen-admite-tetos-ao-gas\/#breadcrumb\"},\"inLanguage\":\"pt-PT\",\"potentialAction\":[{\"@type\":\"ReadAction\",\"target\":[\"https:\/\/portaltela.pt\/noticias\/2026\/03\/11\/guerra-custa-3-mil-milhoes-aos-europeus-von-der-leyen-admite-tetos-ao-gas\/\"]}]},{\"@type\":\"ImageObject\",\"inLanguage\":\"pt-PT\",\"@id\":\"https:\/\/portaltela.pt\/noticias\/2026\/03\/11\/guerra-custa-3-mil-milhoes-aos-europeus-von-der-leyen-admite-tetos-ao-gas\/#primaryimage\",\"url\":\"https:\/\/portaltela.pt\/s.01k8rhncp4jt1\/2026\/03\/image-687.jpg\",\"contentUrl\":\"https:\/\/portaltela.pt\/s.01k8rhncp4jt1\/2026\/03\/image-687.jpg\",\"width\":796,\"height\":448,\"caption\":\"Presidente da Comiss\u00e3o Europeia diz que seria um erro voltar a importar g\u00e1s russo\"},{\"@type\":\"BreadcrumbList\",\"@id\":\"https:\/\/portaltela.pt\/noticias\/2026\/03\/11\/guerra-custa-3-mil-milhoes-aos-europeus-von-der-leyen-admite-tetos-ao-gas\/#breadcrumb\",\"itemListElement\":[{\"@type\":\"ListItem\",\"position\":1,\"name\":\"In\u00edcio\",\"item\":\"https:\/\/portaltela.pt\/\"},{\"@type\":\"ListItem\",\"position\":2,\"name\":\"Guerra custa 3 mil milh\u00f5es aos europeus; Von der Leyen admite tetos ao g\u00e1s\"}]},{\"@type\":\"WebSite\",\"@id\":\"https:\/\/portaltela.pt\/#website\",\"url\":\"https:\/\/portaltela.pt\/\",\"name\":\"Portal Tela Portugal\",\"description\":\"\",\"potentialAction\":[{\"@type\":\"SearchAction\",\"target\":{\"@type\":\"EntryPoint\",\"urlTemplate\":\"https:\/\/portaltela.pt\/?s={search_term_string}\"},\"query-input\":{\"@type\":\"PropertyValueSpecification\",\"valueRequired\":true,\"valueName\":\"search_term_string\"}}],\"inLanguage\":\"pt-PT\"},{\"@type\":\"Person\",\"@id\":\"https:\/\/portaltela.pt\/#\/schema\/person\/c4278d4a6028830caff9ee44b42d32ed\",\"name\":\"Telinha\",\"image\":{\"@type\":\"ImageObject\",\"inLanguage\":\"pt-PT\",\"@id\":\"https:\/\/portaltela.pt\/s.01k8rhncp4jt1\/2025\/11\/talking-bot-125x125.png\",\"url\":\"https:\/\/portaltela.pt\/s.01k8rhncp4jt1\/2025\/11\/talking-bot-125x125.png\",\"contentUrl\":\"https:\/\/portaltela.pt\/s.01k8rhncp4jt1\/2025\/11\/talking-bot-125x125.png\",\"caption\":\"Telinha\"},\"sameAs\":[\"https:\/\/portaltela.pt\/\"],\"url\":\"https:\/\/portaltela.pt\/por\/367410592786\/\"}]}<\/script>\n<!-- \/ Yoast SEO plugin. -->","yoast_head_json":{"title":"Guerra custa 3 mil milh\u00f5es aos europeus; Von der Leyen admite tetos ao g\u00e1s - Portal Tela Portugal","robots":{"index":"index","follow":"follow","max-snippet":"max-snippet:-1","max-image-preview":"max-image-preview:large","max-video-preview":"max-video-preview:-1"},"og_locale":"pt_PT","og_type":"article","og_title":"Guerra custa 3 mil milh\u00f5es aos europeus; Von der Leyen admite tetos ao g\u00e1s - Portal Tela Portugal","og_description":"A presidente da Comiss\u00e3o Europeia mencionou a possibilidade de tetos ao pre\u00e7o do g\u00e1s, sublinhando que o aumento da fatura energ\u00e9tica j\u00e1 custa aos contribuintes europeus cerca de 3 mil milh\u00f5es de euros em dez dias de conflito no Ir\u00e3o, mantendo as san\u00e7\u00f5es \u00e0 R\u00fassia. Alertou que abandonar a estrat\u00e9gia de longo prazo e regressar aos combust\u00edveis f\u00f3sseis russos seria um erro estrat\u00e9gico, aumentando a depend\u00eancia e a vulnerabilidade. Para reduzir as faturas, apontou quatro componentes que determinam o pre\u00e7o da energia: custo da energia, rede, impostos e taxas, e custo do carbono. Estudam\u2011se medidas como melhor uso de contratos de compra de energia e de contratos por diferen\u00e7a, ajuda estatal e a possibilidade de um teto ao pre\u00e7o do g\u00e1s. Sobre as redes, reconheceu espa\u00e7o para melhoria da produtividade; no \u00faltimo ano foram instalados 80 gigawatts de renov\u00e1veis, mas grande parte n\u00e3o chega \u00e0s redes, e h\u00e1 disparidades fiscais entre Estados\u2011Membros, com defesa do regime de com\u00e9rcio de emiss\u00f5es, a ser modernizado.","og_url":"https:\/\/portaltela.pt\/noticias\/2026\/03\/11\/guerra-custa-3-mil-milhoes-aos-europeus-von-der-leyen-admite-tetos-ao-gas\/","og_site_name":"Portal Tela Portugal","article_published_time":"2026-03-11T10:23:00+00:00","author":"Telinha","twitter_card":"summary_large_image","twitter_misc":{"Escrito por":"Telinha","Tempo estimado de leitura":"2 minutos"},"schema":{"@context":"https:\/\/schema.org","@graph":[{"@type":"Article","@id":"https:\/\/portaltela.pt\/noticias\/2026\/03\/11\/guerra-custa-3-mil-milhoes-aos-europeus-von-der-leyen-admite-tetos-ao-gas\/#article","isPartOf":{"@id":"https:\/\/portaltela.pt\/noticias\/2026\/03\/11\/guerra-custa-3-mil-milhoes-aos-europeus-von-der-leyen-admite-tetos-ao-gas\/"},"author":{"name":"Telinha","@id":"https:\/\/portaltela.pt\/#\/schema\/person\/c4278d4a6028830caff9ee44b42d32ed"},"headline":"Guerra custa 3 mil milh\u00f5es aos europeus; Von der Leyen admite tetos ao g\u00e1s","datePublished":"2026-03-11T10:23:00+00:00","mainEntityOfPage":{"@id":"https:\/\/portaltela.pt\/noticias\/2026\/03\/11\/guerra-custa-3-mil-milhoes-aos-europeus-von-der-leyen-admite-tetos-ao-gas\/"},"wordCount":426,"image":{"@id":"https:\/\/portaltela.pt\/noticias\/2026\/03\/11\/guerra-custa-3-mil-milhoes-aos-europeus-von-der-leyen-admite-tetos-ao-gas\/#primaryimage"},"thumbnailUrl":"https:\/\/portaltela.pt\/s.01k8rhncp4jt1\/2026\/03\/image-687.jpg","keywords":["Emiss\u00f5es de Gases de Efeito de Estufa","energia","energias renov\u00e1veis","importa\u00e7\u00f5es internacionais","impostos","Uni\u00e3o Europeia"],"articleSection":["Energia"],"inLanguage":"pt-PT"},{"@type":"WebPage","@id":"https:\/\/portaltela.pt\/noticias\/2026\/03\/11\/guerra-custa-3-mil-milhoes-aos-europeus-von-der-leyen-admite-tetos-ao-gas\/","url":"https:\/\/portaltela.pt\/noticias\/2026\/03\/11\/guerra-custa-3-mil-milhoes-aos-europeus-von-der-leyen-admite-tetos-ao-gas\/","name":"Guerra custa 3 mil milh\u00f5es aos europeus; Von der Leyen admite tetos ao g\u00e1s - Portal Tela Portugal","isPartOf":{"@id":"https:\/\/portaltela.pt\/#website"},"primaryImageOfPage":{"@id":"https:\/\/portaltela.pt\/noticias\/2026\/03\/11\/guerra-custa-3-mil-milhoes-aos-europeus-von-der-leyen-admite-tetos-ao-gas\/#primaryimage"},"image":{"@id":"https:\/\/portaltela.pt\/noticias\/2026\/03\/11\/guerra-custa-3-mil-milhoes-aos-europeus-von-der-leyen-admite-tetos-ao-gas\/#primaryimage"},"thumbnailUrl":"https:\/\/portaltela.pt\/s.01k8rhncp4jt1\/2026\/03\/image-687.jpg","datePublished":"2026-03-11T10:23:00+00:00","author":{"@id":"https:\/\/portaltela.pt\/#\/schema\/person\/c4278d4a6028830caff9ee44b42d32ed"},"breadcrumb":{"@id":"https:\/\/portaltela.pt\/noticias\/2026\/03\/11\/guerra-custa-3-mil-milhoes-aos-europeus-von-der-leyen-admite-tetos-ao-gas\/#breadcrumb"},"inLanguage":"pt-PT","potentialAction":[{"@type":"ReadAction","target":["https:\/\/portaltela.pt\/noticias\/2026\/03\/11\/guerra-custa-3-mil-milhoes-aos-europeus-von-der-leyen-admite-tetos-ao-gas\/"]}]},{"@type":"ImageObject","inLanguage":"pt-PT","@id":"https:\/\/portaltela.pt\/noticias\/2026\/03\/11\/guerra-custa-3-mil-milhoes-aos-europeus-von-der-leyen-admite-tetos-ao-gas\/#primaryimage","url":"https:\/\/portaltela.pt\/s.01k8rhncp4jt1\/2026\/03\/image-687.jpg","contentUrl":"https:\/\/portaltela.pt\/s.01k8rhncp4jt1\/2026\/03\/image-687.jpg","width":796,"height":448,"caption":"Presidente da Comiss\u00e3o Europeia diz que seria um erro voltar a importar g\u00e1s russo"},{"@type":"BreadcrumbList","@id":"https:\/\/portaltela.pt\/noticias\/2026\/03\/11\/guerra-custa-3-mil-milhoes-aos-europeus-von-der-leyen-admite-tetos-ao-gas\/#breadcrumb","itemListElement":[{"@type":"ListItem","position":1,"name":"In\u00edcio","item":"https:\/\/portaltela.pt\/"},{"@type":"ListItem","position":2,"name":"Guerra custa 3 mil milh\u00f5es aos europeus; Von der Leyen admite tetos ao g\u00e1s"}]},{"@type":"WebSite","@id":"https:\/\/portaltela.pt\/#website","url":"https:\/\/portaltela.pt\/","name":"Portal Tela Portugal","description":"","potentialAction":[{"@type":"SearchAction","target":{"@type":"EntryPoint","urlTemplate":"https:\/\/portaltela.pt\/?s={search_term_string}"},"query-input":{"@type":"PropertyValueSpecification","valueRequired":true,"valueName":"search_term_string"}}],"inLanguage":"pt-PT"},{"@type":"Person","@id":"https:\/\/portaltela.pt\/#\/schema\/person\/c4278d4a6028830caff9ee44b42d32ed","name":"Telinha","image":{"@type":"ImageObject","inLanguage":"pt-PT","@id":"https:\/\/portaltela.pt\/s.01k8rhncp4jt1\/2025\/11\/talking-bot-125x125.png","url":"https:\/\/portaltela.pt\/s.01k8rhncp4jt1\/2025\/11\/talking-bot-125x125.png","contentUrl":"https:\/\/portaltela.pt\/s.01k8rhncp4jt1\/2025\/11\/talking-bot-125x125.png","caption":"Telinha"},"sameAs":["https:\/\/portaltela.pt\/"],"url":"https:\/\/portaltela.pt\/por\/367410592786\/"}]}},"_links":{"self":[{"href":"https:\/\/portaltela.pt\/api\/wp\/v2\/posts\/405701","targetHints":{"allow":["GET"]}}],"collection":[{"href":"https:\/\/portaltela.pt\/api\/wp\/v2\/posts"}],"about":[{"href":"https:\/\/portaltela.pt\/api\/wp\/v2\/types\/post"}],"author":[{"embeddable":true,"href":"https:\/\/portaltela.pt\/api\/wp\/v2\/users\/2"}],"replies":[{"embeddable":true,"href":"https:\/\/portaltela.pt\/api\/wp\/v2\/comments?post=405701"}],"version-history":[{"count":0,"href":"https:\/\/portaltela.pt\/api\/wp\/v2\/posts\/405701\/revisions"}],"wp:featuredmedia":[{"embeddable":true,"href":"https:\/\/portaltela.pt\/api\/wp\/v2\/media\/405708"}],"wp:attachment":[{"href":"https:\/\/portaltela.pt\/api\/wp\/v2\/media?parent=405701"}],"wp:term":[{"taxonomy":"category","embeddable":true,"href":"https:\/\/portaltela.pt\/api\/wp\/v2\/categories?post=405701"},{"taxonomy":"post_tag","embeddable":true,"href":"https:\/\/portaltela.pt\/api\/wp\/v2\/tags?post=405701"}],"curies":[{"name":"wp","href":"https:\/\/api.w.org\/{rel}","templated":true}]}}