{"id":405695,"date":"2026-03-11T07:06:00","date_gmt":"2026-03-11T10:06:00","guid":{"rendered":"https:\/\/portaltela.pt\/noticias\/2026\/03\/11\/quando-os-pais-davam-boleias-a-estranhos-uma-realidade-de-outrora\/"},"modified":"2026-03-11T07:06:00","modified_gmt":"2026-03-11T10:06:00","slug":"quando-os-pais-davam-boleias-a-estranhos-uma-realidade-de-outrora","status":"publish","type":"post","link":"https:\/\/portaltela.pt\/sociedade\/2026\/03\/11\/quando-os-pais-davam-boleias-a-estranhos-uma-realidade-de-outrora\/","title":{"rendered":"Quando os pais davam boleias a estranhos: uma realidade de outrora"},"content":{"rendered":"<p>O texto revisita a inf\u00e2ncia da autora nos anos 80, quando o carro da fam\u00edlia era um Mini azul. Nele cabiam quatro filhos, os pais, a av\u00f3 materna e, por vezes, um desconhecido a pedir boleia \u00e0 beira da estrada. A viagem era uma aventura entre serras, montes e percursos imprevis\u00edveis.<\/p>\n<p>As viagens n\u00e3o tinham telem\u00f3vel nem tecnologia moderna. O r\u00e1dio ficava ligado, \u00e0s vezes guardado debaixo do assento, e o conjunto de m\u00fasicas inclu\u00eda Roberto Carlos. A fam\u00edlia carregava uma din\u00e2mica de afeto, com o desconhecido acolhido pela av\u00f3 e o carro a servir de abrigo m\u00f3vel.<\/p>\n<p>Ao longo das jornadas, havia paragens que marcavam cada mem\u00f3ria: visitas a familiares em Miranda do Corvo, almo\u00e7os simples e o conv\u00edvio com hist\u00f3rias de Angola. Cada regresso envolvia mapas e rotas alternativas tra\u00e7adas pelo pai, desafiando o cansa\u00e7o dos mi\u00fados.<\/p>\n<h3>Mudan\u00e7a de tempo e de confian\u00e7a nas estradas<\/h3>\n<p>Com o passar das d\u00e9cadas, o fen\u00f3meno das boleias tornou-se menos comum e mais desaconselhado. A autora aponta que a curiosidade pela estrada contrasta com o receio atual de viajar com desconhecidos, refletindo mudan\u00e7as culturais e de seguran\u00e7a.<\/p>\n<p>Hoje, \u00e9 comum observar jovens com mochilas a pedir boleia de forma distante, enquanto os pais e familiares mant\u00eam a cautela. O texto sugere que a confian\u00e7a coletiva de antigamente dava lugar a uma maior vigil\u00e2ncia e prud\u00eancia nas estradas de Portugal.<\/p>\n<p>O relato mant\u00e9m um tom nost\u00e1lgico, mas apresenta uma leitura objetiva sobre como as viv\u00eancias de fam\u00edlia moldaram uma vis\u00e3o otimista do mundo. O tema central permanece a liga\u00e7\u00e3o entre mem\u00f3ria, conviv\u00eancia e transforma\u00e7\u00e3o social ao longo do tempo.<\/p>\n","protected":false},"excerpt":{"rendered":"<ul>\n<li>Na d\u00e9cada de oitenta, a narradora recorda viagens de carro em um Mini azul que cabia quatro filhos, pai, m\u00e3e, av\u00f3 e, por vezes, um desconhecido \u00e0 beira da estrada.<\/li>\n<li>As viagens, da Serra da Estrela para Miranda do Corvo, eram longas e cheias de perip\u00e9cias, com paragens por enjoo, para lavar roupas numa fonte e sem telem\u00f3veis, com r\u00e1dio e cassete de Roberto Carlos a marcar o ritmo.<\/li>\n<li>Havia empatia e conviv\u00eancia familiar: afastavam-se receios para acolher o desconhecido, e cada viagem trazia momentos de conv\u00edvio, m\u00fasica, hist\u00f3rias de Angola e brincadeiras de inf\u00e2ncia no colo dos pais e da av\u00f3.<\/li>\n<li>As viagens inclu\u00edam visitas a F\u00e1tima e \u00e0 Feira Popular de Lisboa, com tens\u00f5es log\u00edsticas entre a pens\u00e3o barata e a anima\u00e7\u00e3o das atra\u00e7\u00f5es da feira.<\/li>\n<li>A autora questiona hoje o desaparecimento daquela confian\u00e7a em estranhos, reflectindo sobre a mudan\u00e7a da sociedade e lembrando a av\u00f3 que dizia: \u201cQuem est\u00e1 com Deus, nada de mal lhe acontecer\u00e1.\u201d<\/li>\n<\/ul>\n","protected":false},"author":2,"featured_media":405703,"comment_status":"closed","ping_status":"closed","sticky":false,"template":"","format":"standard","meta":{"footnotes":""},"categories":[1,6871],"tags":[4837,1083,64,1759,3030,71],"class_list":["post-405695","post","type-post","status-publish","format-standard","has-post-thumbnail","hentry","category-noticias","category-sociedade","tag-angola","tag-estradas","tag-familia","tag-infancia","tag-memoria-literaria","tag-viagens"],"yoast_head":"<!-- This site is optimized with the Yoast SEO plugin v27.2 - https:\/\/yoast.com\/product\/yoast-seo-wordpress\/ -->\n<title>Quando os pais davam boleias a estranhos: uma realidade de outrora - Portal Tela Portugal<\/title>\n<meta name=\"robots\" content=\"index, follow, max-snippet:-1, max-image-preview:large, max-video-preview:-1\" \/>\n<meta property=\"og:locale\" content=\"pt_PT\" \/>\n<meta property=\"og:type\" content=\"article\" \/>\n<meta property=\"og:title\" content=\"Quando os pais davam boleias a estranhos: uma realidade de outrora - Portal Tela Portugal\" \/>\n<meta property=\"og:description\" content=\"Na d\u00e9cada de oitenta, a narradora recorda viagens de carro em um Mini azul que cabia quatro filhos, pai, m\u00e3e, av\u00f3 e, por vezes, um desconhecido \u00e0 beira da estrada. As viagens, da Serra da Estrela para Miranda do Corvo, eram longas e cheias de perip\u00e9cias, com paragens por enjoo, para lavar roupas numa fonte e sem telem\u00f3veis, com r\u00e1dio e cassete de Roberto Carlos a marcar o ritmo. Havia empatia e conviv\u00eancia familiar: afastavam-se receios para acolher o desconhecido, e cada viagem trazia momentos de conv\u00edvio, m\u00fasica, hist\u00f3rias de Angola e brincadeiras de inf\u00e2ncia no colo dos pais e da av\u00f3. As viagens inclu\u00edam visitas a F\u00e1tima e \u00e0 Feira Popular de Lisboa, com tens\u00f5es log\u00edsticas entre a pens\u00e3o barata e a anima\u00e7\u00e3o das atra\u00e7\u00f5es da feira. A autora questiona hoje o desaparecimento daquela confian\u00e7a em estranhos, reflectindo sobre a mudan\u00e7a da sociedade e lembrando a av\u00f3 que dizia: \u201cQuem est\u00e1 com Deus, nada de mal lhe acontecer\u00e1.\u201d\" \/>\n<meta property=\"og:url\" content=\"https:\/\/portaltela.pt\/noticias\/2026\/03\/11\/quando-os-pais-davam-boleias-a-estranhos-uma-realidade-de-outrora\/\" \/>\n<meta property=\"og:site_name\" content=\"Portal Tela Portugal\" \/>\n<meta property=\"article:published_time\" content=\"2026-03-11T10:06:00+00:00\" \/>\n<meta name=\"author\" content=\"Telinha\" \/>\n<meta name=\"twitter:card\" content=\"summary_large_image\" \/>\n<meta name=\"twitter:label1\" content=\"Escrito por\" \/>\n\t<meta name=\"twitter:data1\" content=\"Telinha\" \/>\n\t<meta name=\"twitter:label2\" content=\"Tempo estimado de leitura\" \/>\n\t<meta name=\"twitter:data2\" content=\"2 minutos\" \/>\n<script type=\"application\/ld+json\" class=\"yoast-schema-graph\">{\"@context\":\"https:\/\/schema.org\",\"@graph\":[{\"@type\":\"Article\",\"@id\":\"https:\/\/portaltela.pt\/noticias\/2026\/03\/11\/quando-os-pais-davam-boleias-a-estranhos-uma-realidade-de-outrora\/#article\",\"isPartOf\":{\"@id\":\"https:\/\/portaltela.pt\/noticias\/2026\/03\/11\/quando-os-pais-davam-boleias-a-estranhos-uma-realidade-de-outrora\/\"},\"author\":{\"name\":\"Telinha\",\"@id\":\"https:\/\/portaltela.pt\/#\/schema\/person\/c4278d4a6028830caff9ee44b42d32ed\"},\"headline\":\"Quando os pais davam boleias a estranhos: uma realidade de outrora\",\"datePublished\":\"2026-03-11T10:06:00+00:00\",\"mainEntityOfPage\":{\"@id\":\"https:\/\/portaltela.pt\/noticias\/2026\/03\/11\/quando-os-pais-davam-boleias-a-estranhos-uma-realidade-de-outrora\/\"},\"wordCount\":311,\"image\":{\"@id\":\"https:\/\/portaltela.pt\/noticias\/2026\/03\/11\/quando-os-pais-davam-boleias-a-estranhos-uma-realidade-de-outrora\/#primaryimage\"},\"thumbnailUrl\":\"https:\/\/portaltela.pt\/s.01k8rhncp4jt1\/2026\/03\/2073001.jpg\",\"keywords\":[\"Angola\",\"estradas\",\"fam\u00edlia\",\"inf\u00e2ncia\",\"mem\u00f3ria liter\u00e1ria\",\"viagens\"],\"articleSection\":[\"Not\u00edcias\",\"Sociedade\"],\"inLanguage\":\"pt-PT\"},{\"@type\":\"WebPage\",\"@id\":\"https:\/\/portaltela.pt\/noticias\/2026\/03\/11\/quando-os-pais-davam-boleias-a-estranhos-uma-realidade-de-outrora\/\",\"url\":\"https:\/\/portaltela.pt\/noticias\/2026\/03\/11\/quando-os-pais-davam-boleias-a-estranhos-uma-realidade-de-outrora\/\",\"name\":\"Quando os pais davam boleias a estranhos: uma realidade de outrora - Portal Tela Portugal\",\"isPartOf\":{\"@id\":\"https:\/\/portaltela.pt\/#website\"},\"primaryImageOfPage\":{\"@id\":\"https:\/\/portaltela.pt\/noticias\/2026\/03\/11\/quando-os-pais-davam-boleias-a-estranhos-uma-realidade-de-outrora\/#primaryimage\"},\"image\":{\"@id\":\"https:\/\/portaltela.pt\/noticias\/2026\/03\/11\/quando-os-pais-davam-boleias-a-estranhos-uma-realidade-de-outrora\/#primaryimage\"},\"thumbnailUrl\":\"https:\/\/portaltela.pt\/s.01k8rhncp4jt1\/2026\/03\/2073001.jpg\",\"datePublished\":\"2026-03-11T10:06:00+00:00\",\"author\":{\"@id\":\"https:\/\/portaltela.pt\/#\/schema\/person\/c4278d4a6028830caff9ee44b42d32ed\"},\"breadcrumb\":{\"@id\":\"https:\/\/portaltela.pt\/noticias\/2026\/03\/11\/quando-os-pais-davam-boleias-a-estranhos-uma-realidade-de-outrora\/#breadcrumb\"},\"inLanguage\":\"pt-PT\",\"potentialAction\":[{\"@type\":\"ReadAction\",\"target\":[\"https:\/\/portaltela.pt\/noticias\/2026\/03\/11\/quando-os-pais-davam-boleias-a-estranhos-uma-realidade-de-outrora\/\"]}]},{\"@type\":\"ImageObject\",\"inLanguage\":\"pt-PT\",\"@id\":\"https:\/\/portaltela.pt\/noticias\/2026\/03\/11\/quando-os-pais-davam-boleias-a-estranhos-uma-realidade-de-outrora\/#primaryimage\",\"url\":\"https:\/\/portaltela.pt\/s.01k8rhncp4jt1\/2026\/03\/2073001.jpg\",\"contentUrl\":\"https:\/\/portaltela.pt\/s.01k8rhncp4jt1\/2026\/03\/2073001.jpg\",\"width\":796,\"height\":448,\"caption\":\"Todos os anos havia tamb\u00e9m a peregrina\u00e7\u00e3o \u00e0 Feira Popular de Lisboa\"},{\"@type\":\"BreadcrumbList\",\"@id\":\"https:\/\/portaltela.pt\/noticias\/2026\/03\/11\/quando-os-pais-davam-boleias-a-estranhos-uma-realidade-de-outrora\/#breadcrumb\",\"itemListElement\":[{\"@type\":\"ListItem\",\"position\":1,\"name\":\"In\u00edcio\",\"item\":\"https:\/\/portaltela.pt\/\"},{\"@type\":\"ListItem\",\"position\":2,\"name\":\"Quando os pais davam boleias a estranhos: uma realidade de outrora\"}]},{\"@type\":\"WebSite\",\"@id\":\"https:\/\/portaltela.pt\/#website\",\"url\":\"https:\/\/portaltela.pt\/\",\"name\":\"Portal Tela Portugal\",\"description\":\"\",\"potentialAction\":[{\"@type\":\"SearchAction\",\"target\":{\"@type\":\"EntryPoint\",\"urlTemplate\":\"https:\/\/portaltela.pt\/?s={search_term_string}\"},\"query-input\":{\"@type\":\"PropertyValueSpecification\",\"valueRequired\":true,\"valueName\":\"search_term_string\"}}],\"inLanguage\":\"pt-PT\"},{\"@type\":\"Person\",\"@id\":\"https:\/\/portaltela.pt\/#\/schema\/person\/c4278d4a6028830caff9ee44b42d32ed\",\"name\":\"Telinha\",\"image\":{\"@type\":\"ImageObject\",\"inLanguage\":\"pt-PT\",\"@id\":\"https:\/\/portaltela.pt\/s.01k8rhncp4jt1\/2025\/11\/talking-bot-125x125.png\",\"url\":\"https:\/\/portaltela.pt\/s.01k8rhncp4jt1\/2025\/11\/talking-bot-125x125.png\",\"contentUrl\":\"https:\/\/portaltela.pt\/s.01k8rhncp4jt1\/2025\/11\/talking-bot-125x125.png\",\"caption\":\"Telinha\"},\"sameAs\":[\"https:\/\/portaltela.pt\/\"],\"url\":\"https:\/\/portaltela.pt\/por\/367410592786\/\"}]}<\/script>\n<!-- \/ Yoast SEO plugin. -->","yoast_head_json":{"title":"Quando os pais davam boleias a estranhos: uma realidade de outrora - Portal Tela Portugal","robots":{"index":"index","follow":"follow","max-snippet":"max-snippet:-1","max-image-preview":"max-image-preview:large","max-video-preview":"max-video-preview:-1"},"og_locale":"pt_PT","og_type":"article","og_title":"Quando os pais davam boleias a estranhos: uma realidade de outrora - Portal Tela Portugal","og_description":"Na d\u00e9cada de oitenta, a narradora recorda viagens de carro em um Mini azul que cabia quatro filhos, pai, m\u00e3e, av\u00f3 e, por vezes, um desconhecido \u00e0 beira da estrada. As viagens, da Serra da Estrela para Miranda do Corvo, eram longas e cheias de perip\u00e9cias, com paragens por enjoo, para lavar roupas numa fonte e sem telem\u00f3veis, com r\u00e1dio e cassete de Roberto Carlos a marcar o ritmo. Havia empatia e conviv\u00eancia familiar: afastavam-se receios para acolher o desconhecido, e cada viagem trazia momentos de conv\u00edvio, m\u00fasica, hist\u00f3rias de Angola e brincadeiras de inf\u00e2ncia no colo dos pais e da av\u00f3. As viagens inclu\u00edam visitas a F\u00e1tima e \u00e0 Feira Popular de Lisboa, com tens\u00f5es log\u00edsticas entre a pens\u00e3o barata e a anima\u00e7\u00e3o das atra\u00e7\u00f5es da feira. A autora questiona hoje o desaparecimento daquela confian\u00e7a em estranhos, reflectindo sobre a mudan\u00e7a da sociedade e lembrando a av\u00f3 que dizia: \u201cQuem est\u00e1 com Deus, nada de mal lhe acontecer\u00e1.\u201d","og_url":"https:\/\/portaltela.pt\/noticias\/2026\/03\/11\/quando-os-pais-davam-boleias-a-estranhos-uma-realidade-de-outrora\/","og_site_name":"Portal Tela Portugal","article_published_time":"2026-03-11T10:06:00+00:00","author":"Telinha","twitter_card":"summary_large_image","twitter_misc":{"Escrito por":"Telinha","Tempo estimado de leitura":"2 minutos"},"schema":{"@context":"https:\/\/schema.org","@graph":[{"@type":"Article","@id":"https:\/\/portaltela.pt\/noticias\/2026\/03\/11\/quando-os-pais-davam-boleias-a-estranhos-uma-realidade-de-outrora\/#article","isPartOf":{"@id":"https:\/\/portaltela.pt\/noticias\/2026\/03\/11\/quando-os-pais-davam-boleias-a-estranhos-uma-realidade-de-outrora\/"},"author":{"name":"Telinha","@id":"https:\/\/portaltela.pt\/#\/schema\/person\/c4278d4a6028830caff9ee44b42d32ed"},"headline":"Quando os pais davam boleias a estranhos: uma realidade de outrora","datePublished":"2026-03-11T10:06:00+00:00","mainEntityOfPage":{"@id":"https:\/\/portaltela.pt\/noticias\/2026\/03\/11\/quando-os-pais-davam-boleias-a-estranhos-uma-realidade-de-outrora\/"},"wordCount":311,"image":{"@id":"https:\/\/portaltela.pt\/noticias\/2026\/03\/11\/quando-os-pais-davam-boleias-a-estranhos-uma-realidade-de-outrora\/#primaryimage"},"thumbnailUrl":"https:\/\/portaltela.pt\/s.01k8rhncp4jt1\/2026\/03\/2073001.jpg","keywords":["Angola","estradas","fam\u00edlia","inf\u00e2ncia","mem\u00f3ria liter\u00e1ria","viagens"],"articleSection":["Not\u00edcias","Sociedade"],"inLanguage":"pt-PT"},{"@type":"WebPage","@id":"https:\/\/portaltela.pt\/noticias\/2026\/03\/11\/quando-os-pais-davam-boleias-a-estranhos-uma-realidade-de-outrora\/","url":"https:\/\/portaltela.pt\/noticias\/2026\/03\/11\/quando-os-pais-davam-boleias-a-estranhos-uma-realidade-de-outrora\/","name":"Quando os pais davam boleias a estranhos: uma realidade de outrora - Portal Tela Portugal","isPartOf":{"@id":"https:\/\/portaltela.pt\/#website"},"primaryImageOfPage":{"@id":"https:\/\/portaltela.pt\/noticias\/2026\/03\/11\/quando-os-pais-davam-boleias-a-estranhos-uma-realidade-de-outrora\/#primaryimage"},"image":{"@id":"https:\/\/portaltela.pt\/noticias\/2026\/03\/11\/quando-os-pais-davam-boleias-a-estranhos-uma-realidade-de-outrora\/#primaryimage"},"thumbnailUrl":"https:\/\/portaltela.pt\/s.01k8rhncp4jt1\/2026\/03\/2073001.jpg","datePublished":"2026-03-11T10:06:00+00:00","author":{"@id":"https:\/\/portaltela.pt\/#\/schema\/person\/c4278d4a6028830caff9ee44b42d32ed"},"breadcrumb":{"@id":"https:\/\/portaltela.pt\/noticias\/2026\/03\/11\/quando-os-pais-davam-boleias-a-estranhos-uma-realidade-de-outrora\/#breadcrumb"},"inLanguage":"pt-PT","potentialAction":[{"@type":"ReadAction","target":["https:\/\/portaltela.pt\/noticias\/2026\/03\/11\/quando-os-pais-davam-boleias-a-estranhos-uma-realidade-de-outrora\/"]}]},{"@type":"ImageObject","inLanguage":"pt-PT","@id":"https:\/\/portaltela.pt\/noticias\/2026\/03\/11\/quando-os-pais-davam-boleias-a-estranhos-uma-realidade-de-outrora\/#primaryimage","url":"https:\/\/portaltela.pt\/s.01k8rhncp4jt1\/2026\/03\/2073001.jpg","contentUrl":"https:\/\/portaltela.pt\/s.01k8rhncp4jt1\/2026\/03\/2073001.jpg","width":796,"height":448,"caption":"Todos os anos havia tamb\u00e9m a peregrina\u00e7\u00e3o \u00e0 Feira Popular de Lisboa"},{"@type":"BreadcrumbList","@id":"https:\/\/portaltela.pt\/noticias\/2026\/03\/11\/quando-os-pais-davam-boleias-a-estranhos-uma-realidade-de-outrora\/#breadcrumb","itemListElement":[{"@type":"ListItem","position":1,"name":"In\u00edcio","item":"https:\/\/portaltela.pt\/"},{"@type":"ListItem","position":2,"name":"Quando os pais davam boleias a estranhos: uma realidade de outrora"}]},{"@type":"WebSite","@id":"https:\/\/portaltela.pt\/#website","url":"https:\/\/portaltela.pt\/","name":"Portal Tela Portugal","description":"","potentialAction":[{"@type":"SearchAction","target":{"@type":"EntryPoint","urlTemplate":"https:\/\/portaltela.pt\/?s={search_term_string}"},"query-input":{"@type":"PropertyValueSpecification","valueRequired":true,"valueName":"search_term_string"}}],"inLanguage":"pt-PT"},{"@type":"Person","@id":"https:\/\/portaltela.pt\/#\/schema\/person\/c4278d4a6028830caff9ee44b42d32ed","name":"Telinha","image":{"@type":"ImageObject","inLanguage":"pt-PT","@id":"https:\/\/portaltela.pt\/s.01k8rhncp4jt1\/2025\/11\/talking-bot-125x125.png","url":"https:\/\/portaltela.pt\/s.01k8rhncp4jt1\/2025\/11\/talking-bot-125x125.png","contentUrl":"https:\/\/portaltela.pt\/s.01k8rhncp4jt1\/2025\/11\/talking-bot-125x125.png","caption":"Telinha"},"sameAs":["https:\/\/portaltela.pt\/"],"url":"https:\/\/portaltela.pt\/por\/367410592786\/"}]}},"_links":{"self":[{"href":"https:\/\/portaltela.pt\/api\/wp\/v2\/posts\/405695","targetHints":{"allow":["GET"]}}],"collection":[{"href":"https:\/\/portaltela.pt\/api\/wp\/v2\/posts"}],"about":[{"href":"https:\/\/portaltela.pt\/api\/wp\/v2\/types\/post"}],"author":[{"embeddable":true,"href":"https:\/\/portaltela.pt\/api\/wp\/v2\/users\/2"}],"replies":[{"embeddable":true,"href":"https:\/\/portaltela.pt\/api\/wp\/v2\/comments?post=405695"}],"version-history":[{"count":0,"href":"https:\/\/portaltela.pt\/api\/wp\/v2\/posts\/405695\/revisions"}],"wp:featuredmedia":[{"embeddable":true,"href":"https:\/\/portaltela.pt\/api\/wp\/v2\/media\/405703"}],"wp:attachment":[{"href":"https:\/\/portaltela.pt\/api\/wp\/v2\/media?parent=405695"}],"wp:term":[{"taxonomy":"category","embeddable":true,"href":"https:\/\/portaltela.pt\/api\/wp\/v2\/categories?post=405695"},{"taxonomy":"post_tag","embeddable":true,"href":"https:\/\/portaltela.pt\/api\/wp\/v2\/tags?post=405695"}],"curies":[{"name":"wp","href":"https:\/\/api.w.org\/{rel}","templated":true}]}}