{"id":405674,"date":"2026-03-11T06:58:00","date_gmt":"2026-03-11T09:58:00","guid":{"rendered":"https:\/\/portaltela.pt\/noticias\/2026\/03\/11\/amnistia-internacional-reitera-pedido-de-protecao-dos-direitos-das-mulheres\/"},"modified":"2026-03-11T06:58:00","modified_gmt":"2026-03-11T09:58:00","slug":"amnistia-internacional-reitera-pedido-de-protecao-dos-direitos-das-mulheres","status":"publish","type":"post","link":"https:\/\/portaltela.pt\/noticias\/2026\/03\/11\/amnistia-internacional-reitera-pedido-de-protecao-dos-direitos-das-mulheres\/","title":{"rendered":"Amnistia Internacional reitera pedido de prote\u00e7\u00e3o dos direitos das mulheres"},"content":{"rendered":"<p>Amnistia Internacional pediu a\u00e7\u00f5es urgentes para proteger os direitos das mulheres, em particular no contexto da Comiss\u00e3o sobre o Estatuto da Mulher deste ano. A organiza\u00e7\u00e3o destaca que a justi\u00e7a de g\u00e9nero est\u00e1 sob ataque globalmente, e que defensores dos direitos humanos enfrentam restri\u00e7\u00f5es de acesso em territ\u00f3rio norte-americano.<\/p>\n<p>A respons\u00e1vel da ONG alerta para movimentos anti-direitos bem financiados e coordenados, com apoio indireto de v\u00e1rios governos, incluindo os Estados Unidos e a R\u00fassia. A express\u00e3o de desinforma\u00e7\u00e3o e narrativas de medo s\u00e3o instrumentos para retardar avan\u00e7os em direitos das mulheres.<\/p>\n<p>Al\u00e9m disso, documentos relacionados com o caso do condenado Jeffrey Epstein expuseram redes de homens poderosos na pol\u00edtica, finan\u00e7as e cultura. A Amnistia aponta para explora\u00e7\u00e3o sexual de mulheres e meninas, com impunidade a prevalecer em muitos setores, corroendo governos, mercados e sociedades.<\/p>\n<p>A organiza\u00e7\u00e3o destaca que as sobreviventes enfrentam barreiras \u00e0 verdade, repara\u00e7\u00e3o e compensa\u00e7\u00e3o, agravadas pela divulga\u00e7\u00e3o n\u00e3o consensual de dados sens\u00edveis. Persistem desigualdades estruturais, misoginia e impunidade que protegem abusadores e restringem direitos de g\u00e9nero.<\/p>\n<h3>CSW70 como oportunidade<\/h3>\n<p>Para Callamard, a CSW70 \u00e9 uma oportunidade crucial para defensores dos direitos humanos, ativistas e Estados-membros resistirem aos ataques sist\u00e9micos \u00e0 justi\u00e7a de g\u00e9nero. O objetivo \u00e9 identificar as for\u00e7as por tr\u00e1s das viola\u00e7\u00f5es, mobilizar a\u00e7\u00f5es coletivas e assegurar mecanismos de responsabiliza\u00e7\u00e3o funcionais, sem temer repres\u00e1lias.<\/p>\n","protected":false},"excerpt":{"rendered":"<ul>\n<li>Amnistia Internacional diz que a CSW70 surge num momento urgente, com a justi\u00e7a de g\u00e9nero sob ataque e muitos defensores impedidos de entrar nos Estados Unidos.<\/li>\n<li>A organiza\u00e7\u00e3o acusa movimentos anti-direitos, apoiados por Estados Unidos, pela R\u00fassia e outros governos, de tentar reverter d\u00e9cadas de progresso civilizacional.<\/li>\n<li>Segundo Agn\u00e8s Callamard, estados poderosos usam o g\u00e9nero para justificar repress\u00e3o e leis punitivas, enquanto empresas disseminam narrativas de \u00f3dio e desinforma\u00e7\u00e3o, reduzindo o espa\u00e7o c\u00edvico.<\/li>\n<li>A diretora refere o caso Jeffrey Epstein, mencionando redes globais de homens poderosos envolvidos em explora\u00e7\u00e3o sexual e abuso de mulheres e meninas, com impunidade que corr\u00f3i governos e mercados.<\/li>\n<li>A CSW70 \u00e9 vista como oportunidade para defensoras dos direitos humanos resistirem a ataques sist\u00e9micos, organizarem a\u00e7\u00f5es coletivas e garantirem mecanismos de responsabiliza\u00e7\u00e3o.<\/li>\n<\/ul>\n","protected":false},"author":2,"featured_media":405677,"comment_status":"closed","ping_status":"closed","sticky":false,"template":"","format":"standard","meta":{"footnotes":""},"categories":[1],"tags":[1730,1469,7011,2633,1600,2701],"class_list":["post-405674","post","type-post","status-publish","format-standard","has-post-thumbnail","hentry","category-noticias","tag-amnistia-internacional","tag-desinformacao","tag-direitos-das-mulheres","tag-direitos-humanos","tag-estados-unidos","tag-mulheres"],"yoast_head":"<!-- This site is optimized with the Yoast SEO plugin v27.2 - https:\/\/yoast.com\/product\/yoast-seo-wordpress\/ -->\n<title>Amnistia Internacional reitera pedido de prote\u00e7\u00e3o dos direitos das mulheres - Portal Tela Portugal<\/title>\n<meta name=\"robots\" content=\"index, follow, max-snippet:-1, max-image-preview:large, max-video-preview:-1\" \/>\n<meta property=\"og:locale\" content=\"pt_PT\" \/>\n<meta property=\"og:type\" content=\"article\" \/>\n<meta property=\"og:title\" content=\"Amnistia Internacional reitera pedido de prote\u00e7\u00e3o dos direitos das mulheres - Portal Tela Portugal\" \/>\n<meta property=\"og:description\" content=\"Amnistia Internacional diz que a CSW70 surge num momento urgente, com a justi\u00e7a de g\u00e9nero sob ataque e muitos defensores impedidos de entrar nos Estados Unidos. A organiza\u00e7\u00e3o acusa movimentos anti-direitos, apoiados por Estados Unidos, pela R\u00fassia e outros governos, de tentar reverter d\u00e9cadas de progresso civilizacional. Segundo Agn\u00e8s Callamard, estados poderosos usam o g\u00e9nero para justificar repress\u00e3o e leis punitivas, enquanto empresas disseminam narrativas de \u00f3dio e desinforma\u00e7\u00e3o, reduzindo o espa\u00e7o c\u00edvico. A diretora refere o caso Jeffrey Epstein, mencionando redes globais de homens poderosos envolvidos em explora\u00e7\u00e3o sexual e abuso de mulheres e meninas, com impunidade que corr\u00f3i governos e mercados. A CSW70 \u00e9 vista como oportunidade para defensoras dos direitos humanos resistirem a ataques sist\u00e9micos, organizarem a\u00e7\u00f5es coletivas e garantirem mecanismos de responsabiliza\u00e7\u00e3o.\" \/>\n<meta property=\"og:url\" content=\"https:\/\/portaltela.pt\/noticias\/2026\/03\/11\/amnistia-internacional-reitera-pedido-de-protecao-dos-direitos-das-mulheres\/\" \/>\n<meta property=\"og:site_name\" content=\"Portal Tela Portugal\" \/>\n<meta property=\"article:published_time\" content=\"2026-03-11T09:58:00+00:00\" \/>\n<meta name=\"author\" content=\"Telinha\" \/>\n<meta name=\"twitter:card\" content=\"summary_large_image\" \/>\n<meta name=\"twitter:label1\" content=\"Escrito por\" \/>\n\t<meta name=\"twitter:data1\" content=\"Telinha\" \/>\n\t<meta name=\"twitter:label2\" content=\"Tempo estimado de leitura\" \/>\n\t<meta name=\"twitter:data2\" content=\"1 minuto\" \/>\n<script type=\"application\/ld+json\" class=\"yoast-schema-graph\">{\"@context\":\"https:\/\/schema.org\",\"@graph\":[{\"@type\":\"Article\",\"@id\":\"https:\/\/portaltela.pt\/noticias\/2026\/03\/11\/amnistia-internacional-reitera-pedido-de-protecao-dos-direitos-das-mulheres\/#article\",\"isPartOf\":{\"@id\":\"https:\/\/portaltela.pt\/noticias\/2026\/03\/11\/amnistia-internacional-reitera-pedido-de-protecao-dos-direitos-das-mulheres\/\"},\"author\":{\"name\":\"Telinha\",\"@id\":\"https:\/\/portaltela.pt\/#\/schema\/person\/c4278d4a6028830caff9ee44b42d32ed\"},\"headline\":\"Amnistia Internacional reitera pedido de prote\u00e7\u00e3o dos direitos das mulheres\",\"datePublished\":\"2026-03-11T09:58:00+00:00\",\"mainEntityOfPage\":{\"@id\":\"https:\/\/portaltela.pt\/noticias\/2026\/03\/11\/amnistia-internacional-reitera-pedido-de-protecao-dos-direitos-das-mulheres\/\"},\"wordCount\":259,\"image\":{\"@id\":\"https:\/\/portaltela.pt\/noticias\/2026\/03\/11\/amnistia-internacional-reitera-pedido-de-protecao-dos-direitos-das-mulheres\/#primaryimage\"},\"thumbnailUrl\":\"https:\/\/portaltela.pt\/s.01k8rhncp4jt1\/2026\/03\/image-685.jpg\",\"keywords\":[\"Amnistia Internacional\",\"desinforma\u00e7\u00e3o\",\"direitos das mulheres\",\"direitos humanos\",\"Estados Unidos\",\"Mulheres\"],\"articleSection\":[\"Not\u00edcias\"],\"inLanguage\":\"pt-PT\"},{\"@type\":\"WebPage\",\"@id\":\"https:\/\/portaltela.pt\/noticias\/2026\/03\/11\/amnistia-internacional-reitera-pedido-de-protecao-dos-direitos-das-mulheres\/\",\"url\":\"https:\/\/portaltela.pt\/noticias\/2026\/03\/11\/amnistia-internacional-reitera-pedido-de-protecao-dos-direitos-das-mulheres\/\",\"name\":\"Amnistia Internacional reitera pedido de prote\u00e7\u00e3o dos direitos das mulheres - Portal Tela Portugal\",\"isPartOf\":{\"@id\":\"https:\/\/portaltela.pt\/#website\"},\"primaryImageOfPage\":{\"@id\":\"https:\/\/portaltela.pt\/noticias\/2026\/03\/11\/amnistia-internacional-reitera-pedido-de-protecao-dos-direitos-das-mulheres\/#primaryimage\"},\"image\":{\"@id\":\"https:\/\/portaltela.pt\/noticias\/2026\/03\/11\/amnistia-internacional-reitera-pedido-de-protecao-dos-direitos-das-mulheres\/#primaryimage\"},\"thumbnailUrl\":\"https:\/\/portaltela.pt\/s.01k8rhncp4jt1\/2026\/03\/image-685.jpg\",\"datePublished\":\"2026-03-11T09:58:00+00:00\",\"author\":{\"@id\":\"https:\/\/portaltela.pt\/#\/schema\/person\/c4278d4a6028830caff9ee44b42d32ed\"},\"breadcrumb\":{\"@id\":\"https:\/\/portaltela.pt\/noticias\/2026\/03\/11\/amnistia-internacional-reitera-pedido-de-protecao-dos-direitos-das-mulheres\/#breadcrumb\"},\"inLanguage\":\"pt-PT\",\"potentialAction\":[{\"@type\":\"ReadAction\",\"target\":[\"https:\/\/portaltela.pt\/noticias\/2026\/03\/11\/amnistia-internacional-reitera-pedido-de-protecao-dos-direitos-das-mulheres\/\"]}]},{\"@type\":\"ImageObject\",\"inLanguage\":\"pt-PT\",\"@id\":\"https:\/\/portaltela.pt\/noticias\/2026\/03\/11\/amnistia-internacional-reitera-pedido-de-protecao-dos-direitos-das-mulheres\/#primaryimage\",\"url\":\"https:\/\/portaltela.pt\/s.01k8rhncp4jt1\/2026\/03\/image-685.jpg\",\"contentUrl\":\"https:\/\/portaltela.pt\/s.01k8rhncp4jt1\/2026\/03\/image-685.jpg\",\"width\":796,\"height\":448,\"caption\":\"secret\u00e1ria-geral da organiza\u00e7\u00e3o n\u00e3o-governamental de defesa dos direitos humanos, Agn\u00e8s Callamard\"},{\"@type\":\"BreadcrumbList\",\"@id\":\"https:\/\/portaltela.pt\/noticias\/2026\/03\/11\/amnistia-internacional-reitera-pedido-de-protecao-dos-direitos-das-mulheres\/#breadcrumb\",\"itemListElement\":[{\"@type\":\"ListItem\",\"position\":1,\"name\":\"In\u00edcio\",\"item\":\"https:\/\/portaltela.pt\/\"},{\"@type\":\"ListItem\",\"position\":2,\"name\":\"Amnistia Internacional reitera pedido de prote\u00e7\u00e3o dos direitos das mulheres\"}]},{\"@type\":\"WebSite\",\"@id\":\"https:\/\/portaltela.pt\/#website\",\"url\":\"https:\/\/portaltela.pt\/\",\"name\":\"Portal Tela Portugal\",\"description\":\"\",\"potentialAction\":[{\"@type\":\"SearchAction\",\"target\":{\"@type\":\"EntryPoint\",\"urlTemplate\":\"https:\/\/portaltela.pt\/?s={search_term_string}\"},\"query-input\":{\"@type\":\"PropertyValueSpecification\",\"valueRequired\":true,\"valueName\":\"search_term_string\"}}],\"inLanguage\":\"pt-PT\"},{\"@type\":\"Person\",\"@id\":\"https:\/\/portaltela.pt\/#\/schema\/person\/c4278d4a6028830caff9ee44b42d32ed\",\"name\":\"Telinha\",\"image\":{\"@type\":\"ImageObject\",\"inLanguage\":\"pt-PT\",\"@id\":\"https:\/\/portaltela.pt\/s.01k8rhncp4jt1\/2025\/11\/talking-bot-125x125.png\",\"url\":\"https:\/\/portaltela.pt\/s.01k8rhncp4jt1\/2025\/11\/talking-bot-125x125.png\",\"contentUrl\":\"https:\/\/portaltela.pt\/s.01k8rhncp4jt1\/2025\/11\/talking-bot-125x125.png\",\"caption\":\"Telinha\"},\"sameAs\":[\"https:\/\/portaltela.pt\/\"],\"url\":\"https:\/\/portaltela.pt\/por\/367410592786\/\"}]}<\/script>\n<!-- \/ Yoast SEO plugin. -->","yoast_head_json":{"title":"Amnistia Internacional reitera pedido de prote\u00e7\u00e3o dos direitos das mulheres - Portal Tela Portugal","robots":{"index":"index","follow":"follow","max-snippet":"max-snippet:-1","max-image-preview":"max-image-preview:large","max-video-preview":"max-video-preview:-1"},"og_locale":"pt_PT","og_type":"article","og_title":"Amnistia Internacional reitera pedido de prote\u00e7\u00e3o dos direitos das mulheres - Portal Tela Portugal","og_description":"Amnistia Internacional diz que a CSW70 surge num momento urgente, com a justi\u00e7a de g\u00e9nero sob ataque e muitos defensores impedidos de entrar nos Estados Unidos. A organiza\u00e7\u00e3o acusa movimentos anti-direitos, apoiados por Estados Unidos, pela R\u00fassia e outros governos, de tentar reverter d\u00e9cadas de progresso civilizacional. Segundo Agn\u00e8s Callamard, estados poderosos usam o g\u00e9nero para justificar repress\u00e3o e leis punitivas, enquanto empresas disseminam narrativas de \u00f3dio e desinforma\u00e7\u00e3o, reduzindo o espa\u00e7o c\u00edvico. A diretora refere o caso Jeffrey Epstein, mencionando redes globais de homens poderosos envolvidos em explora\u00e7\u00e3o sexual e abuso de mulheres e meninas, com impunidade que corr\u00f3i governos e mercados. A CSW70 \u00e9 vista como oportunidade para defensoras dos direitos humanos resistirem a ataques sist\u00e9micos, organizarem a\u00e7\u00f5es coletivas e garantirem mecanismos de responsabiliza\u00e7\u00e3o.","og_url":"https:\/\/portaltela.pt\/noticias\/2026\/03\/11\/amnistia-internacional-reitera-pedido-de-protecao-dos-direitos-das-mulheres\/","og_site_name":"Portal Tela Portugal","article_published_time":"2026-03-11T09:58:00+00:00","author":"Telinha","twitter_card":"summary_large_image","twitter_misc":{"Escrito por":"Telinha","Tempo estimado de leitura":"1 minuto"},"schema":{"@context":"https:\/\/schema.org","@graph":[{"@type":"Article","@id":"https:\/\/portaltela.pt\/noticias\/2026\/03\/11\/amnistia-internacional-reitera-pedido-de-protecao-dos-direitos-das-mulheres\/#article","isPartOf":{"@id":"https:\/\/portaltela.pt\/noticias\/2026\/03\/11\/amnistia-internacional-reitera-pedido-de-protecao-dos-direitos-das-mulheres\/"},"author":{"name":"Telinha","@id":"https:\/\/portaltela.pt\/#\/schema\/person\/c4278d4a6028830caff9ee44b42d32ed"},"headline":"Amnistia Internacional reitera pedido de prote\u00e7\u00e3o dos direitos das mulheres","datePublished":"2026-03-11T09:58:00+00:00","mainEntityOfPage":{"@id":"https:\/\/portaltela.pt\/noticias\/2026\/03\/11\/amnistia-internacional-reitera-pedido-de-protecao-dos-direitos-das-mulheres\/"},"wordCount":259,"image":{"@id":"https:\/\/portaltela.pt\/noticias\/2026\/03\/11\/amnistia-internacional-reitera-pedido-de-protecao-dos-direitos-das-mulheres\/#primaryimage"},"thumbnailUrl":"https:\/\/portaltela.pt\/s.01k8rhncp4jt1\/2026\/03\/image-685.jpg","keywords":["Amnistia Internacional","desinforma\u00e7\u00e3o","direitos das mulheres","direitos humanos","Estados Unidos","Mulheres"],"articleSection":["Not\u00edcias"],"inLanguage":"pt-PT"},{"@type":"WebPage","@id":"https:\/\/portaltela.pt\/noticias\/2026\/03\/11\/amnistia-internacional-reitera-pedido-de-protecao-dos-direitos-das-mulheres\/","url":"https:\/\/portaltela.pt\/noticias\/2026\/03\/11\/amnistia-internacional-reitera-pedido-de-protecao-dos-direitos-das-mulheres\/","name":"Amnistia Internacional reitera pedido de prote\u00e7\u00e3o dos direitos das mulheres - Portal Tela Portugal","isPartOf":{"@id":"https:\/\/portaltela.pt\/#website"},"primaryImageOfPage":{"@id":"https:\/\/portaltela.pt\/noticias\/2026\/03\/11\/amnistia-internacional-reitera-pedido-de-protecao-dos-direitos-das-mulheres\/#primaryimage"},"image":{"@id":"https:\/\/portaltela.pt\/noticias\/2026\/03\/11\/amnistia-internacional-reitera-pedido-de-protecao-dos-direitos-das-mulheres\/#primaryimage"},"thumbnailUrl":"https:\/\/portaltela.pt\/s.01k8rhncp4jt1\/2026\/03\/image-685.jpg","datePublished":"2026-03-11T09:58:00+00:00","author":{"@id":"https:\/\/portaltela.pt\/#\/schema\/person\/c4278d4a6028830caff9ee44b42d32ed"},"breadcrumb":{"@id":"https:\/\/portaltela.pt\/noticias\/2026\/03\/11\/amnistia-internacional-reitera-pedido-de-protecao-dos-direitos-das-mulheres\/#breadcrumb"},"inLanguage":"pt-PT","potentialAction":[{"@type":"ReadAction","target":["https:\/\/portaltela.pt\/noticias\/2026\/03\/11\/amnistia-internacional-reitera-pedido-de-protecao-dos-direitos-das-mulheres\/"]}]},{"@type":"ImageObject","inLanguage":"pt-PT","@id":"https:\/\/portaltela.pt\/noticias\/2026\/03\/11\/amnistia-internacional-reitera-pedido-de-protecao-dos-direitos-das-mulheres\/#primaryimage","url":"https:\/\/portaltela.pt\/s.01k8rhncp4jt1\/2026\/03\/image-685.jpg","contentUrl":"https:\/\/portaltela.pt\/s.01k8rhncp4jt1\/2026\/03\/image-685.jpg","width":796,"height":448,"caption":"secret\u00e1ria-geral da organiza\u00e7\u00e3o n\u00e3o-governamental de defesa dos direitos humanos, Agn\u00e8s Callamard"},{"@type":"BreadcrumbList","@id":"https:\/\/portaltela.pt\/noticias\/2026\/03\/11\/amnistia-internacional-reitera-pedido-de-protecao-dos-direitos-das-mulheres\/#breadcrumb","itemListElement":[{"@type":"ListItem","position":1,"name":"In\u00edcio","item":"https:\/\/portaltela.pt\/"},{"@type":"ListItem","position":2,"name":"Amnistia Internacional reitera pedido de prote\u00e7\u00e3o dos direitos das mulheres"}]},{"@type":"WebSite","@id":"https:\/\/portaltela.pt\/#website","url":"https:\/\/portaltela.pt\/","name":"Portal Tela Portugal","description":"","potentialAction":[{"@type":"SearchAction","target":{"@type":"EntryPoint","urlTemplate":"https:\/\/portaltela.pt\/?s={search_term_string}"},"query-input":{"@type":"PropertyValueSpecification","valueRequired":true,"valueName":"search_term_string"}}],"inLanguage":"pt-PT"},{"@type":"Person","@id":"https:\/\/portaltela.pt\/#\/schema\/person\/c4278d4a6028830caff9ee44b42d32ed","name":"Telinha","image":{"@type":"ImageObject","inLanguage":"pt-PT","@id":"https:\/\/portaltela.pt\/s.01k8rhncp4jt1\/2025\/11\/talking-bot-125x125.png","url":"https:\/\/portaltela.pt\/s.01k8rhncp4jt1\/2025\/11\/talking-bot-125x125.png","contentUrl":"https:\/\/portaltela.pt\/s.01k8rhncp4jt1\/2025\/11\/talking-bot-125x125.png","caption":"Telinha"},"sameAs":["https:\/\/portaltela.pt\/"],"url":"https:\/\/portaltela.pt\/por\/367410592786\/"}]}},"_links":{"self":[{"href":"https:\/\/portaltela.pt\/api\/wp\/v2\/posts\/405674","targetHints":{"allow":["GET"]}}],"collection":[{"href":"https:\/\/portaltela.pt\/api\/wp\/v2\/posts"}],"about":[{"href":"https:\/\/portaltela.pt\/api\/wp\/v2\/types\/post"}],"author":[{"embeddable":true,"href":"https:\/\/portaltela.pt\/api\/wp\/v2\/users\/2"}],"replies":[{"embeddable":true,"href":"https:\/\/portaltela.pt\/api\/wp\/v2\/comments?post=405674"}],"version-history":[{"count":0,"href":"https:\/\/portaltela.pt\/api\/wp\/v2\/posts\/405674\/revisions"}],"wp:featuredmedia":[{"embeddable":true,"href":"https:\/\/portaltela.pt\/api\/wp\/v2\/media\/405677"}],"wp:attachment":[{"href":"https:\/\/portaltela.pt\/api\/wp\/v2\/media?parent=405674"}],"wp:term":[{"taxonomy":"category","embeddable":true,"href":"https:\/\/portaltela.pt\/api\/wp\/v2\/categories?post=405674"},{"taxonomy":"post_tag","embeddable":true,"href":"https:\/\/portaltela.pt\/api\/wp\/v2\/tags?post=405674"}],"curies":[{"name":"wp","href":"https:\/\/api.w.org\/{rel}","templated":true}]}}