{"id":405673,"date":"2026-03-11T07:07:00","date_gmt":"2026-03-11T10:07:00","guid":{"rendered":"https:\/\/portaltela.pt\/noticias\/2026\/03\/11\/von-der-leyen-ue-respeitara-sempre-principios-do-direito-internacional\/"},"modified":"2026-03-11T07:07:00","modified_gmt":"2026-03-11T10:07:00","slug":"von-der-leyen-ue-respeitara-sempre-principios-do-direito-internacional","status":"publish","type":"post","link":"https:\/\/portaltela.pt\/noticias\/politica\/2026\/03\/11\/von-der-leyen-ue-respeitara-sempre-principios-do-direito-internacional\/","title":{"rendered":"Von der Leyen: UE respeitar\u00e1 sempre princ\u00edpios do direito internacional"},"content":{"rendered":"<p>A presidente da Comiss\u00e3o Europeia garantiu, nesta quarta-feira, que a UE respeitar\u00e1 sempre os princ\u00edpios do direito internacional. A declara\u00e7\u00e3o ocorre dois dias depois de cr\u00edticas \u00e0 ideia de que a UE n\u00e3o possa continuar a ser a guardi\u00e3 da velha ordem mundial. O discurso foi feito no Parlamento Europeu, em Estrasburgo.<\/p>\n<p>Von der Leyen sublinhou que a UE foi criada como um projeto de paz e reiterou o compromisso com a Carta das Na\u00e7\u00f5es Unidas. A presidente assegurou que o bloco continuar\u00e1 a defender o direito internacional, apesar dos desafios atuais.<\/p>\n<p>A interven\u00e7\u00e3o seguiu a pol\u00e9mica gerada por uma declara\u00e7\u00e3o anterior, feita na confer\u00eancia anual dos embaixadores da UE, em Bruxelas. Vozes de v\u00e1rios grupos pol\u00edticos criticaram o coment\u00e1rio sobre a preserva\u00e7\u00e3o da ordem mundial.<\/p>\n<h3>Contexto internacional<\/h3>\n<p>No discurso, a presidente dirigiu cr\u00edticas ao regime do Ir\u00e3o, descrevendo o governo como repressivo e violento sob Ali Khamenei. A an\u00e1lise voltou a enfatizar a repress\u00e3o contra dissidentes e as limita\u00e7\u00f5es \u00e0s liberdades.<\/p>\n<p>Von der Leyen recordou que, em janeiro, centenas de milhares de jovens iranianos sa\u00edram \u00e0 rua em protesto. Defendeu que muitos iranianos desejam liberdade, dignidade e autodetermina\u00e7\u00e3o.<\/p>\n<h3>Reac\u00e7\u00f5es dentro da UE<\/h3>\n<p>As cr\u00edticas \u00e0 afirma\u00e7\u00e3o sobre a ordem mundial chegaram de eurodeputados de v\u00e1rios quadrantes, incluindo Socialistas e Democratas e Renew Europe. Ainda assim, a l\u00edder europeia manteve a posi\u00e7\u00e3o de defesa do direito internacional.<\/p>\n<p>A Uni\u00e3o Europeia tem vindo a acompanhar de perto a situa\u00e7\u00e3o no M\u00e9dio Oriente. A presidente reiterou o compromisso com a paz e com o respeito pelas normas internacionais, independentemente de press\u00f5es pol\u00edticas.<\/p>\n","protected":false},"excerpt":{"rendered":"<ul>\n<li>A presidente da Comiss\u00e3o Europeia, Ursula von der Leyen, garantiu que a UE respeitar\u00e1 sempre os princ\u00edpios do direito internacional.<\/li>\n<li>A declara\u00e7\u00e3o ocorreu num discurso no Parlamento Europeu, em Estrasburgo, dois dias depois de cr\u00edticas por dizer que n\u00e3o podia continuar a ser guardi\u00e3 da velha ordem mundial.<\/li>\n<li>Von der Leyen reafirmou o compromisso da UE com a paz, com a Carta das Na\u00e7\u00f5es Unidas e com o direito internacional.<\/li>\n<li>Criticou o regime do Ir\u00e3o, descrevendo-o como repressivo e respons\u00e1vel por pris\u00f5es, torturas e pela supress\u00e3o de dissid\u00eancia, lembrando os protestos de jovens iranianos em janeiro.<\/li>\n<li>Mencionou os ataques de Estados Unidos e de Israel ao Ir\u00e3o a 28 de fevereiro e as retalia\u00e7\u00f5es iranianas que atingiram Israel, bases norte-americanas e infraestruturas em v\u00e1rios pa\u00edses da regi\u00e3o.<\/li>\n<\/ul>\n","protected":false},"author":2,"featured_media":405676,"comment_status":"closed","ping_status":"closed","sticky":false,"template":"","format":"standard","meta":{"footnotes":""},"categories":[6912,5],"tags":[3034,2633,1157,3153,2127,2055],"class_list":["post-405673","post","type-post","status-publish","format-standard","has-post-thumbnail","hentry","category-internacionais","category-politica","tag-direito-internacional","tag-direitos-humanos","tag-estrasburgo","tag-ira","tag-nacoes-unidas","tag-uniao-europeia"],"yoast_head":"<!-- This site is optimized with the Yoast SEO plugin v27.2 - https:\/\/yoast.com\/product\/yoast-seo-wordpress\/ -->\n<title>Von der Leyen: UE respeitar\u00e1 sempre princ\u00edpios do direito internacional - Portal Tela Portugal<\/title>\n<meta name=\"robots\" content=\"index, follow, max-snippet:-1, max-image-preview:large, max-video-preview:-1\" \/>\n<meta property=\"og:locale\" content=\"pt_PT\" \/>\n<meta property=\"og:type\" content=\"article\" \/>\n<meta property=\"og:title\" content=\"Von der Leyen: UE respeitar\u00e1 sempre princ\u00edpios do direito internacional - Portal Tela Portugal\" \/>\n<meta property=\"og:description\" content=\"A presidente da Comiss\u00e3o Europeia, Ursula von der Leyen, garantiu que a UE respeitar\u00e1 sempre os princ\u00edpios do direito internacional. A declara\u00e7\u00e3o ocorreu num discurso no Parlamento Europeu, em Estrasburgo, dois dias depois de cr\u00edticas por dizer que n\u00e3o podia continuar a ser guardi\u00e3 da velha ordem mundial. Von der Leyen reafirmou o compromisso da UE com a paz, com a Carta das Na\u00e7\u00f5es Unidas e com o direito internacional. Criticou o regime do Ir\u00e3o, descrevendo-o como repressivo e respons\u00e1vel por pris\u00f5es, torturas e pela supress\u00e3o de dissid\u00eancia, lembrando os protestos de jovens iranianos em janeiro. Mencionou os ataques de Estados Unidos e de Israel ao Ir\u00e3o a 28 de fevereiro e as retalia\u00e7\u00f5es iranianas que atingiram Israel, bases norte-americanas e infraestruturas em v\u00e1rios pa\u00edses da regi\u00e3o.\" \/>\n<meta property=\"og:url\" content=\"https:\/\/portaltela.pt\/noticias\/2026\/03\/11\/von-der-leyen-ue-respeitara-sempre-principios-do-direito-internacional\/\" \/>\n<meta property=\"og:site_name\" content=\"Portal Tela Portugal\" \/>\n<meta property=\"article:published_time\" content=\"2026-03-11T10:07:00+00:00\" \/>\n<meta name=\"author\" content=\"Telinha\" \/>\n<meta name=\"twitter:card\" content=\"summary_large_image\" \/>\n<meta name=\"twitter:label1\" content=\"Escrito por\" \/>\n\t<meta name=\"twitter:data1\" content=\"Telinha\" \/>\n\t<meta name=\"twitter:label2\" content=\"Tempo estimado de leitura\" \/>\n\t<meta name=\"twitter:data2\" content=\"1 minuto\" \/>\n<script type=\"application\/ld+json\" class=\"yoast-schema-graph\">{\"@context\":\"https:\/\/schema.org\",\"@graph\":[{\"@type\":\"Article\",\"@id\":\"https:\/\/portaltela.pt\/noticias\/2026\/03\/11\/von-der-leyen-ue-respeitara-sempre-principios-do-direito-internacional\/#article\",\"isPartOf\":{\"@id\":\"https:\/\/portaltela.pt\/noticias\/2026\/03\/11\/von-der-leyen-ue-respeitara-sempre-principios-do-direito-internacional\/\"},\"author\":{\"name\":\"Telinha\",\"@id\":\"https:\/\/portaltela.pt\/#\/schema\/person\/c4278d4a6028830caff9ee44b42d32ed\"},\"headline\":\"Von der Leyen: UE respeitar\u00e1 sempre princ\u00edpios do direito internacional\",\"datePublished\":\"2026-03-11T10:07:00+00:00\",\"mainEntityOfPage\":{\"@id\":\"https:\/\/portaltela.pt\/noticias\/2026\/03\/11\/von-der-leyen-ue-respeitara-sempre-principios-do-direito-internacional\/\"},\"wordCount\":300,\"image\":{\"@id\":\"https:\/\/portaltela.pt\/noticias\/2026\/03\/11\/von-der-leyen-ue-respeitara-sempre-principios-do-direito-internacional\/#primaryimage\"},\"thumbnailUrl\":\"https:\/\/portaltela.pt\/s.01k8rhncp4jt1\/2026\/03\/image-684.jpg\",\"keywords\":[\"direito internacional\",\"direitos humanos\",\"Estrasburgo\",\"Ir\u00e3\",\"Na\u00e7\u00f5es Unidas\",\"Uni\u00e3o Europeia\"],\"articleSection\":[\"Internacionais\",\"Pol\u00edtica\"],\"inLanguage\":\"pt-PT\"},{\"@type\":\"WebPage\",\"@id\":\"https:\/\/portaltela.pt\/noticias\/2026\/03\/11\/von-der-leyen-ue-respeitara-sempre-principios-do-direito-internacional\/\",\"url\":\"https:\/\/portaltela.pt\/noticias\/2026\/03\/11\/von-der-leyen-ue-respeitara-sempre-principios-do-direito-internacional\/\",\"name\":\"Von der Leyen: UE respeitar\u00e1 sempre princ\u00edpios do direito internacional - Portal Tela Portugal\",\"isPartOf\":{\"@id\":\"https:\/\/portaltela.pt\/#website\"},\"primaryImageOfPage\":{\"@id\":\"https:\/\/portaltela.pt\/noticias\/2026\/03\/11\/von-der-leyen-ue-respeitara-sempre-principios-do-direito-internacional\/#primaryimage\"},\"image\":{\"@id\":\"https:\/\/portaltela.pt\/noticias\/2026\/03\/11\/von-der-leyen-ue-respeitara-sempre-principios-do-direito-internacional\/#primaryimage\"},\"thumbnailUrl\":\"https:\/\/portaltela.pt\/s.01k8rhncp4jt1\/2026\/03\/image-684.jpg\",\"datePublished\":\"2026-03-11T10:07:00+00:00\",\"author\":{\"@id\":\"https:\/\/portaltela.pt\/#\/schema\/person\/c4278d4a6028830caff9ee44b42d32ed\"},\"breadcrumb\":{\"@id\":\"https:\/\/portaltela.pt\/noticias\/2026\/03\/11\/von-der-leyen-ue-respeitara-sempre-principios-do-direito-internacional\/#breadcrumb\"},\"inLanguage\":\"pt-PT\",\"potentialAction\":[{\"@type\":\"ReadAction\",\"target\":[\"https:\/\/portaltela.pt\/noticias\/2026\/03\/11\/von-der-leyen-ue-respeitara-sempre-principios-do-direito-internacional\/\"]}]},{\"@type\":\"ImageObject\",\"inLanguage\":\"pt-PT\",\"@id\":\"https:\/\/portaltela.pt\/noticias\/2026\/03\/11\/von-der-leyen-ue-respeitara-sempre-principios-do-direito-internacional\/#primaryimage\",\"url\":\"https:\/\/portaltela.pt\/s.01k8rhncp4jt1\/2026\/03\/image-684.jpg\",\"contentUrl\":\"https:\/\/portaltela.pt\/s.01k8rhncp4jt1\/2026\/03\/image-684.jpg\",\"width\":796,\"height\":448,\"caption\":\"A presidente da Comiss\u00e3o Europeia no Parlamento Europeu, em Estrasburgo\"},{\"@type\":\"BreadcrumbList\",\"@id\":\"https:\/\/portaltela.pt\/noticias\/2026\/03\/11\/von-der-leyen-ue-respeitara-sempre-principios-do-direito-internacional\/#breadcrumb\",\"itemListElement\":[{\"@type\":\"ListItem\",\"position\":1,\"name\":\"In\u00edcio\",\"item\":\"https:\/\/portaltela.pt\/\"},{\"@type\":\"ListItem\",\"position\":2,\"name\":\"Von der Leyen: UE respeitar\u00e1 sempre princ\u00edpios do direito internacional\"}]},{\"@type\":\"WebSite\",\"@id\":\"https:\/\/portaltela.pt\/#website\",\"url\":\"https:\/\/portaltela.pt\/\",\"name\":\"Portal Tela Portugal\",\"description\":\"\",\"potentialAction\":[{\"@type\":\"SearchAction\",\"target\":{\"@type\":\"EntryPoint\",\"urlTemplate\":\"https:\/\/portaltela.pt\/?s={search_term_string}\"},\"query-input\":{\"@type\":\"PropertyValueSpecification\",\"valueRequired\":true,\"valueName\":\"search_term_string\"}}],\"inLanguage\":\"pt-PT\"},{\"@type\":\"Person\",\"@id\":\"https:\/\/portaltela.pt\/#\/schema\/person\/c4278d4a6028830caff9ee44b42d32ed\",\"name\":\"Telinha\",\"image\":{\"@type\":\"ImageObject\",\"inLanguage\":\"pt-PT\",\"@id\":\"https:\/\/portaltela.pt\/s.01k8rhncp4jt1\/2025\/11\/talking-bot-125x125.png\",\"url\":\"https:\/\/portaltela.pt\/s.01k8rhncp4jt1\/2025\/11\/talking-bot-125x125.png\",\"contentUrl\":\"https:\/\/portaltela.pt\/s.01k8rhncp4jt1\/2025\/11\/talking-bot-125x125.png\",\"caption\":\"Telinha\"},\"sameAs\":[\"https:\/\/portaltela.pt\/\"],\"url\":\"https:\/\/portaltela.pt\/por\/367410592786\/\"}]}<\/script>\n<!-- \/ Yoast SEO plugin. -->","yoast_head_json":{"title":"Von der Leyen: UE respeitar\u00e1 sempre princ\u00edpios do direito internacional - Portal Tela Portugal","robots":{"index":"index","follow":"follow","max-snippet":"max-snippet:-1","max-image-preview":"max-image-preview:large","max-video-preview":"max-video-preview:-1"},"og_locale":"pt_PT","og_type":"article","og_title":"Von der Leyen: UE respeitar\u00e1 sempre princ\u00edpios do direito internacional - Portal Tela Portugal","og_description":"A presidente da Comiss\u00e3o Europeia, Ursula von der Leyen, garantiu que a UE respeitar\u00e1 sempre os princ\u00edpios do direito internacional. A declara\u00e7\u00e3o ocorreu num discurso no Parlamento Europeu, em Estrasburgo, dois dias depois de cr\u00edticas por dizer que n\u00e3o podia continuar a ser guardi\u00e3 da velha ordem mundial. Von der Leyen reafirmou o compromisso da UE com a paz, com a Carta das Na\u00e7\u00f5es Unidas e com o direito internacional. Criticou o regime do Ir\u00e3o, descrevendo-o como repressivo e respons\u00e1vel por pris\u00f5es, torturas e pela supress\u00e3o de dissid\u00eancia, lembrando os protestos de jovens iranianos em janeiro. Mencionou os ataques de Estados Unidos e de Israel ao Ir\u00e3o a 28 de fevereiro e as retalia\u00e7\u00f5es iranianas que atingiram Israel, bases norte-americanas e infraestruturas em v\u00e1rios pa\u00edses da regi\u00e3o.","og_url":"https:\/\/portaltela.pt\/noticias\/2026\/03\/11\/von-der-leyen-ue-respeitara-sempre-principios-do-direito-internacional\/","og_site_name":"Portal Tela Portugal","article_published_time":"2026-03-11T10:07:00+00:00","author":"Telinha","twitter_card":"summary_large_image","twitter_misc":{"Escrito por":"Telinha","Tempo estimado de leitura":"1 minuto"},"schema":{"@context":"https:\/\/schema.org","@graph":[{"@type":"Article","@id":"https:\/\/portaltela.pt\/noticias\/2026\/03\/11\/von-der-leyen-ue-respeitara-sempre-principios-do-direito-internacional\/#article","isPartOf":{"@id":"https:\/\/portaltela.pt\/noticias\/2026\/03\/11\/von-der-leyen-ue-respeitara-sempre-principios-do-direito-internacional\/"},"author":{"name":"Telinha","@id":"https:\/\/portaltela.pt\/#\/schema\/person\/c4278d4a6028830caff9ee44b42d32ed"},"headline":"Von der Leyen: UE respeitar\u00e1 sempre princ\u00edpios do direito internacional","datePublished":"2026-03-11T10:07:00+00:00","mainEntityOfPage":{"@id":"https:\/\/portaltela.pt\/noticias\/2026\/03\/11\/von-der-leyen-ue-respeitara-sempre-principios-do-direito-internacional\/"},"wordCount":300,"image":{"@id":"https:\/\/portaltela.pt\/noticias\/2026\/03\/11\/von-der-leyen-ue-respeitara-sempre-principios-do-direito-internacional\/#primaryimage"},"thumbnailUrl":"https:\/\/portaltela.pt\/s.01k8rhncp4jt1\/2026\/03\/image-684.jpg","keywords":["direito internacional","direitos humanos","Estrasburgo","Ir\u00e3","Na\u00e7\u00f5es Unidas","Uni\u00e3o Europeia"],"articleSection":["Internacionais","Pol\u00edtica"],"inLanguage":"pt-PT"},{"@type":"WebPage","@id":"https:\/\/portaltela.pt\/noticias\/2026\/03\/11\/von-der-leyen-ue-respeitara-sempre-principios-do-direito-internacional\/","url":"https:\/\/portaltela.pt\/noticias\/2026\/03\/11\/von-der-leyen-ue-respeitara-sempre-principios-do-direito-internacional\/","name":"Von der Leyen: UE respeitar\u00e1 sempre princ\u00edpios do direito internacional - Portal Tela Portugal","isPartOf":{"@id":"https:\/\/portaltela.pt\/#website"},"primaryImageOfPage":{"@id":"https:\/\/portaltela.pt\/noticias\/2026\/03\/11\/von-der-leyen-ue-respeitara-sempre-principios-do-direito-internacional\/#primaryimage"},"image":{"@id":"https:\/\/portaltela.pt\/noticias\/2026\/03\/11\/von-der-leyen-ue-respeitara-sempre-principios-do-direito-internacional\/#primaryimage"},"thumbnailUrl":"https:\/\/portaltela.pt\/s.01k8rhncp4jt1\/2026\/03\/image-684.jpg","datePublished":"2026-03-11T10:07:00+00:00","author":{"@id":"https:\/\/portaltela.pt\/#\/schema\/person\/c4278d4a6028830caff9ee44b42d32ed"},"breadcrumb":{"@id":"https:\/\/portaltela.pt\/noticias\/2026\/03\/11\/von-der-leyen-ue-respeitara-sempre-principios-do-direito-internacional\/#breadcrumb"},"inLanguage":"pt-PT","potentialAction":[{"@type":"ReadAction","target":["https:\/\/portaltela.pt\/noticias\/2026\/03\/11\/von-der-leyen-ue-respeitara-sempre-principios-do-direito-internacional\/"]}]},{"@type":"ImageObject","inLanguage":"pt-PT","@id":"https:\/\/portaltela.pt\/noticias\/2026\/03\/11\/von-der-leyen-ue-respeitara-sempre-principios-do-direito-internacional\/#primaryimage","url":"https:\/\/portaltela.pt\/s.01k8rhncp4jt1\/2026\/03\/image-684.jpg","contentUrl":"https:\/\/portaltela.pt\/s.01k8rhncp4jt1\/2026\/03\/image-684.jpg","width":796,"height":448,"caption":"A presidente da Comiss\u00e3o Europeia no Parlamento Europeu, em Estrasburgo"},{"@type":"BreadcrumbList","@id":"https:\/\/portaltela.pt\/noticias\/2026\/03\/11\/von-der-leyen-ue-respeitara-sempre-principios-do-direito-internacional\/#breadcrumb","itemListElement":[{"@type":"ListItem","position":1,"name":"In\u00edcio","item":"https:\/\/portaltela.pt\/"},{"@type":"ListItem","position":2,"name":"Von der Leyen: UE respeitar\u00e1 sempre princ\u00edpios do direito internacional"}]},{"@type":"WebSite","@id":"https:\/\/portaltela.pt\/#website","url":"https:\/\/portaltela.pt\/","name":"Portal Tela Portugal","description":"","potentialAction":[{"@type":"SearchAction","target":{"@type":"EntryPoint","urlTemplate":"https:\/\/portaltela.pt\/?s={search_term_string}"},"query-input":{"@type":"PropertyValueSpecification","valueRequired":true,"valueName":"search_term_string"}}],"inLanguage":"pt-PT"},{"@type":"Person","@id":"https:\/\/portaltela.pt\/#\/schema\/person\/c4278d4a6028830caff9ee44b42d32ed","name":"Telinha","image":{"@type":"ImageObject","inLanguage":"pt-PT","@id":"https:\/\/portaltela.pt\/s.01k8rhncp4jt1\/2025\/11\/talking-bot-125x125.png","url":"https:\/\/portaltela.pt\/s.01k8rhncp4jt1\/2025\/11\/talking-bot-125x125.png","contentUrl":"https:\/\/portaltela.pt\/s.01k8rhncp4jt1\/2025\/11\/talking-bot-125x125.png","caption":"Telinha"},"sameAs":["https:\/\/portaltela.pt\/"],"url":"https:\/\/portaltela.pt\/por\/367410592786\/"}]}},"_links":{"self":[{"href":"https:\/\/portaltela.pt\/api\/wp\/v2\/posts\/405673","targetHints":{"allow":["GET"]}}],"collection":[{"href":"https:\/\/portaltela.pt\/api\/wp\/v2\/posts"}],"about":[{"href":"https:\/\/portaltela.pt\/api\/wp\/v2\/types\/post"}],"author":[{"embeddable":true,"href":"https:\/\/portaltela.pt\/api\/wp\/v2\/users\/2"}],"replies":[{"embeddable":true,"href":"https:\/\/portaltela.pt\/api\/wp\/v2\/comments?post=405673"}],"version-history":[{"count":0,"href":"https:\/\/portaltela.pt\/api\/wp\/v2\/posts\/405673\/revisions"}],"wp:featuredmedia":[{"embeddable":true,"href":"https:\/\/portaltela.pt\/api\/wp\/v2\/media\/405676"}],"wp:attachment":[{"href":"https:\/\/portaltela.pt\/api\/wp\/v2\/media?parent=405673"}],"wp:term":[{"taxonomy":"category","embeddable":true,"href":"https:\/\/portaltela.pt\/api\/wp\/v2\/categories?post=405673"},{"taxonomy":"post_tag","embeddable":true,"href":"https:\/\/portaltela.pt\/api\/wp\/v2\/tags?post=405673"}],"curies":[{"name":"wp","href":"https:\/\/api.w.org\/{rel}","templated":true}]}}