{"id":405663,"date":"2026-03-11T06:45:00","date_gmt":"2026-03-11T09:45:00","guid":{"rendered":"https:\/\/portaltela.pt\/noticias\/2026\/03\/11\/camiao-de-areia-interceptado-em-grandola-levava-carga-superior-ao-permitido\/"},"modified":"2026-03-11T06:45:00","modified_gmt":"2026-03-11T09:45:00","slug":"camiao-de-areia-interceptado-em-grandola-levava-carga-superior-ao-permitido","status":"publish","type":"post","link":"https:\/\/portaltela.pt\/noticias\/2026\/03\/11\/camiao-de-areia-interceptado-em-grandola-levava-carga-superior-ao-permitido\/","title":{"rendered":"Cami\u00e3o de areia interceptado em Gr\u00e2ndola levava carga superior ao permitido"},"content":{"rendered":"<p>Um cami\u00e3o de transporte de areia foi intercetado pela GNR em Gr\u00e2ndola, durante uma fiscaliza\u00e7\u00e3o rodovi\u00e1ria. O ve\u00edculo circulava com peso acima do permitido, estando autorizado a levar 44 toneladas, mas foi registado com 109,35 toneladas, o que corresponde a mais 65,35 toneladas de carga.<\/p>\n<p>A opera\u00e7\u00e3o, realizada pelo Posto de Tr\u00e2nsito de Gr\u00e2ndola, revelou que o cami\u00e3o, de configura\u00e7\u00e3o euro-modular, circulava sem a Autoriza\u00e7\u00e3o Especial de Tr\u00e2nsito (AET) necess\u00e1ria para a circula\u00e7\u00e3o na via p\u00fablica. A GNR foi quem efetuou a verifica\u00e7\u00e3o e os devidos procedimentos.<\/p>\n<p>Caso resultaram autos de contraordena\u00e7\u00e3o por excesso de peso, falta de AET e pela circula\u00e7\u00e3o com carga que comprometia as condi\u00e7\u00f5es de seguran\u00e7a. O ve\u00edculo foi imobilizado no local. Na mesma a\u00e7\u00e3o foram registadas cinco infra\u00e7\u00f5es por excesso de peso e 23 autos relativos a tac\u00f3grafos e licenciamentos de ve\u00edculos.<\/p>\n<h3>Medidas e contexto<\/h3>\n<p>A Guarda refor\u00e7a que o transporte de mercadorias deve cumprir os limites legais de peso e as normas de seguran\u00e7a rodovi\u00e1ria para assegurar a circula\u00e7\u00e3o segura nas vias. A opera\u00e7\u00e3o evidencia a fiscaliza\u00e7\u00e3o cont\u00ednua para preven\u00e7\u00e3o de excessos de carga e falhas administrativas que podem colocar em risco motoristas e outros utilizadores da estrada.<\/p>\n","protected":false},"excerpt":{"rendered":"<ul>\n<li>Na fiscaliza\u00e7\u00e3o da GNR em Gr\u00e2ndola, um cami\u00e3o de areia foi intercetado com peso bruto de 109.350 kg, acima do limite de 44.000 kg.<\/li>\n<li>A carga excedeu o permitido em 65.350 kg.<\/li>\n<li>O conjunto circulava sem Autoriza\u00e7\u00e3o Especial de Tr\u00e2nsito necess\u00e1ria para a via p\u00fablica.<\/li>\n<li>Resultado: autos de contraordena\u00e7\u00e3o por excesso de peso, falta de AET e circula\u00e7\u00e3o com carga que compromete a seguran\u00e7a, com o ve\u00edculo imobilizado.<\/li>\n<li>Ainda na opera\u00e7\u00e3o, foram registadas cinco infra\u00e7\u00f5es por excesso de peso e 23 autos relacionados com tac\u00f3grafos e licenciamentos de ve\u00edculos.<\/li>\n<\/ul>\n","protected":false},"author":2,"featured_media":405668,"comment_status":"closed","ping_status":"closed","sticky":false,"template":"","format":"standard","meta":{"footnotes":""},"categories":[1],"tags":[695,2465,5706,5189,192,6622],"class_list":["post-405663","post","type-post","status-publish","format-standard","has-post-thumbnail","hentry","category-noticias","tag-fiscalizacao","tag-grandola","tag-licenciamentos","tag-tacografos","tag-transporte","tag-veiculos"],"yoast_head":"<!-- This site is optimized with the Yoast SEO plugin v27.2 - https:\/\/yoast.com\/product\/yoast-seo-wordpress\/ -->\n<title>Cami\u00e3o de areia interceptado em Gr\u00e2ndola levava carga superior ao permitido - Portal Tela Portugal<\/title>\n<meta name=\"robots\" content=\"index, follow, max-snippet:-1, max-image-preview:large, max-video-preview:-1\" \/>\n<meta property=\"og:locale\" content=\"pt_PT\" \/>\n<meta property=\"og:type\" content=\"article\" \/>\n<meta property=\"og:title\" content=\"Cami\u00e3o de areia interceptado em Gr\u00e2ndola levava carga superior ao permitido - Portal Tela Portugal\" \/>\n<meta property=\"og:description\" content=\"Na fiscaliza\u00e7\u00e3o da GNR em Gr\u00e2ndola, um cami\u00e3o de areia foi intercetado com peso bruto de 109.350 kg, acima do limite de 44.000 kg. A carga excedeu o permitido em 65.350 kg. O conjunto circulava sem Autoriza\u00e7\u00e3o Especial de Tr\u00e2nsito necess\u00e1ria para a via p\u00fablica. Resultado: autos de contraordena\u00e7\u00e3o por excesso de peso, falta de AET e circula\u00e7\u00e3o com carga que compromete a seguran\u00e7a, com o ve\u00edculo imobilizado. Ainda na opera\u00e7\u00e3o, foram registadas cinco infra\u00e7\u00f5es por excesso de peso e 23 autos relacionados com tac\u00f3grafos e licenciamentos de ve\u00edculos.\" \/>\n<meta property=\"og:url\" content=\"https:\/\/portaltela.pt\/noticias\/2026\/03\/11\/camiao-de-areia-interceptado-em-grandola-levava-carga-superior-ao-permitido\/\" \/>\n<meta property=\"og:site_name\" content=\"Portal Tela Portugal\" \/>\n<meta property=\"article:published_time\" content=\"2026-03-11T09:45:00+00:00\" \/>\n<meta name=\"author\" content=\"Telinha\" \/>\n<meta name=\"twitter:card\" content=\"summary_large_image\" \/>\n<meta name=\"twitter:label1\" content=\"Escrito por\" \/>\n\t<meta name=\"twitter:data1\" content=\"Telinha\" \/>\n\t<meta name=\"twitter:label2\" content=\"Tempo estimado de leitura\" \/>\n\t<meta name=\"twitter:data2\" content=\"1 minuto\" \/>\n<script type=\"application\/ld+json\" class=\"yoast-schema-graph\">{\"@context\":\"https:\/\/schema.org\",\"@graph\":[{\"@type\":\"Article\",\"@id\":\"https:\/\/portaltela.pt\/noticias\/2026\/03\/11\/camiao-de-areia-interceptado-em-grandola-levava-carga-superior-ao-permitido\/#article\",\"isPartOf\":{\"@id\":\"https:\/\/portaltela.pt\/noticias\/2026\/03\/11\/camiao-de-areia-interceptado-em-grandola-levava-carga-superior-ao-permitido\/\"},\"author\":{\"name\":\"Telinha\",\"@id\":\"https:\/\/portaltela.pt\/#\/schema\/person\/c4278d4a6028830caff9ee44b42d32ed\"},\"headline\":\"Cami\u00e3o de areia interceptado em Gr\u00e2ndola levava carga superior ao permitido\",\"datePublished\":\"2026-03-11T09:45:00+00:00\",\"mainEntityOfPage\":{\"@id\":\"https:\/\/portaltela.pt\/noticias\/2026\/03\/11\/camiao-de-areia-interceptado-em-grandola-levava-carga-superior-ao-permitido\/\"},\"wordCount\":236,\"image\":{\"@id\":\"https:\/\/portaltela.pt\/noticias\/2026\/03\/11\/camiao-de-areia-interceptado-em-grandola-levava-carga-superior-ao-permitido\/#primaryimage\"},\"thumbnailUrl\":\"https:\/\/portaltela.pt\/s.01k8rhncp4jt1\/2026\/03\/image-683.jpg\",\"keywords\":[\"fiscaliza\u00e7\u00e3o\",\"Gr\u00e2ndola\",\"licenciamentos\",\"tac\u00f3grafos\",\"transporte\",\"ve\u00edculos\"],\"articleSection\":[\"Not\u00edcias\"],\"inLanguage\":\"pt-PT\"},{\"@type\":\"WebPage\",\"@id\":\"https:\/\/portaltela.pt\/noticias\/2026\/03\/11\/camiao-de-areia-interceptado-em-grandola-levava-carga-superior-ao-permitido\/\",\"url\":\"https:\/\/portaltela.pt\/noticias\/2026\/03\/11\/camiao-de-areia-interceptado-em-grandola-levava-carga-superior-ao-permitido\/\",\"name\":\"Cami\u00e3o de areia interceptado em Gr\u00e2ndola levava carga superior ao permitido - Portal Tela Portugal\",\"isPartOf\":{\"@id\":\"https:\/\/portaltela.pt\/#website\"},\"primaryImageOfPage\":{\"@id\":\"https:\/\/portaltela.pt\/noticias\/2026\/03\/11\/camiao-de-areia-interceptado-em-grandola-levava-carga-superior-ao-permitido\/#primaryimage\"},\"image\":{\"@id\":\"https:\/\/portaltela.pt\/noticias\/2026\/03\/11\/camiao-de-areia-interceptado-em-grandola-levava-carga-superior-ao-permitido\/#primaryimage\"},\"thumbnailUrl\":\"https:\/\/portaltela.pt\/s.01k8rhncp4jt1\/2026\/03\/image-683.jpg\",\"datePublished\":\"2026-03-11T09:45:00+00:00\",\"author\":{\"@id\":\"https:\/\/portaltela.pt\/#\/schema\/person\/c4278d4a6028830caff9ee44b42d32ed\"},\"breadcrumb\":{\"@id\":\"https:\/\/portaltela.pt\/noticias\/2026\/03\/11\/camiao-de-areia-interceptado-em-grandola-levava-carga-superior-ao-permitido\/#breadcrumb\"},\"inLanguage\":\"pt-PT\",\"potentialAction\":[{\"@type\":\"ReadAction\",\"target\":[\"https:\/\/portaltela.pt\/noticias\/2026\/03\/11\/camiao-de-areia-interceptado-em-grandola-levava-carga-superior-ao-permitido\/\"]}]},{\"@type\":\"ImageObject\",\"inLanguage\":\"pt-PT\",\"@id\":\"https:\/\/portaltela.pt\/noticias\/2026\/03\/11\/camiao-de-areia-interceptado-em-grandola-levava-carga-superior-ao-permitido\/#primaryimage\",\"url\":\"https:\/\/portaltela.pt\/s.01k8rhncp4jt1\/2026\/03\/image-683.jpg\",\"contentUrl\":\"https:\/\/portaltela.pt\/s.01k8rhncp4jt1\/2026\/03\/image-683.jpg\",\"width\":796,\"height\":448,\"caption\":\"Cami\u00e3o circulava com mais de 100 toneladas de areia, bem acima das 44 autorizadas\"},{\"@type\":\"BreadcrumbList\",\"@id\":\"https:\/\/portaltela.pt\/noticias\/2026\/03\/11\/camiao-de-areia-interceptado-em-grandola-levava-carga-superior-ao-permitido\/#breadcrumb\",\"itemListElement\":[{\"@type\":\"ListItem\",\"position\":1,\"name\":\"In\u00edcio\",\"item\":\"https:\/\/portaltela.pt\/\"},{\"@type\":\"ListItem\",\"position\":2,\"name\":\"Cami\u00e3o de areia interceptado em Gr\u00e2ndola levava carga superior ao permitido\"}]},{\"@type\":\"WebSite\",\"@id\":\"https:\/\/portaltela.pt\/#website\",\"url\":\"https:\/\/portaltela.pt\/\",\"name\":\"Portal Tela Portugal\",\"description\":\"\",\"potentialAction\":[{\"@type\":\"SearchAction\",\"target\":{\"@type\":\"EntryPoint\",\"urlTemplate\":\"https:\/\/portaltela.pt\/?s={search_term_string}\"},\"query-input\":{\"@type\":\"PropertyValueSpecification\",\"valueRequired\":true,\"valueName\":\"search_term_string\"}}],\"inLanguage\":\"pt-PT\"},{\"@type\":\"Person\",\"@id\":\"https:\/\/portaltela.pt\/#\/schema\/person\/c4278d4a6028830caff9ee44b42d32ed\",\"name\":\"Telinha\",\"image\":{\"@type\":\"ImageObject\",\"inLanguage\":\"pt-PT\",\"@id\":\"https:\/\/portaltela.pt\/s.01k8rhncp4jt1\/2025\/11\/talking-bot-125x125.png\",\"url\":\"https:\/\/portaltela.pt\/s.01k8rhncp4jt1\/2025\/11\/talking-bot-125x125.png\",\"contentUrl\":\"https:\/\/portaltela.pt\/s.01k8rhncp4jt1\/2025\/11\/talking-bot-125x125.png\",\"caption\":\"Telinha\"},\"sameAs\":[\"https:\/\/portaltela.pt\/\"],\"url\":\"https:\/\/portaltela.pt\/por\/367410592786\/\"}]}<\/script>\n<!-- \/ Yoast SEO plugin. -->","yoast_head_json":{"title":"Cami\u00e3o de areia interceptado em Gr\u00e2ndola levava carga superior ao permitido - Portal Tela Portugal","robots":{"index":"index","follow":"follow","max-snippet":"max-snippet:-1","max-image-preview":"max-image-preview:large","max-video-preview":"max-video-preview:-1"},"og_locale":"pt_PT","og_type":"article","og_title":"Cami\u00e3o de areia interceptado em Gr\u00e2ndola levava carga superior ao permitido - Portal Tela Portugal","og_description":"Na fiscaliza\u00e7\u00e3o da GNR em Gr\u00e2ndola, um cami\u00e3o de areia foi intercetado com peso bruto de 109.350 kg, acima do limite de 44.000 kg. A carga excedeu o permitido em 65.350 kg. O conjunto circulava sem Autoriza\u00e7\u00e3o Especial de Tr\u00e2nsito necess\u00e1ria para a via p\u00fablica. Resultado: autos de contraordena\u00e7\u00e3o por excesso de peso, falta de AET e circula\u00e7\u00e3o com carga que compromete a seguran\u00e7a, com o ve\u00edculo imobilizado. Ainda na opera\u00e7\u00e3o, foram registadas cinco infra\u00e7\u00f5es por excesso de peso e 23 autos relacionados com tac\u00f3grafos e licenciamentos de ve\u00edculos.","og_url":"https:\/\/portaltela.pt\/noticias\/2026\/03\/11\/camiao-de-areia-interceptado-em-grandola-levava-carga-superior-ao-permitido\/","og_site_name":"Portal Tela Portugal","article_published_time":"2026-03-11T09:45:00+00:00","author":"Telinha","twitter_card":"summary_large_image","twitter_misc":{"Escrito por":"Telinha","Tempo estimado de leitura":"1 minuto"},"schema":{"@context":"https:\/\/schema.org","@graph":[{"@type":"Article","@id":"https:\/\/portaltela.pt\/noticias\/2026\/03\/11\/camiao-de-areia-interceptado-em-grandola-levava-carga-superior-ao-permitido\/#article","isPartOf":{"@id":"https:\/\/portaltela.pt\/noticias\/2026\/03\/11\/camiao-de-areia-interceptado-em-grandola-levava-carga-superior-ao-permitido\/"},"author":{"name":"Telinha","@id":"https:\/\/portaltela.pt\/#\/schema\/person\/c4278d4a6028830caff9ee44b42d32ed"},"headline":"Cami\u00e3o de areia interceptado em Gr\u00e2ndola levava carga superior ao permitido","datePublished":"2026-03-11T09:45:00+00:00","mainEntityOfPage":{"@id":"https:\/\/portaltela.pt\/noticias\/2026\/03\/11\/camiao-de-areia-interceptado-em-grandola-levava-carga-superior-ao-permitido\/"},"wordCount":236,"image":{"@id":"https:\/\/portaltela.pt\/noticias\/2026\/03\/11\/camiao-de-areia-interceptado-em-grandola-levava-carga-superior-ao-permitido\/#primaryimage"},"thumbnailUrl":"https:\/\/portaltela.pt\/s.01k8rhncp4jt1\/2026\/03\/image-683.jpg","keywords":["fiscaliza\u00e7\u00e3o","Gr\u00e2ndola","licenciamentos","tac\u00f3grafos","transporte","ve\u00edculos"],"articleSection":["Not\u00edcias"],"inLanguage":"pt-PT"},{"@type":"WebPage","@id":"https:\/\/portaltela.pt\/noticias\/2026\/03\/11\/camiao-de-areia-interceptado-em-grandola-levava-carga-superior-ao-permitido\/","url":"https:\/\/portaltela.pt\/noticias\/2026\/03\/11\/camiao-de-areia-interceptado-em-grandola-levava-carga-superior-ao-permitido\/","name":"Cami\u00e3o de areia interceptado em Gr\u00e2ndola levava carga superior ao permitido - Portal Tela Portugal","isPartOf":{"@id":"https:\/\/portaltela.pt\/#website"},"primaryImageOfPage":{"@id":"https:\/\/portaltela.pt\/noticias\/2026\/03\/11\/camiao-de-areia-interceptado-em-grandola-levava-carga-superior-ao-permitido\/#primaryimage"},"image":{"@id":"https:\/\/portaltela.pt\/noticias\/2026\/03\/11\/camiao-de-areia-interceptado-em-grandola-levava-carga-superior-ao-permitido\/#primaryimage"},"thumbnailUrl":"https:\/\/portaltela.pt\/s.01k8rhncp4jt1\/2026\/03\/image-683.jpg","datePublished":"2026-03-11T09:45:00+00:00","author":{"@id":"https:\/\/portaltela.pt\/#\/schema\/person\/c4278d4a6028830caff9ee44b42d32ed"},"breadcrumb":{"@id":"https:\/\/portaltela.pt\/noticias\/2026\/03\/11\/camiao-de-areia-interceptado-em-grandola-levava-carga-superior-ao-permitido\/#breadcrumb"},"inLanguage":"pt-PT","potentialAction":[{"@type":"ReadAction","target":["https:\/\/portaltela.pt\/noticias\/2026\/03\/11\/camiao-de-areia-interceptado-em-grandola-levava-carga-superior-ao-permitido\/"]}]},{"@type":"ImageObject","inLanguage":"pt-PT","@id":"https:\/\/portaltela.pt\/noticias\/2026\/03\/11\/camiao-de-areia-interceptado-em-grandola-levava-carga-superior-ao-permitido\/#primaryimage","url":"https:\/\/portaltela.pt\/s.01k8rhncp4jt1\/2026\/03\/image-683.jpg","contentUrl":"https:\/\/portaltela.pt\/s.01k8rhncp4jt1\/2026\/03\/image-683.jpg","width":796,"height":448,"caption":"Cami\u00e3o circulava com mais de 100 toneladas de areia, bem acima das 44 autorizadas"},{"@type":"BreadcrumbList","@id":"https:\/\/portaltela.pt\/noticias\/2026\/03\/11\/camiao-de-areia-interceptado-em-grandola-levava-carga-superior-ao-permitido\/#breadcrumb","itemListElement":[{"@type":"ListItem","position":1,"name":"In\u00edcio","item":"https:\/\/portaltela.pt\/"},{"@type":"ListItem","position":2,"name":"Cami\u00e3o de areia interceptado em Gr\u00e2ndola levava carga superior ao permitido"}]},{"@type":"WebSite","@id":"https:\/\/portaltela.pt\/#website","url":"https:\/\/portaltela.pt\/","name":"Portal Tela Portugal","description":"","potentialAction":[{"@type":"SearchAction","target":{"@type":"EntryPoint","urlTemplate":"https:\/\/portaltela.pt\/?s={search_term_string}"},"query-input":{"@type":"PropertyValueSpecification","valueRequired":true,"valueName":"search_term_string"}}],"inLanguage":"pt-PT"},{"@type":"Person","@id":"https:\/\/portaltela.pt\/#\/schema\/person\/c4278d4a6028830caff9ee44b42d32ed","name":"Telinha","image":{"@type":"ImageObject","inLanguage":"pt-PT","@id":"https:\/\/portaltela.pt\/s.01k8rhncp4jt1\/2025\/11\/talking-bot-125x125.png","url":"https:\/\/portaltela.pt\/s.01k8rhncp4jt1\/2025\/11\/talking-bot-125x125.png","contentUrl":"https:\/\/portaltela.pt\/s.01k8rhncp4jt1\/2025\/11\/talking-bot-125x125.png","caption":"Telinha"},"sameAs":["https:\/\/portaltela.pt\/"],"url":"https:\/\/portaltela.pt\/por\/367410592786\/"}]}},"_links":{"self":[{"href":"https:\/\/portaltela.pt\/api\/wp\/v2\/posts\/405663","targetHints":{"allow":["GET"]}}],"collection":[{"href":"https:\/\/portaltela.pt\/api\/wp\/v2\/posts"}],"about":[{"href":"https:\/\/portaltela.pt\/api\/wp\/v2\/types\/post"}],"author":[{"embeddable":true,"href":"https:\/\/portaltela.pt\/api\/wp\/v2\/users\/2"}],"replies":[{"embeddable":true,"href":"https:\/\/portaltela.pt\/api\/wp\/v2\/comments?post=405663"}],"version-history":[{"count":0,"href":"https:\/\/portaltela.pt\/api\/wp\/v2\/posts\/405663\/revisions"}],"wp:featuredmedia":[{"embeddable":true,"href":"https:\/\/portaltela.pt\/api\/wp\/v2\/media\/405668"}],"wp:attachment":[{"href":"https:\/\/portaltela.pt\/api\/wp\/v2\/media?parent=405663"}],"wp:term":[{"taxonomy":"category","embeddable":true,"href":"https:\/\/portaltela.pt\/api\/wp\/v2\/categories?post=405663"},{"taxonomy":"post_tag","embeddable":true,"href":"https:\/\/portaltela.pt\/api\/wp\/v2\/tags?post=405663"}],"curies":[{"name":"wp","href":"https:\/\/api.w.org\/{rel}","templated":true}]}}