{"id":405660,"date":"2026-03-11T06:45:00","date_gmt":"2026-03-11T09:45:00","guid":{"rendered":"https:\/\/portaltela.pt\/noticias\/2026\/03\/11\/empresas-de-famalicao-procuram-tecnicos-e-formacao-profissional\/"},"modified":"2026-03-11T06:45:00","modified_gmt":"2026-03-11T09:45:00","slug":"empresas-de-famalicao-procuram-tecnicos-e-formacao-profissional","status":"publish","type":"post","link":"https:\/\/portaltela.pt\/noticias\/2026\/03\/11\/empresas-de-famalicao-procuram-tecnicos-e-formacao-profissional\/","title":{"rendered":"Empresas de Famalic\u00e3o procuram t\u00e9cnicos e forma\u00e7\u00e3o profissional"},"content":{"rendered":"<p>Nos pr\u00f3ximos anos, as empresas de Famalic\u00e3o v\u00e3o exigir sobretudo m\u00e3o de obra com qualifica\u00e7\u00f5es interm\u00e9dias e t\u00e9cnicos especializados. A taxa de contrata\u00e7\u00e3o prevista \u00e9 de crescimento nos pr\u00f3ximos cinco anos.<\/p>\n<p>A lista de \u00e1reas com maior procura abrange log\u00edstica, tecnologias digitais, servi\u00e7os, automa\u00e7\u00e3o, manuten\u00e7\u00e3o, eletricidade, metalomec\u00e2nica, ind\u00fastria e com\u00e9rcio. Estas \u00e1reas devem receber maior aten\u00e7\u00e3o formativa.<\/p>\n<p>Al\u00e9m do desempenho t\u00e9cnico, o ensino profissional \u00e9 visto como estrat\u00e9gico para o concelho, alinhando oferta educativa \u00e0s necessidades empresariais locais.<\/p>\n<h3>Perspetivas setoriais<\/h3>\n<p>O diagn\u00f3stico indica que a maior procura recai sobre profissionais com forma\u00e7\u00e3o interm\u00e9dia e t\u00e9cnicos especializados para sustentar o crescimento empresarial de Famalic\u00e3o nos pr\u00f3ximos anos.<\/p>\n<p>As empresas compram previsivelmente para preencher vagas criadas pela expans\u00e3o de produ\u00e7\u00e3o e servi\u00e7os, refor\u00e7ando a relev\u00e2ncia de programas de qualifica\u00e7\u00e3o pr\u00e1tica no ensino profissional.<\/p>\n","protected":false},"excerpt":{"rendered":"<ul>\n<li>Empresas de Famalic\u00e3o v\u00e3o contratar nos pr\u00f3ximos cinco anos, procurando sobretudo qualifica\u00e7\u00e3o interm\u00e9dia e t\u00e9cnicos especializados.<\/li>\n<li>O diagn\u00f3stico aponta que estas \u00e1reas ter\u00e3o maior procura: log\u00edstica, tecnologias digitais, servi\u00e7os, automa\u00e7\u00e3o e manuten\u00e7\u00e3o.<\/li>\n<li>O ensino profissional \u00e9 considerado estrat\u00e9gico para o concelho.<\/li>\n<li>Outras \u00e1reas relevantes incluem eletricidade, metalomec\u00e2nica, ind\u00fastria e com\u00e9rcio.<\/li>\n<li>A prioridade \u00e9 responder \u00e0s necessidades de m\u00e3o de obra qualificadas com planos de forma\u00e7\u00e3o e integra\u00e7\u00e3o.<\/li>\n<\/ul>\n","protected":false},"author":2,"featured_media":405666,"comment_status":"closed","ping_status":"closed","sticky":false,"template":"","format":"standard","meta":{"footnotes":""},"categories":[1],"tags":[46,3732,92,1396,961,7009],"class_list":["post-405660","post","type-post","status-publish","format-standard","has-post-thumbnail","hentry","category-noticias","tag-automacao","tag-eletricidade","tag-ensino","tag-famalicao","tag-logistica","tag-metalomecanica"],"yoast_head":"<!-- This site is optimized with the Yoast SEO plugin v27.2 - https:\/\/yoast.com\/product\/yoast-seo-wordpress\/ -->\n<title>Empresas de Famalic\u00e3o procuram t\u00e9cnicos e forma\u00e7\u00e3o profissional - Portal Tela Portugal<\/title>\n<meta name=\"robots\" content=\"index, follow, max-snippet:-1, max-image-preview:large, max-video-preview:-1\" \/>\n<meta property=\"og:locale\" content=\"pt_PT\" \/>\n<meta property=\"og:type\" content=\"article\" \/>\n<meta property=\"og:title\" content=\"Empresas de Famalic\u00e3o procuram t\u00e9cnicos e forma\u00e7\u00e3o profissional - Portal Tela Portugal\" \/>\n<meta property=\"og:description\" content=\"Empresas de Famalic\u00e3o v\u00e3o contratar nos pr\u00f3ximos cinco anos, procurando sobretudo qualifica\u00e7\u00e3o interm\u00e9dia e t\u00e9cnicos especializados. O diagn\u00f3stico aponta que estas \u00e1reas ter\u00e3o maior procura: log\u00edstica, tecnologias digitais, servi\u00e7os, automa\u00e7\u00e3o e manuten\u00e7\u00e3o. O ensino profissional \u00e9 considerado estrat\u00e9gico para o concelho. Outras \u00e1reas relevantes incluem eletricidade, metalomec\u00e2nica, ind\u00fastria e com\u00e9rcio. A prioridade \u00e9 responder \u00e0s necessidades de m\u00e3o de obra qualificadas com planos de forma\u00e7\u00e3o e integra\u00e7\u00e3o.\" \/>\n<meta property=\"og:url\" content=\"https:\/\/portaltela.pt\/noticias\/2026\/03\/11\/empresas-de-famalicao-procuram-tecnicos-e-formacao-profissional\/\" \/>\n<meta property=\"og:site_name\" content=\"Portal Tela Portugal\" \/>\n<meta property=\"article:published_time\" content=\"2026-03-11T09:45:00+00:00\" \/>\n<meta name=\"author\" content=\"Telinha\" \/>\n<meta name=\"twitter:card\" content=\"summary_large_image\" \/>\n<meta name=\"twitter:label1\" content=\"Escrito por\" \/>\n\t<meta name=\"twitter:data1\" content=\"Telinha\" \/>\n\t<meta name=\"twitter:label2\" content=\"Tempo estimado de leitura\" \/>\n\t<meta name=\"twitter:data2\" content=\"1 minuto\" \/>\n<script type=\"application\/ld+json\" class=\"yoast-schema-graph\">{\"@context\":\"https:\/\/schema.org\",\"@graph\":[{\"@type\":\"Article\",\"@id\":\"https:\/\/portaltela.pt\/noticias\/2026\/03\/11\/empresas-de-famalicao-procuram-tecnicos-e-formacao-profissional\/#article\",\"isPartOf\":{\"@id\":\"https:\/\/portaltela.pt\/noticias\/2026\/03\/11\/empresas-de-famalicao-procuram-tecnicos-e-formacao-profissional\/\"},\"author\":{\"name\":\"Telinha\",\"@id\":\"https:\/\/portaltela.pt\/#\/schema\/person\/c4278d4a6028830caff9ee44b42d32ed\"},\"headline\":\"Empresas de Famalic\u00e3o procuram t\u00e9cnicos e forma\u00e7\u00e3o profissional\",\"datePublished\":\"2026-03-11T09:45:00+00:00\",\"mainEntityOfPage\":{\"@id\":\"https:\/\/portaltela.pt\/noticias\/2026\/03\/11\/empresas-de-famalicao-procuram-tecnicos-e-formacao-profissional\/\"},\"wordCount\":173,\"image\":{\"@id\":\"https:\/\/portaltela.pt\/noticias\/2026\/03\/11\/empresas-de-famalicao-procuram-tecnicos-e-formacao-profissional\/#primaryimage\"},\"thumbnailUrl\":\"https:\/\/portaltela.pt\/s.01k8rhncp4jt1\/2026\/03\/image-46.webp\",\"keywords\":[\"automa\u00e7\u00e3o\",\"eletricidade\",\"ensino\",\"Famalic\u00e3o\",\"Log\u00edstica\",\"Metalomec\u00e2nica\"],\"articleSection\":[\"Not\u00edcias\"],\"inLanguage\":\"pt-PT\"},{\"@type\":\"WebPage\",\"@id\":\"https:\/\/portaltela.pt\/noticias\/2026\/03\/11\/empresas-de-famalicao-procuram-tecnicos-e-formacao-profissional\/\",\"url\":\"https:\/\/portaltela.pt\/noticias\/2026\/03\/11\/empresas-de-famalicao-procuram-tecnicos-e-formacao-profissional\/\",\"name\":\"Empresas de Famalic\u00e3o procuram t\u00e9cnicos e forma\u00e7\u00e3o profissional - Portal Tela Portugal\",\"isPartOf\":{\"@id\":\"https:\/\/portaltela.pt\/#website\"},\"primaryImageOfPage\":{\"@id\":\"https:\/\/portaltela.pt\/noticias\/2026\/03\/11\/empresas-de-famalicao-procuram-tecnicos-e-formacao-profissional\/#primaryimage\"},\"image\":{\"@id\":\"https:\/\/portaltela.pt\/noticias\/2026\/03\/11\/empresas-de-famalicao-procuram-tecnicos-e-formacao-profissional\/#primaryimage\"},\"thumbnailUrl\":\"https:\/\/portaltela.pt\/s.01k8rhncp4jt1\/2026\/03\/image-46.webp\",\"datePublished\":\"2026-03-11T09:45:00+00:00\",\"author\":{\"@id\":\"https:\/\/portaltela.pt\/#\/schema\/person\/c4278d4a6028830caff9ee44b42d32ed\"},\"breadcrumb\":{\"@id\":\"https:\/\/portaltela.pt\/noticias\/2026\/03\/11\/empresas-de-famalicao-procuram-tecnicos-e-formacao-profissional\/#breadcrumb\"},\"inLanguage\":\"pt-PT\",\"potentialAction\":[{\"@type\":\"ReadAction\",\"target\":[\"https:\/\/portaltela.pt\/noticias\/2026\/03\/11\/empresas-de-famalicao-procuram-tecnicos-e-formacao-profissional\/\"]}]},{\"@type\":\"ImageObject\",\"inLanguage\":\"pt-PT\",\"@id\":\"https:\/\/portaltela.pt\/noticias\/2026\/03\/11\/empresas-de-famalicao-procuram-tecnicos-e-formacao-profissional\/#primaryimage\",\"url\":\"https:\/\/portaltela.pt\/s.01k8rhncp4jt1\/2026\/03\/image-46.webp\",\"contentUrl\":\"https:\/\/portaltela.pt\/s.01k8rhncp4jt1\/2026\/03\/image-46.webp\",\"width\":1200,\"height\":800,\"caption\":\"Diagn\u00f3stico de necessidades promovido pela c\u00e2mara contou com 154 empresas\"},{\"@type\":\"BreadcrumbList\",\"@id\":\"https:\/\/portaltela.pt\/noticias\/2026\/03\/11\/empresas-de-famalicao-procuram-tecnicos-e-formacao-profissional\/#breadcrumb\",\"itemListElement\":[{\"@type\":\"ListItem\",\"position\":1,\"name\":\"In\u00edcio\",\"item\":\"https:\/\/portaltela.pt\/\"},{\"@type\":\"ListItem\",\"position\":2,\"name\":\"Empresas de Famalic\u00e3o procuram t\u00e9cnicos e forma\u00e7\u00e3o profissional\"}]},{\"@type\":\"WebSite\",\"@id\":\"https:\/\/portaltela.pt\/#website\",\"url\":\"https:\/\/portaltela.pt\/\",\"name\":\"Portal Tela Portugal\",\"description\":\"\",\"potentialAction\":[{\"@type\":\"SearchAction\",\"target\":{\"@type\":\"EntryPoint\",\"urlTemplate\":\"https:\/\/portaltela.pt\/?s={search_term_string}\"},\"query-input\":{\"@type\":\"PropertyValueSpecification\",\"valueRequired\":true,\"valueName\":\"search_term_string\"}}],\"inLanguage\":\"pt-PT\"},{\"@type\":\"Person\",\"@id\":\"https:\/\/portaltela.pt\/#\/schema\/person\/c4278d4a6028830caff9ee44b42d32ed\",\"name\":\"Telinha\",\"image\":{\"@type\":\"ImageObject\",\"inLanguage\":\"pt-PT\",\"@id\":\"https:\/\/portaltela.pt\/s.01k8rhncp4jt1\/2025\/11\/talking-bot-125x125.png\",\"url\":\"https:\/\/portaltela.pt\/s.01k8rhncp4jt1\/2025\/11\/talking-bot-125x125.png\",\"contentUrl\":\"https:\/\/portaltela.pt\/s.01k8rhncp4jt1\/2025\/11\/talking-bot-125x125.png\",\"caption\":\"Telinha\"},\"sameAs\":[\"https:\/\/portaltela.pt\/\"],\"url\":\"https:\/\/portaltela.pt\/por\/367410592786\/\"}]}<\/script>\n<!-- \/ Yoast SEO plugin. -->","yoast_head_json":{"title":"Empresas de Famalic\u00e3o procuram t\u00e9cnicos e forma\u00e7\u00e3o profissional - Portal Tela Portugal","robots":{"index":"index","follow":"follow","max-snippet":"max-snippet:-1","max-image-preview":"max-image-preview:large","max-video-preview":"max-video-preview:-1"},"og_locale":"pt_PT","og_type":"article","og_title":"Empresas de Famalic\u00e3o procuram t\u00e9cnicos e forma\u00e7\u00e3o profissional - Portal Tela Portugal","og_description":"Empresas de Famalic\u00e3o v\u00e3o contratar nos pr\u00f3ximos cinco anos, procurando sobretudo qualifica\u00e7\u00e3o interm\u00e9dia e t\u00e9cnicos especializados. O diagn\u00f3stico aponta que estas \u00e1reas ter\u00e3o maior procura: log\u00edstica, tecnologias digitais, servi\u00e7os, automa\u00e7\u00e3o e manuten\u00e7\u00e3o. O ensino profissional \u00e9 considerado estrat\u00e9gico para o concelho. Outras \u00e1reas relevantes incluem eletricidade, metalomec\u00e2nica, ind\u00fastria e com\u00e9rcio. A prioridade \u00e9 responder \u00e0s necessidades de m\u00e3o de obra qualificadas com planos de forma\u00e7\u00e3o e integra\u00e7\u00e3o.","og_url":"https:\/\/portaltela.pt\/noticias\/2026\/03\/11\/empresas-de-famalicao-procuram-tecnicos-e-formacao-profissional\/","og_site_name":"Portal Tela Portugal","article_published_time":"2026-03-11T09:45:00+00:00","author":"Telinha","twitter_card":"summary_large_image","twitter_misc":{"Escrito por":"Telinha","Tempo estimado de leitura":"1 minuto"},"schema":{"@context":"https:\/\/schema.org","@graph":[{"@type":"Article","@id":"https:\/\/portaltela.pt\/noticias\/2026\/03\/11\/empresas-de-famalicao-procuram-tecnicos-e-formacao-profissional\/#article","isPartOf":{"@id":"https:\/\/portaltela.pt\/noticias\/2026\/03\/11\/empresas-de-famalicao-procuram-tecnicos-e-formacao-profissional\/"},"author":{"name":"Telinha","@id":"https:\/\/portaltela.pt\/#\/schema\/person\/c4278d4a6028830caff9ee44b42d32ed"},"headline":"Empresas de Famalic\u00e3o procuram t\u00e9cnicos e forma\u00e7\u00e3o profissional","datePublished":"2026-03-11T09:45:00+00:00","mainEntityOfPage":{"@id":"https:\/\/portaltela.pt\/noticias\/2026\/03\/11\/empresas-de-famalicao-procuram-tecnicos-e-formacao-profissional\/"},"wordCount":173,"image":{"@id":"https:\/\/portaltela.pt\/noticias\/2026\/03\/11\/empresas-de-famalicao-procuram-tecnicos-e-formacao-profissional\/#primaryimage"},"thumbnailUrl":"https:\/\/portaltela.pt\/s.01k8rhncp4jt1\/2026\/03\/image-46.webp","keywords":["automa\u00e7\u00e3o","eletricidade","ensino","Famalic\u00e3o","Log\u00edstica","Metalomec\u00e2nica"],"articleSection":["Not\u00edcias"],"inLanguage":"pt-PT"},{"@type":"WebPage","@id":"https:\/\/portaltela.pt\/noticias\/2026\/03\/11\/empresas-de-famalicao-procuram-tecnicos-e-formacao-profissional\/","url":"https:\/\/portaltela.pt\/noticias\/2026\/03\/11\/empresas-de-famalicao-procuram-tecnicos-e-formacao-profissional\/","name":"Empresas de Famalic\u00e3o procuram t\u00e9cnicos e forma\u00e7\u00e3o profissional - Portal Tela Portugal","isPartOf":{"@id":"https:\/\/portaltela.pt\/#website"},"primaryImageOfPage":{"@id":"https:\/\/portaltela.pt\/noticias\/2026\/03\/11\/empresas-de-famalicao-procuram-tecnicos-e-formacao-profissional\/#primaryimage"},"image":{"@id":"https:\/\/portaltela.pt\/noticias\/2026\/03\/11\/empresas-de-famalicao-procuram-tecnicos-e-formacao-profissional\/#primaryimage"},"thumbnailUrl":"https:\/\/portaltela.pt\/s.01k8rhncp4jt1\/2026\/03\/image-46.webp","datePublished":"2026-03-11T09:45:00+00:00","author":{"@id":"https:\/\/portaltela.pt\/#\/schema\/person\/c4278d4a6028830caff9ee44b42d32ed"},"breadcrumb":{"@id":"https:\/\/portaltela.pt\/noticias\/2026\/03\/11\/empresas-de-famalicao-procuram-tecnicos-e-formacao-profissional\/#breadcrumb"},"inLanguage":"pt-PT","potentialAction":[{"@type":"ReadAction","target":["https:\/\/portaltela.pt\/noticias\/2026\/03\/11\/empresas-de-famalicao-procuram-tecnicos-e-formacao-profissional\/"]}]},{"@type":"ImageObject","inLanguage":"pt-PT","@id":"https:\/\/portaltela.pt\/noticias\/2026\/03\/11\/empresas-de-famalicao-procuram-tecnicos-e-formacao-profissional\/#primaryimage","url":"https:\/\/portaltela.pt\/s.01k8rhncp4jt1\/2026\/03\/image-46.webp","contentUrl":"https:\/\/portaltela.pt\/s.01k8rhncp4jt1\/2026\/03\/image-46.webp","width":1200,"height":800,"caption":"Diagn\u00f3stico de necessidades promovido pela c\u00e2mara contou com 154 empresas"},{"@type":"BreadcrumbList","@id":"https:\/\/portaltela.pt\/noticias\/2026\/03\/11\/empresas-de-famalicao-procuram-tecnicos-e-formacao-profissional\/#breadcrumb","itemListElement":[{"@type":"ListItem","position":1,"name":"In\u00edcio","item":"https:\/\/portaltela.pt\/"},{"@type":"ListItem","position":2,"name":"Empresas de Famalic\u00e3o procuram t\u00e9cnicos e forma\u00e7\u00e3o profissional"}]},{"@type":"WebSite","@id":"https:\/\/portaltela.pt\/#website","url":"https:\/\/portaltela.pt\/","name":"Portal Tela Portugal","description":"","potentialAction":[{"@type":"SearchAction","target":{"@type":"EntryPoint","urlTemplate":"https:\/\/portaltela.pt\/?s={search_term_string}"},"query-input":{"@type":"PropertyValueSpecification","valueRequired":true,"valueName":"search_term_string"}}],"inLanguage":"pt-PT"},{"@type":"Person","@id":"https:\/\/portaltela.pt\/#\/schema\/person\/c4278d4a6028830caff9ee44b42d32ed","name":"Telinha","image":{"@type":"ImageObject","inLanguage":"pt-PT","@id":"https:\/\/portaltela.pt\/s.01k8rhncp4jt1\/2025\/11\/talking-bot-125x125.png","url":"https:\/\/portaltela.pt\/s.01k8rhncp4jt1\/2025\/11\/talking-bot-125x125.png","contentUrl":"https:\/\/portaltela.pt\/s.01k8rhncp4jt1\/2025\/11\/talking-bot-125x125.png","caption":"Telinha"},"sameAs":["https:\/\/portaltela.pt\/"],"url":"https:\/\/portaltela.pt\/por\/367410592786\/"}]}},"_links":{"self":[{"href":"https:\/\/portaltela.pt\/api\/wp\/v2\/posts\/405660","targetHints":{"allow":["GET"]}}],"collection":[{"href":"https:\/\/portaltela.pt\/api\/wp\/v2\/posts"}],"about":[{"href":"https:\/\/portaltela.pt\/api\/wp\/v2\/types\/post"}],"author":[{"embeddable":true,"href":"https:\/\/portaltela.pt\/api\/wp\/v2\/users\/2"}],"replies":[{"embeddable":true,"href":"https:\/\/portaltela.pt\/api\/wp\/v2\/comments?post=405660"}],"version-history":[{"count":0,"href":"https:\/\/portaltela.pt\/api\/wp\/v2\/posts\/405660\/revisions"}],"wp:featuredmedia":[{"embeddable":true,"href":"https:\/\/portaltela.pt\/api\/wp\/v2\/media\/405666"}],"wp:attachment":[{"href":"https:\/\/portaltela.pt\/api\/wp\/v2\/media?parent=405660"}],"wp:term":[{"taxonomy":"category","embeddable":true,"href":"https:\/\/portaltela.pt\/api\/wp\/v2\/categories?post=405660"},{"taxonomy":"post_tag","embeddable":true,"href":"https:\/\/portaltela.pt\/api\/wp\/v2\/tags?post=405660"}],"curies":[{"name":"wp","href":"https:\/\/api.w.org\/{rel}","templated":true}]}}