{"id":405656,"date":"2026-03-11T06:56:45","date_gmt":"2026-03-11T09:56:45","guid":{"rendered":"https:\/\/portaltela.pt\/noticias\/2026\/03\/11\/morreu-o-pai-de-carlos-paiao-37-anos-apos-perder-o-filho\/"},"modified":"2026-03-11T06:56:45","modified_gmt":"2026-03-11T09:56:45","slug":"morreu-o-pai-de-carlos-paiao-37-anos-apos-perder-o-filho","status":"publish","type":"post","link":"https:\/\/portaltela.pt\/musica\/2026\/03\/11\/morreu-o-pai-de-carlos-paiao-37-anos-apos-perder-o-filho\/","title":{"rendered":"Morreu o pai de Carlos Pai\u00e3o, 37 anos ap\u00f3s perder o filho"},"content":{"rendered":"<p>O pai do cantor Carlos Pai\u00e3o morreu nesta ter\u00e7a-feira, 10 de mar\u00e7o, aos 93 anos. A not\u00edcia foi partilhada por Ant\u00f3nio Sala nas redes sociais. O locutor descreveu o falecimento do amigo de longa data.<\/p>\n<p>Natural de \u00cdlhavo, Carlos Pai\u00e3o viveu grande parte da vida em S. Domingos de Rana, Cascais, onde exerceu como capit\u00e3o da Marinha Marcante at\u00e9 \u00e0 reforma, aos 50 anos. Nos seus \u00faltimos dois anos e meio esteve num lar em Aveiro.<\/p>\n<p>O filho do cantor nasceu em Coimbra e passou a inf\u00e2ncia entre \u00cdlhavo e Cascais. Manuel Pai\u00e3o, primo de Carlos Pai\u00e3o, destacou desde cedo a veia art\u00edstica, compondo para artistas como Herman Jos\u00e9 e Am\u00e1lia Rodrigues.<\/p>\n<h3>Trajet\u00f3ria e contexto<\/h3>\n<p>Em 1980 Carlos Pai\u00e3o trocou Medicina pela m\u00fasica e, no ano seguinte, venceu o Festival RTP da Can\u00e7\u00e3o com Playback. Entre os temas de maior express\u00e3o ficaram Cinderela, P\u00f3 de arroz, Vinho do Porto e L\u00e1 longe Senhora.<\/p>\n<p>O cantor Carlos Pai\u00e3o faleceu a 26 de agosto de 1988, aos 30 anos, num acidente de via\u00e7\u00e3o quando se dirigia \u00e0s Festas em Honra de S. Gin\u00e9sio, em Penalva do Castelo, onde iria atuar.<\/p>\n<h3>Reconhecimento<\/h3>\n<p>A t\u00edtulo p\u00f3stumo, em 17 de setembro de 2020, Marcelo Rebelo de Sousa condecorou Carlos Pai\u00e3o com a Comenda da Ordem do Infante D. Henrique. As ins\u00edgnias foram entregues aos pais do m\u00fasico, Carlos e Of\u00e9lia.<\/p>\n","protected":false},"excerpt":{"rendered":"<ul>\n<li>Morreu nesta ter\u00e7a-feira, 10 de mar\u00e7o, aos 93 anos, o pai do cantor Carlos Pai\u00e3o, not\u00edcia avan\u00e7ada por Ant\u00f3nio Sala nas redes sociais.<\/li>\n<li>O locutor escreveu condol\u00eancias \u00e0 vi\u00fava Of\u00e9lia e \u00e0 fam\u00edlia, descrevendo o falecimento como um adeus ao amigo.<\/li>\n<li>Natural de \u00cdlhavo, o pai viveu grande parte da vida em S. Domingos de Rana, Cascais, e foi capit\u00e3o da Marinha Marcante at\u00e9 \u00e0 reforma aos 50 anos; passou os \u00faltimos dois anos e meio num lar em Aveiro.<\/li>\n<li>O filho, Carlos Pai\u00e3o, nasceu em Coimbra e tornou-se cantor e compositor, venceu o Festival RTP da Can\u00e7\u00e3o em 1981 com Playback e morreu em 1988 num acidente de via\u00e7\u00e3o.<\/li>\n<li>Em 2020, Marcelo Rebelo de Sousa condecorou Carlos Pai\u00e3o a t\u00edtulo p\u00f3stumo com o grau de comendador da Ordem do Infante D. Henrique; as ins\u00edgnias foram entregues aos pais.<\/li>\n<\/ul>\n","protected":false},"author":2,"featured_media":405662,"comment_status":"closed","ping_status":"closed","sticky":false,"template":"","format":"standard","meta":{"footnotes":""},"categories":[12,6676],"tags":[1059,1111,1080,122,7008,5661],"class_list":["post-405656","post","type-post","status-publish","format-standard","has-post-thumbnail","hentry","category-entretenimento","category-musica","tag-aveiro","tag-cascais","tag-ilhavo","tag-musica","tag-ordem-do-infante-d-henrique","tag-pessoas-publicas"],"yoast_head":"<!-- This site is optimized with the Yoast SEO plugin v27.2 - https:\/\/yoast.com\/product\/yoast-seo-wordpress\/ -->\n<title>Morreu o pai de Carlos Pai\u00e3o, 37 anos ap\u00f3s perder o filho - Portal Tela Portugal<\/title>\n<meta name=\"robots\" content=\"index, follow, max-snippet:-1, max-image-preview:large, max-video-preview:-1\" \/>\n<meta property=\"og:locale\" content=\"pt_PT\" \/>\n<meta property=\"og:type\" content=\"article\" \/>\n<meta property=\"og:title\" content=\"Morreu o pai de Carlos Pai\u00e3o, 37 anos ap\u00f3s perder o filho - Portal Tela Portugal\" \/>\n<meta property=\"og:description\" content=\"Morreu nesta ter\u00e7a-feira, 10 de mar\u00e7o, aos 93 anos, o pai do cantor Carlos Pai\u00e3o, not\u00edcia avan\u00e7ada por Ant\u00f3nio Sala nas redes sociais. O locutor escreveu condol\u00eancias \u00e0 vi\u00fava Of\u00e9lia e \u00e0 fam\u00edlia, descrevendo o falecimento como um adeus ao amigo. Natural de \u00cdlhavo, o pai viveu grande parte da vida em S. Domingos de Rana, Cascais, e foi capit\u00e3o da Marinha Marcante at\u00e9 \u00e0 reforma aos 50 anos; passou os \u00faltimos dois anos e meio num lar em Aveiro. O filho, Carlos Pai\u00e3o, nasceu em Coimbra e tornou-se cantor e compositor, venceu o Festival RTP da Can\u00e7\u00e3o em 1981 com Playback e morreu em 1988 num acidente de via\u00e7\u00e3o. Em 2020, Marcelo Rebelo de Sousa condecorou Carlos Pai\u00e3o a t\u00edtulo p\u00f3stumo com o grau de comendador da Ordem do Infante D. Henrique; as ins\u00edgnias foram entregues aos pais.\" \/>\n<meta property=\"og:url\" content=\"https:\/\/portaltela.pt\/noticias\/2026\/03\/11\/morreu-o-pai-de-carlos-paiao-37-anos-apos-perder-o-filho\/\" \/>\n<meta property=\"og:site_name\" content=\"Portal Tela Portugal\" \/>\n<meta property=\"article:published_time\" content=\"2026-03-11T09:56:45+00:00\" \/>\n<meta name=\"author\" content=\"Telinha\" \/>\n<meta name=\"twitter:card\" content=\"summary_large_image\" \/>\n<meta name=\"twitter:label1\" content=\"Escrito por\" \/>\n\t<meta name=\"twitter:data1\" content=\"Telinha\" \/>\n\t<meta name=\"twitter:label2\" content=\"Tempo estimado de leitura\" \/>\n\t<meta name=\"twitter:data2\" content=\"1 minuto\" \/>\n<script type=\"application\/ld+json\" class=\"yoast-schema-graph\">{\"@context\":\"https:\/\/schema.org\",\"@graph\":[{\"@type\":\"Article\",\"@id\":\"https:\/\/portaltela.pt\/noticias\/2026\/03\/11\/morreu-o-pai-de-carlos-paiao-37-anos-apos-perder-o-filho\/#article\",\"isPartOf\":{\"@id\":\"https:\/\/portaltela.pt\/noticias\/2026\/03\/11\/morreu-o-pai-de-carlos-paiao-37-anos-apos-perder-o-filho\/\"},\"author\":{\"name\":\"Telinha\",\"@id\":\"https:\/\/portaltela.pt\/#\/schema\/person\/c4278d4a6028830caff9ee44b42d32ed\"},\"headline\":\"Morreu o pai de Carlos Pai\u00e3o, 37 anos ap\u00f3s perder o filho\",\"datePublished\":\"2026-03-11T09:56:45+00:00\",\"mainEntityOfPage\":{\"@id\":\"https:\/\/portaltela.pt\/noticias\/2026\/03\/11\/morreu-o-pai-de-carlos-paiao-37-anos-apos-perder-o-filho\/\"},\"wordCount\":254,\"image\":{\"@id\":\"https:\/\/portaltela.pt\/noticias\/2026\/03\/11\/morreu-o-pai-de-carlos-paiao-37-anos-apos-perder-o-filho\/#primaryimage\"},\"thumbnailUrl\":\"https:\/\/portaltela.pt\/s.01k8rhncp4jt1\/2026\/03\/img_1280x718uu2026-03-11-09-35-05-2271696-im-639088185567054971.jpg\",\"keywords\":[\"Aveiro\",\"Cascais\",\"\u00cdlhavo\",\"m\u00fasica\",\"Ordem do Infante D. Henrique\",\"pessoas p\u00fablicas\"],\"articleSection\":[\"Entretenimento\",\"M\u00fasica\"],\"inLanguage\":\"pt-PT\"},{\"@type\":\"WebPage\",\"@id\":\"https:\/\/portaltela.pt\/noticias\/2026\/03\/11\/morreu-o-pai-de-carlos-paiao-37-anos-apos-perder-o-filho\/\",\"url\":\"https:\/\/portaltela.pt\/noticias\/2026\/03\/11\/morreu-o-pai-de-carlos-paiao-37-anos-apos-perder-o-filho\/\",\"name\":\"Morreu o pai de Carlos Pai\u00e3o, 37 anos ap\u00f3s perder o filho - Portal Tela Portugal\",\"isPartOf\":{\"@id\":\"https:\/\/portaltela.pt\/#website\"},\"primaryImageOfPage\":{\"@id\":\"https:\/\/portaltela.pt\/noticias\/2026\/03\/11\/morreu-o-pai-de-carlos-paiao-37-anos-apos-perder-o-filho\/#primaryimage\"},\"image\":{\"@id\":\"https:\/\/portaltela.pt\/noticias\/2026\/03\/11\/morreu-o-pai-de-carlos-paiao-37-anos-apos-perder-o-filho\/#primaryimage\"},\"thumbnailUrl\":\"https:\/\/portaltela.pt\/s.01k8rhncp4jt1\/2026\/03\/img_1280x718uu2026-03-11-09-35-05-2271696-im-639088185567054971.jpg\",\"datePublished\":\"2026-03-11T09:56:45+00:00\",\"author\":{\"@id\":\"https:\/\/portaltela.pt\/#\/schema\/person\/c4278d4a6028830caff9ee44b42d32ed\"},\"breadcrumb\":{\"@id\":\"https:\/\/portaltela.pt\/noticias\/2026\/03\/11\/morreu-o-pai-de-carlos-paiao-37-anos-apos-perder-o-filho\/#breadcrumb\"},\"inLanguage\":\"pt-PT\",\"potentialAction\":[{\"@type\":\"ReadAction\",\"target\":[\"https:\/\/portaltela.pt\/noticias\/2026\/03\/11\/morreu-o-pai-de-carlos-paiao-37-anos-apos-perder-o-filho\/\"]}]},{\"@type\":\"ImageObject\",\"inLanguage\":\"pt-PT\",\"@id\":\"https:\/\/portaltela.pt\/noticias\/2026\/03\/11\/morreu-o-pai-de-carlos-paiao-37-anos-apos-perder-o-filho\/#primaryimage\",\"url\":\"https:\/\/portaltela.pt\/s.01k8rhncp4jt1\/2026\/03\/img_1280x718uu2026-03-11-09-35-05-2271696-im-639088185567054971.jpg\",\"contentUrl\":\"https:\/\/portaltela.pt\/s.01k8rhncp4jt1\/2026\/03\/img_1280x718uu2026-03-11-09-35-05-2271696-im-639088185567054971.jpg\",\"width\":796,\"height\":448,\"caption\":\"Carlos Pai\u00e3o\"},{\"@type\":\"BreadcrumbList\",\"@id\":\"https:\/\/portaltela.pt\/noticias\/2026\/03\/11\/morreu-o-pai-de-carlos-paiao-37-anos-apos-perder-o-filho\/#breadcrumb\",\"itemListElement\":[{\"@type\":\"ListItem\",\"position\":1,\"name\":\"In\u00edcio\",\"item\":\"https:\/\/portaltela.pt\/\"},{\"@type\":\"ListItem\",\"position\":2,\"name\":\"Morreu o pai de Carlos Pai\u00e3o, 37 anos ap\u00f3s perder o filho\"}]},{\"@type\":\"WebSite\",\"@id\":\"https:\/\/portaltela.pt\/#website\",\"url\":\"https:\/\/portaltela.pt\/\",\"name\":\"Portal Tela Portugal\",\"description\":\"\",\"potentialAction\":[{\"@type\":\"SearchAction\",\"target\":{\"@type\":\"EntryPoint\",\"urlTemplate\":\"https:\/\/portaltela.pt\/?s={search_term_string}\"},\"query-input\":{\"@type\":\"PropertyValueSpecification\",\"valueRequired\":true,\"valueName\":\"search_term_string\"}}],\"inLanguage\":\"pt-PT\"},{\"@type\":\"Person\",\"@id\":\"https:\/\/portaltela.pt\/#\/schema\/person\/c4278d4a6028830caff9ee44b42d32ed\",\"name\":\"Telinha\",\"image\":{\"@type\":\"ImageObject\",\"inLanguage\":\"pt-PT\",\"@id\":\"https:\/\/portaltela.pt\/s.01k8rhncp4jt1\/2025\/11\/talking-bot-125x125.png\",\"url\":\"https:\/\/portaltela.pt\/s.01k8rhncp4jt1\/2025\/11\/talking-bot-125x125.png\",\"contentUrl\":\"https:\/\/portaltela.pt\/s.01k8rhncp4jt1\/2025\/11\/talking-bot-125x125.png\",\"caption\":\"Telinha\"},\"sameAs\":[\"https:\/\/portaltela.pt\/\"],\"url\":\"https:\/\/portaltela.pt\/por\/367410592786\/\"}]}<\/script>\n<!-- \/ Yoast SEO plugin. -->","yoast_head_json":{"title":"Morreu o pai de Carlos Pai\u00e3o, 37 anos ap\u00f3s perder o filho - Portal Tela Portugal","robots":{"index":"index","follow":"follow","max-snippet":"max-snippet:-1","max-image-preview":"max-image-preview:large","max-video-preview":"max-video-preview:-1"},"og_locale":"pt_PT","og_type":"article","og_title":"Morreu o pai de Carlos Pai\u00e3o, 37 anos ap\u00f3s perder o filho - Portal Tela Portugal","og_description":"Morreu nesta ter\u00e7a-feira, 10 de mar\u00e7o, aos 93 anos, o pai do cantor Carlos Pai\u00e3o, not\u00edcia avan\u00e7ada por Ant\u00f3nio Sala nas redes sociais. O locutor escreveu condol\u00eancias \u00e0 vi\u00fava Of\u00e9lia e \u00e0 fam\u00edlia, descrevendo o falecimento como um adeus ao amigo. Natural de \u00cdlhavo, o pai viveu grande parte da vida em S. Domingos de Rana, Cascais, e foi capit\u00e3o da Marinha Marcante at\u00e9 \u00e0 reforma aos 50 anos; passou os \u00faltimos dois anos e meio num lar em Aveiro. O filho, Carlos Pai\u00e3o, nasceu em Coimbra e tornou-se cantor e compositor, venceu o Festival RTP da Can\u00e7\u00e3o em 1981 com Playback e morreu em 1988 num acidente de via\u00e7\u00e3o. Em 2020, Marcelo Rebelo de Sousa condecorou Carlos Pai\u00e3o a t\u00edtulo p\u00f3stumo com o grau de comendador da Ordem do Infante D. Henrique; as ins\u00edgnias foram entregues aos pais.","og_url":"https:\/\/portaltela.pt\/noticias\/2026\/03\/11\/morreu-o-pai-de-carlos-paiao-37-anos-apos-perder-o-filho\/","og_site_name":"Portal Tela Portugal","article_published_time":"2026-03-11T09:56:45+00:00","author":"Telinha","twitter_card":"summary_large_image","twitter_misc":{"Escrito por":"Telinha","Tempo estimado de leitura":"1 minuto"},"schema":{"@context":"https:\/\/schema.org","@graph":[{"@type":"Article","@id":"https:\/\/portaltela.pt\/noticias\/2026\/03\/11\/morreu-o-pai-de-carlos-paiao-37-anos-apos-perder-o-filho\/#article","isPartOf":{"@id":"https:\/\/portaltela.pt\/noticias\/2026\/03\/11\/morreu-o-pai-de-carlos-paiao-37-anos-apos-perder-o-filho\/"},"author":{"name":"Telinha","@id":"https:\/\/portaltela.pt\/#\/schema\/person\/c4278d4a6028830caff9ee44b42d32ed"},"headline":"Morreu o pai de Carlos Pai\u00e3o, 37 anos ap\u00f3s perder o filho","datePublished":"2026-03-11T09:56:45+00:00","mainEntityOfPage":{"@id":"https:\/\/portaltela.pt\/noticias\/2026\/03\/11\/morreu-o-pai-de-carlos-paiao-37-anos-apos-perder-o-filho\/"},"wordCount":254,"image":{"@id":"https:\/\/portaltela.pt\/noticias\/2026\/03\/11\/morreu-o-pai-de-carlos-paiao-37-anos-apos-perder-o-filho\/#primaryimage"},"thumbnailUrl":"https:\/\/portaltela.pt\/s.01k8rhncp4jt1\/2026\/03\/img_1280x718uu2026-03-11-09-35-05-2271696-im-639088185567054971.jpg","keywords":["Aveiro","Cascais","\u00cdlhavo","m\u00fasica","Ordem do Infante D. Henrique","pessoas p\u00fablicas"],"articleSection":["Entretenimento","M\u00fasica"],"inLanguage":"pt-PT"},{"@type":"WebPage","@id":"https:\/\/portaltela.pt\/noticias\/2026\/03\/11\/morreu-o-pai-de-carlos-paiao-37-anos-apos-perder-o-filho\/","url":"https:\/\/portaltela.pt\/noticias\/2026\/03\/11\/morreu-o-pai-de-carlos-paiao-37-anos-apos-perder-o-filho\/","name":"Morreu o pai de Carlos Pai\u00e3o, 37 anos ap\u00f3s perder o filho - Portal Tela Portugal","isPartOf":{"@id":"https:\/\/portaltela.pt\/#website"},"primaryImageOfPage":{"@id":"https:\/\/portaltela.pt\/noticias\/2026\/03\/11\/morreu-o-pai-de-carlos-paiao-37-anos-apos-perder-o-filho\/#primaryimage"},"image":{"@id":"https:\/\/portaltela.pt\/noticias\/2026\/03\/11\/morreu-o-pai-de-carlos-paiao-37-anos-apos-perder-o-filho\/#primaryimage"},"thumbnailUrl":"https:\/\/portaltela.pt\/s.01k8rhncp4jt1\/2026\/03\/img_1280x718uu2026-03-11-09-35-05-2271696-im-639088185567054971.jpg","datePublished":"2026-03-11T09:56:45+00:00","author":{"@id":"https:\/\/portaltela.pt\/#\/schema\/person\/c4278d4a6028830caff9ee44b42d32ed"},"breadcrumb":{"@id":"https:\/\/portaltela.pt\/noticias\/2026\/03\/11\/morreu-o-pai-de-carlos-paiao-37-anos-apos-perder-o-filho\/#breadcrumb"},"inLanguage":"pt-PT","potentialAction":[{"@type":"ReadAction","target":["https:\/\/portaltela.pt\/noticias\/2026\/03\/11\/morreu-o-pai-de-carlos-paiao-37-anos-apos-perder-o-filho\/"]}]},{"@type":"ImageObject","inLanguage":"pt-PT","@id":"https:\/\/portaltela.pt\/noticias\/2026\/03\/11\/morreu-o-pai-de-carlos-paiao-37-anos-apos-perder-o-filho\/#primaryimage","url":"https:\/\/portaltela.pt\/s.01k8rhncp4jt1\/2026\/03\/img_1280x718uu2026-03-11-09-35-05-2271696-im-639088185567054971.jpg","contentUrl":"https:\/\/portaltela.pt\/s.01k8rhncp4jt1\/2026\/03\/img_1280x718uu2026-03-11-09-35-05-2271696-im-639088185567054971.jpg","width":796,"height":448,"caption":"Carlos Pai\u00e3o"},{"@type":"BreadcrumbList","@id":"https:\/\/portaltela.pt\/noticias\/2026\/03\/11\/morreu-o-pai-de-carlos-paiao-37-anos-apos-perder-o-filho\/#breadcrumb","itemListElement":[{"@type":"ListItem","position":1,"name":"In\u00edcio","item":"https:\/\/portaltela.pt\/"},{"@type":"ListItem","position":2,"name":"Morreu o pai de Carlos Pai\u00e3o, 37 anos ap\u00f3s perder o filho"}]},{"@type":"WebSite","@id":"https:\/\/portaltela.pt\/#website","url":"https:\/\/portaltela.pt\/","name":"Portal Tela Portugal","description":"","potentialAction":[{"@type":"SearchAction","target":{"@type":"EntryPoint","urlTemplate":"https:\/\/portaltela.pt\/?s={search_term_string}"},"query-input":{"@type":"PropertyValueSpecification","valueRequired":true,"valueName":"search_term_string"}}],"inLanguage":"pt-PT"},{"@type":"Person","@id":"https:\/\/portaltela.pt\/#\/schema\/person\/c4278d4a6028830caff9ee44b42d32ed","name":"Telinha","image":{"@type":"ImageObject","inLanguage":"pt-PT","@id":"https:\/\/portaltela.pt\/s.01k8rhncp4jt1\/2025\/11\/talking-bot-125x125.png","url":"https:\/\/portaltela.pt\/s.01k8rhncp4jt1\/2025\/11\/talking-bot-125x125.png","contentUrl":"https:\/\/portaltela.pt\/s.01k8rhncp4jt1\/2025\/11\/talking-bot-125x125.png","caption":"Telinha"},"sameAs":["https:\/\/portaltela.pt\/"],"url":"https:\/\/portaltela.pt\/por\/367410592786\/"}]}},"_links":{"self":[{"href":"https:\/\/portaltela.pt\/api\/wp\/v2\/posts\/405656","targetHints":{"allow":["GET"]}}],"collection":[{"href":"https:\/\/portaltela.pt\/api\/wp\/v2\/posts"}],"about":[{"href":"https:\/\/portaltela.pt\/api\/wp\/v2\/types\/post"}],"author":[{"embeddable":true,"href":"https:\/\/portaltela.pt\/api\/wp\/v2\/users\/2"}],"replies":[{"embeddable":true,"href":"https:\/\/portaltela.pt\/api\/wp\/v2\/comments?post=405656"}],"version-history":[{"count":0,"href":"https:\/\/portaltela.pt\/api\/wp\/v2\/posts\/405656\/revisions"}],"wp:featuredmedia":[{"embeddable":true,"href":"https:\/\/portaltela.pt\/api\/wp\/v2\/media\/405662"}],"wp:attachment":[{"href":"https:\/\/portaltela.pt\/api\/wp\/v2\/media?parent=405656"}],"wp:term":[{"taxonomy":"category","embeddable":true,"href":"https:\/\/portaltela.pt\/api\/wp\/v2\/categories?post=405656"},{"taxonomy":"post_tag","embeddable":true,"href":"https:\/\/portaltela.pt\/api\/wp\/v2\/tags?post=405656"}],"curies":[{"name":"wp","href":"https:\/\/api.w.org\/{rel}","templated":true}]}}