{"id":405619,"date":"2026-03-11T06:15:00","date_gmt":"2026-03-11T09:15:00","guid":{"rendered":"https:\/\/portaltela.pt\/noticias\/2026\/03\/11\/leitao-amaro-nao-quer-agencia-lusa-nas-maos-de-um-novo-socrates\/"},"modified":"2026-03-11T06:15:00","modified_gmt":"2026-03-11T09:15:00","slug":"leitao-amaro-nao-quer-agencia-lusa-nas-maos-de-um-novo-socrates","status":"publish","type":"post","link":"https:\/\/portaltela.pt\/noticias\/politica\/2026\/03\/11\/leitao-amaro-nao-quer-agencia-lusa-nas-maos-de-um-novo-socrates\/","title":{"rendered":"Leit\u00e3o Amaro n\u00e3o quer ag\u00eancia Lusa nas m\u00e3os de um novo S\u00f3crates"},"content":{"rendered":"<p>O ministro da Presid\u00eancia, Ant\u00f3nio Leit\u00e3o Amaro, defendeu os estatutos da Lusa, que prev\u00eaem o comparecimento da dire\u00e7\u00e3o de informa\u00e7\u00e3o a uma comiss\u00e3o parlamentar. N\u00e3o quer ver a ag\u00eancia de not\u00edcias nas m\u00e3os de um novo S\u00f3crates. Disse ainda n\u00e3o ter inten\u00e7\u00e3o de mexer na estrutura regulat\u00f3ria dos media ou nos cargos.<\/p>\n<p>Participou no jantar-debate sobre pol\u00edticas p\u00fablicas para os media, organizado pela Confedera\u00e7\u00e3o Portuguesa dos Meios de Comunica\u00e7\u00e3o Social. Falou de forma aberta sobre o papel do Parlamento na supervis\u00e3o do servi\u00e7o p\u00fablico de comunica\u00e7\u00e3o.<\/p>\n<p>Leit\u00e3o Amaro esclareceu que a presen\u00e7a diante de uma comiss\u00e3o depende de convoca\u00e7\u00e3o parlamentar. Afirmou que o Parlamento discute, pergunta e escrutina, sem exigir obrigatoriedade anual de comparecimento por lei ou estatuto.<\/p>\n<p>O ministro mostrou cautela quanto a altera\u00e7\u00f5es estruturais. Relembrou que em momentos anteriores houve debates sobre a interven\u00e7\u00e3o pol\u00edtica na Lusa e afirmou querer evitar cen\u00e1rios de influ\u00eancia indevida.<\/p>\n<h3>Regula\u00e7\u00e3o dos media<\/h3>\n<p>Refor\u00e7ou a defesa de manter a regula\u00e7\u00e3o sob o regime atual, sem transfer\u00eancias abruptas para outras entidades. Prop\u00f4s que a Comiss\u00e3o da Carteira Profissional de Jornalista tenha maior sustentabilidade.<\/p>\n<p>Afirmou n\u00e3o pretender aumentar taxas de regula\u00e7\u00e3o aos jornalistas que n\u00e3o conseguem suportar custos adicionais com sal\u00e1rios atuais. Enfatizou que a decis\u00e3o dever\u00e1 ficar com as entidades envolvidas e com o modelo existente.<\/p>\n<p>Disse ainda que n\u00e3o pretende impor mudan\u00e7as radicais, nem colocar a CCPJ sob a tutela da ERC. A ideia \u00e9 trabalhar com o que j\u00e1 existe, visando corrigir o que est\u00e1 menos est\u00e1vel.<\/p>\n<h3>Financiamento e recursos<\/h3>\n<p>O ministro admitiu a possibilidade de realocar parte da Contribui\u00e7\u00e3o para o Audiovisual para financiar jornalismo. Refor\u00e7ou que o Estado deve disponibilizar recursos \u00e0 CCPJ, dada a falta de fundos para cumprir plenamente o seu papel regulador.<\/p>\n<p>Por fim, Leit\u00e3o Amaro reiterou que n\u00e3o quer ver a Lusa sob influ\u00eancia indevida, mantendo o foco em uma supervis\u00e3o equilibrada e eficaz, sem alterar a estrutura regulat\u00f3ria vigente.<\/p>\n","protected":false},"excerpt":{"rendered":"<ul>\n<li>O ministro da Presid\u00eancia, Ant\u00f3nio Leit\u00e3o Amaro, defendeu os estatutos da Lusa que obrigam a dire\u00e7\u00e3o de informa\u00e7\u00e3o a apresentar-se perante a comiss\u00e3o parlamentar, afirmando n\u00e3o querer a ag\u00eancia \u201cnas m\u00e3os de um novo S\u00f3crates\u201d.<\/li>\n<li>Refere n\u00e3o haver inten\u00e7\u00e3o de mexer na estrutura regulat\u00f3ria dos media nem nos cargos, e defende que o Estado deve disponibilizar recursos \u00e0 Carteira de Jornalistas.<\/li>\n<li>Admitiu estar dispon\u00edvel para reflex\u00e3o por parte dos jornalistas, caso queiram discutir o tema, mas destacou que, quando o parlamento pergunta, est\u00e1 a discutir, n\u00e3o a mandar.<\/li>\n<li>Sobre auto-regula\u00e7\u00e3o, mostrou-se favor\u00e1vel a fortalecer a CCPJ, sem propor mudan\u00e7as radicais ou concentrar a regula\u00e7\u00e3o dos media com a regula\u00e7\u00e3o das comunica\u00e7\u00f5es.<\/li>\n<li>Assinalou que a CCPJ n\u00e3o tem recursos suficientes para cumprir o seu trabalho e sugeriu a realoca\u00e7\u00e3o de recursos da Contribui\u00e7\u00e3o para o Audiovisual para financiar o jornalismo.<\/li>\n<\/ul>\n","protected":false},"author":2,"featured_media":405625,"comment_status":"closed","ping_status":"closed","sticky":false,"template":"","format":"standard","meta":{"footnotes":""},"categories":[5,6871],"tags":[2609,6999,506,5707,2832,6126],"class_list":["post-405619","post","type-post","status-publish","format-standard","has-post-thumbnail","hentry","category-politica","category-sociedade","tag-ccp","tag-ccpj","tag-imprensa","tag-jornalistas","tag-politica","tag-publico"],"yoast_head":"<!-- This site is optimized with the Yoast SEO plugin v27.2 - https:\/\/yoast.com\/product\/yoast-seo-wordpress\/ -->\n<title>Leit\u00e3o Amaro n\u00e3o quer ag\u00eancia Lusa nas m\u00e3os de um novo S\u00f3crates - Portal Tela Portugal<\/title>\n<meta name=\"robots\" content=\"index, follow, max-snippet:-1, max-image-preview:large, max-video-preview:-1\" \/>\n<meta property=\"og:locale\" content=\"pt_PT\" \/>\n<meta property=\"og:type\" content=\"article\" \/>\n<meta property=\"og:title\" content=\"Leit\u00e3o Amaro n\u00e3o quer ag\u00eancia Lusa nas m\u00e3os de um novo S\u00f3crates - Portal Tela Portugal\" \/>\n<meta property=\"og:description\" content=\"O ministro da Presid\u00eancia, Ant\u00f3nio Leit\u00e3o Amaro, defendeu os estatutos da Lusa que obrigam a dire\u00e7\u00e3o de informa\u00e7\u00e3o a apresentar-se perante a comiss\u00e3o parlamentar, afirmando n\u00e3o querer a ag\u00eancia \u201cnas m\u00e3os de um novo S\u00f3crates\u201d. Refere n\u00e3o haver inten\u00e7\u00e3o de mexer na estrutura regulat\u00f3ria dos media nem nos cargos, e defende que o Estado deve disponibilizar recursos \u00e0 Carteira de Jornalistas. Admitiu estar dispon\u00edvel para reflex\u00e3o por parte dos jornalistas, caso queiram discutir o tema, mas destacou que, quando o parlamento pergunta, est\u00e1 a discutir, n\u00e3o a mandar. Sobre auto-regula\u00e7\u00e3o, mostrou-se favor\u00e1vel a fortalecer a CCPJ, sem propor mudan\u00e7as radicais ou concentrar a regula\u00e7\u00e3o dos media com a regula\u00e7\u00e3o das comunica\u00e7\u00f5es. Assinalou que a CCPJ n\u00e3o tem recursos suficientes para cumprir o seu trabalho e sugeriu a realoca\u00e7\u00e3o de recursos da Contribui\u00e7\u00e3o para o Audiovisual para financiar o jornalismo.\" \/>\n<meta property=\"og:url\" content=\"https:\/\/portaltela.pt\/noticias\/2026\/03\/11\/leitao-amaro-nao-quer-agencia-lusa-nas-maos-de-um-novo-socrates\/\" \/>\n<meta property=\"og:site_name\" content=\"Portal Tela Portugal\" \/>\n<meta property=\"article:published_time\" content=\"2026-03-11T09:15:00+00:00\" \/>\n<meta name=\"author\" content=\"Telinha\" \/>\n<meta name=\"twitter:card\" content=\"summary_large_image\" \/>\n<meta name=\"twitter:label1\" content=\"Escrito por\" \/>\n\t<meta name=\"twitter:data1\" content=\"Telinha\" \/>\n\t<meta name=\"twitter:label2\" content=\"Tempo estimado de leitura\" \/>\n\t<meta name=\"twitter:data2\" content=\"2 minutos\" \/>\n<script type=\"application\/ld+json\" class=\"yoast-schema-graph\">{\"@context\":\"https:\/\/schema.org\",\"@graph\":[{\"@type\":\"Article\",\"@id\":\"https:\/\/portaltela.pt\/noticias\/2026\/03\/11\/leitao-amaro-nao-quer-agencia-lusa-nas-maos-de-um-novo-socrates\/#article\",\"isPartOf\":{\"@id\":\"https:\/\/portaltela.pt\/noticias\/2026\/03\/11\/leitao-amaro-nao-quer-agencia-lusa-nas-maos-de-um-novo-socrates\/\"},\"author\":{\"name\":\"Telinha\",\"@id\":\"https:\/\/portaltela.pt\/#\/schema\/person\/c4278d4a6028830caff9ee44b42d32ed\"},\"headline\":\"Leit\u00e3o Amaro n\u00e3o quer ag\u00eancia Lusa nas m\u00e3os de um novo S\u00f3crates\",\"datePublished\":\"2026-03-11T09:15:00+00:00\",\"mainEntityOfPage\":{\"@id\":\"https:\/\/portaltela.pt\/noticias\/2026\/03\/11\/leitao-amaro-nao-quer-agencia-lusa-nas-maos-de-um-novo-socrates\/\"},\"wordCount\":382,\"image\":{\"@id\":\"https:\/\/portaltela.pt\/noticias\/2026\/03\/11\/leitao-amaro-nao-quer-agencia-lusa-nas-maos-de-um-novo-socrates\/#primaryimage\"},\"thumbnailUrl\":\"https:\/\/portaltela.pt\/s.01k8rhncp4jt1\/2026\/03\/2073245.jpg\",\"keywords\":[\"CCP\",\"CCPJ\",\"imprensa\",\"jornalistas\",\"pol\u00edtica\",\"p\u00fablico\"],\"articleSection\":[\"Pol\u00edtica\",\"Sociedade\"],\"inLanguage\":\"pt-PT\"},{\"@type\":\"WebPage\",\"@id\":\"https:\/\/portaltela.pt\/noticias\/2026\/03\/11\/leitao-amaro-nao-quer-agencia-lusa-nas-maos-de-um-novo-socrates\/\",\"url\":\"https:\/\/portaltela.pt\/noticias\/2026\/03\/11\/leitao-amaro-nao-quer-agencia-lusa-nas-maos-de-um-novo-socrates\/\",\"name\":\"Leit\u00e3o Amaro n\u00e3o quer ag\u00eancia Lusa nas m\u00e3os de um novo S\u00f3crates - Portal Tela Portugal\",\"isPartOf\":{\"@id\":\"https:\/\/portaltela.pt\/#website\"},\"primaryImageOfPage\":{\"@id\":\"https:\/\/portaltela.pt\/noticias\/2026\/03\/11\/leitao-amaro-nao-quer-agencia-lusa-nas-maos-de-um-novo-socrates\/#primaryimage\"},\"image\":{\"@id\":\"https:\/\/portaltela.pt\/noticias\/2026\/03\/11\/leitao-amaro-nao-quer-agencia-lusa-nas-maos-de-um-novo-socrates\/#primaryimage\"},\"thumbnailUrl\":\"https:\/\/portaltela.pt\/s.01k8rhncp4jt1\/2026\/03\/2073245.jpg\",\"datePublished\":\"2026-03-11T09:15:00+00:00\",\"author\":{\"@id\":\"https:\/\/portaltela.pt\/#\/schema\/person\/c4278d4a6028830caff9ee44b42d32ed\"},\"breadcrumb\":{\"@id\":\"https:\/\/portaltela.pt\/noticias\/2026\/03\/11\/leitao-amaro-nao-quer-agencia-lusa-nas-maos-de-um-novo-socrates\/#breadcrumb\"},\"inLanguage\":\"pt-PT\",\"potentialAction\":[{\"@type\":\"ReadAction\",\"target\":[\"https:\/\/portaltela.pt\/noticias\/2026\/03\/11\/leitao-amaro-nao-quer-agencia-lusa-nas-maos-de-um-novo-socrates\/\"]}]},{\"@type\":\"ImageObject\",\"inLanguage\":\"pt-PT\",\"@id\":\"https:\/\/portaltela.pt\/noticias\/2026\/03\/11\/leitao-amaro-nao-quer-agencia-lusa-nas-maos-de-um-novo-socrates\/#primaryimage\",\"url\":\"https:\/\/portaltela.pt\/s.01k8rhncp4jt1\/2026\/03\/2073245.jpg\",\"contentUrl\":\"https:\/\/portaltela.pt\/s.01k8rhncp4jt1\/2026\/03\/2073245.jpg\",\"width\":796,\"height\":448,\"caption\":\"Leit\u00e3o Amaro afirmou que a Comiss\u00e3o da Carteira Profissional de Jornalista deve \\\"ter mais sustentabilidade\\\"\"},{\"@type\":\"BreadcrumbList\",\"@id\":\"https:\/\/portaltela.pt\/noticias\/2026\/03\/11\/leitao-amaro-nao-quer-agencia-lusa-nas-maos-de-um-novo-socrates\/#breadcrumb\",\"itemListElement\":[{\"@type\":\"ListItem\",\"position\":1,\"name\":\"In\u00edcio\",\"item\":\"https:\/\/portaltela.pt\/\"},{\"@type\":\"ListItem\",\"position\":2,\"name\":\"Leit\u00e3o Amaro n\u00e3o quer ag\u00eancia Lusa nas m\u00e3os de um novo S\u00f3crates\"}]},{\"@type\":\"WebSite\",\"@id\":\"https:\/\/portaltela.pt\/#website\",\"url\":\"https:\/\/portaltela.pt\/\",\"name\":\"Portal Tela Portugal\",\"description\":\"\",\"potentialAction\":[{\"@type\":\"SearchAction\",\"target\":{\"@type\":\"EntryPoint\",\"urlTemplate\":\"https:\/\/portaltela.pt\/?s={search_term_string}\"},\"query-input\":{\"@type\":\"PropertyValueSpecification\",\"valueRequired\":true,\"valueName\":\"search_term_string\"}}],\"inLanguage\":\"pt-PT\"},{\"@type\":\"Person\",\"@id\":\"https:\/\/portaltela.pt\/#\/schema\/person\/c4278d4a6028830caff9ee44b42d32ed\",\"name\":\"Telinha\",\"image\":{\"@type\":\"ImageObject\",\"inLanguage\":\"pt-PT\",\"@id\":\"https:\/\/portaltela.pt\/s.01k8rhncp4jt1\/2025\/11\/talking-bot-125x125.png\",\"url\":\"https:\/\/portaltela.pt\/s.01k8rhncp4jt1\/2025\/11\/talking-bot-125x125.png\",\"contentUrl\":\"https:\/\/portaltela.pt\/s.01k8rhncp4jt1\/2025\/11\/talking-bot-125x125.png\",\"caption\":\"Telinha\"},\"sameAs\":[\"https:\/\/portaltela.pt\/\"],\"url\":\"https:\/\/portaltela.pt\/por\/367410592786\/\"}]}<\/script>\n<!-- \/ Yoast SEO plugin. -->","yoast_head_json":{"title":"Leit\u00e3o Amaro n\u00e3o quer ag\u00eancia Lusa nas m\u00e3os de um novo S\u00f3crates - Portal Tela Portugal","robots":{"index":"index","follow":"follow","max-snippet":"max-snippet:-1","max-image-preview":"max-image-preview:large","max-video-preview":"max-video-preview:-1"},"og_locale":"pt_PT","og_type":"article","og_title":"Leit\u00e3o Amaro n\u00e3o quer ag\u00eancia Lusa nas m\u00e3os de um novo S\u00f3crates - Portal Tela Portugal","og_description":"O ministro da Presid\u00eancia, Ant\u00f3nio Leit\u00e3o Amaro, defendeu os estatutos da Lusa que obrigam a dire\u00e7\u00e3o de informa\u00e7\u00e3o a apresentar-se perante a comiss\u00e3o parlamentar, afirmando n\u00e3o querer a ag\u00eancia \u201cnas m\u00e3os de um novo S\u00f3crates\u201d. Refere n\u00e3o haver inten\u00e7\u00e3o de mexer na estrutura regulat\u00f3ria dos media nem nos cargos, e defende que o Estado deve disponibilizar recursos \u00e0 Carteira de Jornalistas. Admitiu estar dispon\u00edvel para reflex\u00e3o por parte dos jornalistas, caso queiram discutir o tema, mas destacou que, quando o parlamento pergunta, est\u00e1 a discutir, n\u00e3o a mandar. Sobre auto-regula\u00e7\u00e3o, mostrou-se favor\u00e1vel a fortalecer a CCPJ, sem propor mudan\u00e7as radicais ou concentrar a regula\u00e7\u00e3o dos media com a regula\u00e7\u00e3o das comunica\u00e7\u00f5es. Assinalou que a CCPJ n\u00e3o tem recursos suficientes para cumprir o seu trabalho e sugeriu a realoca\u00e7\u00e3o de recursos da Contribui\u00e7\u00e3o para o Audiovisual para financiar o jornalismo.","og_url":"https:\/\/portaltela.pt\/noticias\/2026\/03\/11\/leitao-amaro-nao-quer-agencia-lusa-nas-maos-de-um-novo-socrates\/","og_site_name":"Portal Tela Portugal","article_published_time":"2026-03-11T09:15:00+00:00","author":"Telinha","twitter_card":"summary_large_image","twitter_misc":{"Escrito por":"Telinha","Tempo estimado de leitura":"2 minutos"},"schema":{"@context":"https:\/\/schema.org","@graph":[{"@type":"Article","@id":"https:\/\/portaltela.pt\/noticias\/2026\/03\/11\/leitao-amaro-nao-quer-agencia-lusa-nas-maos-de-um-novo-socrates\/#article","isPartOf":{"@id":"https:\/\/portaltela.pt\/noticias\/2026\/03\/11\/leitao-amaro-nao-quer-agencia-lusa-nas-maos-de-um-novo-socrates\/"},"author":{"name":"Telinha","@id":"https:\/\/portaltela.pt\/#\/schema\/person\/c4278d4a6028830caff9ee44b42d32ed"},"headline":"Leit\u00e3o Amaro n\u00e3o quer ag\u00eancia Lusa nas m\u00e3os de um novo S\u00f3crates","datePublished":"2026-03-11T09:15:00+00:00","mainEntityOfPage":{"@id":"https:\/\/portaltela.pt\/noticias\/2026\/03\/11\/leitao-amaro-nao-quer-agencia-lusa-nas-maos-de-um-novo-socrates\/"},"wordCount":382,"image":{"@id":"https:\/\/portaltela.pt\/noticias\/2026\/03\/11\/leitao-amaro-nao-quer-agencia-lusa-nas-maos-de-um-novo-socrates\/#primaryimage"},"thumbnailUrl":"https:\/\/portaltela.pt\/s.01k8rhncp4jt1\/2026\/03\/2073245.jpg","keywords":["CCP","CCPJ","imprensa","jornalistas","pol\u00edtica","p\u00fablico"],"articleSection":["Pol\u00edtica","Sociedade"],"inLanguage":"pt-PT"},{"@type":"WebPage","@id":"https:\/\/portaltela.pt\/noticias\/2026\/03\/11\/leitao-amaro-nao-quer-agencia-lusa-nas-maos-de-um-novo-socrates\/","url":"https:\/\/portaltela.pt\/noticias\/2026\/03\/11\/leitao-amaro-nao-quer-agencia-lusa-nas-maos-de-um-novo-socrates\/","name":"Leit\u00e3o Amaro n\u00e3o quer ag\u00eancia Lusa nas m\u00e3os de um novo S\u00f3crates - Portal Tela Portugal","isPartOf":{"@id":"https:\/\/portaltela.pt\/#website"},"primaryImageOfPage":{"@id":"https:\/\/portaltela.pt\/noticias\/2026\/03\/11\/leitao-amaro-nao-quer-agencia-lusa-nas-maos-de-um-novo-socrates\/#primaryimage"},"image":{"@id":"https:\/\/portaltela.pt\/noticias\/2026\/03\/11\/leitao-amaro-nao-quer-agencia-lusa-nas-maos-de-um-novo-socrates\/#primaryimage"},"thumbnailUrl":"https:\/\/portaltela.pt\/s.01k8rhncp4jt1\/2026\/03\/2073245.jpg","datePublished":"2026-03-11T09:15:00+00:00","author":{"@id":"https:\/\/portaltela.pt\/#\/schema\/person\/c4278d4a6028830caff9ee44b42d32ed"},"breadcrumb":{"@id":"https:\/\/portaltela.pt\/noticias\/2026\/03\/11\/leitao-amaro-nao-quer-agencia-lusa-nas-maos-de-um-novo-socrates\/#breadcrumb"},"inLanguage":"pt-PT","potentialAction":[{"@type":"ReadAction","target":["https:\/\/portaltela.pt\/noticias\/2026\/03\/11\/leitao-amaro-nao-quer-agencia-lusa-nas-maos-de-um-novo-socrates\/"]}]},{"@type":"ImageObject","inLanguage":"pt-PT","@id":"https:\/\/portaltela.pt\/noticias\/2026\/03\/11\/leitao-amaro-nao-quer-agencia-lusa-nas-maos-de-um-novo-socrates\/#primaryimage","url":"https:\/\/portaltela.pt\/s.01k8rhncp4jt1\/2026\/03\/2073245.jpg","contentUrl":"https:\/\/portaltela.pt\/s.01k8rhncp4jt1\/2026\/03\/2073245.jpg","width":796,"height":448,"caption":"Leit\u00e3o Amaro afirmou que a Comiss\u00e3o da Carteira Profissional de Jornalista deve \"ter mais sustentabilidade\""},{"@type":"BreadcrumbList","@id":"https:\/\/portaltela.pt\/noticias\/2026\/03\/11\/leitao-amaro-nao-quer-agencia-lusa-nas-maos-de-um-novo-socrates\/#breadcrumb","itemListElement":[{"@type":"ListItem","position":1,"name":"In\u00edcio","item":"https:\/\/portaltela.pt\/"},{"@type":"ListItem","position":2,"name":"Leit\u00e3o Amaro n\u00e3o quer ag\u00eancia Lusa nas m\u00e3os de um novo S\u00f3crates"}]},{"@type":"WebSite","@id":"https:\/\/portaltela.pt\/#website","url":"https:\/\/portaltela.pt\/","name":"Portal Tela Portugal","description":"","potentialAction":[{"@type":"SearchAction","target":{"@type":"EntryPoint","urlTemplate":"https:\/\/portaltela.pt\/?s={search_term_string}"},"query-input":{"@type":"PropertyValueSpecification","valueRequired":true,"valueName":"search_term_string"}}],"inLanguage":"pt-PT"},{"@type":"Person","@id":"https:\/\/portaltela.pt\/#\/schema\/person\/c4278d4a6028830caff9ee44b42d32ed","name":"Telinha","image":{"@type":"ImageObject","inLanguage":"pt-PT","@id":"https:\/\/portaltela.pt\/s.01k8rhncp4jt1\/2025\/11\/talking-bot-125x125.png","url":"https:\/\/portaltela.pt\/s.01k8rhncp4jt1\/2025\/11\/talking-bot-125x125.png","contentUrl":"https:\/\/portaltela.pt\/s.01k8rhncp4jt1\/2025\/11\/talking-bot-125x125.png","caption":"Telinha"},"sameAs":["https:\/\/portaltela.pt\/"],"url":"https:\/\/portaltela.pt\/por\/367410592786\/"}]}},"_links":{"self":[{"href":"https:\/\/portaltela.pt\/api\/wp\/v2\/posts\/405619","targetHints":{"allow":["GET"]}}],"collection":[{"href":"https:\/\/portaltela.pt\/api\/wp\/v2\/posts"}],"about":[{"href":"https:\/\/portaltela.pt\/api\/wp\/v2\/types\/post"}],"author":[{"embeddable":true,"href":"https:\/\/portaltela.pt\/api\/wp\/v2\/users\/2"}],"replies":[{"embeddable":true,"href":"https:\/\/portaltela.pt\/api\/wp\/v2\/comments?post=405619"}],"version-history":[{"count":0,"href":"https:\/\/portaltela.pt\/api\/wp\/v2\/posts\/405619\/revisions"}],"wp:featuredmedia":[{"embeddable":true,"href":"https:\/\/portaltela.pt\/api\/wp\/v2\/media\/405625"}],"wp:attachment":[{"href":"https:\/\/portaltela.pt\/api\/wp\/v2\/media?parent=405619"}],"wp:term":[{"taxonomy":"category","embeddable":true,"href":"https:\/\/portaltela.pt\/api\/wp\/v2\/categories?post=405619"},{"taxonomy":"post_tag","embeddable":true,"href":"https:\/\/portaltela.pt\/api\/wp\/v2\/tags?post=405619"}],"curies":[{"name":"wp","href":"https:\/\/api.w.org\/{rel}","templated":true}]}}