{"id":405616,"date":"2026-03-11T06:21:00","date_gmt":"2026-03-11T09:21:00","guid":{"rendered":"https:\/\/portaltela.pt\/noticias\/2026\/03\/11\/portugal-devera-continuar-a-enfrentar-fenomenos-climaticos-extremos\/"},"modified":"2026-03-11T06:21:00","modified_gmt":"2026-03-11T09:21:00","slug":"portugal-devera-continuar-a-enfrentar-fenomenos-climaticos-extremos","status":"publish","type":"post","link":"https:\/\/portaltela.pt\/noticias\/2026\/03\/11\/portugal-devera-continuar-a-enfrentar-fenomenos-climaticos-extremos\/","title":{"rendered":"Portugal dever\u00e1 continuar a enfrentar fen\u00f3menos clim\u00e1ticos extremos"},"content":{"rendered":"<p>Portugal sofreu, em fevereiro, com um conjunto de tempestades que afetou diversas regi\u00f5es. O pa\u00eds ficou entre os mais atingidos a n\u00edvel mundial, com impactos significativos em infraestruturas e atividades.<\/p>\n<p>O relat\u00f3rio aponta o epis\u00f3dio como exemplo de crescentes impactos das altera\u00e7\u00f5es clim\u00e1ticas. O Copernicus Climate Change Service (C3S) sublinha que n\u00e3o foi um fen\u00f3meno isolado, mas parte de uma tend\u00eancia.<\/p>\n<p>Os investigadores destacam que os epis\u00f3dios dever\u00e3o repetir-se com maior frequ\u00eancia no futuro, a menos que sejam tomadas a\u00e7\u00f5es globais urgentes para mitigar as altera\u00e7\u00f5es do clima. O estudo refor\u00e7a a necessidade de adapta\u00e7\u00e3o cont\u00ednua.<\/p>\n<h3>Copernicus e o consenso cient\u00edfico<\/h3>\n<p>O relat\u00f3rio do programa europeu refor\u00e7a que Portugal n\u00e3o est\u00e1 sozinho neste padr\u00e3o de fen\u00f3menos extremos. Especialistas apelam a uma resposta coordenada a n\u00edvel internacional para reduzir riscos e custos causados por tempestades futuras.<\/p>\n","protected":false},"excerpt":{"rendered":"<ul>\n<li>Portugal vai continuar a sofrer com fen\u00f3menos clim\u00e1ticos extremos.<\/li>\n<li>O pa\u00eds foi dos mais afetados do mundo pelas tempestades em fevereiro.<\/li>\n<li>A tend\u00eancia aponta para a repeti\u00e7\u00e3o de epis\u00f3dios do g\u00e9nero.<\/li>\n<li>O relat\u00f3rio do programa Copernicus (C3S) descreve as altera\u00e7\u00f5es clim\u00e1ticas como a principal causa dos impactos crescentes e sublinha a necessidade urgente de a\u00e7\u00e3o global.<\/li>\n<li>Os investigadores afirmam que o fen\u00f3meno n\u00e3o \u00e9 isolado e que o futuro dever\u00e1 trazer consequ\u00eancias id\u00eanticas.<\/li>\n<\/ul>\n","protected":false},"author":2,"featured_media":405622,"comment_status":"closed","ping_status":"closed","sticky":false,"template":"","format":"standard","meta":{"footnotes":""},"categories":[1],"tags":[2665,5224,5179,5547,45,1014],"class_list":["post-405616","post","type-post","status-publish","format-standard","has-post-thumbnail","hentry","category-noticias","tag-alteracoes-climaticas","tag-clima","tag-copernicus","tag-informacao-internacional","tag-meio-ambiente","tag-portugal"],"yoast_head":"<!-- This site is optimized with the Yoast SEO plugin v27.2 - https:\/\/yoast.com\/product\/yoast-seo-wordpress\/ -->\n<title>Portugal dever\u00e1 continuar a enfrentar fen\u00f3menos clim\u00e1ticos extremos - Portal Tela Portugal<\/title>\n<meta name=\"robots\" content=\"index, follow, max-snippet:-1, max-image-preview:large, max-video-preview:-1\" \/>\n<meta property=\"og:locale\" content=\"pt_PT\" \/>\n<meta property=\"og:type\" content=\"article\" \/>\n<meta property=\"og:title\" content=\"Portugal dever\u00e1 continuar a enfrentar fen\u00f3menos clim\u00e1ticos extremos - Portal Tela Portugal\" \/>\n<meta property=\"og:description\" content=\"Portugal vai continuar a sofrer com fen\u00f3menos clim\u00e1ticos extremos. O pa\u00eds foi dos mais afetados do mundo pelas tempestades em fevereiro. A tend\u00eancia aponta para a repeti\u00e7\u00e3o de epis\u00f3dios do g\u00e9nero. O relat\u00f3rio do programa Copernicus (C3S) descreve as altera\u00e7\u00f5es clim\u00e1ticas como a principal causa dos impactos crescentes e sublinha a necessidade urgente de a\u00e7\u00e3o global. Os investigadores afirmam que o fen\u00f3meno n\u00e3o \u00e9 isolado e que o futuro dever\u00e1 trazer consequ\u00eancias id\u00eanticas.\" \/>\n<meta property=\"og:url\" content=\"https:\/\/portaltela.pt\/noticias\/2026\/03\/11\/portugal-devera-continuar-a-enfrentar-fenomenos-climaticos-extremos\/\" \/>\n<meta property=\"og:site_name\" content=\"Portal Tela Portugal\" \/>\n<meta property=\"article:published_time\" content=\"2026-03-11T09:21:00+00:00\" \/>\n<meta name=\"author\" content=\"Telinha\" \/>\n<meta name=\"twitter:card\" content=\"summary_large_image\" \/>\n<meta name=\"twitter:label1\" content=\"Escrito por\" \/>\n\t<meta name=\"twitter:data1\" content=\"Telinha\" \/>\n\t<meta name=\"twitter:label2\" content=\"Tempo estimado de leitura\" \/>\n\t<meta name=\"twitter:data2\" content=\"1 minuto\" \/>\n<script type=\"application\/ld+json\" class=\"yoast-schema-graph\">{\"@context\":\"https:\/\/schema.org\",\"@graph\":[{\"@type\":\"Article\",\"@id\":\"https:\/\/portaltela.pt\/noticias\/2026\/03\/11\/portugal-devera-continuar-a-enfrentar-fenomenos-climaticos-extremos\/#article\",\"isPartOf\":{\"@id\":\"https:\/\/portaltela.pt\/noticias\/2026\/03\/11\/portugal-devera-continuar-a-enfrentar-fenomenos-climaticos-extremos\/\"},\"author\":{\"name\":\"Telinha\",\"@id\":\"https:\/\/portaltela.pt\/#\/schema\/person\/c4278d4a6028830caff9ee44b42d32ed\"},\"headline\":\"Portugal dever\u00e1 continuar a enfrentar fen\u00f3menos clim\u00e1ticos extremos\",\"datePublished\":\"2026-03-11T09:21:00+00:00\",\"mainEntityOfPage\":{\"@id\":\"https:\/\/portaltela.pt\/noticias\/2026\/03\/11\/portugal-devera-continuar-a-enfrentar-fenomenos-climaticos-extremos\/\"},\"wordCount\":171,\"image\":{\"@id\":\"https:\/\/portaltela.pt\/noticias\/2026\/03\/11\/portugal-devera-continuar-a-enfrentar-fenomenos-climaticos-extremos\/#primaryimage\"},\"thumbnailUrl\":\"https:\/\/portaltela.pt\/s.01k8rhncp4jt1\/2026\/03\/image-680.jpg\",\"keywords\":[\"Altera\u00e7\u00f5es Clim\u00e1ticas\",\"clima\",\"Copernicus\",\"informa\u00e7\u00e3o internacional\",\"meio-ambiente\",\"Portugal\"],\"articleSection\":[\"Not\u00edcias\"],\"inLanguage\":\"pt-PT\"},{\"@type\":\"WebPage\",\"@id\":\"https:\/\/portaltela.pt\/noticias\/2026\/03\/11\/portugal-devera-continuar-a-enfrentar-fenomenos-climaticos-extremos\/\",\"url\":\"https:\/\/portaltela.pt\/noticias\/2026\/03\/11\/portugal-devera-continuar-a-enfrentar-fenomenos-climaticos-extremos\/\",\"name\":\"Portugal dever\u00e1 continuar a enfrentar fen\u00f3menos clim\u00e1ticos extremos - Portal Tela Portugal\",\"isPartOf\":{\"@id\":\"https:\/\/portaltela.pt\/#website\"},\"primaryImageOfPage\":{\"@id\":\"https:\/\/portaltela.pt\/noticias\/2026\/03\/11\/portugal-devera-continuar-a-enfrentar-fenomenos-climaticos-extremos\/#primaryimage\"},\"image\":{\"@id\":\"https:\/\/portaltela.pt\/noticias\/2026\/03\/11\/portugal-devera-continuar-a-enfrentar-fenomenos-climaticos-extremos\/#primaryimage\"},\"thumbnailUrl\":\"https:\/\/portaltela.pt\/s.01k8rhncp4jt1\/2026\/03\/image-680.jpg\",\"datePublished\":\"2026-03-11T09:21:00+00:00\",\"author\":{\"@id\":\"https:\/\/portaltela.pt\/#\/schema\/person\/c4278d4a6028830caff9ee44b42d32ed\"},\"breadcrumb\":{\"@id\":\"https:\/\/portaltela.pt\/noticias\/2026\/03\/11\/portugal-devera-continuar-a-enfrentar-fenomenos-climaticos-extremos\/#breadcrumb\"},\"inLanguage\":\"pt-PT\",\"potentialAction\":[{\"@type\":\"ReadAction\",\"target\":[\"https:\/\/portaltela.pt\/noticias\/2026\/03\/11\/portugal-devera-continuar-a-enfrentar-fenomenos-climaticos-extremos\/\"]}]},{\"@type\":\"ImageObject\",\"inLanguage\":\"pt-PT\",\"@id\":\"https:\/\/portaltela.pt\/noticias\/2026\/03\/11\/portugal-devera-continuar-a-enfrentar-fenomenos-climaticos-extremos\/#primaryimage\",\"url\":\"https:\/\/portaltela.pt\/s.01k8rhncp4jt1\/2026\/03\/image-680.jpg\",\"contentUrl\":\"https:\/\/portaltela.pt\/s.01k8rhncp4jt1\/2026\/03\/image-680.jpg\",\"width\":796,\"height\":448,\"caption\":\"Tempestades em Portugal foram das mais graves verificadas em fevereiro em todo o Mundo Foto: Pedro Correia\"},{\"@type\":\"BreadcrumbList\",\"@id\":\"https:\/\/portaltela.pt\/noticias\/2026\/03\/11\/portugal-devera-continuar-a-enfrentar-fenomenos-climaticos-extremos\/#breadcrumb\",\"itemListElement\":[{\"@type\":\"ListItem\",\"position\":1,\"name\":\"In\u00edcio\",\"item\":\"https:\/\/portaltela.pt\/\"},{\"@type\":\"ListItem\",\"position\":2,\"name\":\"Portugal dever\u00e1 continuar a enfrentar fen\u00f3menos clim\u00e1ticos extremos\"}]},{\"@type\":\"WebSite\",\"@id\":\"https:\/\/portaltela.pt\/#website\",\"url\":\"https:\/\/portaltela.pt\/\",\"name\":\"Portal Tela Portugal\",\"description\":\"\",\"potentialAction\":[{\"@type\":\"SearchAction\",\"target\":{\"@type\":\"EntryPoint\",\"urlTemplate\":\"https:\/\/portaltela.pt\/?s={search_term_string}\"},\"query-input\":{\"@type\":\"PropertyValueSpecification\",\"valueRequired\":true,\"valueName\":\"search_term_string\"}}],\"inLanguage\":\"pt-PT\"},{\"@type\":\"Person\",\"@id\":\"https:\/\/portaltela.pt\/#\/schema\/person\/c4278d4a6028830caff9ee44b42d32ed\",\"name\":\"Telinha\",\"image\":{\"@type\":\"ImageObject\",\"inLanguage\":\"pt-PT\",\"@id\":\"https:\/\/portaltela.pt\/s.01k8rhncp4jt1\/2025\/11\/talking-bot-125x125.png\",\"url\":\"https:\/\/portaltela.pt\/s.01k8rhncp4jt1\/2025\/11\/talking-bot-125x125.png\",\"contentUrl\":\"https:\/\/portaltela.pt\/s.01k8rhncp4jt1\/2025\/11\/talking-bot-125x125.png\",\"caption\":\"Telinha\"},\"sameAs\":[\"https:\/\/portaltela.pt\/\"],\"url\":\"https:\/\/portaltela.pt\/por\/367410592786\/\"}]}<\/script>\n<!-- \/ Yoast SEO plugin. -->","yoast_head_json":{"title":"Portugal dever\u00e1 continuar a enfrentar fen\u00f3menos clim\u00e1ticos extremos - Portal Tela Portugal","robots":{"index":"index","follow":"follow","max-snippet":"max-snippet:-1","max-image-preview":"max-image-preview:large","max-video-preview":"max-video-preview:-1"},"og_locale":"pt_PT","og_type":"article","og_title":"Portugal dever\u00e1 continuar a enfrentar fen\u00f3menos clim\u00e1ticos extremos - Portal Tela Portugal","og_description":"Portugal vai continuar a sofrer com fen\u00f3menos clim\u00e1ticos extremos. O pa\u00eds foi dos mais afetados do mundo pelas tempestades em fevereiro. A tend\u00eancia aponta para a repeti\u00e7\u00e3o de epis\u00f3dios do g\u00e9nero. O relat\u00f3rio do programa Copernicus (C3S) descreve as altera\u00e7\u00f5es clim\u00e1ticas como a principal causa dos impactos crescentes e sublinha a necessidade urgente de a\u00e7\u00e3o global. Os investigadores afirmam que o fen\u00f3meno n\u00e3o \u00e9 isolado e que o futuro dever\u00e1 trazer consequ\u00eancias id\u00eanticas.","og_url":"https:\/\/portaltela.pt\/noticias\/2026\/03\/11\/portugal-devera-continuar-a-enfrentar-fenomenos-climaticos-extremos\/","og_site_name":"Portal Tela Portugal","article_published_time":"2026-03-11T09:21:00+00:00","author":"Telinha","twitter_card":"summary_large_image","twitter_misc":{"Escrito por":"Telinha","Tempo estimado de leitura":"1 minuto"},"schema":{"@context":"https:\/\/schema.org","@graph":[{"@type":"Article","@id":"https:\/\/portaltela.pt\/noticias\/2026\/03\/11\/portugal-devera-continuar-a-enfrentar-fenomenos-climaticos-extremos\/#article","isPartOf":{"@id":"https:\/\/portaltela.pt\/noticias\/2026\/03\/11\/portugal-devera-continuar-a-enfrentar-fenomenos-climaticos-extremos\/"},"author":{"name":"Telinha","@id":"https:\/\/portaltela.pt\/#\/schema\/person\/c4278d4a6028830caff9ee44b42d32ed"},"headline":"Portugal dever\u00e1 continuar a enfrentar fen\u00f3menos clim\u00e1ticos extremos","datePublished":"2026-03-11T09:21:00+00:00","mainEntityOfPage":{"@id":"https:\/\/portaltela.pt\/noticias\/2026\/03\/11\/portugal-devera-continuar-a-enfrentar-fenomenos-climaticos-extremos\/"},"wordCount":171,"image":{"@id":"https:\/\/portaltela.pt\/noticias\/2026\/03\/11\/portugal-devera-continuar-a-enfrentar-fenomenos-climaticos-extremos\/#primaryimage"},"thumbnailUrl":"https:\/\/portaltela.pt\/s.01k8rhncp4jt1\/2026\/03\/image-680.jpg","keywords":["Altera\u00e7\u00f5es Clim\u00e1ticas","clima","Copernicus","informa\u00e7\u00e3o internacional","meio-ambiente","Portugal"],"articleSection":["Not\u00edcias"],"inLanguage":"pt-PT"},{"@type":"WebPage","@id":"https:\/\/portaltela.pt\/noticias\/2026\/03\/11\/portugal-devera-continuar-a-enfrentar-fenomenos-climaticos-extremos\/","url":"https:\/\/portaltela.pt\/noticias\/2026\/03\/11\/portugal-devera-continuar-a-enfrentar-fenomenos-climaticos-extremos\/","name":"Portugal dever\u00e1 continuar a enfrentar fen\u00f3menos clim\u00e1ticos extremos - Portal Tela Portugal","isPartOf":{"@id":"https:\/\/portaltela.pt\/#website"},"primaryImageOfPage":{"@id":"https:\/\/portaltela.pt\/noticias\/2026\/03\/11\/portugal-devera-continuar-a-enfrentar-fenomenos-climaticos-extremos\/#primaryimage"},"image":{"@id":"https:\/\/portaltela.pt\/noticias\/2026\/03\/11\/portugal-devera-continuar-a-enfrentar-fenomenos-climaticos-extremos\/#primaryimage"},"thumbnailUrl":"https:\/\/portaltela.pt\/s.01k8rhncp4jt1\/2026\/03\/image-680.jpg","datePublished":"2026-03-11T09:21:00+00:00","author":{"@id":"https:\/\/portaltela.pt\/#\/schema\/person\/c4278d4a6028830caff9ee44b42d32ed"},"breadcrumb":{"@id":"https:\/\/portaltela.pt\/noticias\/2026\/03\/11\/portugal-devera-continuar-a-enfrentar-fenomenos-climaticos-extremos\/#breadcrumb"},"inLanguage":"pt-PT","potentialAction":[{"@type":"ReadAction","target":["https:\/\/portaltela.pt\/noticias\/2026\/03\/11\/portugal-devera-continuar-a-enfrentar-fenomenos-climaticos-extremos\/"]}]},{"@type":"ImageObject","inLanguage":"pt-PT","@id":"https:\/\/portaltela.pt\/noticias\/2026\/03\/11\/portugal-devera-continuar-a-enfrentar-fenomenos-climaticos-extremos\/#primaryimage","url":"https:\/\/portaltela.pt\/s.01k8rhncp4jt1\/2026\/03\/image-680.jpg","contentUrl":"https:\/\/portaltela.pt\/s.01k8rhncp4jt1\/2026\/03\/image-680.jpg","width":796,"height":448,"caption":"Tempestades em Portugal foram das mais graves verificadas em fevereiro em todo o Mundo Foto: Pedro Correia"},{"@type":"BreadcrumbList","@id":"https:\/\/portaltela.pt\/noticias\/2026\/03\/11\/portugal-devera-continuar-a-enfrentar-fenomenos-climaticos-extremos\/#breadcrumb","itemListElement":[{"@type":"ListItem","position":1,"name":"In\u00edcio","item":"https:\/\/portaltela.pt\/"},{"@type":"ListItem","position":2,"name":"Portugal dever\u00e1 continuar a enfrentar fen\u00f3menos clim\u00e1ticos extremos"}]},{"@type":"WebSite","@id":"https:\/\/portaltela.pt\/#website","url":"https:\/\/portaltela.pt\/","name":"Portal Tela Portugal","description":"","potentialAction":[{"@type":"SearchAction","target":{"@type":"EntryPoint","urlTemplate":"https:\/\/portaltela.pt\/?s={search_term_string}"},"query-input":{"@type":"PropertyValueSpecification","valueRequired":true,"valueName":"search_term_string"}}],"inLanguage":"pt-PT"},{"@type":"Person","@id":"https:\/\/portaltela.pt\/#\/schema\/person\/c4278d4a6028830caff9ee44b42d32ed","name":"Telinha","image":{"@type":"ImageObject","inLanguage":"pt-PT","@id":"https:\/\/portaltela.pt\/s.01k8rhncp4jt1\/2025\/11\/talking-bot-125x125.png","url":"https:\/\/portaltela.pt\/s.01k8rhncp4jt1\/2025\/11\/talking-bot-125x125.png","contentUrl":"https:\/\/portaltela.pt\/s.01k8rhncp4jt1\/2025\/11\/talking-bot-125x125.png","caption":"Telinha"},"sameAs":["https:\/\/portaltela.pt\/"],"url":"https:\/\/portaltela.pt\/por\/367410592786\/"}]}},"_links":{"self":[{"href":"https:\/\/portaltela.pt\/api\/wp\/v2\/posts\/405616","targetHints":{"allow":["GET"]}}],"collection":[{"href":"https:\/\/portaltela.pt\/api\/wp\/v2\/posts"}],"about":[{"href":"https:\/\/portaltela.pt\/api\/wp\/v2\/types\/post"}],"author":[{"embeddable":true,"href":"https:\/\/portaltela.pt\/api\/wp\/v2\/users\/2"}],"replies":[{"embeddable":true,"href":"https:\/\/portaltela.pt\/api\/wp\/v2\/comments?post=405616"}],"version-history":[{"count":0,"href":"https:\/\/portaltela.pt\/api\/wp\/v2\/posts\/405616\/revisions"}],"wp:featuredmedia":[{"embeddable":true,"href":"https:\/\/portaltela.pt\/api\/wp\/v2\/media\/405622"}],"wp:attachment":[{"href":"https:\/\/portaltela.pt\/api\/wp\/v2\/media?parent=405616"}],"wp:term":[{"taxonomy":"category","embeddable":true,"href":"https:\/\/portaltela.pt\/api\/wp\/v2\/categories?post=405616"},{"taxonomy":"post_tag","embeddable":true,"href":"https:\/\/portaltela.pt\/api\/wp\/v2\/tags?post=405616"}],"curies":[{"name":"wp","href":"https:\/\/api.w.org\/{rel}","templated":true}]}}