{"id":405611,"date":"2026-03-11T06:12:06","date_gmt":"2026-03-11T09:12:06","guid":{"rendered":"https:\/\/portaltela.pt\/noticias\/2026\/03\/11\/acoes-contra-crimes-ambientais-com-apreensao-de-residuos-e-multas\/"},"modified":"2026-03-11T06:12:06","modified_gmt":"2026-03-11T09:12:06","slug":"acoes-contra-crimes-ambientais-com-apreensao-de-residuos-e-multas","status":"publish","type":"post","link":"https:\/\/portaltela.pt\/noticias\/2026\/03\/11\/acoes-contra-crimes-ambientais-com-apreensao-de-residuos-e-multas\/","title":{"rendered":"A\u00e7\u00f5es contra crimes ambientais com apreens\u00e3o de res\u00edduos e multas"},"content":{"rendered":"<p>Mais de 22 mil toneladas de res\u00edduos foram apreendidas numa opera\u00e7\u00e3o contra crimes ambientais coordenada pela Guarda Nacional Republicana (GNR) e enquadrada pela Europol. A a\u00e7\u00e3o ocorreu entre agosto e dezembro do ano passado e envolveu cinco entidades nacionais. Foram ainda emitidas 195 multas e detetados quatro crimes.<\/p>\n<p>O balan\u00e7o foi hoje apresentado via comunicado. A opera\u00e7\u00e3o Custos Viridis teve como objetivo prevenir, investigar, detetar e reprimir condutas que possam contaminar solos, \u00e1guas e ar, segundo as autoridades.<\/p>\n<p>A coordena\u00e7\u00e3o nacional ficou a cargo do Servi\u00e7o de Prote\u00e7\u00e3o da Natureza e do Ambiente (SEPNA) da GNR, com a colabora\u00e7\u00e3o da PSP, da Pol\u00edcia Mar\u00edtima, da Autoridade Tribut\u00e1ria e Aduaneira (AT) e da Inspe\u00e7\u00e3o-Geral da Agricultura, do Mar, do Ambiente e do Ordenamento do Territ\u00f3rio (IGAMAOT).<\/p>\n<h3>Desdobramentos operacionais<\/h3>\n<p>As a\u00e7\u00f5es concentraram-se em locais de opera\u00e7\u00e3o com gest\u00e3o de res\u00edduos, incluindo centros de tratamento e aterros, bem como em zonas de deposi\u00e7\u00e3o irregular de res\u00edduos, estradas e atividades de transporte de res\u00edduos. O objetivo foi identificar situa\u00e7\u00f5es de contamina\u00e7\u00e3o do solo, do ar ou da \u00e1gua.<\/p>\n<p>No total, as cinco entidades realizaram 317 inspe\u00e7\u00f5es, das quais 241 foram realizadas pela GNR. Resultaram 195 contraordena\u00e7\u00f5es, com a GNR a registar 158 dessas infra\u00e7\u00f5es e a abrir quatro autos de not\u00edcia por crime ambiental.<\/p>\n<p>A AT deu prioridade \u00e0 apreens\u00e3o de res\u00edduos, decorrente de duas inspe\u00e7\u00f5es, que geraram dois autos de not\u00edcia por contraordena\u00e7\u00e3o. As autoridades destacam que o crime ambiental est\u00e1 ligado a outras formas de criminalidade, como fraude documental, corrup\u00e7\u00e3o e branqueamento de capitais.<\/p>\n<h3>Contexto e compromisso<\/h3>\n<p>As autoridades insistem na necessidade de uma resposta firme contra a explora\u00e7\u00e3o ilegal de recursos naturais, refor\u00e7ando a coopera\u00e7\u00e3o internacional para prevenir este tipo de crimes. A opera\u00e7\u00e3o visa, segundo o comunicado, impedir potenciais impactos ambientais graves e promover a conformidade normativa.<\/p>\n","protected":false},"excerpt":{"rendered":"<ul>\n<li>Mais de 22 mil toneladas de res\u00edduos foram apreendidas na opera\u00e7\u00e3o Custos Viridis, com 195 multas e quatro crimes detetados.<\/li>\n<li>A a\u00e7\u00e3o decorreu entre agosto e dezembro do ano passado, coordenada pela Guarda Nacional Republicana com a participa\u00e7\u00e3o da Europol, visando prevenir contamina\u00e7\u00e3o de solos, \u00e1guas e ar.<\/li>\n<li>Conjuntamente estiveram envolvidas cinco entidades nacionais: Guarda Nacional Republicana, Pol\u00edcia de Seguran\u00e7a P\u00fablica, Pol\u00edcia Mar\u00edtima, Autoridade Tribut\u00e1ria e Aduaneira e Inspe\u00e7\u00e3o-Geral da Agricultura, do Mar, do Ambiente e do Ordenamento do Territ\u00f3rio, que promoveram 317 inspe\u00e7\u00f5es (241 pela GNR).<\/li>\n<li>Das 195 contraordena\u00e7\u00f5es, 158 ficaram a cargo da GNR, que instaurou quatro autos de not\u00edcia por crime.<\/li>\n<li>A Autoridade Tribut\u00e1ria e Aduaneira efetuou a maior parte da apreens\u00e3o de res\u00edduos, resultando em dois autos de not\u00edcia por contraordena\u00e7\u00e3o.<\/li>\n<\/ul>\n","protected":false},"author":2,"featured_media":405612,"comment_status":"closed","ping_status":"closed","sticky":false,"template":"","format":"standard","meta":{"footnotes":""},"categories":[1],"tags":[3100,256,177,646,811,645],"class_list":["post-405611","post","type-post","status-publish","format-standard","has-post-thumbnail","hentry","category-noticias","tag-ambiental","tag-cooperacao-internacional","tag-crimes","tag-fiscalizacao-ambiental","tag-protecao-ambiental","tag-residuos"],"yoast_head":"<!-- This site is optimized with the Yoast SEO plugin v27.2 - https:\/\/yoast.com\/product\/yoast-seo-wordpress\/ -->\n<title>A\u00e7\u00f5es contra crimes ambientais com apreens\u00e3o de res\u00edduos e multas - Portal Tela Portugal<\/title>\n<meta name=\"robots\" content=\"index, follow, max-snippet:-1, max-image-preview:large, max-video-preview:-1\" \/>\n<meta property=\"og:locale\" content=\"pt_PT\" \/>\n<meta property=\"og:type\" content=\"article\" \/>\n<meta property=\"og:title\" content=\"A\u00e7\u00f5es contra crimes ambientais com apreens\u00e3o de res\u00edduos e multas - Portal Tela Portugal\" \/>\n<meta property=\"og:description\" content=\"Mais de 22 mil toneladas de res\u00edduos foram apreendidas na opera\u00e7\u00e3o Custos Viridis, com 195 multas e quatro crimes detetados. A a\u00e7\u00e3o decorreu entre agosto e dezembro do ano passado, coordenada pela Guarda Nacional Republicana com a participa\u00e7\u00e3o da Europol, visando prevenir contamina\u00e7\u00e3o de solos, \u00e1guas e ar. Conjuntamente estiveram envolvidas cinco entidades nacionais: Guarda Nacional Republicana, Pol\u00edcia de Seguran\u00e7a P\u00fablica, Pol\u00edcia Mar\u00edtima, Autoridade Tribut\u00e1ria e Aduaneira e Inspe\u00e7\u00e3o-Geral da Agricultura, do Mar, do Ambiente e do Ordenamento do Territ\u00f3rio, que promoveram 317 inspe\u00e7\u00f5es (241 pela GNR). Das 195 contraordena\u00e7\u00f5es, 158 ficaram a cargo da GNR, que instaurou quatro autos de not\u00edcia por crime. A Autoridade Tribut\u00e1ria e Aduaneira efetuou a maior parte da apreens\u00e3o de res\u00edduos, resultando em dois autos de not\u00edcia por contraordena\u00e7\u00e3o.\" \/>\n<meta property=\"og:url\" content=\"https:\/\/portaltela.pt\/noticias\/2026\/03\/11\/acoes-contra-crimes-ambientais-com-apreensao-de-residuos-e-multas\/\" \/>\n<meta property=\"og:site_name\" content=\"Portal Tela Portugal\" \/>\n<meta property=\"article:published_time\" content=\"2026-03-11T09:12:06+00:00\" \/>\n<meta name=\"author\" content=\"Telinha\" \/>\n<meta name=\"twitter:card\" content=\"summary_large_image\" \/>\n<meta name=\"twitter:label1\" content=\"Escrito por\" \/>\n\t<meta name=\"twitter:data1\" content=\"Telinha\" \/>\n\t<meta name=\"twitter:label2\" content=\"Tempo estimado de leitura\" \/>\n\t<meta name=\"twitter:data2\" content=\"2 minutos\" \/>\n<script type=\"application\/ld+json\" class=\"yoast-schema-graph\">{\"@context\":\"https:\/\/schema.org\",\"@graph\":[{\"@type\":\"Article\",\"@id\":\"https:\/\/portaltela.pt\/noticias\/2026\/03\/11\/acoes-contra-crimes-ambientais-com-apreensao-de-residuos-e-multas\/#article\",\"isPartOf\":{\"@id\":\"https:\/\/portaltela.pt\/noticias\/2026\/03\/11\/acoes-contra-crimes-ambientais-com-apreensao-de-residuos-e-multas\/\"},\"author\":{\"name\":\"Telinha\",\"@id\":\"https:\/\/portaltela.pt\/#\/schema\/person\/c4278d4a6028830caff9ee44b42d32ed\"},\"headline\":\"A\u00e7\u00f5es contra crimes ambientais com apreens\u00e3o de res\u00edduos e multas\",\"datePublished\":\"2026-03-11T09:12:06+00:00\",\"mainEntityOfPage\":{\"@id\":\"https:\/\/portaltela.pt\/noticias\/2026\/03\/11\/acoes-contra-crimes-ambientais-com-apreensao-de-residuos-e-multas\/\"},\"wordCount\":340,\"image\":{\"@id\":\"https:\/\/portaltela.pt\/noticias\/2026\/03\/11\/acoes-contra-crimes-ambientais-com-apreensao-de-residuos-e-multas\/#primaryimage\"},\"thumbnailUrl\":\"https:\/\/portaltela.pt\/s.01k8rhncp4jt1\/2026\/03\/img_1280x721uu2023-04-10-20-17-11-1321637.jpg\",\"keywords\":[\"ambiental\",\"coopera\u00e7\u00e3o internacional\",\"crimes\",\"fiscaliza\u00e7\u00e3o ambiental\",\"prote\u00e7\u00e3o ambiental\",\"res\u00edduos\"],\"articleSection\":[\"Not\u00edcias\"],\"inLanguage\":\"pt-PT\"},{\"@type\":\"WebPage\",\"@id\":\"https:\/\/portaltela.pt\/noticias\/2026\/03\/11\/acoes-contra-crimes-ambientais-com-apreensao-de-residuos-e-multas\/\",\"url\":\"https:\/\/portaltela.pt\/noticias\/2026\/03\/11\/acoes-contra-crimes-ambientais-com-apreensao-de-residuos-e-multas\/\",\"name\":\"A\u00e7\u00f5es contra crimes ambientais com apreens\u00e3o de res\u00edduos e multas - Portal Tela Portugal\",\"isPartOf\":{\"@id\":\"https:\/\/portaltela.pt\/#website\"},\"primaryImageOfPage\":{\"@id\":\"https:\/\/portaltela.pt\/noticias\/2026\/03\/11\/acoes-contra-crimes-ambientais-com-apreensao-de-residuos-e-multas\/#primaryimage\"},\"image\":{\"@id\":\"https:\/\/portaltela.pt\/noticias\/2026\/03\/11\/acoes-contra-crimes-ambientais-com-apreensao-de-residuos-e-multas\/#primaryimage\"},\"thumbnailUrl\":\"https:\/\/portaltela.pt\/s.01k8rhncp4jt1\/2026\/03\/img_1280x721uu2023-04-10-20-17-11-1321637.jpg\",\"datePublished\":\"2026-03-11T09:12:06+00:00\",\"author\":{\"@id\":\"https:\/\/portaltela.pt\/#\/schema\/person\/c4278d4a6028830caff9ee44b42d32ed\"},\"breadcrumb\":{\"@id\":\"https:\/\/portaltela.pt\/noticias\/2026\/03\/11\/acoes-contra-crimes-ambientais-com-apreensao-de-residuos-e-multas\/#breadcrumb\"},\"inLanguage\":\"pt-PT\",\"potentialAction\":[{\"@type\":\"ReadAction\",\"target\":[\"https:\/\/portaltela.pt\/noticias\/2026\/03\/11\/acoes-contra-crimes-ambientais-com-apreensao-de-residuos-e-multas\/\"]}]},{\"@type\":\"ImageObject\",\"inLanguage\":\"pt-PT\",\"@id\":\"https:\/\/portaltela.pt\/noticias\/2026\/03\/11\/acoes-contra-crimes-ambientais-com-apreensao-de-residuos-e-multas\/#primaryimage\",\"url\":\"https:\/\/portaltela.pt\/s.01k8rhncp4jt1\/2026\/03\/img_1280x721uu2023-04-10-20-17-11-1321637.jpg\",\"contentUrl\":\"https:\/\/portaltela.pt\/s.01k8rhncp4jt1\/2026\/03\/img_1280x721uu2023-04-10-20-17-11-1321637.jpg\",\"width\":796,\"height\":448,\"caption\":\"Crimes ambientais na mira de a\u00e7\u00f5es com apreens\u00e3o de res\u00edduos e multas\"},{\"@type\":\"BreadcrumbList\",\"@id\":\"https:\/\/portaltela.pt\/noticias\/2026\/03\/11\/acoes-contra-crimes-ambientais-com-apreensao-de-residuos-e-multas\/#breadcrumb\",\"itemListElement\":[{\"@type\":\"ListItem\",\"position\":1,\"name\":\"In\u00edcio\",\"item\":\"https:\/\/portaltela.pt\/\"},{\"@type\":\"ListItem\",\"position\":2,\"name\":\"A\u00e7\u00f5es contra crimes ambientais com apreens\u00e3o de res\u00edduos e multas\"}]},{\"@type\":\"WebSite\",\"@id\":\"https:\/\/portaltela.pt\/#website\",\"url\":\"https:\/\/portaltela.pt\/\",\"name\":\"Portal Tela Portugal\",\"description\":\"\",\"potentialAction\":[{\"@type\":\"SearchAction\",\"target\":{\"@type\":\"EntryPoint\",\"urlTemplate\":\"https:\/\/portaltela.pt\/?s={search_term_string}\"},\"query-input\":{\"@type\":\"PropertyValueSpecification\",\"valueRequired\":true,\"valueName\":\"search_term_string\"}}],\"inLanguage\":\"pt-PT\"},{\"@type\":\"Person\",\"@id\":\"https:\/\/portaltela.pt\/#\/schema\/person\/c4278d4a6028830caff9ee44b42d32ed\",\"name\":\"Telinha\",\"image\":{\"@type\":\"ImageObject\",\"inLanguage\":\"pt-PT\",\"@id\":\"https:\/\/portaltela.pt\/s.01k8rhncp4jt1\/2025\/11\/talking-bot-125x125.png\",\"url\":\"https:\/\/portaltela.pt\/s.01k8rhncp4jt1\/2025\/11\/talking-bot-125x125.png\",\"contentUrl\":\"https:\/\/portaltela.pt\/s.01k8rhncp4jt1\/2025\/11\/talking-bot-125x125.png\",\"caption\":\"Telinha\"},\"sameAs\":[\"https:\/\/portaltela.pt\/\"],\"url\":\"https:\/\/portaltela.pt\/por\/367410592786\/\"}]}<\/script>\n<!-- \/ Yoast SEO plugin. -->","yoast_head_json":{"title":"A\u00e7\u00f5es contra crimes ambientais com apreens\u00e3o de res\u00edduos e multas - Portal Tela Portugal","robots":{"index":"index","follow":"follow","max-snippet":"max-snippet:-1","max-image-preview":"max-image-preview:large","max-video-preview":"max-video-preview:-1"},"og_locale":"pt_PT","og_type":"article","og_title":"A\u00e7\u00f5es contra crimes ambientais com apreens\u00e3o de res\u00edduos e multas - Portal Tela Portugal","og_description":"Mais de 22 mil toneladas de res\u00edduos foram apreendidas na opera\u00e7\u00e3o Custos Viridis, com 195 multas e quatro crimes detetados. A a\u00e7\u00e3o decorreu entre agosto e dezembro do ano passado, coordenada pela Guarda Nacional Republicana com a participa\u00e7\u00e3o da Europol, visando prevenir contamina\u00e7\u00e3o de solos, \u00e1guas e ar. Conjuntamente estiveram envolvidas cinco entidades nacionais: Guarda Nacional Republicana, Pol\u00edcia de Seguran\u00e7a P\u00fablica, Pol\u00edcia Mar\u00edtima, Autoridade Tribut\u00e1ria e Aduaneira e Inspe\u00e7\u00e3o-Geral da Agricultura, do Mar, do Ambiente e do Ordenamento do Territ\u00f3rio, que promoveram 317 inspe\u00e7\u00f5es (241 pela GNR). Das 195 contraordena\u00e7\u00f5es, 158 ficaram a cargo da GNR, que instaurou quatro autos de not\u00edcia por crime. A Autoridade Tribut\u00e1ria e Aduaneira efetuou a maior parte da apreens\u00e3o de res\u00edduos, resultando em dois autos de not\u00edcia por contraordena\u00e7\u00e3o.","og_url":"https:\/\/portaltela.pt\/noticias\/2026\/03\/11\/acoes-contra-crimes-ambientais-com-apreensao-de-residuos-e-multas\/","og_site_name":"Portal Tela Portugal","article_published_time":"2026-03-11T09:12:06+00:00","author":"Telinha","twitter_card":"summary_large_image","twitter_misc":{"Escrito por":"Telinha","Tempo estimado de leitura":"2 minutos"},"schema":{"@context":"https:\/\/schema.org","@graph":[{"@type":"Article","@id":"https:\/\/portaltela.pt\/noticias\/2026\/03\/11\/acoes-contra-crimes-ambientais-com-apreensao-de-residuos-e-multas\/#article","isPartOf":{"@id":"https:\/\/portaltela.pt\/noticias\/2026\/03\/11\/acoes-contra-crimes-ambientais-com-apreensao-de-residuos-e-multas\/"},"author":{"name":"Telinha","@id":"https:\/\/portaltela.pt\/#\/schema\/person\/c4278d4a6028830caff9ee44b42d32ed"},"headline":"A\u00e7\u00f5es contra crimes ambientais com apreens\u00e3o de res\u00edduos e multas","datePublished":"2026-03-11T09:12:06+00:00","mainEntityOfPage":{"@id":"https:\/\/portaltela.pt\/noticias\/2026\/03\/11\/acoes-contra-crimes-ambientais-com-apreensao-de-residuos-e-multas\/"},"wordCount":340,"image":{"@id":"https:\/\/portaltela.pt\/noticias\/2026\/03\/11\/acoes-contra-crimes-ambientais-com-apreensao-de-residuos-e-multas\/#primaryimage"},"thumbnailUrl":"https:\/\/portaltela.pt\/s.01k8rhncp4jt1\/2026\/03\/img_1280x721uu2023-04-10-20-17-11-1321637.jpg","keywords":["ambiental","coopera\u00e7\u00e3o internacional","crimes","fiscaliza\u00e7\u00e3o ambiental","prote\u00e7\u00e3o ambiental","res\u00edduos"],"articleSection":["Not\u00edcias"],"inLanguage":"pt-PT"},{"@type":"WebPage","@id":"https:\/\/portaltela.pt\/noticias\/2026\/03\/11\/acoes-contra-crimes-ambientais-com-apreensao-de-residuos-e-multas\/","url":"https:\/\/portaltela.pt\/noticias\/2026\/03\/11\/acoes-contra-crimes-ambientais-com-apreensao-de-residuos-e-multas\/","name":"A\u00e7\u00f5es contra crimes ambientais com apreens\u00e3o de res\u00edduos e multas - Portal Tela Portugal","isPartOf":{"@id":"https:\/\/portaltela.pt\/#website"},"primaryImageOfPage":{"@id":"https:\/\/portaltela.pt\/noticias\/2026\/03\/11\/acoes-contra-crimes-ambientais-com-apreensao-de-residuos-e-multas\/#primaryimage"},"image":{"@id":"https:\/\/portaltela.pt\/noticias\/2026\/03\/11\/acoes-contra-crimes-ambientais-com-apreensao-de-residuos-e-multas\/#primaryimage"},"thumbnailUrl":"https:\/\/portaltela.pt\/s.01k8rhncp4jt1\/2026\/03\/img_1280x721uu2023-04-10-20-17-11-1321637.jpg","datePublished":"2026-03-11T09:12:06+00:00","author":{"@id":"https:\/\/portaltela.pt\/#\/schema\/person\/c4278d4a6028830caff9ee44b42d32ed"},"breadcrumb":{"@id":"https:\/\/portaltela.pt\/noticias\/2026\/03\/11\/acoes-contra-crimes-ambientais-com-apreensao-de-residuos-e-multas\/#breadcrumb"},"inLanguage":"pt-PT","potentialAction":[{"@type":"ReadAction","target":["https:\/\/portaltela.pt\/noticias\/2026\/03\/11\/acoes-contra-crimes-ambientais-com-apreensao-de-residuos-e-multas\/"]}]},{"@type":"ImageObject","inLanguage":"pt-PT","@id":"https:\/\/portaltela.pt\/noticias\/2026\/03\/11\/acoes-contra-crimes-ambientais-com-apreensao-de-residuos-e-multas\/#primaryimage","url":"https:\/\/portaltela.pt\/s.01k8rhncp4jt1\/2026\/03\/img_1280x721uu2023-04-10-20-17-11-1321637.jpg","contentUrl":"https:\/\/portaltela.pt\/s.01k8rhncp4jt1\/2026\/03\/img_1280x721uu2023-04-10-20-17-11-1321637.jpg","width":796,"height":448,"caption":"Crimes ambientais na mira de a\u00e7\u00f5es com apreens\u00e3o de res\u00edduos e multas"},{"@type":"BreadcrumbList","@id":"https:\/\/portaltela.pt\/noticias\/2026\/03\/11\/acoes-contra-crimes-ambientais-com-apreensao-de-residuos-e-multas\/#breadcrumb","itemListElement":[{"@type":"ListItem","position":1,"name":"In\u00edcio","item":"https:\/\/portaltela.pt\/"},{"@type":"ListItem","position":2,"name":"A\u00e7\u00f5es contra crimes ambientais com apreens\u00e3o de res\u00edduos e multas"}]},{"@type":"WebSite","@id":"https:\/\/portaltela.pt\/#website","url":"https:\/\/portaltela.pt\/","name":"Portal Tela Portugal","description":"","potentialAction":[{"@type":"SearchAction","target":{"@type":"EntryPoint","urlTemplate":"https:\/\/portaltela.pt\/?s={search_term_string}"},"query-input":{"@type":"PropertyValueSpecification","valueRequired":true,"valueName":"search_term_string"}}],"inLanguage":"pt-PT"},{"@type":"Person","@id":"https:\/\/portaltela.pt\/#\/schema\/person\/c4278d4a6028830caff9ee44b42d32ed","name":"Telinha","image":{"@type":"ImageObject","inLanguage":"pt-PT","@id":"https:\/\/portaltela.pt\/s.01k8rhncp4jt1\/2025\/11\/talking-bot-125x125.png","url":"https:\/\/portaltela.pt\/s.01k8rhncp4jt1\/2025\/11\/talking-bot-125x125.png","contentUrl":"https:\/\/portaltela.pt\/s.01k8rhncp4jt1\/2025\/11\/talking-bot-125x125.png","caption":"Telinha"},"sameAs":["https:\/\/portaltela.pt\/"],"url":"https:\/\/portaltela.pt\/por\/367410592786\/"}]}},"_links":{"self":[{"href":"https:\/\/portaltela.pt\/api\/wp\/v2\/posts\/405611","targetHints":{"allow":["GET"]}}],"collection":[{"href":"https:\/\/portaltela.pt\/api\/wp\/v2\/posts"}],"about":[{"href":"https:\/\/portaltela.pt\/api\/wp\/v2\/types\/post"}],"author":[{"embeddable":true,"href":"https:\/\/portaltela.pt\/api\/wp\/v2\/users\/2"}],"replies":[{"embeddable":true,"href":"https:\/\/portaltela.pt\/api\/wp\/v2\/comments?post=405611"}],"version-history":[{"count":0,"href":"https:\/\/portaltela.pt\/api\/wp\/v2\/posts\/405611\/revisions"}],"wp:featuredmedia":[{"embeddable":true,"href":"https:\/\/portaltela.pt\/api\/wp\/v2\/media\/405612"}],"wp:attachment":[{"href":"https:\/\/portaltela.pt\/api\/wp\/v2\/media?parent=405611"}],"wp:term":[{"taxonomy":"category","embeddable":true,"href":"https:\/\/portaltela.pt\/api\/wp\/v2\/categories?post=405611"},{"taxonomy":"post_tag","embeddable":true,"href":"https:\/\/portaltela.pt\/api\/wp\/v2\/tags?post=405611"}],"curies":[{"name":"wp","href":"https:\/\/api.w.org\/{rel}","templated":true}]}}