{"id":405604,"date":"2026-03-11T06:01:33","date_gmt":"2026-03-11T09:01:33","guid":{"rendered":"https:\/\/portaltela.pt\/noticias\/2026\/03\/11\/von-der-leyen-garante-que-a-ue-respeitara-sempre-o-direito-internacional\/"},"modified":"2026-03-11T06:01:33","modified_gmt":"2026-03-11T09:01:33","slug":"von-der-leyen-garante-que-a-ue-respeitara-sempre-o-direito-internacional","status":"publish","type":"post","link":"https:\/\/portaltela.pt\/geopolitica\/2026\/03\/11\/von-der-leyen-garante-que-a-ue-respeitara-sempre-o-direito-internacional\/","title":{"rendered":"Von der Leyen garante que a UE respeitar\u00e1 sempre o direito internacional"},"content":{"rendered":"<p>Na sess\u00e3o plen\u00e1ria do Parlamento Europeu, em Estrasburgo, Ursula von der Leyen afirmou que a Uni\u00e3o Europeia respeitar\u00e1 sempre os princ\u00edpios do direito internacional. A declara\u00e7\u00e3o surge dois dias depois de cr\u00edticas por coment\u00e1rios sobre a \u201cvelha ordem mundial\u201d.<\/p>\n<p>A presidente do executivo europeu refor\u00e7ou que a UE foi criada como um projeto de paz e sublinhou o compromisso com a Carta das Na\u00e7\u00f5es Unidas. O discurso enfatizou a import\u00e2ncia de cumprir o direito internacional.<\/p>\n<p>A interven\u00e7\u00e3o de Bruxelas, dois dias antes, tinha colocado em foco a ideia de que a Europa n\u00e3o pode continuar a ser a guardi\u00e3 da antiga ordem mundial, gerando discuss\u00f5es entre aliados da UE.<\/p>\n<h3>Contexto internacional<\/h3>\n<p>O posicionamento ocorre num momento de escrut\u00ednio multilateral sobre normas e institui\u00e7\u00f5es internacionais. Direitos, tratados e coopera\u00e7\u00e3o entre Estados permanecem centrais para a agenda da UE.<\/p>\n<p>A lideran\u00e7a europeia aponta para uma defesa cont\u00ednua do multilateralismo. Observadores destacam que o debate reflete a complexidade de manter consenso entre Estados membros em temas de seguran\u00e7a e pol\u00edtica externa.<\/p>\n","protected":false},"excerpt":{"rendered":"<ul>\n<li>A presidente da Comiss\u00e3o Europeia, Ursula von der Leyen, afirmou que a UE \u201crespeitar\u00e1 sempre\u201d os princ\u00edpios do direito internacional.<\/li>\n<li>O coment\u00e1rio foi feito num discurso numa sess\u00e3o plen\u00e1ria do Parlamento Europeu, em Estrasburgo.<\/li>\n<li>A declara\u00e7\u00e3o acontece dois dias depois de ter sido criticada por dizer que n\u00e3o podia \u201ccontinuar a ser a guardi\u00e3 da velha ordem mundial\u201d.<\/li>\n<li>Von der Leyen disse ainda que a UE foi fundada como um projeto de paz e que o compromisso com a Carta das Na\u00e7\u00f5es Unidas \u00e9 central.<\/li>\n<li>Reiterou que a UE respeita os princ\u00edpios do direito internacional, mantendo o tema da paz como eixo do funcionamento comunit\u00e1rio.<\/li>\n<\/ul>\n","protected":false},"author":2,"featured_media":405606,"comment_status":"closed","ping_status":"closed","sticky":false,"template":"","format":"standard","meta":{"footnotes":""},"categories":[6814],"tags":[3251,3034,1465,1157,5039,2055],"class_list":["post-405604","post","type-post","status-publish","format-standard","has-post-thumbnail","hentry","category-geopolitica","tag-carta-das-nacoes-unidas","tag-direito-internacional","tag-direitos-internacionais","tag-estrasburgo","tag-multilateralismo","tag-uniao-europeia"],"yoast_head":"<!-- This site is optimized with the Yoast SEO plugin v27.2 - https:\/\/yoast.com\/product\/yoast-seo-wordpress\/ -->\n<title>Von der Leyen garante que a UE respeitar\u00e1 sempre o direito internacional - Portal Tela Portugal<\/title>\n<meta name=\"robots\" content=\"index, follow, max-snippet:-1, max-image-preview:large, max-video-preview:-1\" \/>\n<meta property=\"og:locale\" content=\"pt_PT\" \/>\n<meta property=\"og:type\" content=\"article\" \/>\n<meta property=\"og:title\" content=\"Von der Leyen garante que a UE respeitar\u00e1 sempre o direito internacional - Portal Tela Portugal\" \/>\n<meta property=\"og:description\" content=\"A presidente da Comiss\u00e3o Europeia, Ursula von der Leyen, afirmou que a UE \u201crespeitar\u00e1 sempre\u201d os princ\u00edpios do direito internacional. O coment\u00e1rio foi feito num discurso numa sess\u00e3o plen\u00e1ria do Parlamento Europeu, em Estrasburgo. A declara\u00e7\u00e3o acontece dois dias depois de ter sido criticada por dizer que n\u00e3o podia \u201ccontinuar a ser a guardi\u00e3 da velha ordem mundial\u201d. Von der Leyen disse ainda que a UE foi fundada como um projeto de paz e que o compromisso com a Carta das Na\u00e7\u00f5es Unidas \u00e9 central. Reiterou que a UE respeita os princ\u00edpios do direito internacional, mantendo o tema da paz como eixo do funcionamento comunit\u00e1rio.\" \/>\n<meta property=\"og:url\" content=\"https:\/\/portaltela.pt\/noticias\/2026\/03\/11\/von-der-leyen-garante-que-a-ue-respeitara-sempre-o-direito-internacional\/\" \/>\n<meta property=\"og:site_name\" content=\"Portal Tela Portugal\" \/>\n<meta property=\"article:published_time\" content=\"2026-03-11T09:01:33+00:00\" \/>\n<meta name=\"author\" content=\"Telinha\" \/>\n<meta name=\"twitter:card\" content=\"summary_large_image\" \/>\n<meta name=\"twitter:label1\" content=\"Escrito por\" \/>\n\t<meta name=\"twitter:data1\" content=\"Telinha\" \/>\n\t<meta name=\"twitter:label2\" content=\"Tempo estimado de leitura\" \/>\n\t<meta name=\"twitter:data2\" content=\"1 minuto\" \/>\n<script type=\"application\/ld+json\" class=\"yoast-schema-graph\">{\"@context\":\"https:\/\/schema.org\",\"@graph\":[{\"@type\":\"Article\",\"@id\":\"https:\/\/portaltela.pt\/noticias\/2026\/03\/11\/von-der-leyen-garante-que-a-ue-respeitara-sempre-o-direito-internacional\/#article\",\"isPartOf\":{\"@id\":\"https:\/\/portaltela.pt\/noticias\/2026\/03\/11\/von-der-leyen-garante-que-a-ue-respeitara-sempre-o-direito-internacional\/\"},\"author\":{\"name\":\"Telinha\",\"@id\":\"https:\/\/portaltela.pt\/#\/schema\/person\/c4278d4a6028830caff9ee44b42d32ed\"},\"headline\":\"Von der Leyen garante que a UE respeitar\u00e1 sempre o direito internacional\",\"datePublished\":\"2026-03-11T09:01:33+00:00\",\"mainEntityOfPage\":{\"@id\":\"https:\/\/portaltela.pt\/noticias\/2026\/03\/11\/von-der-leyen-garante-que-a-ue-respeitara-sempre-o-direito-internacional\/\"},\"wordCount\":200,\"image\":{\"@id\":\"https:\/\/portaltela.pt\/noticias\/2026\/03\/11\/von-der-leyen-garante-que-a-ue-respeitara-sempre-o-direito-internacional\/#primaryimage\"},\"thumbnailUrl\":\"https:\/\/portaltela.pt\/s.01k8rhncp4jt1\/2026\/03\/img_1500x1000uu2025-11-23-11-43-17-2249868.jpg\",\"keywords\":[\"Carta das Na\u00e7\u00f5es Unidas\",\"direito internacional\",\"direitos internacionais\",\"Estrasburgo\",\"multilateralismo\",\"Uni\u00e3o Europeia\"],\"articleSection\":[\"Geopol\u00edtica\"],\"inLanguage\":\"pt-PT\"},{\"@type\":\"WebPage\",\"@id\":\"https:\/\/portaltela.pt\/noticias\/2026\/03\/11\/von-der-leyen-garante-que-a-ue-respeitara-sempre-o-direito-internacional\/\",\"url\":\"https:\/\/portaltela.pt\/noticias\/2026\/03\/11\/von-der-leyen-garante-que-a-ue-respeitara-sempre-o-direito-internacional\/\",\"name\":\"Von der Leyen garante que a UE respeitar\u00e1 sempre o direito internacional - Portal Tela Portugal\",\"isPartOf\":{\"@id\":\"https:\/\/portaltela.pt\/#website\"},\"primaryImageOfPage\":{\"@id\":\"https:\/\/portaltela.pt\/noticias\/2026\/03\/11\/von-der-leyen-garante-que-a-ue-respeitara-sempre-o-direito-internacional\/#primaryimage\"},\"image\":{\"@id\":\"https:\/\/portaltela.pt\/noticias\/2026\/03\/11\/von-der-leyen-garante-que-a-ue-respeitara-sempre-o-direito-internacional\/#primaryimage\"},\"thumbnailUrl\":\"https:\/\/portaltela.pt\/s.01k8rhncp4jt1\/2026\/03\/img_1500x1000uu2025-11-23-11-43-17-2249868.jpg\",\"datePublished\":\"2026-03-11T09:01:33+00:00\",\"author\":{\"@id\":\"https:\/\/portaltela.pt\/#\/schema\/person\/c4278d4a6028830caff9ee44b42d32ed\"},\"breadcrumb\":{\"@id\":\"https:\/\/portaltela.pt\/noticias\/2026\/03\/11\/von-der-leyen-garante-que-a-ue-respeitara-sempre-o-direito-internacional\/#breadcrumb\"},\"inLanguage\":\"pt-PT\",\"potentialAction\":[{\"@type\":\"ReadAction\",\"target\":[\"https:\/\/portaltela.pt\/noticias\/2026\/03\/11\/von-der-leyen-garante-que-a-ue-respeitara-sempre-o-direito-internacional\/\"]}]},{\"@type\":\"ImageObject\",\"inLanguage\":\"pt-PT\",\"@id\":\"https:\/\/portaltela.pt\/noticias\/2026\/03\/11\/von-der-leyen-garante-que-a-ue-respeitara-sempre-o-direito-internacional\/#primaryimage\",\"url\":\"https:\/\/portaltela.pt\/s.01k8rhncp4jt1\/2026\/03\/img_1500x1000uu2025-11-23-11-43-17-2249868.jpg\",\"contentUrl\":\"https:\/\/portaltela.pt\/s.01k8rhncp4jt1\/2026\/03\/img_1500x1000uu2025-11-23-11-43-17-2249868.jpg\",\"width\":796,\"height\":448,\"caption\":\"Ursula von der Leyen\"},{\"@type\":\"BreadcrumbList\",\"@id\":\"https:\/\/portaltela.pt\/noticias\/2026\/03\/11\/von-der-leyen-garante-que-a-ue-respeitara-sempre-o-direito-internacional\/#breadcrumb\",\"itemListElement\":[{\"@type\":\"ListItem\",\"position\":1,\"name\":\"In\u00edcio\",\"item\":\"https:\/\/portaltela.pt\/\"},{\"@type\":\"ListItem\",\"position\":2,\"name\":\"Von der Leyen garante que a UE respeitar\u00e1 sempre o direito internacional\"}]},{\"@type\":\"WebSite\",\"@id\":\"https:\/\/portaltela.pt\/#website\",\"url\":\"https:\/\/portaltela.pt\/\",\"name\":\"Portal Tela Portugal\",\"description\":\"\",\"potentialAction\":[{\"@type\":\"SearchAction\",\"target\":{\"@type\":\"EntryPoint\",\"urlTemplate\":\"https:\/\/portaltela.pt\/?s={search_term_string}\"},\"query-input\":{\"@type\":\"PropertyValueSpecification\",\"valueRequired\":true,\"valueName\":\"search_term_string\"}}],\"inLanguage\":\"pt-PT\"},{\"@type\":\"Person\",\"@id\":\"https:\/\/portaltela.pt\/#\/schema\/person\/c4278d4a6028830caff9ee44b42d32ed\",\"name\":\"Telinha\",\"image\":{\"@type\":\"ImageObject\",\"inLanguage\":\"pt-PT\",\"@id\":\"https:\/\/portaltela.pt\/s.01k8rhncp4jt1\/2025\/11\/talking-bot-125x125.png\",\"url\":\"https:\/\/portaltela.pt\/s.01k8rhncp4jt1\/2025\/11\/talking-bot-125x125.png\",\"contentUrl\":\"https:\/\/portaltela.pt\/s.01k8rhncp4jt1\/2025\/11\/talking-bot-125x125.png\",\"caption\":\"Telinha\"},\"sameAs\":[\"https:\/\/portaltela.pt\/\"],\"url\":\"https:\/\/portaltela.pt\/por\/367410592786\/\"}]}<\/script>\n<!-- \/ Yoast SEO plugin. -->","yoast_head_json":{"title":"Von der Leyen garante que a UE respeitar\u00e1 sempre o direito internacional - Portal Tela Portugal","robots":{"index":"index","follow":"follow","max-snippet":"max-snippet:-1","max-image-preview":"max-image-preview:large","max-video-preview":"max-video-preview:-1"},"og_locale":"pt_PT","og_type":"article","og_title":"Von der Leyen garante que a UE respeitar\u00e1 sempre o direito internacional - Portal Tela Portugal","og_description":"A presidente da Comiss\u00e3o Europeia, Ursula von der Leyen, afirmou que a UE \u201crespeitar\u00e1 sempre\u201d os princ\u00edpios do direito internacional. O coment\u00e1rio foi feito num discurso numa sess\u00e3o plen\u00e1ria do Parlamento Europeu, em Estrasburgo. A declara\u00e7\u00e3o acontece dois dias depois de ter sido criticada por dizer que n\u00e3o podia \u201ccontinuar a ser a guardi\u00e3 da velha ordem mundial\u201d. Von der Leyen disse ainda que a UE foi fundada como um projeto de paz e que o compromisso com a Carta das Na\u00e7\u00f5es Unidas \u00e9 central. Reiterou que a UE respeita os princ\u00edpios do direito internacional, mantendo o tema da paz como eixo do funcionamento comunit\u00e1rio.","og_url":"https:\/\/portaltela.pt\/noticias\/2026\/03\/11\/von-der-leyen-garante-que-a-ue-respeitara-sempre-o-direito-internacional\/","og_site_name":"Portal Tela Portugal","article_published_time":"2026-03-11T09:01:33+00:00","author":"Telinha","twitter_card":"summary_large_image","twitter_misc":{"Escrito por":"Telinha","Tempo estimado de leitura":"1 minuto"},"schema":{"@context":"https:\/\/schema.org","@graph":[{"@type":"Article","@id":"https:\/\/portaltela.pt\/noticias\/2026\/03\/11\/von-der-leyen-garante-que-a-ue-respeitara-sempre-o-direito-internacional\/#article","isPartOf":{"@id":"https:\/\/portaltela.pt\/noticias\/2026\/03\/11\/von-der-leyen-garante-que-a-ue-respeitara-sempre-o-direito-internacional\/"},"author":{"name":"Telinha","@id":"https:\/\/portaltela.pt\/#\/schema\/person\/c4278d4a6028830caff9ee44b42d32ed"},"headline":"Von der Leyen garante que a UE respeitar\u00e1 sempre o direito internacional","datePublished":"2026-03-11T09:01:33+00:00","mainEntityOfPage":{"@id":"https:\/\/portaltela.pt\/noticias\/2026\/03\/11\/von-der-leyen-garante-que-a-ue-respeitara-sempre-o-direito-internacional\/"},"wordCount":200,"image":{"@id":"https:\/\/portaltela.pt\/noticias\/2026\/03\/11\/von-der-leyen-garante-que-a-ue-respeitara-sempre-o-direito-internacional\/#primaryimage"},"thumbnailUrl":"https:\/\/portaltela.pt\/s.01k8rhncp4jt1\/2026\/03\/img_1500x1000uu2025-11-23-11-43-17-2249868.jpg","keywords":["Carta das Na\u00e7\u00f5es Unidas","direito internacional","direitos internacionais","Estrasburgo","multilateralismo","Uni\u00e3o Europeia"],"articleSection":["Geopol\u00edtica"],"inLanguage":"pt-PT"},{"@type":"WebPage","@id":"https:\/\/portaltela.pt\/noticias\/2026\/03\/11\/von-der-leyen-garante-que-a-ue-respeitara-sempre-o-direito-internacional\/","url":"https:\/\/portaltela.pt\/noticias\/2026\/03\/11\/von-der-leyen-garante-que-a-ue-respeitara-sempre-o-direito-internacional\/","name":"Von der Leyen garante que a UE respeitar\u00e1 sempre o direito internacional - Portal Tela Portugal","isPartOf":{"@id":"https:\/\/portaltela.pt\/#website"},"primaryImageOfPage":{"@id":"https:\/\/portaltela.pt\/noticias\/2026\/03\/11\/von-der-leyen-garante-que-a-ue-respeitara-sempre-o-direito-internacional\/#primaryimage"},"image":{"@id":"https:\/\/portaltela.pt\/noticias\/2026\/03\/11\/von-der-leyen-garante-que-a-ue-respeitara-sempre-o-direito-internacional\/#primaryimage"},"thumbnailUrl":"https:\/\/portaltela.pt\/s.01k8rhncp4jt1\/2026\/03\/img_1500x1000uu2025-11-23-11-43-17-2249868.jpg","datePublished":"2026-03-11T09:01:33+00:00","author":{"@id":"https:\/\/portaltela.pt\/#\/schema\/person\/c4278d4a6028830caff9ee44b42d32ed"},"breadcrumb":{"@id":"https:\/\/portaltela.pt\/noticias\/2026\/03\/11\/von-der-leyen-garante-que-a-ue-respeitara-sempre-o-direito-internacional\/#breadcrumb"},"inLanguage":"pt-PT","potentialAction":[{"@type":"ReadAction","target":["https:\/\/portaltela.pt\/noticias\/2026\/03\/11\/von-der-leyen-garante-que-a-ue-respeitara-sempre-o-direito-internacional\/"]}]},{"@type":"ImageObject","inLanguage":"pt-PT","@id":"https:\/\/portaltela.pt\/noticias\/2026\/03\/11\/von-der-leyen-garante-que-a-ue-respeitara-sempre-o-direito-internacional\/#primaryimage","url":"https:\/\/portaltela.pt\/s.01k8rhncp4jt1\/2026\/03\/img_1500x1000uu2025-11-23-11-43-17-2249868.jpg","contentUrl":"https:\/\/portaltela.pt\/s.01k8rhncp4jt1\/2026\/03\/img_1500x1000uu2025-11-23-11-43-17-2249868.jpg","width":796,"height":448,"caption":"Ursula von der Leyen"},{"@type":"BreadcrumbList","@id":"https:\/\/portaltela.pt\/noticias\/2026\/03\/11\/von-der-leyen-garante-que-a-ue-respeitara-sempre-o-direito-internacional\/#breadcrumb","itemListElement":[{"@type":"ListItem","position":1,"name":"In\u00edcio","item":"https:\/\/portaltela.pt\/"},{"@type":"ListItem","position":2,"name":"Von der Leyen garante que a UE respeitar\u00e1 sempre o direito internacional"}]},{"@type":"WebSite","@id":"https:\/\/portaltela.pt\/#website","url":"https:\/\/portaltela.pt\/","name":"Portal Tela Portugal","description":"","potentialAction":[{"@type":"SearchAction","target":{"@type":"EntryPoint","urlTemplate":"https:\/\/portaltela.pt\/?s={search_term_string}"},"query-input":{"@type":"PropertyValueSpecification","valueRequired":true,"valueName":"search_term_string"}}],"inLanguage":"pt-PT"},{"@type":"Person","@id":"https:\/\/portaltela.pt\/#\/schema\/person\/c4278d4a6028830caff9ee44b42d32ed","name":"Telinha","image":{"@type":"ImageObject","inLanguage":"pt-PT","@id":"https:\/\/portaltela.pt\/s.01k8rhncp4jt1\/2025\/11\/talking-bot-125x125.png","url":"https:\/\/portaltela.pt\/s.01k8rhncp4jt1\/2025\/11\/talking-bot-125x125.png","contentUrl":"https:\/\/portaltela.pt\/s.01k8rhncp4jt1\/2025\/11\/talking-bot-125x125.png","caption":"Telinha"},"sameAs":["https:\/\/portaltela.pt\/"],"url":"https:\/\/portaltela.pt\/por\/367410592786\/"}]}},"_links":{"self":[{"href":"https:\/\/portaltela.pt\/api\/wp\/v2\/posts\/405604","targetHints":{"allow":["GET"]}}],"collection":[{"href":"https:\/\/portaltela.pt\/api\/wp\/v2\/posts"}],"about":[{"href":"https:\/\/portaltela.pt\/api\/wp\/v2\/types\/post"}],"author":[{"embeddable":true,"href":"https:\/\/portaltela.pt\/api\/wp\/v2\/users\/2"}],"replies":[{"embeddable":true,"href":"https:\/\/portaltela.pt\/api\/wp\/v2\/comments?post=405604"}],"version-history":[{"count":0,"href":"https:\/\/portaltela.pt\/api\/wp\/v2\/posts\/405604\/revisions"}],"wp:featuredmedia":[{"embeddable":true,"href":"https:\/\/portaltela.pt\/api\/wp\/v2\/media\/405606"}],"wp:attachment":[{"href":"https:\/\/portaltela.pt\/api\/wp\/v2\/media?parent=405604"}],"wp:term":[{"taxonomy":"category","embeddable":true,"href":"https:\/\/portaltela.pt\/api\/wp\/v2\/categories?post=405604"},{"taxonomy":"post_tag","embeddable":true,"href":"https:\/\/portaltela.pt\/api\/wp\/v2\/tags?post=405604"}],"curies":[{"name":"wp","href":"https:\/\/api.w.org\/{rel}","templated":true}]}}