{"id":405560,"date":"2026-03-11T00:23:00","date_gmt":"2026-03-11T03:23:00","guid":{"rendered":"https:\/\/portaltela.pt\/noticias\/2026\/03\/11\/brasil-pede-ao-tiktok-a-remocao-de-videos-de-violencia-contra-mulheres\/"},"modified":"2026-03-11T00:23:00","modified_gmt":"2026-03-11T03:23:00","slug":"brasil-pede-ao-tiktok-a-remocao-de-videos-de-violencia-contra-mulheres","status":"publish","type":"post","link":"https:\/\/portaltela.pt\/tecnologia\/2026\/03\/11\/brasil-pede-ao-tiktok-a-remocao-de-videos-de-violencia-contra-mulheres\/","title":{"rendered":"Brasil pede ao TikTok a remo\u00e7\u00e3o de v\u00eddeos de viol\u00eancia contra mulheres"},"content":{"rendered":"<p>O Governo do Brasil deu cinco dias \u00e0 TikTok para explicar quais medidas adotou para eliminar uma tend\u00eancia de v\u00eddeos que glorificam a viol\u00eancia contra mulheres, segundo fontes oficiais. A comunica\u00e7\u00e3o foi divulgada nesta segunda-feira, em Bras\u00edlia.<\/p>\n<p>Autoridades destacaram que a rede social deve apresentar a\u00e7\u00f5es j\u00e1 implementadas e planos de atua\u00e7\u00e3o futuros. O objetivo \u00e9 conter conte\u00fados que normalizam comportamentos violentos contra pessoas do sexo feminino.<\/p>\n<p>A iniciativa surge ap\u00f3s den\u00fancias de utilizadoras e de organiza\u00e7\u00f5es de defesa dos direitos das mulheres, que apontaram o aumento de v\u00eddeos virais com esse conte\u00fado.<\/p>\n<h3>Medidas solicitadas e prazos<\/h3>\n<p>O governo solicita \u00e0 TikTok a remo\u00e7\u00e3o de conte\u00fados violentos, suspens\u00e3o de contas reincidentes e mecanismos de den\u00fancia mais eficazes, com relat\u00f3rio de a\u00e7\u00f5es em cinco dias.<\/p>\n<p>Fontes oficiais indicam que o desfecho da demanda pode implicar monitoriza\u00e7\u00e3o cont\u00ednua de conte\u00fados e coopera\u00e7\u00e3o com autoridades para evitar novas tend\u00eancias de viol\u00eancia online.<\/p>\n","protected":false},"excerpt":{"rendered":"<ul>\n<li>O Governo do Brasil deu cinco dias \u00e0 TikTok para explicar quais medidas adotou para eliminar uma tend\u00eancia de v\u00eddeos que glorificam a viol\u00eancia contra mulheres.<\/li>\n<li>A exig\u00eancia foi comunicada por fontes oficiais.<\/li>\n<li>Os v\u00eddeos virais est\u00e3o sendo alvo de verifica\u00e7\u00e3o por autoridades brasileiras.<\/li>\n<li>A medida busca compreender a\u00e7\u00f5es preventivas e de modera\u00e7\u00e3o adotadas pela plataforma.<\/li>\n<li>N\u00e3o foram detalhadas novas medidas espec\u00edficas no comunicado.<\/li>\n<\/ul>\n","protected":false},"author":2,"featured_media":405561,"comment_status":"closed","ping_status":"closed","sticky":false,"template":"","format":"standard","meta":{"footnotes":""},"categories":[6871,6716],"tags":[2547,5282,88,250,939,1165],"class_list":["post-405560","post","type-post","status-publish","format-standard","has-post-thumbnail","hentry","category-sociedade","category-tecnologia","tag-brasil","tag-direitos-da-mulher","tag-redes-sociais","tag-seguranca-publica","tag-violencia","tag-violencia-de-genero"],"yoast_head":"<!-- This site is optimized with the Yoast SEO plugin v27.2 - https:\/\/yoast.com\/product\/yoast-seo-wordpress\/ -->\n<title>Brasil pede ao TikTok a remo\u00e7\u00e3o de v\u00eddeos de viol\u00eancia contra mulheres - Portal Tela Portugal<\/title>\n<meta name=\"robots\" content=\"index, follow, max-snippet:-1, max-image-preview:large, max-video-preview:-1\" \/>\n<meta property=\"og:locale\" content=\"pt_PT\" \/>\n<meta property=\"og:type\" content=\"article\" \/>\n<meta property=\"og:title\" content=\"Brasil pede ao TikTok a remo\u00e7\u00e3o de v\u00eddeos de viol\u00eancia contra mulheres - Portal Tela Portugal\" \/>\n<meta property=\"og:description\" content=\"O Governo do Brasil deu cinco dias \u00e0 TikTok para explicar quais medidas adotou para eliminar uma tend\u00eancia de v\u00eddeos que glorificam a viol\u00eancia contra mulheres. A exig\u00eancia foi comunicada por fontes oficiais. Os v\u00eddeos virais est\u00e3o sendo alvo de verifica\u00e7\u00e3o por autoridades brasileiras. A medida busca compreender a\u00e7\u00f5es preventivas e de modera\u00e7\u00e3o adotadas pela plataforma. N\u00e3o foram detalhadas novas medidas espec\u00edficas no comunicado.\" \/>\n<meta property=\"og:url\" content=\"https:\/\/portaltela.pt\/noticias\/2026\/03\/11\/brasil-pede-ao-tiktok-a-remocao-de-videos-de-violencia-contra-mulheres\/\" \/>\n<meta property=\"og:site_name\" content=\"Portal Tela Portugal\" \/>\n<meta property=\"article:published_time\" content=\"2026-03-11T03:23:00+00:00\" \/>\n<meta name=\"author\" content=\"Telinha\" \/>\n<meta name=\"twitter:card\" content=\"summary_large_image\" \/>\n<meta name=\"twitter:label1\" content=\"Escrito por\" \/>\n\t<meta name=\"twitter:data1\" content=\"Telinha\" \/>\n\t<meta name=\"twitter:label2\" content=\"Tempo estimado de leitura\" \/>\n\t<meta name=\"twitter:data2\" content=\"1 minuto\" \/>\n<script type=\"application\/ld+json\" class=\"yoast-schema-graph\">{\"@context\":\"https:\/\/schema.org\",\"@graph\":[{\"@type\":\"Article\",\"@id\":\"https:\/\/portaltela.pt\/noticias\/2026\/03\/11\/brasil-pede-ao-tiktok-a-remocao-de-videos-de-violencia-contra-mulheres\/#article\",\"isPartOf\":{\"@id\":\"https:\/\/portaltela.pt\/noticias\/2026\/03\/11\/brasil-pede-ao-tiktok-a-remocao-de-videos-de-violencia-contra-mulheres\/\"},\"author\":{\"name\":\"Telinha\",\"@id\":\"https:\/\/portaltela.pt\/#\/schema\/person\/c4278d4a6028830caff9ee44b42d32ed\"},\"headline\":\"Brasil pede ao TikTok a remo\u00e7\u00e3o de v\u00eddeos de viol\u00eancia contra mulheres\",\"datePublished\":\"2026-03-11T03:23:00+00:00\",\"mainEntityOfPage\":{\"@id\":\"https:\/\/portaltela.pt\/noticias\/2026\/03\/11\/brasil-pede-ao-tiktok-a-remocao-de-videos-de-violencia-contra-mulheres\/\"},\"wordCount\":186,\"image\":{\"@id\":\"https:\/\/portaltela.pt\/noticias\/2026\/03\/11\/brasil-pede-ao-tiktok-a-remocao-de-videos-de-violencia-contra-mulheres\/#primaryimage\"},\"thumbnailUrl\":\"https:\/\/portaltela.pt\/s.01k8rhncp4jt1\/2026\/03\/CACHE_780X1200_ANALOG_WATERMARKED_46412564_339008322220354.jpg\",\"keywords\":[\"Brasil\",\"Direitos da Mulher\",\"redes sociais\",\"seguran\u00e7a p\u00fablica\",\"viol\u00eancia\",\"viol\u00eancia de g\u00e9nero\"],\"articleSection\":[\"Sociedade\",\"Tecnologia\"],\"inLanguage\":\"pt-PT\"},{\"@type\":\"WebPage\",\"@id\":\"https:\/\/portaltela.pt\/noticias\/2026\/03\/11\/brasil-pede-ao-tiktok-a-remocao-de-videos-de-violencia-contra-mulheres\/\",\"url\":\"https:\/\/portaltela.pt\/noticias\/2026\/03\/11\/brasil-pede-ao-tiktok-a-remocao-de-videos-de-violencia-contra-mulheres\/\",\"name\":\"Brasil pede ao TikTok a remo\u00e7\u00e3o de v\u00eddeos de viol\u00eancia contra mulheres - Portal Tela Portugal\",\"isPartOf\":{\"@id\":\"https:\/\/portaltela.pt\/#website\"},\"primaryImageOfPage\":{\"@id\":\"https:\/\/portaltela.pt\/noticias\/2026\/03\/11\/brasil-pede-ao-tiktok-a-remocao-de-videos-de-violencia-contra-mulheres\/#primaryimage\"},\"image\":{\"@id\":\"https:\/\/portaltela.pt\/noticias\/2026\/03\/11\/brasil-pede-ao-tiktok-a-remocao-de-videos-de-violencia-contra-mulheres\/#primaryimage\"},\"thumbnailUrl\":\"https:\/\/portaltela.pt\/s.01k8rhncp4jt1\/2026\/03\/CACHE_780X1200_ANALOG_WATERMARKED_46412564_339008322220354.jpg\",\"datePublished\":\"2026-03-11T03:23:00+00:00\",\"author\":{\"@id\":\"https:\/\/portaltela.pt\/#\/schema\/person\/c4278d4a6028830caff9ee44b42d32ed\"},\"breadcrumb\":{\"@id\":\"https:\/\/portaltela.pt\/noticias\/2026\/03\/11\/brasil-pede-ao-tiktok-a-remocao-de-videos-de-violencia-contra-mulheres\/#breadcrumb\"},\"inLanguage\":\"pt-PT\",\"potentialAction\":[{\"@type\":\"ReadAction\",\"target\":[\"https:\/\/portaltela.pt\/noticias\/2026\/03\/11\/brasil-pede-ao-tiktok-a-remocao-de-videos-de-violencia-contra-mulheres\/\"]}]},{\"@type\":\"ImageObject\",\"inLanguage\":\"pt-PT\",\"@id\":\"https:\/\/portaltela.pt\/noticias\/2026\/03\/11\/brasil-pede-ao-tiktok-a-remocao-de-videos-de-violencia-contra-mulheres\/#primaryimage\",\"url\":\"https:\/\/portaltela.pt\/s.01k8rhncp4jt1\/2026\/03\/CACHE_780X1200_ANALOG_WATERMARKED_46412564_339008322220354.jpg\",\"contentUrl\":\"https:\/\/portaltela.pt\/s.01k8rhncp4jt1\/2026\/03\/CACHE_780X1200_ANALOG_WATERMARKED_46412564_339008322220354.jpg\",\"width\":796,\"height\":448,\"caption\":\"Brasil pede a TikTok para remover v\u00eddeos virais de viol\u00eancia contra mulheres\"},{\"@type\":\"BreadcrumbList\",\"@id\":\"https:\/\/portaltela.pt\/noticias\/2026\/03\/11\/brasil-pede-ao-tiktok-a-remocao-de-videos-de-violencia-contra-mulheres\/#breadcrumb\",\"itemListElement\":[{\"@type\":\"ListItem\",\"position\":1,\"name\":\"In\u00edcio\",\"item\":\"https:\/\/portaltela.pt\/\"},{\"@type\":\"ListItem\",\"position\":2,\"name\":\"Brasil pede ao TikTok a remo\u00e7\u00e3o de v\u00eddeos de viol\u00eancia contra mulheres\"}]},{\"@type\":\"WebSite\",\"@id\":\"https:\/\/portaltela.pt\/#website\",\"url\":\"https:\/\/portaltela.pt\/\",\"name\":\"Portal Tela Portugal\",\"description\":\"\",\"potentialAction\":[{\"@type\":\"SearchAction\",\"target\":{\"@type\":\"EntryPoint\",\"urlTemplate\":\"https:\/\/portaltela.pt\/?s={search_term_string}\"},\"query-input\":{\"@type\":\"PropertyValueSpecification\",\"valueRequired\":true,\"valueName\":\"search_term_string\"}}],\"inLanguage\":\"pt-PT\"},{\"@type\":\"Person\",\"@id\":\"https:\/\/portaltela.pt\/#\/schema\/person\/c4278d4a6028830caff9ee44b42d32ed\",\"name\":\"Telinha\",\"image\":{\"@type\":\"ImageObject\",\"inLanguage\":\"pt-PT\",\"@id\":\"https:\/\/portaltela.pt\/s.01k8rhncp4jt1\/2025\/11\/talking-bot-125x125.png\",\"url\":\"https:\/\/portaltela.pt\/s.01k8rhncp4jt1\/2025\/11\/talking-bot-125x125.png\",\"contentUrl\":\"https:\/\/portaltela.pt\/s.01k8rhncp4jt1\/2025\/11\/talking-bot-125x125.png\",\"caption\":\"Telinha\"},\"sameAs\":[\"https:\/\/portaltela.pt\/\"],\"url\":\"https:\/\/portaltela.pt\/por\/367410592786\/\"}]}<\/script>\n<!-- \/ Yoast SEO plugin. -->","yoast_head_json":{"title":"Brasil pede ao TikTok a remo\u00e7\u00e3o de v\u00eddeos de viol\u00eancia contra mulheres - Portal Tela Portugal","robots":{"index":"index","follow":"follow","max-snippet":"max-snippet:-1","max-image-preview":"max-image-preview:large","max-video-preview":"max-video-preview:-1"},"og_locale":"pt_PT","og_type":"article","og_title":"Brasil pede ao TikTok a remo\u00e7\u00e3o de v\u00eddeos de viol\u00eancia contra mulheres - Portal Tela Portugal","og_description":"O Governo do Brasil deu cinco dias \u00e0 TikTok para explicar quais medidas adotou para eliminar uma tend\u00eancia de v\u00eddeos que glorificam a viol\u00eancia contra mulheres. A exig\u00eancia foi comunicada por fontes oficiais. Os v\u00eddeos virais est\u00e3o sendo alvo de verifica\u00e7\u00e3o por autoridades brasileiras. A medida busca compreender a\u00e7\u00f5es preventivas e de modera\u00e7\u00e3o adotadas pela plataforma. N\u00e3o foram detalhadas novas medidas espec\u00edficas no comunicado.","og_url":"https:\/\/portaltela.pt\/noticias\/2026\/03\/11\/brasil-pede-ao-tiktok-a-remocao-de-videos-de-violencia-contra-mulheres\/","og_site_name":"Portal Tela Portugal","article_published_time":"2026-03-11T03:23:00+00:00","author":"Telinha","twitter_card":"summary_large_image","twitter_misc":{"Escrito por":"Telinha","Tempo estimado de leitura":"1 minuto"},"schema":{"@context":"https:\/\/schema.org","@graph":[{"@type":"Article","@id":"https:\/\/portaltela.pt\/noticias\/2026\/03\/11\/brasil-pede-ao-tiktok-a-remocao-de-videos-de-violencia-contra-mulheres\/#article","isPartOf":{"@id":"https:\/\/portaltela.pt\/noticias\/2026\/03\/11\/brasil-pede-ao-tiktok-a-remocao-de-videos-de-violencia-contra-mulheres\/"},"author":{"name":"Telinha","@id":"https:\/\/portaltela.pt\/#\/schema\/person\/c4278d4a6028830caff9ee44b42d32ed"},"headline":"Brasil pede ao TikTok a remo\u00e7\u00e3o de v\u00eddeos de viol\u00eancia contra mulheres","datePublished":"2026-03-11T03:23:00+00:00","mainEntityOfPage":{"@id":"https:\/\/portaltela.pt\/noticias\/2026\/03\/11\/brasil-pede-ao-tiktok-a-remocao-de-videos-de-violencia-contra-mulheres\/"},"wordCount":186,"image":{"@id":"https:\/\/portaltela.pt\/noticias\/2026\/03\/11\/brasil-pede-ao-tiktok-a-remocao-de-videos-de-violencia-contra-mulheres\/#primaryimage"},"thumbnailUrl":"https:\/\/portaltela.pt\/s.01k8rhncp4jt1\/2026\/03\/CACHE_780X1200_ANALOG_WATERMARKED_46412564_339008322220354.jpg","keywords":["Brasil","Direitos da Mulher","redes sociais","seguran\u00e7a p\u00fablica","viol\u00eancia","viol\u00eancia de g\u00e9nero"],"articleSection":["Sociedade","Tecnologia"],"inLanguage":"pt-PT"},{"@type":"WebPage","@id":"https:\/\/portaltela.pt\/noticias\/2026\/03\/11\/brasil-pede-ao-tiktok-a-remocao-de-videos-de-violencia-contra-mulheres\/","url":"https:\/\/portaltela.pt\/noticias\/2026\/03\/11\/brasil-pede-ao-tiktok-a-remocao-de-videos-de-violencia-contra-mulheres\/","name":"Brasil pede ao TikTok a remo\u00e7\u00e3o de v\u00eddeos de viol\u00eancia contra mulheres - Portal Tela Portugal","isPartOf":{"@id":"https:\/\/portaltela.pt\/#website"},"primaryImageOfPage":{"@id":"https:\/\/portaltela.pt\/noticias\/2026\/03\/11\/brasil-pede-ao-tiktok-a-remocao-de-videos-de-violencia-contra-mulheres\/#primaryimage"},"image":{"@id":"https:\/\/portaltela.pt\/noticias\/2026\/03\/11\/brasil-pede-ao-tiktok-a-remocao-de-videos-de-violencia-contra-mulheres\/#primaryimage"},"thumbnailUrl":"https:\/\/portaltela.pt\/s.01k8rhncp4jt1\/2026\/03\/CACHE_780X1200_ANALOG_WATERMARKED_46412564_339008322220354.jpg","datePublished":"2026-03-11T03:23:00+00:00","author":{"@id":"https:\/\/portaltela.pt\/#\/schema\/person\/c4278d4a6028830caff9ee44b42d32ed"},"breadcrumb":{"@id":"https:\/\/portaltela.pt\/noticias\/2026\/03\/11\/brasil-pede-ao-tiktok-a-remocao-de-videos-de-violencia-contra-mulheres\/#breadcrumb"},"inLanguage":"pt-PT","potentialAction":[{"@type":"ReadAction","target":["https:\/\/portaltela.pt\/noticias\/2026\/03\/11\/brasil-pede-ao-tiktok-a-remocao-de-videos-de-violencia-contra-mulheres\/"]}]},{"@type":"ImageObject","inLanguage":"pt-PT","@id":"https:\/\/portaltela.pt\/noticias\/2026\/03\/11\/brasil-pede-ao-tiktok-a-remocao-de-videos-de-violencia-contra-mulheres\/#primaryimage","url":"https:\/\/portaltela.pt\/s.01k8rhncp4jt1\/2026\/03\/CACHE_780X1200_ANALOG_WATERMARKED_46412564_339008322220354.jpg","contentUrl":"https:\/\/portaltela.pt\/s.01k8rhncp4jt1\/2026\/03\/CACHE_780X1200_ANALOG_WATERMARKED_46412564_339008322220354.jpg","width":796,"height":448,"caption":"Brasil pede a TikTok para remover v\u00eddeos virais de viol\u00eancia contra mulheres"},{"@type":"BreadcrumbList","@id":"https:\/\/portaltela.pt\/noticias\/2026\/03\/11\/brasil-pede-ao-tiktok-a-remocao-de-videos-de-violencia-contra-mulheres\/#breadcrumb","itemListElement":[{"@type":"ListItem","position":1,"name":"In\u00edcio","item":"https:\/\/portaltela.pt\/"},{"@type":"ListItem","position":2,"name":"Brasil pede ao TikTok a remo\u00e7\u00e3o de v\u00eddeos de viol\u00eancia contra mulheres"}]},{"@type":"WebSite","@id":"https:\/\/portaltela.pt\/#website","url":"https:\/\/portaltela.pt\/","name":"Portal Tela Portugal","description":"","potentialAction":[{"@type":"SearchAction","target":{"@type":"EntryPoint","urlTemplate":"https:\/\/portaltela.pt\/?s={search_term_string}"},"query-input":{"@type":"PropertyValueSpecification","valueRequired":true,"valueName":"search_term_string"}}],"inLanguage":"pt-PT"},{"@type":"Person","@id":"https:\/\/portaltela.pt\/#\/schema\/person\/c4278d4a6028830caff9ee44b42d32ed","name":"Telinha","image":{"@type":"ImageObject","inLanguage":"pt-PT","@id":"https:\/\/portaltela.pt\/s.01k8rhncp4jt1\/2025\/11\/talking-bot-125x125.png","url":"https:\/\/portaltela.pt\/s.01k8rhncp4jt1\/2025\/11\/talking-bot-125x125.png","contentUrl":"https:\/\/portaltela.pt\/s.01k8rhncp4jt1\/2025\/11\/talking-bot-125x125.png","caption":"Telinha"},"sameAs":["https:\/\/portaltela.pt\/"],"url":"https:\/\/portaltela.pt\/por\/367410592786\/"}]}},"_links":{"self":[{"href":"https:\/\/portaltela.pt\/api\/wp\/v2\/posts\/405560","targetHints":{"allow":["GET"]}}],"collection":[{"href":"https:\/\/portaltela.pt\/api\/wp\/v2\/posts"}],"about":[{"href":"https:\/\/portaltela.pt\/api\/wp\/v2\/types\/post"}],"author":[{"embeddable":true,"href":"https:\/\/portaltela.pt\/api\/wp\/v2\/users\/2"}],"replies":[{"embeddable":true,"href":"https:\/\/portaltela.pt\/api\/wp\/v2\/comments?post=405560"}],"version-history":[{"count":0,"href":"https:\/\/portaltela.pt\/api\/wp\/v2\/posts\/405560\/revisions"}],"wp:featuredmedia":[{"embeddable":true,"href":"https:\/\/portaltela.pt\/api\/wp\/v2\/media\/405561"}],"wp:attachment":[{"href":"https:\/\/portaltela.pt\/api\/wp\/v2\/media?parent=405560"}],"wp:term":[{"taxonomy":"category","embeddable":true,"href":"https:\/\/portaltela.pt\/api\/wp\/v2\/categories?post=405560"},{"taxonomy":"post_tag","embeddable":true,"href":"https:\/\/portaltela.pt\/api\/wp\/v2\/tags?post=405560"}],"curies":[{"name":"wp","href":"https:\/\/api.w.org\/{rel}","templated":true}]}}