{"id":405518,"date":"2026-03-11T03:47:00","date_gmt":"2026-03-11T06:47:00","guid":{"rendered":"https:\/\/portaltela.pt\/noticias\/2026\/03\/11\/governo-investe-15-milhoes-de-euros-para-recuperar-praias-antes-do-verao\/"},"modified":"2026-03-11T03:47:00","modified_gmt":"2026-03-11T06:47:00","slug":"governo-investe-15-milhoes-de-euros-para-recuperar-praias-antes-do-verao","status":"publish","type":"post","link":"https:\/\/portaltela.pt\/noticias\/2026\/03\/11\/governo-investe-15-milhoes-de-euros-para-recuperar-praias-antes-do-verao\/","title":{"rendered":"Governo investe 15 milh\u00f5es de euros para recuperar praias antes do Ver\u00e3o"},"content":{"rendered":"<p>O Governo vai desbloquear 15 milh\u00f5es de euros para interven\u00e7\u00f5es de emerg\u00eancia na costa, com o objetivo de avan\u00e7ar j\u00e1 antes da \u00e9poca balnear. O limite de 15 milh\u00f5es destina-se a obras priorit\u00e1rias e a planos que assegurem a prote\u00e7\u00e3o de praias e arribas.<\/p>\n<p>A decis\u00e3o surge na sequ\u00eancia de danos provocados por o mau tempo, que afetou 749 ocorr\u00eancias no litoral entre 1 de outubro de 2025 e 3 de mar\u00e7o de 2026. A estimativa total de investimento necess\u00e1rio ascende a 200 milh\u00f5es de euros, segundo a Ag\u00eancia Portuguesa do Ambiente (APA).<\/p>\n<p>A ministra do Ambiente e Energia, Maria da Gra\u00e7a Carvalho, referiu que as arribas s\u00e3o a principal prioridade para reduzir riscos \u00e0 vida de pessoas e animais. Em entrevista ao P\u00daBLICO-Renascen\u00e7a, a ministra adianta que o relat\u00f3rio completo ser\u00e1 divulgado na sexta-feira.<\/p>\n<h3>Obra de emerg\u00eancia na regi\u00e3o do Algarve<\/h3>\n<p>As interven\u00e7\u00f5es mais urgentes v\u00e3o concentrar-se na zona de Albufeira e Quarteira, com especial enfoque em Garr\u00e3o e Praia do Forte Novo. Ali ser\u00e3o necess\u00e1rias injec\u00e7\u00f5es de areia para estabilizar a costa, mantendo a fun\u00e7\u00e3o de prote\u00e7\u00e3o das arribas.<\/p>\n<p>Na Pen\u00ednsula de Algarvia, o rochedo de Peneco permanece sob avalia\u00e7\u00e3o para refor\u00e7o estrutural, com a hip\u00f3tese de usar bet\u00e3o para preservar p\u00fablico e patrim\u00f3nio, caso n\u00e3o seja poss\u00edvel retirar o desconforto visual com outras solu\u00e7\u00f5es.<\/p>\n<p>Acompanhando estas a\u00e7\u00f5es, h\u00e1 praias que j\u00e1 sofreram desaparecimentos tempor\u00e1rios ou parciais, como a ilha da Armona, em Fuzeta. A regenera\u00e7\u00e3o voltar\u00e1 a decorrer em maio ou junho para assegurar condi\u00e7\u00f5es de funcionamento na temporada.<\/p>\n<h3>Outros pontos de aten\u00e7\u00e3o e novas avalia\u00e7\u00f5es<\/h3>\n<p>Entre os locais com obras j\u00e1 iniciadas e que ser\u00e3o retomadas est\u00e3o S\u00e3o Jo\u00e3o da Caparica, Quarteira, Garr\u00e3o, Praia do Vau e Furadouro. A ministra destaca ainda que j\u00e1 havia 64 milh\u00f5es de euros adjudicados em obras em curso antes da interrup\u00e7\u00e3o causada pelo mau tempo.<\/p>\n<p>Vieira de Leiria \u00e9 outra zona a receber aten\u00e7\u00e3o especial, ap\u00f3s a passagem do vendaval Kristin. O plano \u00e9 desenvolver um projeto abrangente que inclua a praia e \u00e1reas adjacentes, para refor\u00e7ar a prote\u00e7\u00e3o costeira a longo prazo.<\/p>\n<h3>Perspectivas e pr\u00f3ximos passos<\/h3>\n<p>A ministra frisou a import\u00e2ncia de solu\u00e7\u00f5es com maior durabilidade, citando exemplos onde obras j\u00e1 conclu\u00eddas resistiram melhor ao mau tempo. O objetivo \u00e9 que, al\u00e9m das interven\u00e7\u00f5es imediatas, se avancem estudos t\u00e9cnicos e solu\u00e7\u00f5es estruturais para reduzir novas vulnerabilidades costeiras.<\/p>\n","protected":false},"excerpt":{"rendered":"<ul>\n<li>O Governo vai libertar 15 milh\u00f5es de euros para obras de emerg\u00eancia nas praias, com prioridade para interven\u00e7\u00f5es em arribas no Algarve, antes da \u00e9poca balnear.<\/li>\n<li>O investimento total estimado para reparar os danos no litoral \u00e9 de cerca de 200 milh\u00f5es de euros, relativo a 749 ocorr\u00eancias entre 1 de outubro de 2025 e 3 de mar\u00e7o de 2026.<\/li>\n<li>As arribas dominam a lista de problemas, com especial preocupa\u00e7\u00e3o no Norte do Tejo; no Sul, a instabilidade das arribas \u00e9 o principal desafio.<\/li>\n<li>Albufeira, Quarteira, Garr\u00e3o e Praia do Forte Novo ficam entre as zonas priorit\u00e1rias para as obras de emerg\u00eancia, incluindo injec\u00e7\u00e3o de areia.<\/li>\n<li>Al\u00e9m destas \u00e1reas, entram na linha da frente Armona, Moledo, Furadouro, Espinho e S\u00e3o Jo\u00e3o da Caparica; Vieira de Leiria vai receber um projeto abrangente ap\u00f3s a tempestade Kristin.<\/li>\n<\/ul>\n","protected":false},"author":2,"featured_media":405525,"comment_status":"closed","ping_status":"closed","sticky":false,"template":"","format":"standard","meta":{"footnotes":""},"categories":[1],"tags":[1202,928,7001,45,3388,6189],"class_list":["post-405518","post","type-post","status-publish","format-standard","has-post-thumbnail","hentry","category-noticias","tag-albufeira","tag-algarve","tag-garrao","tag-meio-ambiente","tag-protecao-costeira","tag-quarteira"],"yoast_head":"<!-- This site is optimized with the Yoast SEO plugin v27.2 - https:\/\/yoast.com\/product\/yoast-seo-wordpress\/ -->\n<title>Governo investe 15 milh\u00f5es de euros para recuperar praias antes do Ver\u00e3o - Portal Tela Portugal<\/title>\n<meta name=\"robots\" content=\"index, follow, max-snippet:-1, max-image-preview:large, max-video-preview:-1\" \/>\n<meta property=\"og:locale\" content=\"pt_PT\" \/>\n<meta property=\"og:type\" content=\"article\" \/>\n<meta property=\"og:title\" content=\"Governo investe 15 milh\u00f5es de euros para recuperar praias antes do Ver\u00e3o - Portal Tela Portugal\" \/>\n<meta property=\"og:description\" content=\"O Governo vai libertar 15 milh\u00f5es de euros para obras de emerg\u00eancia nas praias, com prioridade para interven\u00e7\u00f5es em arribas no Algarve, antes da \u00e9poca balnear. O investimento total estimado para reparar os danos no litoral \u00e9 de cerca de 200 milh\u00f5es de euros, relativo a 749 ocorr\u00eancias entre 1 de outubro de 2025 e 3 de mar\u00e7o de 2026. As arribas dominam a lista de problemas, com especial preocupa\u00e7\u00e3o no Norte do Tejo; no Sul, a instabilidade das arribas \u00e9 o principal desafio. Albufeira, Quarteira, Garr\u00e3o e Praia do Forte Novo ficam entre as zonas priorit\u00e1rias para as obras de emerg\u00eancia, incluindo injec\u00e7\u00e3o de areia. Al\u00e9m destas \u00e1reas, entram na linha da frente Armona, Moledo, Furadouro, Espinho e S\u00e3o Jo\u00e3o da Caparica; Vieira de Leiria vai receber um projeto abrangente ap\u00f3s a tempestade Kristin.\" \/>\n<meta property=\"og:url\" content=\"https:\/\/portaltela.pt\/noticias\/2026\/03\/11\/governo-investe-15-milhoes-de-euros-para-recuperar-praias-antes-do-verao\/\" \/>\n<meta property=\"og:site_name\" content=\"Portal Tela Portugal\" \/>\n<meta property=\"article:published_time\" content=\"2026-03-11T06:47:00+00:00\" \/>\n<meta name=\"author\" content=\"Telinha\" \/>\n<meta name=\"twitter:card\" content=\"summary_large_image\" \/>\n<meta name=\"twitter:label1\" content=\"Escrito por\" \/>\n\t<meta name=\"twitter:data1\" content=\"Telinha\" \/>\n\t<meta name=\"twitter:label2\" content=\"Tempo estimado de leitura\" \/>\n\t<meta name=\"twitter:data2\" content=\"2 minutos\" \/>\n<script type=\"application\/ld+json\" class=\"yoast-schema-graph\">{\"@context\":\"https:\/\/schema.org\",\"@graph\":[{\"@type\":\"Article\",\"@id\":\"https:\/\/portaltela.pt\/noticias\/2026\/03\/11\/governo-investe-15-milhoes-de-euros-para-recuperar-praias-antes-do-verao\/#article\",\"isPartOf\":{\"@id\":\"https:\/\/portaltela.pt\/noticias\/2026\/03\/11\/governo-investe-15-milhoes-de-euros-para-recuperar-praias-antes-do-verao\/\"},\"author\":{\"name\":\"Telinha\",\"@id\":\"https:\/\/portaltela.pt\/#\/schema\/person\/c4278d4a6028830caff9ee44b42d32ed\"},\"headline\":\"Governo investe 15 milh\u00f5es de euros para recuperar praias antes do Ver\u00e3o\",\"datePublished\":\"2026-03-11T06:47:00+00:00\",\"mainEntityOfPage\":{\"@id\":\"https:\/\/portaltela.pt\/noticias\/2026\/03\/11\/governo-investe-15-milhoes-de-euros-para-recuperar-praias-antes-do-verao\/\"},\"wordCount\":452,\"image\":{\"@id\":\"https:\/\/portaltela.pt\/noticias\/2026\/03\/11\/governo-investe-15-milhoes-de-euros-para-recuperar-praias-antes-do-verao\/#primaryimage\"},\"thumbnailUrl\":\"https:\/\/portaltela.pt\/s.01k8rhncp4jt1\/2026\/03\/2073127.jpg\",\"keywords\":[\"Albufeira\",\"Algarve\",\"Garr\u00e3o\",\"meio-ambiente\",\"Prote\u00e7\u00e3o costeira\",\"Quarteira\"],\"articleSection\":[\"Not\u00edcias\"],\"inLanguage\":\"pt-PT\"},{\"@type\":\"WebPage\",\"@id\":\"https:\/\/portaltela.pt\/noticias\/2026\/03\/11\/governo-investe-15-milhoes-de-euros-para-recuperar-praias-antes-do-verao\/\",\"url\":\"https:\/\/portaltela.pt\/noticias\/2026\/03\/11\/governo-investe-15-milhoes-de-euros-para-recuperar-praias-antes-do-verao\/\",\"name\":\"Governo investe 15 milh\u00f5es de euros para recuperar praias antes do Ver\u00e3o - Portal Tela Portugal\",\"isPartOf\":{\"@id\":\"https:\/\/portaltela.pt\/#website\"},\"primaryImageOfPage\":{\"@id\":\"https:\/\/portaltela.pt\/noticias\/2026\/03\/11\/governo-investe-15-milhoes-de-euros-para-recuperar-praias-antes-do-verao\/#primaryimage\"},\"image\":{\"@id\":\"https:\/\/portaltela.pt\/noticias\/2026\/03\/11\/governo-investe-15-milhoes-de-euros-para-recuperar-praias-antes-do-verao\/#primaryimage\"},\"thumbnailUrl\":\"https:\/\/portaltela.pt\/s.01k8rhncp4jt1\/2026\/03\/2073127.jpg\",\"datePublished\":\"2026-03-11T06:47:00+00:00\",\"author\":{\"@id\":\"https:\/\/portaltela.pt\/#\/schema\/person\/c4278d4a6028830caff9ee44b42d32ed\"},\"breadcrumb\":{\"@id\":\"https:\/\/portaltela.pt\/noticias\/2026\/03\/11\/governo-investe-15-milhoes-de-euros-para-recuperar-praias-antes-do-verao\/#breadcrumb\"},\"inLanguage\":\"pt-PT\",\"potentialAction\":[{\"@type\":\"ReadAction\",\"target\":[\"https:\/\/portaltela.pt\/noticias\/2026\/03\/11\/governo-investe-15-milhoes-de-euros-para-recuperar-praias-antes-do-verao\/\"]}]},{\"@type\":\"ImageObject\",\"inLanguage\":\"pt-PT\",\"@id\":\"https:\/\/portaltela.pt\/noticias\/2026\/03\/11\/governo-investe-15-milhoes-de-euros-para-recuperar-praias-antes-do-verao\/#primaryimage\",\"url\":\"https:\/\/portaltela.pt\/s.01k8rhncp4jt1\/2026\/03\/2073127.jpg\",\"contentUrl\":\"https:\/\/portaltela.pt\/s.01k8rhncp4jt1\/2026\/03\/2073127.jpg\",\"width\":796,\"height\":448,\"caption\":\"Os efeitos do mau tempo na Praia de Carcavelos, na Linha de Cascais\"},{\"@type\":\"BreadcrumbList\",\"@id\":\"https:\/\/portaltela.pt\/noticias\/2026\/03\/11\/governo-investe-15-milhoes-de-euros-para-recuperar-praias-antes-do-verao\/#breadcrumb\",\"itemListElement\":[{\"@type\":\"ListItem\",\"position\":1,\"name\":\"In\u00edcio\",\"item\":\"https:\/\/portaltela.pt\/\"},{\"@type\":\"ListItem\",\"position\":2,\"name\":\"Governo investe 15 milh\u00f5es de euros para recuperar praias antes do Ver\u00e3o\"}]},{\"@type\":\"WebSite\",\"@id\":\"https:\/\/portaltela.pt\/#website\",\"url\":\"https:\/\/portaltela.pt\/\",\"name\":\"Portal Tela Portugal\",\"description\":\"\",\"potentialAction\":[{\"@type\":\"SearchAction\",\"target\":{\"@type\":\"EntryPoint\",\"urlTemplate\":\"https:\/\/portaltela.pt\/?s={search_term_string}\"},\"query-input\":{\"@type\":\"PropertyValueSpecification\",\"valueRequired\":true,\"valueName\":\"search_term_string\"}}],\"inLanguage\":\"pt-PT\"},{\"@type\":\"Person\",\"@id\":\"https:\/\/portaltela.pt\/#\/schema\/person\/c4278d4a6028830caff9ee44b42d32ed\",\"name\":\"Telinha\",\"image\":{\"@type\":\"ImageObject\",\"inLanguage\":\"pt-PT\",\"@id\":\"https:\/\/portaltela.pt\/s.01k8rhncp4jt1\/2025\/11\/talking-bot-125x125.png\",\"url\":\"https:\/\/portaltela.pt\/s.01k8rhncp4jt1\/2025\/11\/talking-bot-125x125.png\",\"contentUrl\":\"https:\/\/portaltela.pt\/s.01k8rhncp4jt1\/2025\/11\/talking-bot-125x125.png\",\"caption\":\"Telinha\"},\"sameAs\":[\"https:\/\/portaltela.pt\/\"],\"url\":\"https:\/\/portaltela.pt\/por\/367410592786\/\"}]}<\/script>\n<!-- \/ Yoast SEO plugin. -->","yoast_head_json":{"title":"Governo investe 15 milh\u00f5es de euros para recuperar praias antes do Ver\u00e3o - Portal Tela Portugal","robots":{"index":"index","follow":"follow","max-snippet":"max-snippet:-1","max-image-preview":"max-image-preview:large","max-video-preview":"max-video-preview:-1"},"og_locale":"pt_PT","og_type":"article","og_title":"Governo investe 15 milh\u00f5es de euros para recuperar praias antes do Ver\u00e3o - Portal Tela Portugal","og_description":"O Governo vai libertar 15 milh\u00f5es de euros para obras de emerg\u00eancia nas praias, com prioridade para interven\u00e7\u00f5es em arribas no Algarve, antes da \u00e9poca balnear. O investimento total estimado para reparar os danos no litoral \u00e9 de cerca de 200 milh\u00f5es de euros, relativo a 749 ocorr\u00eancias entre 1 de outubro de 2025 e 3 de mar\u00e7o de 2026. As arribas dominam a lista de problemas, com especial preocupa\u00e7\u00e3o no Norte do Tejo; no Sul, a instabilidade das arribas \u00e9 o principal desafio. Albufeira, Quarteira, Garr\u00e3o e Praia do Forte Novo ficam entre as zonas priorit\u00e1rias para as obras de emerg\u00eancia, incluindo injec\u00e7\u00e3o de areia. Al\u00e9m destas \u00e1reas, entram na linha da frente Armona, Moledo, Furadouro, Espinho e S\u00e3o Jo\u00e3o da Caparica; Vieira de Leiria vai receber um projeto abrangente ap\u00f3s a tempestade Kristin.","og_url":"https:\/\/portaltela.pt\/noticias\/2026\/03\/11\/governo-investe-15-milhoes-de-euros-para-recuperar-praias-antes-do-verao\/","og_site_name":"Portal Tela Portugal","article_published_time":"2026-03-11T06:47:00+00:00","author":"Telinha","twitter_card":"summary_large_image","twitter_misc":{"Escrito por":"Telinha","Tempo estimado de leitura":"2 minutos"},"schema":{"@context":"https:\/\/schema.org","@graph":[{"@type":"Article","@id":"https:\/\/portaltela.pt\/noticias\/2026\/03\/11\/governo-investe-15-milhoes-de-euros-para-recuperar-praias-antes-do-verao\/#article","isPartOf":{"@id":"https:\/\/portaltela.pt\/noticias\/2026\/03\/11\/governo-investe-15-milhoes-de-euros-para-recuperar-praias-antes-do-verao\/"},"author":{"name":"Telinha","@id":"https:\/\/portaltela.pt\/#\/schema\/person\/c4278d4a6028830caff9ee44b42d32ed"},"headline":"Governo investe 15 milh\u00f5es de euros para recuperar praias antes do Ver\u00e3o","datePublished":"2026-03-11T06:47:00+00:00","mainEntityOfPage":{"@id":"https:\/\/portaltela.pt\/noticias\/2026\/03\/11\/governo-investe-15-milhoes-de-euros-para-recuperar-praias-antes-do-verao\/"},"wordCount":452,"image":{"@id":"https:\/\/portaltela.pt\/noticias\/2026\/03\/11\/governo-investe-15-milhoes-de-euros-para-recuperar-praias-antes-do-verao\/#primaryimage"},"thumbnailUrl":"https:\/\/portaltela.pt\/s.01k8rhncp4jt1\/2026\/03\/2073127.jpg","keywords":["Albufeira","Algarve","Garr\u00e3o","meio-ambiente","Prote\u00e7\u00e3o costeira","Quarteira"],"articleSection":["Not\u00edcias"],"inLanguage":"pt-PT"},{"@type":"WebPage","@id":"https:\/\/portaltela.pt\/noticias\/2026\/03\/11\/governo-investe-15-milhoes-de-euros-para-recuperar-praias-antes-do-verao\/","url":"https:\/\/portaltela.pt\/noticias\/2026\/03\/11\/governo-investe-15-milhoes-de-euros-para-recuperar-praias-antes-do-verao\/","name":"Governo investe 15 milh\u00f5es de euros para recuperar praias antes do Ver\u00e3o - Portal Tela Portugal","isPartOf":{"@id":"https:\/\/portaltela.pt\/#website"},"primaryImageOfPage":{"@id":"https:\/\/portaltela.pt\/noticias\/2026\/03\/11\/governo-investe-15-milhoes-de-euros-para-recuperar-praias-antes-do-verao\/#primaryimage"},"image":{"@id":"https:\/\/portaltela.pt\/noticias\/2026\/03\/11\/governo-investe-15-milhoes-de-euros-para-recuperar-praias-antes-do-verao\/#primaryimage"},"thumbnailUrl":"https:\/\/portaltela.pt\/s.01k8rhncp4jt1\/2026\/03\/2073127.jpg","datePublished":"2026-03-11T06:47:00+00:00","author":{"@id":"https:\/\/portaltela.pt\/#\/schema\/person\/c4278d4a6028830caff9ee44b42d32ed"},"breadcrumb":{"@id":"https:\/\/portaltela.pt\/noticias\/2026\/03\/11\/governo-investe-15-milhoes-de-euros-para-recuperar-praias-antes-do-verao\/#breadcrumb"},"inLanguage":"pt-PT","potentialAction":[{"@type":"ReadAction","target":["https:\/\/portaltela.pt\/noticias\/2026\/03\/11\/governo-investe-15-milhoes-de-euros-para-recuperar-praias-antes-do-verao\/"]}]},{"@type":"ImageObject","inLanguage":"pt-PT","@id":"https:\/\/portaltela.pt\/noticias\/2026\/03\/11\/governo-investe-15-milhoes-de-euros-para-recuperar-praias-antes-do-verao\/#primaryimage","url":"https:\/\/portaltela.pt\/s.01k8rhncp4jt1\/2026\/03\/2073127.jpg","contentUrl":"https:\/\/portaltela.pt\/s.01k8rhncp4jt1\/2026\/03\/2073127.jpg","width":796,"height":448,"caption":"Os efeitos do mau tempo na Praia de Carcavelos, na Linha de Cascais"},{"@type":"BreadcrumbList","@id":"https:\/\/portaltela.pt\/noticias\/2026\/03\/11\/governo-investe-15-milhoes-de-euros-para-recuperar-praias-antes-do-verao\/#breadcrumb","itemListElement":[{"@type":"ListItem","position":1,"name":"In\u00edcio","item":"https:\/\/portaltela.pt\/"},{"@type":"ListItem","position":2,"name":"Governo investe 15 milh\u00f5es de euros para recuperar praias antes do Ver\u00e3o"}]},{"@type":"WebSite","@id":"https:\/\/portaltela.pt\/#website","url":"https:\/\/portaltela.pt\/","name":"Portal Tela Portugal","description":"","potentialAction":[{"@type":"SearchAction","target":{"@type":"EntryPoint","urlTemplate":"https:\/\/portaltela.pt\/?s={search_term_string}"},"query-input":{"@type":"PropertyValueSpecification","valueRequired":true,"valueName":"search_term_string"}}],"inLanguage":"pt-PT"},{"@type":"Person","@id":"https:\/\/portaltela.pt\/#\/schema\/person\/c4278d4a6028830caff9ee44b42d32ed","name":"Telinha","image":{"@type":"ImageObject","inLanguage":"pt-PT","@id":"https:\/\/portaltela.pt\/s.01k8rhncp4jt1\/2025\/11\/talking-bot-125x125.png","url":"https:\/\/portaltela.pt\/s.01k8rhncp4jt1\/2025\/11\/talking-bot-125x125.png","contentUrl":"https:\/\/portaltela.pt\/s.01k8rhncp4jt1\/2025\/11\/talking-bot-125x125.png","caption":"Telinha"},"sameAs":["https:\/\/portaltela.pt\/"],"url":"https:\/\/portaltela.pt\/por\/367410592786\/"}]}},"_links":{"self":[{"href":"https:\/\/portaltela.pt\/api\/wp\/v2\/posts\/405518","targetHints":{"allow":["GET"]}}],"collection":[{"href":"https:\/\/portaltela.pt\/api\/wp\/v2\/posts"}],"about":[{"href":"https:\/\/portaltela.pt\/api\/wp\/v2\/types\/post"}],"author":[{"embeddable":true,"href":"https:\/\/portaltela.pt\/api\/wp\/v2\/users\/2"}],"replies":[{"embeddable":true,"href":"https:\/\/portaltela.pt\/api\/wp\/v2\/comments?post=405518"}],"version-history":[{"count":0,"href":"https:\/\/portaltela.pt\/api\/wp\/v2\/posts\/405518\/revisions"}],"wp:featuredmedia":[{"embeddable":true,"href":"https:\/\/portaltela.pt\/api\/wp\/v2\/media\/405525"}],"wp:attachment":[{"href":"https:\/\/portaltela.pt\/api\/wp\/v2\/media?parent=405518"}],"wp:term":[{"taxonomy":"category","embeddable":true,"href":"https:\/\/portaltela.pt\/api\/wp\/v2\/categories?post=405518"},{"taxonomy":"post_tag","embeddable":true,"href":"https:\/\/portaltela.pt\/api\/wp\/v2\/tags?post=405518"}],"curies":[{"name":"wp","href":"https:\/\/api.w.org\/{rel}","templated":true}]}}