{"id":405513,"date":"2026-03-11T03:46:00","date_gmt":"2026-03-11T06:46:00","guid":{"rendered":"https:\/\/portaltela.pt\/noticias\/2026\/03\/11\/queixas-sobre-mediacao-imobiliaria-quadruplicaram-em-quatro-anos\/"},"modified":"2026-03-11T03:46:00","modified_gmt":"2026-03-11T06:46:00","slug":"queixas-sobre-mediacao-imobiliaria-quadruplicaram-em-quatro-anos","status":"publish","type":"post","link":"https:\/\/portaltela.pt\/noticias\/economia\/2026\/03\/11\/queixas-sobre-mediacao-imobiliaria-quadruplicaram-em-quatro-anos\/","title":{"rendered":"Queixas sobre media\u00e7\u00e3o imobili\u00e1ria quadruplicaram em quatro anos"},"content":{"rendered":"<p>Em 2025, as queixas sobre media\u00e7\u00e3o imobili\u00e1ria atingiram um m\u00e1ximo hist\u00f3rico. O volume de reclama\u00e7\u00f5es acompanha o crescimento do setor regulado e aponta para desafios cont\u00ednuos na rela\u00e7\u00e3o entre clientes e mediadores. O IMPIC, entidade reguladora, acompanha a evolu\u00e7\u00e3o do mercado.<\/p>\n<p>Em 2024, o IMPIC registou 2.487 reclama\u00e7\u00f5es relacionadas com media\u00e7\u00e3o imobili\u00e1ria. O n\u00famero refor\u00e7a a press\u00e3o sobre o setor, que j\u00e1 conta com milhares de profissionais autorizados a atuar. O organismo alerta para a necessidade de supervis\u00e3o constante.<\/p>\n<h3>Dados do sector<\/h3>\n<p>Segundo o IMPIC, j\u00e1 s\u00e3o mais de 11.500 as empresas com autoriza\u00e7\u00e3o de media\u00e7\u00e3o imobili\u00e1ria (AMI). O crescimento di\u00e1rio do conjunto de mediadores coincide com o aumento das reclama\u00e7\u00f5es, sinalizando desfasamentos entre oferta de servi\u00e7os e expectativas dos clientes.<\/p>\n<h3>Principais motivos das queixas<\/h3>\n<p>Entre as raz\u00f5es, destacam-se o pagamento pela reserva de im\u00f3veis, quest\u00f5es de atendimento por parte de mediadores e incumprimentos de CPCV. Estes aspetos repetem-se em v\u00e1rias queixas, apontando para falhas na transpar\u00eancia contratual e na presta\u00e7\u00e3o de servi\u00e7o.<\/p>\n","protected":false},"excerpt":{"rendered":"<ul>\n<li>O n\u00famero de empresas com autoriza\u00e7\u00e3o de media\u00e7\u00e3o imobili\u00e1ria (AMI) j\u00e1 supera as 11.500.<\/li>\n<li>As queixas sobre o setor atingiram um m\u00e1ximo hist\u00f3rico, com 2.487 reclama\u00e7\u00f5es registadas no ano anterior, segundo o IMPIC.<\/li>\n<li>Em 2025, o volume de reclama\u00e7\u00f5es mant\u00e9m-se elevado, mantendo o setor sob vigil\u00e2ncia reguladora.<\/li>\n<li>Os principais motivos s\u00e3o o pagamento pela reserva de im\u00f3veis, o atendimento dos mediadores e incumprimentos de contrato-promessa de compra e venda (CPCV).<\/li>\n<li>Existem dezenas de milhares de pessoas a trabalhar no ramo, mas a grande linha de quantifica\u00e7\u00e3o n\u00e3o \u00e9 conhecida com precis\u00e3o.<\/li>\n<\/ul>\n","protected":false},"author":2,"featured_media":405520,"comment_status":"closed","ping_status":"closed","sticky":false,"template":"","format":"standard","meta":{"footnotes":""},"categories":[2,1],"tags":[4991,1125,28,150,228,3117],"class_list":["post-405513","post","type-post","status-publish","format-standard","has-post-thumbnail","hentry","category-economia","category-noticias","tag-consumo","tag-contratos","tag-economia","tag-habitacao","tag-imobiliario","tag-mediacao"],"yoast_head":"<!-- This site is optimized with the Yoast SEO plugin v27.2 - https:\/\/yoast.com\/product\/yoast-seo-wordpress\/ -->\n<title>Queixas sobre media\u00e7\u00e3o imobili\u00e1ria quadruplicaram em quatro anos - Portal Tela Portugal<\/title>\n<meta name=\"robots\" content=\"index, follow, max-snippet:-1, max-image-preview:large, max-video-preview:-1\" \/>\n<meta property=\"og:locale\" content=\"pt_PT\" \/>\n<meta property=\"og:type\" content=\"article\" \/>\n<meta property=\"og:title\" content=\"Queixas sobre media\u00e7\u00e3o imobili\u00e1ria quadruplicaram em quatro anos - Portal Tela Portugal\" \/>\n<meta property=\"og:description\" content=\"O n\u00famero de empresas com autoriza\u00e7\u00e3o de media\u00e7\u00e3o imobili\u00e1ria (AMI) j\u00e1 supera as 11.500. As queixas sobre o setor atingiram um m\u00e1ximo hist\u00f3rico, com 2.487 reclama\u00e7\u00f5es registadas no ano anterior, segundo o IMPIC. Em 2025, o volume de reclama\u00e7\u00f5es mant\u00e9m-se elevado, mantendo o setor sob vigil\u00e2ncia reguladora. Os principais motivos s\u00e3o o pagamento pela reserva de im\u00f3veis, o atendimento dos mediadores e incumprimentos de contrato-promessa de compra e venda (CPCV). Existem dezenas de milhares de pessoas a trabalhar no ramo, mas a grande linha de quantifica\u00e7\u00e3o n\u00e3o \u00e9 conhecida com precis\u00e3o.\" \/>\n<meta property=\"og:url\" content=\"https:\/\/portaltela.pt\/noticias\/2026\/03\/11\/queixas-sobre-mediacao-imobiliaria-quadruplicaram-em-quatro-anos\/\" \/>\n<meta property=\"og:site_name\" content=\"Portal Tela Portugal\" \/>\n<meta property=\"article:published_time\" content=\"2026-03-11T06:46:00+00:00\" \/>\n<meta name=\"author\" content=\"Telinha\" \/>\n<meta name=\"twitter:card\" content=\"summary_large_image\" \/>\n<meta name=\"twitter:label1\" content=\"Escrito por\" \/>\n\t<meta name=\"twitter:data1\" content=\"Telinha\" \/>\n\t<meta name=\"twitter:label2\" content=\"Tempo estimado de leitura\" \/>\n\t<meta name=\"twitter:data2\" content=\"1 minuto\" \/>\n<script type=\"application\/ld+json\" class=\"yoast-schema-graph\">{\"@context\":\"https:\/\/schema.org\",\"@graph\":[{\"@type\":\"Article\",\"@id\":\"https:\/\/portaltela.pt\/noticias\/2026\/03\/11\/queixas-sobre-mediacao-imobiliaria-quadruplicaram-em-quatro-anos\/#article\",\"isPartOf\":{\"@id\":\"https:\/\/portaltela.pt\/noticias\/2026\/03\/11\/queixas-sobre-mediacao-imobiliaria-quadruplicaram-em-quatro-anos\/\"},\"author\":{\"name\":\"Telinha\",\"@id\":\"https:\/\/portaltela.pt\/#\/schema\/person\/c4278d4a6028830caff9ee44b42d32ed\"},\"headline\":\"Queixas sobre media\u00e7\u00e3o imobili\u00e1ria quadruplicaram em quatro anos\",\"datePublished\":\"2026-03-11T06:46:00+00:00\",\"mainEntityOfPage\":{\"@id\":\"https:\/\/portaltela.pt\/noticias\/2026\/03\/11\/queixas-sobre-mediacao-imobiliaria-quadruplicaram-em-quatro-anos\/\"},\"wordCount\":198,\"image\":{\"@id\":\"https:\/\/portaltela.pt\/noticias\/2026\/03\/11\/queixas-sobre-mediacao-imobiliaria-quadruplicaram-em-quatro-anos\/#primaryimage\"},\"thumbnailUrl\":\"https:\/\/portaltela.pt\/s.01k8rhncp4jt1\/2026\/03\/2072808.jpg\",\"keywords\":[\"consumo\",\"contratos\",\"economia\",\"habita\u00e7\u00e3o\",\"imobili\u00e1rio\",\"media\u00e7\u00e3o\"],\"articleSection\":[\"Economia\",\"Not\u00edcias\"],\"inLanguage\":\"pt-PT\"},{\"@type\":\"WebPage\",\"@id\":\"https:\/\/portaltela.pt\/noticias\/2026\/03\/11\/queixas-sobre-mediacao-imobiliaria-quadruplicaram-em-quatro-anos\/\",\"url\":\"https:\/\/portaltela.pt\/noticias\/2026\/03\/11\/queixas-sobre-mediacao-imobiliaria-quadruplicaram-em-quatro-anos\/\",\"name\":\"Queixas sobre media\u00e7\u00e3o imobili\u00e1ria quadruplicaram em quatro anos - Portal Tela Portugal\",\"isPartOf\":{\"@id\":\"https:\/\/portaltela.pt\/#website\"},\"primaryImageOfPage\":{\"@id\":\"https:\/\/portaltela.pt\/noticias\/2026\/03\/11\/queixas-sobre-mediacao-imobiliaria-quadruplicaram-em-quatro-anos\/#primaryimage\"},\"image\":{\"@id\":\"https:\/\/portaltela.pt\/noticias\/2026\/03\/11\/queixas-sobre-mediacao-imobiliaria-quadruplicaram-em-quatro-anos\/#primaryimage\"},\"thumbnailUrl\":\"https:\/\/portaltela.pt\/s.01k8rhncp4jt1\/2026\/03\/2072808.jpg\",\"datePublished\":\"2026-03-11T06:46:00+00:00\",\"author\":{\"@id\":\"https:\/\/portaltela.pt\/#\/schema\/person\/c4278d4a6028830caff9ee44b42d32ed\"},\"breadcrumb\":{\"@id\":\"https:\/\/portaltela.pt\/noticias\/2026\/03\/11\/queixas-sobre-mediacao-imobiliaria-quadruplicaram-em-quatro-anos\/#breadcrumb\"},\"inLanguage\":\"pt-PT\",\"potentialAction\":[{\"@type\":\"ReadAction\",\"target\":[\"https:\/\/portaltela.pt\/noticias\/2026\/03\/11\/queixas-sobre-mediacao-imobiliaria-quadruplicaram-em-quatro-anos\/\"]}]},{\"@type\":\"ImageObject\",\"inLanguage\":\"pt-PT\",\"@id\":\"https:\/\/portaltela.pt\/noticias\/2026\/03\/11\/queixas-sobre-mediacao-imobiliaria-quadruplicaram-em-quatro-anos\/#primaryimage\",\"url\":\"https:\/\/portaltela.pt\/s.01k8rhncp4jt1\/2026\/03\/2072808.jpg\",\"contentUrl\":\"https:\/\/portaltela.pt\/s.01k8rhncp4jt1\/2026\/03\/2072808.jpg\",\"width\":796,\"height\":448,\"caption\":\"H\u00e1 dezenas de milhares de pessoas a trabalhar no ramo imobili\u00e1rio, mas ningu\u00e9m sabe ao certo quantas\"},{\"@type\":\"BreadcrumbList\",\"@id\":\"https:\/\/portaltela.pt\/noticias\/2026\/03\/11\/queixas-sobre-mediacao-imobiliaria-quadruplicaram-em-quatro-anos\/#breadcrumb\",\"itemListElement\":[{\"@type\":\"ListItem\",\"position\":1,\"name\":\"In\u00edcio\",\"item\":\"https:\/\/portaltela.pt\/\"},{\"@type\":\"ListItem\",\"position\":2,\"name\":\"Queixas sobre media\u00e7\u00e3o imobili\u00e1ria quadruplicaram em quatro anos\"}]},{\"@type\":\"WebSite\",\"@id\":\"https:\/\/portaltela.pt\/#website\",\"url\":\"https:\/\/portaltela.pt\/\",\"name\":\"Portal Tela Portugal\",\"description\":\"\",\"potentialAction\":[{\"@type\":\"SearchAction\",\"target\":{\"@type\":\"EntryPoint\",\"urlTemplate\":\"https:\/\/portaltela.pt\/?s={search_term_string}\"},\"query-input\":{\"@type\":\"PropertyValueSpecification\",\"valueRequired\":true,\"valueName\":\"search_term_string\"}}],\"inLanguage\":\"pt-PT\"},{\"@type\":\"Person\",\"@id\":\"https:\/\/portaltela.pt\/#\/schema\/person\/c4278d4a6028830caff9ee44b42d32ed\",\"name\":\"Telinha\",\"image\":{\"@type\":\"ImageObject\",\"inLanguage\":\"pt-PT\",\"@id\":\"https:\/\/portaltela.pt\/s.01k8rhncp4jt1\/2025\/11\/talking-bot-125x125.png\",\"url\":\"https:\/\/portaltela.pt\/s.01k8rhncp4jt1\/2025\/11\/talking-bot-125x125.png\",\"contentUrl\":\"https:\/\/portaltela.pt\/s.01k8rhncp4jt1\/2025\/11\/talking-bot-125x125.png\",\"caption\":\"Telinha\"},\"sameAs\":[\"https:\/\/portaltela.pt\/\"],\"url\":\"https:\/\/portaltela.pt\/por\/367410592786\/\"}]}<\/script>\n<!-- \/ Yoast SEO plugin. -->","yoast_head_json":{"title":"Queixas sobre media\u00e7\u00e3o imobili\u00e1ria quadruplicaram em quatro anos - Portal Tela Portugal","robots":{"index":"index","follow":"follow","max-snippet":"max-snippet:-1","max-image-preview":"max-image-preview:large","max-video-preview":"max-video-preview:-1"},"og_locale":"pt_PT","og_type":"article","og_title":"Queixas sobre media\u00e7\u00e3o imobili\u00e1ria quadruplicaram em quatro anos - Portal Tela Portugal","og_description":"O n\u00famero de empresas com autoriza\u00e7\u00e3o de media\u00e7\u00e3o imobili\u00e1ria (AMI) j\u00e1 supera as 11.500. As queixas sobre o setor atingiram um m\u00e1ximo hist\u00f3rico, com 2.487 reclama\u00e7\u00f5es registadas no ano anterior, segundo o IMPIC. Em 2025, o volume de reclama\u00e7\u00f5es mant\u00e9m-se elevado, mantendo o setor sob vigil\u00e2ncia reguladora. Os principais motivos s\u00e3o o pagamento pela reserva de im\u00f3veis, o atendimento dos mediadores e incumprimentos de contrato-promessa de compra e venda (CPCV). Existem dezenas de milhares de pessoas a trabalhar no ramo, mas a grande linha de quantifica\u00e7\u00e3o n\u00e3o \u00e9 conhecida com precis\u00e3o.","og_url":"https:\/\/portaltela.pt\/noticias\/2026\/03\/11\/queixas-sobre-mediacao-imobiliaria-quadruplicaram-em-quatro-anos\/","og_site_name":"Portal Tela Portugal","article_published_time":"2026-03-11T06:46:00+00:00","author":"Telinha","twitter_card":"summary_large_image","twitter_misc":{"Escrito por":"Telinha","Tempo estimado de leitura":"1 minuto"},"schema":{"@context":"https:\/\/schema.org","@graph":[{"@type":"Article","@id":"https:\/\/portaltela.pt\/noticias\/2026\/03\/11\/queixas-sobre-mediacao-imobiliaria-quadruplicaram-em-quatro-anos\/#article","isPartOf":{"@id":"https:\/\/portaltela.pt\/noticias\/2026\/03\/11\/queixas-sobre-mediacao-imobiliaria-quadruplicaram-em-quatro-anos\/"},"author":{"name":"Telinha","@id":"https:\/\/portaltela.pt\/#\/schema\/person\/c4278d4a6028830caff9ee44b42d32ed"},"headline":"Queixas sobre media\u00e7\u00e3o imobili\u00e1ria quadruplicaram em quatro anos","datePublished":"2026-03-11T06:46:00+00:00","mainEntityOfPage":{"@id":"https:\/\/portaltela.pt\/noticias\/2026\/03\/11\/queixas-sobre-mediacao-imobiliaria-quadruplicaram-em-quatro-anos\/"},"wordCount":198,"image":{"@id":"https:\/\/portaltela.pt\/noticias\/2026\/03\/11\/queixas-sobre-mediacao-imobiliaria-quadruplicaram-em-quatro-anos\/#primaryimage"},"thumbnailUrl":"https:\/\/portaltela.pt\/s.01k8rhncp4jt1\/2026\/03\/2072808.jpg","keywords":["consumo","contratos","economia","habita\u00e7\u00e3o","imobili\u00e1rio","media\u00e7\u00e3o"],"articleSection":["Economia","Not\u00edcias"],"inLanguage":"pt-PT"},{"@type":"WebPage","@id":"https:\/\/portaltela.pt\/noticias\/2026\/03\/11\/queixas-sobre-mediacao-imobiliaria-quadruplicaram-em-quatro-anos\/","url":"https:\/\/portaltela.pt\/noticias\/2026\/03\/11\/queixas-sobre-mediacao-imobiliaria-quadruplicaram-em-quatro-anos\/","name":"Queixas sobre media\u00e7\u00e3o imobili\u00e1ria quadruplicaram em quatro anos - Portal Tela Portugal","isPartOf":{"@id":"https:\/\/portaltela.pt\/#website"},"primaryImageOfPage":{"@id":"https:\/\/portaltela.pt\/noticias\/2026\/03\/11\/queixas-sobre-mediacao-imobiliaria-quadruplicaram-em-quatro-anos\/#primaryimage"},"image":{"@id":"https:\/\/portaltela.pt\/noticias\/2026\/03\/11\/queixas-sobre-mediacao-imobiliaria-quadruplicaram-em-quatro-anos\/#primaryimage"},"thumbnailUrl":"https:\/\/portaltela.pt\/s.01k8rhncp4jt1\/2026\/03\/2072808.jpg","datePublished":"2026-03-11T06:46:00+00:00","author":{"@id":"https:\/\/portaltela.pt\/#\/schema\/person\/c4278d4a6028830caff9ee44b42d32ed"},"breadcrumb":{"@id":"https:\/\/portaltela.pt\/noticias\/2026\/03\/11\/queixas-sobre-mediacao-imobiliaria-quadruplicaram-em-quatro-anos\/#breadcrumb"},"inLanguage":"pt-PT","potentialAction":[{"@type":"ReadAction","target":["https:\/\/portaltela.pt\/noticias\/2026\/03\/11\/queixas-sobre-mediacao-imobiliaria-quadruplicaram-em-quatro-anos\/"]}]},{"@type":"ImageObject","inLanguage":"pt-PT","@id":"https:\/\/portaltela.pt\/noticias\/2026\/03\/11\/queixas-sobre-mediacao-imobiliaria-quadruplicaram-em-quatro-anos\/#primaryimage","url":"https:\/\/portaltela.pt\/s.01k8rhncp4jt1\/2026\/03\/2072808.jpg","contentUrl":"https:\/\/portaltela.pt\/s.01k8rhncp4jt1\/2026\/03\/2072808.jpg","width":796,"height":448,"caption":"H\u00e1 dezenas de milhares de pessoas a trabalhar no ramo imobili\u00e1rio, mas ningu\u00e9m sabe ao certo quantas"},{"@type":"BreadcrumbList","@id":"https:\/\/portaltela.pt\/noticias\/2026\/03\/11\/queixas-sobre-mediacao-imobiliaria-quadruplicaram-em-quatro-anos\/#breadcrumb","itemListElement":[{"@type":"ListItem","position":1,"name":"In\u00edcio","item":"https:\/\/portaltela.pt\/"},{"@type":"ListItem","position":2,"name":"Queixas sobre media\u00e7\u00e3o imobili\u00e1ria quadruplicaram em quatro anos"}]},{"@type":"WebSite","@id":"https:\/\/portaltela.pt\/#website","url":"https:\/\/portaltela.pt\/","name":"Portal Tela Portugal","description":"","potentialAction":[{"@type":"SearchAction","target":{"@type":"EntryPoint","urlTemplate":"https:\/\/portaltela.pt\/?s={search_term_string}"},"query-input":{"@type":"PropertyValueSpecification","valueRequired":true,"valueName":"search_term_string"}}],"inLanguage":"pt-PT"},{"@type":"Person","@id":"https:\/\/portaltela.pt\/#\/schema\/person\/c4278d4a6028830caff9ee44b42d32ed","name":"Telinha","image":{"@type":"ImageObject","inLanguage":"pt-PT","@id":"https:\/\/portaltela.pt\/s.01k8rhncp4jt1\/2025\/11\/talking-bot-125x125.png","url":"https:\/\/portaltela.pt\/s.01k8rhncp4jt1\/2025\/11\/talking-bot-125x125.png","contentUrl":"https:\/\/portaltela.pt\/s.01k8rhncp4jt1\/2025\/11\/talking-bot-125x125.png","caption":"Telinha"},"sameAs":["https:\/\/portaltela.pt\/"],"url":"https:\/\/portaltela.pt\/por\/367410592786\/"}]}},"_links":{"self":[{"href":"https:\/\/portaltela.pt\/api\/wp\/v2\/posts\/405513","targetHints":{"allow":["GET"]}}],"collection":[{"href":"https:\/\/portaltela.pt\/api\/wp\/v2\/posts"}],"about":[{"href":"https:\/\/portaltela.pt\/api\/wp\/v2\/types\/post"}],"author":[{"embeddable":true,"href":"https:\/\/portaltela.pt\/api\/wp\/v2\/users\/2"}],"replies":[{"embeddable":true,"href":"https:\/\/portaltela.pt\/api\/wp\/v2\/comments?post=405513"}],"version-history":[{"count":0,"href":"https:\/\/portaltela.pt\/api\/wp\/v2\/posts\/405513\/revisions"}],"wp:featuredmedia":[{"embeddable":true,"href":"https:\/\/portaltela.pt\/api\/wp\/v2\/media\/405520"}],"wp:attachment":[{"href":"https:\/\/portaltela.pt\/api\/wp\/v2\/media?parent=405513"}],"wp:term":[{"taxonomy":"category","embeddable":true,"href":"https:\/\/portaltela.pt\/api\/wp\/v2\/categories?post=405513"},{"taxonomy":"post_tag","embeddable":true,"href":"https:\/\/portaltela.pt\/api\/wp\/v2\/tags?post=405513"}],"curies":[{"name":"wp","href":"https:\/\/api.w.org\/{rel}","templated":true}]}}