{"id":405501,"date":"2026-03-11T03:39:00","date_gmt":"2026-03-11T06:39:00","guid":{"rendered":"https:\/\/portaltela.pt\/noticias\/2026\/03\/11\/trump-diz-que-selecao-do-irao-pode-competir-no-mundial-de-2026\/"},"modified":"2026-03-11T03:39:00","modified_gmt":"2026-03-11T06:39:00","slug":"trump-diz-que-selecao-do-irao-pode-competir-no-mundial-de-2026","status":"publish","type":"post","link":"https:\/\/portaltela.pt\/desporto\/copa-do-mundo\/2026\/03\/11\/trump-diz-que-selecao-do-irao-pode-competir-no-mundial-de-2026\/","title":{"rendered":"Trump diz que sele\u00e7\u00e3o do Ir\u00e3o pode competir no Mundial de 2026"},"content":{"rendered":"<p>Donald Trump afirmou que a sele\u00e7\u00e3o do Ir\u00e3o pode competir no Mundial 2026, numa afirma\u00e7\u00e3o associada ao presidente da FIFA, Gianni Infantino. A not\u00edcia circula em plataformas com acesso pago e n\u00e3o foi poss\u00edvel confirmar o conte\u00fado completo de forma independente.<\/p>\n<p>O material completo est\u00e1 dispon\u00edvel apenas para subscritores, o que impede a verifica\u00e7\u00e3o imediata dos detalhes. A refer\u00eancia liga o Ir\u00e3o a uma poss\u00edvel participa\u00e7\u00e3o no maior torneio de futebol a novos n\u00edveis de competi\u00e7\u00e3o.<\/p>\n<p>At\u00e9 ao momento, n\u00e3o houve confirma\u00e7\u00e3o oficial por parte da FIFA nem de entidades desportivas iranianas. F\u00e3s e analistas aguardam esclarecimentos sobre o que motivou a declara\u00e7\u00e3o e como se enquadra nas regras de elegibilidade para o Mundial 2026.<\/p>\n<p>A nota cumpre o objetivo de informar sem emitir ju\u00edzos ou opini\u00f5es, destacando que a veracidade depende de fontes oficiais e de confirma\u00e7\u00e3o por parte das institui\u00e7\u00f5es envolvidas.<\/p>\n","protected":false},"excerpt":{"rendered":"<ul>\n<li>Donald Trump afirma que a sele\u00e7\u00e3o do Ir\u00e3o poder\u00e1 competir no Mundial de 2026, conforme a not\u00edcia.<\/li>\n<li>A refer\u00eancia \u00e0 FIFA ocorre associada a Gianni Infantino, presidente da institui\u00e7\u00e3o.<\/li>\n<li>O texto completo da mat\u00e9ria est\u00e1 dispon\u00edvel apenas para subscritores.<\/li>\n<li>N\u00e3o s\u00e3o apresentados detalhes adicionais no conte\u00fado dispon\u00edvel.<\/li>\n<\/ul>\n","protected":false},"author":2,"featured_media":405502,"comment_status":"closed","ping_status":"closed","sticky":false,"template":"","format":"standard","meta":{"footnotes":""},"categories":[6695,21],"tags":[6367,4953,32,3338,2057,6366],"class_list":["post-405501","post","type-post","status-publish","format-standard","has-post-thumbnail","hentry","category-copa-do-mundo","category-desporto","tag-copa2026","tag-donald-trump","tag-futebol","tag-futebol-internacional","tag-selecao-nacional","tag-selecoes-da-copa-do-mundo"],"yoast_head":"<!-- This site is optimized with the Yoast SEO plugin v27.2 - https:\/\/yoast.com\/product\/yoast-seo-wordpress\/ -->\n<title>Trump diz que sele\u00e7\u00e3o do Ir\u00e3o pode competir no Mundial de 2026 - Portal Tela Portugal<\/title>\n<meta name=\"robots\" content=\"index, follow, max-snippet:-1, max-image-preview:large, max-video-preview:-1\" \/>\n<meta property=\"og:locale\" content=\"pt_PT\" \/>\n<meta property=\"og:type\" content=\"article\" \/>\n<meta property=\"og:title\" content=\"Trump diz que sele\u00e7\u00e3o do Ir\u00e3o pode competir no Mundial de 2026 - Portal Tela Portugal\" \/>\n<meta property=\"og:description\" content=\"Donald Trump afirma que a sele\u00e7\u00e3o do Ir\u00e3o poder\u00e1 competir no Mundial de 2026, conforme a not\u00edcia. A refer\u00eancia \u00e0 FIFA ocorre associada a Gianni Infantino, presidente da institui\u00e7\u00e3o. O texto completo da mat\u00e9ria est\u00e1 dispon\u00edvel apenas para subscritores. N\u00e3o s\u00e3o apresentados detalhes adicionais no conte\u00fado dispon\u00edvel.\" \/>\n<meta property=\"og:url\" content=\"https:\/\/portaltela.pt\/noticias\/2026\/03\/11\/trump-diz-que-selecao-do-irao-pode-competir-no-mundial-de-2026\/\" \/>\n<meta property=\"og:site_name\" content=\"Portal Tela Portugal\" \/>\n<meta property=\"article:published_time\" content=\"2026-03-11T06:39:00+00:00\" \/>\n<meta name=\"author\" content=\"Telinha\" \/>\n<meta name=\"twitter:card\" content=\"summary_large_image\" \/>\n<meta name=\"twitter:label1\" content=\"Escrito por\" \/>\n\t<meta name=\"twitter:data1\" content=\"Telinha\" \/>\n\t<meta name=\"twitter:label2\" content=\"Tempo estimado de leitura\" \/>\n\t<meta name=\"twitter:data2\" content=\"1 minuto\" \/>\n<script type=\"application\/ld+json\" class=\"yoast-schema-graph\">{\"@context\":\"https:\/\/schema.org\",\"@graph\":[{\"@type\":\"Article\",\"@id\":\"https:\/\/portaltela.pt\/noticias\/2026\/03\/11\/trump-diz-que-selecao-do-irao-pode-competir-no-mundial-de-2026\/#article\",\"isPartOf\":{\"@id\":\"https:\/\/portaltela.pt\/noticias\/2026\/03\/11\/trump-diz-que-selecao-do-irao-pode-competir-no-mundial-de-2026\/\"},\"author\":{\"name\":\"Telinha\",\"@id\":\"https:\/\/portaltela.pt\/#\/schema\/person\/c4278d4a6028830caff9ee44b42d32ed\"},\"headline\":\"Trump diz que sele\u00e7\u00e3o do Ir\u00e3o pode competir no Mundial de 2026\",\"datePublished\":\"2026-03-11T06:39:00+00:00\",\"mainEntityOfPage\":{\"@id\":\"https:\/\/portaltela.pt\/noticias\/2026\/03\/11\/trump-diz-que-selecao-do-irao-pode-competir-no-mundial-de-2026\/\"},\"wordCount\":177,\"image\":{\"@id\":\"https:\/\/portaltela.pt\/noticias\/2026\/03\/11\/trump-diz-que-selecao-do-irao-pode-competir-no-mundial-de-2026\/#primaryimage\"},\"thumbnailUrl\":\"https:\/\/portaltela.pt\/s.01k8rhncp4jt1\/2026\/03\/CACHE_780X1200_ANALOG_WATERMARKED_45842198_312358220084328.jpg\",\"keywords\":[\"#copa2026\",\"Donald Trump\",\"futebol\",\"futebol internacional\",\"Sele\u00e7\u00e3o Nacional\",\"Sele\u00e7\u00f5es da Copa do Mundo\"],\"articleSection\":[\"Copa do Mundo\",\"Desporto\"],\"inLanguage\":\"pt-PT\"},{\"@type\":\"WebPage\",\"@id\":\"https:\/\/portaltela.pt\/noticias\/2026\/03\/11\/trump-diz-que-selecao-do-irao-pode-competir-no-mundial-de-2026\/\",\"url\":\"https:\/\/portaltela.pt\/noticias\/2026\/03\/11\/trump-diz-que-selecao-do-irao-pode-competir-no-mundial-de-2026\/\",\"name\":\"Trump diz que sele\u00e7\u00e3o do Ir\u00e3o pode competir no Mundial de 2026 - Portal Tela Portugal\",\"isPartOf\":{\"@id\":\"https:\/\/portaltela.pt\/#website\"},\"primaryImageOfPage\":{\"@id\":\"https:\/\/portaltela.pt\/noticias\/2026\/03\/11\/trump-diz-que-selecao-do-irao-pode-competir-no-mundial-de-2026\/#primaryimage\"},\"image\":{\"@id\":\"https:\/\/portaltela.pt\/noticias\/2026\/03\/11\/trump-diz-que-selecao-do-irao-pode-competir-no-mundial-de-2026\/#primaryimage\"},\"thumbnailUrl\":\"https:\/\/portaltela.pt\/s.01k8rhncp4jt1\/2026\/03\/CACHE_780X1200_ANALOG_WATERMARKED_45842198_312358220084328.jpg\",\"datePublished\":\"2026-03-11T06:39:00+00:00\",\"author\":{\"@id\":\"https:\/\/portaltela.pt\/#\/schema\/person\/c4278d4a6028830caff9ee44b42d32ed\"},\"breadcrumb\":{\"@id\":\"https:\/\/portaltela.pt\/noticias\/2026\/03\/11\/trump-diz-que-selecao-do-irao-pode-competir-no-mundial-de-2026\/#breadcrumb\"},\"inLanguage\":\"pt-PT\",\"potentialAction\":[{\"@type\":\"ReadAction\",\"target\":[\"https:\/\/portaltela.pt\/noticias\/2026\/03\/11\/trump-diz-que-selecao-do-irao-pode-competir-no-mundial-de-2026\/\"]}]},{\"@type\":\"ImageObject\",\"inLanguage\":\"pt-PT\",\"@id\":\"https:\/\/portaltela.pt\/noticias\/2026\/03\/11\/trump-diz-que-selecao-do-irao-pode-competir-no-mundial-de-2026\/#primaryimage\",\"url\":\"https:\/\/portaltela.pt\/s.01k8rhncp4jt1\/2026\/03\/CACHE_780X1200_ANALOG_WATERMARKED_45842198_312358220084328.jpg\",\"contentUrl\":\"https:\/\/portaltela.pt\/s.01k8rhncp4jt1\/2026\/03\/CACHE_780X1200_ANALOG_WATERMARKED_45842198_312358220084328.jpg\",\"width\":796,\"height\":448,\"caption\":\"Trump diz que sele\u00e7\u00e3o do Ir\u00e3o poder\u00e1 competir no Mundial2026 - Infantino\"},{\"@type\":\"BreadcrumbList\",\"@id\":\"https:\/\/portaltela.pt\/noticias\/2026\/03\/11\/trump-diz-que-selecao-do-irao-pode-competir-no-mundial-de-2026\/#breadcrumb\",\"itemListElement\":[{\"@type\":\"ListItem\",\"position\":1,\"name\":\"In\u00edcio\",\"item\":\"https:\/\/portaltela.pt\/\"},{\"@type\":\"ListItem\",\"position\":2,\"name\":\"Trump diz que sele\u00e7\u00e3o do Ir\u00e3o pode competir no Mundial de 2026\"}]},{\"@type\":\"WebSite\",\"@id\":\"https:\/\/portaltela.pt\/#website\",\"url\":\"https:\/\/portaltela.pt\/\",\"name\":\"Portal Tela Portugal\",\"description\":\"\",\"potentialAction\":[{\"@type\":\"SearchAction\",\"target\":{\"@type\":\"EntryPoint\",\"urlTemplate\":\"https:\/\/portaltela.pt\/?s={search_term_string}\"},\"query-input\":{\"@type\":\"PropertyValueSpecification\",\"valueRequired\":true,\"valueName\":\"search_term_string\"}}],\"inLanguage\":\"pt-PT\"},{\"@type\":\"Person\",\"@id\":\"https:\/\/portaltela.pt\/#\/schema\/person\/c4278d4a6028830caff9ee44b42d32ed\",\"name\":\"Telinha\",\"image\":{\"@type\":\"ImageObject\",\"inLanguage\":\"pt-PT\",\"@id\":\"https:\/\/portaltela.pt\/s.01k8rhncp4jt1\/2025\/11\/talking-bot-125x125.png\",\"url\":\"https:\/\/portaltela.pt\/s.01k8rhncp4jt1\/2025\/11\/talking-bot-125x125.png\",\"contentUrl\":\"https:\/\/portaltela.pt\/s.01k8rhncp4jt1\/2025\/11\/talking-bot-125x125.png\",\"caption\":\"Telinha\"},\"sameAs\":[\"https:\/\/portaltela.pt\/\"],\"url\":\"https:\/\/portaltela.pt\/por\/367410592786\/\"}]}<\/script>\n<!-- \/ Yoast SEO plugin. -->","yoast_head_json":{"title":"Trump diz que sele\u00e7\u00e3o do Ir\u00e3o pode competir no Mundial de 2026 - Portal Tela Portugal","robots":{"index":"index","follow":"follow","max-snippet":"max-snippet:-1","max-image-preview":"max-image-preview:large","max-video-preview":"max-video-preview:-1"},"og_locale":"pt_PT","og_type":"article","og_title":"Trump diz que sele\u00e7\u00e3o do Ir\u00e3o pode competir no Mundial de 2026 - Portal Tela Portugal","og_description":"Donald Trump afirma que a sele\u00e7\u00e3o do Ir\u00e3o poder\u00e1 competir no Mundial de 2026, conforme a not\u00edcia. A refer\u00eancia \u00e0 FIFA ocorre associada a Gianni Infantino, presidente da institui\u00e7\u00e3o. O texto completo da mat\u00e9ria est\u00e1 dispon\u00edvel apenas para subscritores. N\u00e3o s\u00e3o apresentados detalhes adicionais no conte\u00fado dispon\u00edvel.","og_url":"https:\/\/portaltela.pt\/noticias\/2026\/03\/11\/trump-diz-que-selecao-do-irao-pode-competir-no-mundial-de-2026\/","og_site_name":"Portal Tela Portugal","article_published_time":"2026-03-11T06:39:00+00:00","author":"Telinha","twitter_card":"summary_large_image","twitter_misc":{"Escrito por":"Telinha","Tempo estimado de leitura":"1 minuto"},"schema":{"@context":"https:\/\/schema.org","@graph":[{"@type":"Article","@id":"https:\/\/portaltela.pt\/noticias\/2026\/03\/11\/trump-diz-que-selecao-do-irao-pode-competir-no-mundial-de-2026\/#article","isPartOf":{"@id":"https:\/\/portaltela.pt\/noticias\/2026\/03\/11\/trump-diz-que-selecao-do-irao-pode-competir-no-mundial-de-2026\/"},"author":{"name":"Telinha","@id":"https:\/\/portaltela.pt\/#\/schema\/person\/c4278d4a6028830caff9ee44b42d32ed"},"headline":"Trump diz que sele\u00e7\u00e3o do Ir\u00e3o pode competir no Mundial de 2026","datePublished":"2026-03-11T06:39:00+00:00","mainEntityOfPage":{"@id":"https:\/\/portaltela.pt\/noticias\/2026\/03\/11\/trump-diz-que-selecao-do-irao-pode-competir-no-mundial-de-2026\/"},"wordCount":177,"image":{"@id":"https:\/\/portaltela.pt\/noticias\/2026\/03\/11\/trump-diz-que-selecao-do-irao-pode-competir-no-mundial-de-2026\/#primaryimage"},"thumbnailUrl":"https:\/\/portaltela.pt\/s.01k8rhncp4jt1\/2026\/03\/CACHE_780X1200_ANALOG_WATERMARKED_45842198_312358220084328.jpg","keywords":["#copa2026","Donald Trump","futebol","futebol internacional","Sele\u00e7\u00e3o Nacional","Sele\u00e7\u00f5es da Copa do Mundo"],"articleSection":["Copa do Mundo","Desporto"],"inLanguage":"pt-PT"},{"@type":"WebPage","@id":"https:\/\/portaltela.pt\/noticias\/2026\/03\/11\/trump-diz-que-selecao-do-irao-pode-competir-no-mundial-de-2026\/","url":"https:\/\/portaltela.pt\/noticias\/2026\/03\/11\/trump-diz-que-selecao-do-irao-pode-competir-no-mundial-de-2026\/","name":"Trump diz que sele\u00e7\u00e3o do Ir\u00e3o pode competir no Mundial de 2026 - Portal Tela Portugal","isPartOf":{"@id":"https:\/\/portaltela.pt\/#website"},"primaryImageOfPage":{"@id":"https:\/\/portaltela.pt\/noticias\/2026\/03\/11\/trump-diz-que-selecao-do-irao-pode-competir-no-mundial-de-2026\/#primaryimage"},"image":{"@id":"https:\/\/portaltela.pt\/noticias\/2026\/03\/11\/trump-diz-que-selecao-do-irao-pode-competir-no-mundial-de-2026\/#primaryimage"},"thumbnailUrl":"https:\/\/portaltela.pt\/s.01k8rhncp4jt1\/2026\/03\/CACHE_780X1200_ANALOG_WATERMARKED_45842198_312358220084328.jpg","datePublished":"2026-03-11T06:39:00+00:00","author":{"@id":"https:\/\/portaltela.pt\/#\/schema\/person\/c4278d4a6028830caff9ee44b42d32ed"},"breadcrumb":{"@id":"https:\/\/portaltela.pt\/noticias\/2026\/03\/11\/trump-diz-que-selecao-do-irao-pode-competir-no-mundial-de-2026\/#breadcrumb"},"inLanguage":"pt-PT","potentialAction":[{"@type":"ReadAction","target":["https:\/\/portaltela.pt\/noticias\/2026\/03\/11\/trump-diz-que-selecao-do-irao-pode-competir-no-mundial-de-2026\/"]}]},{"@type":"ImageObject","inLanguage":"pt-PT","@id":"https:\/\/portaltela.pt\/noticias\/2026\/03\/11\/trump-diz-que-selecao-do-irao-pode-competir-no-mundial-de-2026\/#primaryimage","url":"https:\/\/portaltela.pt\/s.01k8rhncp4jt1\/2026\/03\/CACHE_780X1200_ANALOG_WATERMARKED_45842198_312358220084328.jpg","contentUrl":"https:\/\/portaltela.pt\/s.01k8rhncp4jt1\/2026\/03\/CACHE_780X1200_ANALOG_WATERMARKED_45842198_312358220084328.jpg","width":796,"height":448,"caption":"Trump diz que sele\u00e7\u00e3o do Ir\u00e3o poder\u00e1 competir no Mundial2026 - Infantino"},{"@type":"BreadcrumbList","@id":"https:\/\/portaltela.pt\/noticias\/2026\/03\/11\/trump-diz-que-selecao-do-irao-pode-competir-no-mundial-de-2026\/#breadcrumb","itemListElement":[{"@type":"ListItem","position":1,"name":"In\u00edcio","item":"https:\/\/portaltela.pt\/"},{"@type":"ListItem","position":2,"name":"Trump diz que sele\u00e7\u00e3o do Ir\u00e3o pode competir no Mundial de 2026"}]},{"@type":"WebSite","@id":"https:\/\/portaltela.pt\/#website","url":"https:\/\/portaltela.pt\/","name":"Portal Tela Portugal","description":"","potentialAction":[{"@type":"SearchAction","target":{"@type":"EntryPoint","urlTemplate":"https:\/\/portaltela.pt\/?s={search_term_string}"},"query-input":{"@type":"PropertyValueSpecification","valueRequired":true,"valueName":"search_term_string"}}],"inLanguage":"pt-PT"},{"@type":"Person","@id":"https:\/\/portaltela.pt\/#\/schema\/person\/c4278d4a6028830caff9ee44b42d32ed","name":"Telinha","image":{"@type":"ImageObject","inLanguage":"pt-PT","@id":"https:\/\/portaltela.pt\/s.01k8rhncp4jt1\/2025\/11\/talking-bot-125x125.png","url":"https:\/\/portaltela.pt\/s.01k8rhncp4jt1\/2025\/11\/talking-bot-125x125.png","contentUrl":"https:\/\/portaltela.pt\/s.01k8rhncp4jt1\/2025\/11\/talking-bot-125x125.png","caption":"Telinha"},"sameAs":["https:\/\/portaltela.pt\/"],"url":"https:\/\/portaltela.pt\/por\/367410592786\/"}]}},"_links":{"self":[{"href":"https:\/\/portaltela.pt\/api\/wp\/v2\/posts\/405501","targetHints":{"allow":["GET"]}}],"collection":[{"href":"https:\/\/portaltela.pt\/api\/wp\/v2\/posts"}],"about":[{"href":"https:\/\/portaltela.pt\/api\/wp\/v2\/types\/post"}],"author":[{"embeddable":true,"href":"https:\/\/portaltela.pt\/api\/wp\/v2\/users\/2"}],"replies":[{"embeddable":true,"href":"https:\/\/portaltela.pt\/api\/wp\/v2\/comments?post=405501"}],"version-history":[{"count":0,"href":"https:\/\/portaltela.pt\/api\/wp\/v2\/posts\/405501\/revisions"}],"wp:featuredmedia":[{"embeddable":true,"href":"https:\/\/portaltela.pt\/api\/wp\/v2\/media\/405502"}],"wp:attachment":[{"href":"https:\/\/portaltela.pt\/api\/wp\/v2\/media?parent=405501"}],"wp:term":[{"taxonomy":"category","embeddable":true,"href":"https:\/\/portaltela.pt\/api\/wp\/v2\/categories?post=405501"},{"taxonomy":"post_tag","embeddable":true,"href":"https:\/\/portaltela.pt\/api\/wp\/v2\/tags?post=405501"}],"curies":[{"name":"wp","href":"https:\/\/api.w.org\/{rel}","templated":true}]}}