{"id":405497,"date":"2026-03-10T23:26:00","date_gmt":"2026-03-11T02:26:00","guid":{"rendered":"https:\/\/portaltela.pt\/noticias\/2026\/03\/10\/portugues-que-lidera-escolas-de-la-nega-irregularidades-e-pede-reintegracao\/"},"modified":"2026-03-10T23:26:00","modified_gmt":"2026-03-11T02:26:00","slug":"portugues-que-lidera-escolas-de-la-nega-irregularidades-e-pede-reintegracao","status":"publish","type":"post","link":"https:\/\/portaltela.pt\/noticias\/2026\/03\/10\/portugues-que-lidera-escolas-de-la-nega-irregularidades-e-pede-reintegracao\/","title":{"rendered":"Portugu\u00eas que lidera escolas de LA nega irregularidades e pede reintegra\u00e7\u00e3o"},"content":{"rendered":"<p>Um dirigente portugu\u00eas que lidera escolas em Los Angeles negou irregularidades e pediu reintegra\u00e7\u00e3o, conforme a ag\u00eancia Lusa.<\/p>\n<p>A not\u00edcia dispon\u00edvel n\u00e3o traz detalhes sobre data, local espec\u00edfico ou motiva\u00e7\u00f5es adicionais, limitando-se ao teor da den\u00fancia e \u00e0 solicita\u00e7\u00e3o de retorno do cargo.<\/p>\n<p>N\u00e3o foi poss\u00edvel confirmar informa\u00e7\u00f5es completas no trecho divulgado, que permanece acess\u00edvel apenas a subscritores.<\/p>\n","protected":false},"excerpt":{"rendered":"<ul>\n<li>O portugu\u00eas que lidera escolas de Los Angeles negou irregularidades associadas ao seu cargo.<\/li>\n<li>Disse que n\u00e3o houve qualquer infra\u00e7\u00e3o e pediu a reintegra\u00e7\u00e3o no posto.<\/li>\n<li>O caso envolve a dire\u00e7\u00e3o de escolas na \u00e1rea de Los Angeles.<\/li>\n<li>O pedido de reintegra\u00e7\u00e3o foi apresentado ap\u00f3s as alega\u00e7\u00f5es observadas.<\/li>\n<\/ul>\n","protected":false},"author":2,"featured_media":405498,"comment_status":"closed","ping_status":"closed","sticky":false,"template":"","format":"standard","meta":{"footnotes":""},"categories":[1],"tags":[1748,163,101,6802,6906],"class_list":["post-405497","post","type-post","status-publish","format-standard","has-post-thumbnail","hentry","category-noticias","tag-dirigentes","tag-educacao","tag-escolas","tag-lideranca","tag-los-angeles"],"yoast_head":"<!-- This site is optimized with the Yoast SEO plugin v27.2 - https:\/\/yoast.com\/product\/yoast-seo-wordpress\/ -->\n<title>Portugu\u00eas que lidera escolas de LA nega irregularidades e pede reintegra\u00e7\u00e3o - Portal Tela Portugal<\/title>\n<meta name=\"robots\" content=\"index, follow, max-snippet:-1, max-image-preview:large, max-video-preview:-1\" \/>\n<meta property=\"og:locale\" content=\"pt_PT\" \/>\n<meta property=\"og:type\" content=\"article\" \/>\n<meta property=\"og:title\" content=\"Portugu\u00eas que lidera escolas de LA nega irregularidades e pede reintegra\u00e7\u00e3o - Portal Tela Portugal\" \/>\n<meta property=\"og:description\" content=\"O portugu\u00eas que lidera escolas de Los Angeles negou irregularidades associadas ao seu cargo. Disse que n\u00e3o houve qualquer infra\u00e7\u00e3o e pediu a reintegra\u00e7\u00e3o no posto. O caso envolve a dire\u00e7\u00e3o de escolas na \u00e1rea de Los Angeles. O pedido de reintegra\u00e7\u00e3o foi apresentado ap\u00f3s as alega\u00e7\u00f5es observadas.\" \/>\n<meta property=\"og:url\" content=\"https:\/\/portaltela.pt\/noticias\/2026\/03\/10\/portugues-que-lidera-escolas-de-la-nega-irregularidades-e-pede-reintegracao\/\" \/>\n<meta property=\"og:site_name\" content=\"Portal Tela Portugal\" \/>\n<meta property=\"article:published_time\" content=\"2026-03-11T02:26:00+00:00\" \/>\n<meta name=\"author\" content=\"Telinha\" \/>\n<meta name=\"twitter:card\" content=\"summary_large_image\" \/>\n<meta name=\"twitter:label1\" content=\"Escrito por\" \/>\n\t<meta name=\"twitter:data1\" content=\"Telinha\" \/>\n<script type=\"application\/ld+json\" class=\"yoast-schema-graph\">{\"@context\":\"https:\/\/schema.org\",\"@graph\":[{\"@type\":\"Article\",\"@id\":\"https:\/\/portaltela.pt\/noticias\/2026\/03\/10\/portugues-que-lidera-escolas-de-la-nega-irregularidades-e-pede-reintegracao\/#article\",\"isPartOf\":{\"@id\":\"https:\/\/portaltela.pt\/noticias\/2026\/03\/10\/portugues-que-lidera-escolas-de-la-nega-irregularidades-e-pede-reintegracao\/\"},\"author\":{\"name\":\"Telinha\",\"@id\":\"https:\/\/portaltela.pt\/#\/schema\/person\/c4278d4a6028830caff9ee44b42d32ed\"},\"headline\":\"Portugu\u00eas que lidera escolas de LA nega irregularidades e pede reintegra\u00e7\u00e3o\",\"datePublished\":\"2026-03-11T02:26:00+00:00\",\"mainEntityOfPage\":{\"@id\":\"https:\/\/portaltela.pt\/noticias\/2026\/03\/10\/portugues-que-lidera-escolas-de-la-nega-irregularidades-e-pede-reintegracao\/\"},\"wordCount\":84,\"image\":{\"@id\":\"https:\/\/portaltela.pt\/noticias\/2026\/03\/10\/portugues-que-lidera-escolas-de-la-nega-irregularidades-e-pede-reintegracao\/#primaryimage\"},\"thumbnailUrl\":\"https:\/\/portaltela.pt\/s.01k8rhncp4jt1\/2026\/03\/CACHE_780X1200_ANALOG_WATERMARKED_39187390_732653416665077.jpg\",\"keywords\":[\"Dirigentes\",\"educa\u00e7\u00e3o\",\"escolas\",\"lideran\u00e7a\",\"Los Angeles\"],\"articleSection\":[\"Not\u00edcias\"],\"inLanguage\":\"pt-PT\"},{\"@type\":\"WebPage\",\"@id\":\"https:\/\/portaltela.pt\/noticias\/2026\/03\/10\/portugues-que-lidera-escolas-de-la-nega-irregularidades-e-pede-reintegracao\/\",\"url\":\"https:\/\/portaltela.pt\/noticias\/2026\/03\/10\/portugues-que-lidera-escolas-de-la-nega-irregularidades-e-pede-reintegracao\/\",\"name\":\"Portugu\u00eas que lidera escolas de LA nega irregularidades e pede reintegra\u00e7\u00e3o - Portal Tela Portugal\",\"isPartOf\":{\"@id\":\"https:\/\/portaltela.pt\/#website\"},\"primaryImageOfPage\":{\"@id\":\"https:\/\/portaltela.pt\/noticias\/2026\/03\/10\/portugues-que-lidera-escolas-de-la-nega-irregularidades-e-pede-reintegracao\/#primaryimage\"},\"image\":{\"@id\":\"https:\/\/portaltela.pt\/noticias\/2026\/03\/10\/portugues-que-lidera-escolas-de-la-nega-irregularidades-e-pede-reintegracao\/#primaryimage\"},\"thumbnailUrl\":\"https:\/\/portaltela.pt\/s.01k8rhncp4jt1\/2026\/03\/CACHE_780X1200_ANALOG_WATERMARKED_39187390_732653416665077.jpg\",\"datePublished\":\"2026-03-11T02:26:00+00:00\",\"author\":{\"@id\":\"https:\/\/portaltela.pt\/#\/schema\/person\/c4278d4a6028830caff9ee44b42d32ed\"},\"breadcrumb\":{\"@id\":\"https:\/\/portaltela.pt\/noticias\/2026\/03\/10\/portugues-que-lidera-escolas-de-la-nega-irregularidades-e-pede-reintegracao\/#breadcrumb\"},\"inLanguage\":\"pt-PT\",\"potentialAction\":[{\"@type\":\"ReadAction\",\"target\":[\"https:\/\/portaltela.pt\/noticias\/2026\/03\/10\/portugues-que-lidera-escolas-de-la-nega-irregularidades-e-pede-reintegracao\/\"]}]},{\"@type\":\"ImageObject\",\"inLanguage\":\"pt-PT\",\"@id\":\"https:\/\/portaltela.pt\/noticias\/2026\/03\/10\/portugues-que-lidera-escolas-de-la-nega-irregularidades-e-pede-reintegracao\/#primaryimage\",\"url\":\"https:\/\/portaltela.pt\/s.01k8rhncp4jt1\/2026\/03\/CACHE_780X1200_ANALOG_WATERMARKED_39187390_732653416665077.jpg\",\"contentUrl\":\"https:\/\/portaltela.pt\/s.01k8rhncp4jt1\/2026\/03\/CACHE_780X1200_ANALOG_WATERMARKED_39187390_732653416665077.jpg\",\"width\":796,\"height\":448,\"caption\":\"Portugu\u00eas que lidera escolas de Los Angeles nega irregularidades e pede reintegra\u00e7\u00e3o\"},{\"@type\":\"BreadcrumbList\",\"@id\":\"https:\/\/portaltela.pt\/noticias\/2026\/03\/10\/portugues-que-lidera-escolas-de-la-nega-irregularidades-e-pede-reintegracao\/#breadcrumb\",\"itemListElement\":[{\"@type\":\"ListItem\",\"position\":1,\"name\":\"In\u00edcio\",\"item\":\"https:\/\/portaltela.pt\/\"},{\"@type\":\"ListItem\",\"position\":2,\"name\":\"Portugu\u00eas que lidera escolas de LA nega irregularidades e pede reintegra\u00e7\u00e3o\"}]},{\"@type\":\"WebSite\",\"@id\":\"https:\/\/portaltela.pt\/#website\",\"url\":\"https:\/\/portaltela.pt\/\",\"name\":\"Portal Tela Portugal\",\"description\":\"\",\"potentialAction\":[{\"@type\":\"SearchAction\",\"target\":{\"@type\":\"EntryPoint\",\"urlTemplate\":\"https:\/\/portaltela.pt\/?s={search_term_string}\"},\"query-input\":{\"@type\":\"PropertyValueSpecification\",\"valueRequired\":true,\"valueName\":\"search_term_string\"}}],\"inLanguage\":\"pt-PT\"},{\"@type\":\"Person\",\"@id\":\"https:\/\/portaltela.pt\/#\/schema\/person\/c4278d4a6028830caff9ee44b42d32ed\",\"name\":\"Telinha\",\"image\":{\"@type\":\"ImageObject\",\"inLanguage\":\"pt-PT\",\"@id\":\"https:\/\/portaltela.pt\/s.01k8rhncp4jt1\/2025\/11\/talking-bot-125x125.png\",\"url\":\"https:\/\/portaltela.pt\/s.01k8rhncp4jt1\/2025\/11\/talking-bot-125x125.png\",\"contentUrl\":\"https:\/\/portaltela.pt\/s.01k8rhncp4jt1\/2025\/11\/talking-bot-125x125.png\",\"caption\":\"Telinha\"},\"sameAs\":[\"https:\/\/portaltela.pt\/\"],\"url\":\"https:\/\/portaltela.pt\/por\/367410592786\/\"}]}<\/script>\n<!-- \/ Yoast SEO plugin. -->","yoast_head_json":{"title":"Portugu\u00eas que lidera escolas de LA nega irregularidades e pede reintegra\u00e7\u00e3o - Portal Tela Portugal","robots":{"index":"index","follow":"follow","max-snippet":"max-snippet:-1","max-image-preview":"max-image-preview:large","max-video-preview":"max-video-preview:-1"},"og_locale":"pt_PT","og_type":"article","og_title":"Portugu\u00eas que lidera escolas de LA nega irregularidades e pede reintegra\u00e7\u00e3o - Portal Tela Portugal","og_description":"O portugu\u00eas que lidera escolas de Los Angeles negou irregularidades associadas ao seu cargo. Disse que n\u00e3o houve qualquer infra\u00e7\u00e3o e pediu a reintegra\u00e7\u00e3o no posto. O caso envolve a dire\u00e7\u00e3o de escolas na \u00e1rea de Los Angeles. O pedido de reintegra\u00e7\u00e3o foi apresentado ap\u00f3s as alega\u00e7\u00f5es observadas.","og_url":"https:\/\/portaltela.pt\/noticias\/2026\/03\/10\/portugues-que-lidera-escolas-de-la-nega-irregularidades-e-pede-reintegracao\/","og_site_name":"Portal Tela Portugal","article_published_time":"2026-03-11T02:26:00+00:00","author":"Telinha","twitter_card":"summary_large_image","twitter_misc":{"Escrito por":"Telinha"},"schema":{"@context":"https:\/\/schema.org","@graph":[{"@type":"Article","@id":"https:\/\/portaltela.pt\/noticias\/2026\/03\/10\/portugues-que-lidera-escolas-de-la-nega-irregularidades-e-pede-reintegracao\/#article","isPartOf":{"@id":"https:\/\/portaltela.pt\/noticias\/2026\/03\/10\/portugues-que-lidera-escolas-de-la-nega-irregularidades-e-pede-reintegracao\/"},"author":{"name":"Telinha","@id":"https:\/\/portaltela.pt\/#\/schema\/person\/c4278d4a6028830caff9ee44b42d32ed"},"headline":"Portugu\u00eas que lidera escolas de LA nega irregularidades e pede reintegra\u00e7\u00e3o","datePublished":"2026-03-11T02:26:00+00:00","mainEntityOfPage":{"@id":"https:\/\/portaltela.pt\/noticias\/2026\/03\/10\/portugues-que-lidera-escolas-de-la-nega-irregularidades-e-pede-reintegracao\/"},"wordCount":84,"image":{"@id":"https:\/\/portaltela.pt\/noticias\/2026\/03\/10\/portugues-que-lidera-escolas-de-la-nega-irregularidades-e-pede-reintegracao\/#primaryimage"},"thumbnailUrl":"https:\/\/portaltela.pt\/s.01k8rhncp4jt1\/2026\/03\/CACHE_780X1200_ANALOG_WATERMARKED_39187390_732653416665077.jpg","keywords":["Dirigentes","educa\u00e7\u00e3o","escolas","lideran\u00e7a","Los Angeles"],"articleSection":["Not\u00edcias"],"inLanguage":"pt-PT"},{"@type":"WebPage","@id":"https:\/\/portaltela.pt\/noticias\/2026\/03\/10\/portugues-que-lidera-escolas-de-la-nega-irregularidades-e-pede-reintegracao\/","url":"https:\/\/portaltela.pt\/noticias\/2026\/03\/10\/portugues-que-lidera-escolas-de-la-nega-irregularidades-e-pede-reintegracao\/","name":"Portugu\u00eas que lidera escolas de LA nega irregularidades e pede reintegra\u00e7\u00e3o - Portal Tela Portugal","isPartOf":{"@id":"https:\/\/portaltela.pt\/#website"},"primaryImageOfPage":{"@id":"https:\/\/portaltela.pt\/noticias\/2026\/03\/10\/portugues-que-lidera-escolas-de-la-nega-irregularidades-e-pede-reintegracao\/#primaryimage"},"image":{"@id":"https:\/\/portaltela.pt\/noticias\/2026\/03\/10\/portugues-que-lidera-escolas-de-la-nega-irregularidades-e-pede-reintegracao\/#primaryimage"},"thumbnailUrl":"https:\/\/portaltela.pt\/s.01k8rhncp4jt1\/2026\/03\/CACHE_780X1200_ANALOG_WATERMARKED_39187390_732653416665077.jpg","datePublished":"2026-03-11T02:26:00+00:00","author":{"@id":"https:\/\/portaltela.pt\/#\/schema\/person\/c4278d4a6028830caff9ee44b42d32ed"},"breadcrumb":{"@id":"https:\/\/portaltela.pt\/noticias\/2026\/03\/10\/portugues-que-lidera-escolas-de-la-nega-irregularidades-e-pede-reintegracao\/#breadcrumb"},"inLanguage":"pt-PT","potentialAction":[{"@type":"ReadAction","target":["https:\/\/portaltela.pt\/noticias\/2026\/03\/10\/portugues-que-lidera-escolas-de-la-nega-irregularidades-e-pede-reintegracao\/"]}]},{"@type":"ImageObject","inLanguage":"pt-PT","@id":"https:\/\/portaltela.pt\/noticias\/2026\/03\/10\/portugues-que-lidera-escolas-de-la-nega-irregularidades-e-pede-reintegracao\/#primaryimage","url":"https:\/\/portaltela.pt\/s.01k8rhncp4jt1\/2026\/03\/CACHE_780X1200_ANALOG_WATERMARKED_39187390_732653416665077.jpg","contentUrl":"https:\/\/portaltela.pt\/s.01k8rhncp4jt1\/2026\/03\/CACHE_780X1200_ANALOG_WATERMARKED_39187390_732653416665077.jpg","width":796,"height":448,"caption":"Portugu\u00eas que lidera escolas de Los Angeles nega irregularidades e pede reintegra\u00e7\u00e3o"},{"@type":"BreadcrumbList","@id":"https:\/\/portaltela.pt\/noticias\/2026\/03\/10\/portugues-que-lidera-escolas-de-la-nega-irregularidades-e-pede-reintegracao\/#breadcrumb","itemListElement":[{"@type":"ListItem","position":1,"name":"In\u00edcio","item":"https:\/\/portaltela.pt\/"},{"@type":"ListItem","position":2,"name":"Portugu\u00eas que lidera escolas de LA nega irregularidades e pede reintegra\u00e7\u00e3o"}]},{"@type":"WebSite","@id":"https:\/\/portaltela.pt\/#website","url":"https:\/\/portaltela.pt\/","name":"Portal Tela Portugal","description":"","potentialAction":[{"@type":"SearchAction","target":{"@type":"EntryPoint","urlTemplate":"https:\/\/portaltela.pt\/?s={search_term_string}"},"query-input":{"@type":"PropertyValueSpecification","valueRequired":true,"valueName":"search_term_string"}}],"inLanguage":"pt-PT"},{"@type":"Person","@id":"https:\/\/portaltela.pt\/#\/schema\/person\/c4278d4a6028830caff9ee44b42d32ed","name":"Telinha","image":{"@type":"ImageObject","inLanguage":"pt-PT","@id":"https:\/\/portaltela.pt\/s.01k8rhncp4jt1\/2025\/11\/talking-bot-125x125.png","url":"https:\/\/portaltela.pt\/s.01k8rhncp4jt1\/2025\/11\/talking-bot-125x125.png","contentUrl":"https:\/\/portaltela.pt\/s.01k8rhncp4jt1\/2025\/11\/talking-bot-125x125.png","caption":"Telinha"},"sameAs":["https:\/\/portaltela.pt\/"],"url":"https:\/\/portaltela.pt\/por\/367410592786\/"}]}},"_links":{"self":[{"href":"https:\/\/portaltela.pt\/api\/wp\/v2\/posts\/405497","targetHints":{"allow":["GET"]}}],"collection":[{"href":"https:\/\/portaltela.pt\/api\/wp\/v2\/posts"}],"about":[{"href":"https:\/\/portaltela.pt\/api\/wp\/v2\/types\/post"}],"author":[{"embeddable":true,"href":"https:\/\/portaltela.pt\/api\/wp\/v2\/users\/2"}],"replies":[{"embeddable":true,"href":"https:\/\/portaltela.pt\/api\/wp\/v2\/comments?post=405497"}],"version-history":[{"count":0,"href":"https:\/\/portaltela.pt\/api\/wp\/v2\/posts\/405497\/revisions"}],"wp:featuredmedia":[{"embeddable":true,"href":"https:\/\/portaltela.pt\/api\/wp\/v2\/media\/405498"}],"wp:attachment":[{"href":"https:\/\/portaltela.pt\/api\/wp\/v2\/media?parent=405497"}],"wp:term":[{"taxonomy":"category","embeddable":true,"href":"https:\/\/portaltela.pt\/api\/wp\/v2\/categories?post=405497"},{"taxonomy":"post_tag","embeddable":true,"href":"https:\/\/portaltela.pt\/api\/wp\/v2\/tags?post=405497"}],"curies":[{"name":"wp","href":"https:\/\/api.w.org\/{rel}","templated":true}]}}