{"id":405477,"date":"2026-03-10T22:31:00","date_gmt":"2026-03-11T01:31:00","guid":{"rendered":"https:\/\/portaltela.pt\/noticias\/2026\/03\/10\/ministro-da-presidencia-evita-que-a-lusa-va-para-as-maos-de-um-novo-socrates\/"},"modified":"2026-03-10T22:31:00","modified_gmt":"2026-03-11T01:31:00","slug":"ministro-da-presidencia-evita-que-a-lusa-va-para-as-maos-de-um-novo-socrates","status":"publish","type":"post","link":"https:\/\/portaltela.pt\/noticias\/politica\/2026\/03\/10\/ministro-da-presidencia-evita-que-a-lusa-va-para-as-maos-de-um-novo-socrates\/","title":{"rendered":"Ministro da Presid\u00eancia evita que a Lusa v\u00e1 para as m\u00e3os de um novo S\u00f3crates"},"content":{"rendered":"<p>O ministro da Presid\u00eancia afirmou que n\u00e3o quer ver a ag\u00eancia Lusa nas m\u00e3os de um novo S\u00f3crates. A declara\u00e7\u00e3o foi feita em contexto oficial, sem mais detalhes p\u00fablicos imediatos sobre o assunto.<\/p>\n<p>O posicionamento envolve a preocupa\u00e7\u00e3o com a concentra\u00e7\u00e3o de poder pol\u00edtico na gest\u00e3o da informa\u00e7\u00e3o, segundo nota publicada pela Lusa. A refer\u00eancia facilita a interpreta\u00e7\u00e3o de que se pretende manter a independ\u00eancia da ag\u00eancia.<\/p>\n<p>A not\u00edcia completa n\u00e3o est\u00e1 dispon\u00edvel gratuitamente; o conte\u00fado integral encontra-se acess\u00edvel apenas a assinantes da ag\u00eancia. A Lusa indica que o tema foi abordado em declara\u00e7\u00f5es recentes do ministro.<\/p>\n","protected":false},"excerpt":{"rendered":"<ul>\n<li>O ministro da Presid\u00eancia disse: &#8220;Eu n\u00e3o quero a Lusa nas m\u00e3os de um novo S\u00f3crates&#8221;.<\/li>\n<li>A declara\u00e7\u00e3o envolve a Lusa e poss\u00edveis influ\u00eancias sobre a ag\u00eancia.<\/li>\n<li>A not\u00edcia completa est\u00e1 dispon\u00edvel apenas para subscritores.<\/li>\n<\/ul>\n","protected":false},"author":2,"featured_media":405478,"comment_status":"closed","ping_status":"closed","sticky":false,"template":"","format":"standard","meta":{"footnotes":""},"categories":[1,5],"tags":[34,1293,195,2832,30],"class_list":["post-405477","post","type-post","status-publish","format-standard","has-post-thumbnail","hentry","category-noticias","category-politica","tag-governo","tag-independencia","tag-informacao","tag-politica","tag-presidente"],"yoast_head":"<!-- This site is optimized with the Yoast SEO plugin v27.2 - https:\/\/yoast.com\/product\/yoast-seo-wordpress\/ -->\n<title>Ministro da Presid\u00eancia evita que a Lusa v\u00e1 para as m\u00e3os de um novo S\u00f3crates - Portal Tela Portugal<\/title>\n<meta name=\"robots\" content=\"index, follow, max-snippet:-1, max-image-preview:large, max-video-preview:-1\" \/>\n<meta property=\"og:locale\" content=\"pt_PT\" \/>\n<meta property=\"og:type\" content=\"article\" \/>\n<meta property=\"og:title\" content=\"Ministro da Presid\u00eancia evita que a Lusa v\u00e1 para as m\u00e3os de um novo S\u00f3crates - Portal Tela Portugal\" \/>\n<meta property=\"og:description\" content=\"O ministro da Presid\u00eancia disse: &quot;Eu n\u00e3o quero a Lusa nas m\u00e3os de um novo S\u00f3crates&quot;. A declara\u00e7\u00e3o envolve a Lusa e poss\u00edveis influ\u00eancias sobre a ag\u00eancia. A not\u00edcia completa est\u00e1 dispon\u00edvel apenas para subscritores.\" \/>\n<meta property=\"og:url\" content=\"https:\/\/portaltela.pt\/noticias\/2026\/03\/10\/ministro-da-presidencia-evita-que-a-lusa-va-para-as-maos-de-um-novo-socrates\/\" \/>\n<meta property=\"og:site_name\" content=\"Portal Tela Portugal\" \/>\n<meta property=\"article:published_time\" content=\"2026-03-11T01:31:00+00:00\" \/>\n<meta name=\"author\" content=\"Telinha\" \/>\n<meta name=\"twitter:card\" content=\"summary_large_image\" \/>\n<meta name=\"twitter:label1\" content=\"Escrito por\" \/>\n\t<meta name=\"twitter:data1\" content=\"Telinha\" \/>\n\t<meta name=\"twitter:label2\" content=\"Tempo estimado de leitura\" \/>\n\t<meta name=\"twitter:data2\" content=\"1 minuto\" \/>\n<script type=\"application\/ld+json\" class=\"yoast-schema-graph\">{\"@context\":\"https:\/\/schema.org\",\"@graph\":[{\"@type\":\"Article\",\"@id\":\"https:\/\/portaltela.pt\/noticias\/2026\/03\/10\/ministro-da-presidencia-evita-que-a-lusa-va-para-as-maos-de-um-novo-socrates\/#article\",\"isPartOf\":{\"@id\":\"https:\/\/portaltela.pt\/noticias\/2026\/03\/10\/ministro-da-presidencia-evita-que-a-lusa-va-para-as-maos-de-um-novo-socrates\/\"},\"author\":{\"name\":\"Telinha\",\"@id\":\"https:\/\/portaltela.pt\/#\/schema\/person\/c4278d4a6028830caff9ee44b42d32ed\"},\"headline\":\"Ministro da Presid\u00eancia evita que a Lusa v\u00e1 para as m\u00e3os de um novo S\u00f3crates\",\"datePublished\":\"2026-03-11T01:31:00+00:00\",\"mainEntityOfPage\":{\"@id\":\"https:\/\/portaltela.pt\/noticias\/2026\/03\/10\/ministro-da-presidencia-evita-que-a-lusa-va-para-as-maos-de-um-novo-socrates\/\"},\"wordCount\":138,\"image\":{\"@id\":\"https:\/\/portaltela.pt\/noticias\/2026\/03\/10\/ministro-da-presidencia-evita-que-a-lusa-va-para-as-maos-de-um-novo-socrates\/#primaryimage\"},\"thumbnailUrl\":\"https:\/\/portaltela.pt\/s.01k8rhncp4jt1\/2026\/03\/CACHE_780X1200_ANALOG_WATERMARKED_46631178_4511843_24022026011200.jpg\",\"keywords\":[\"governo\",\"independ\u00eancia\",\"informa\u00e7\u00e3o\",\"pol\u00edtica\",\"presidente\"],\"articleSection\":[\"Not\u00edcias\",\"Pol\u00edtica\"],\"inLanguage\":\"pt-PT\"},{\"@type\":\"WebPage\",\"@id\":\"https:\/\/portaltela.pt\/noticias\/2026\/03\/10\/ministro-da-presidencia-evita-que-a-lusa-va-para-as-maos-de-um-novo-socrates\/\",\"url\":\"https:\/\/portaltela.pt\/noticias\/2026\/03\/10\/ministro-da-presidencia-evita-que-a-lusa-va-para-as-maos-de-um-novo-socrates\/\",\"name\":\"Ministro da Presid\u00eancia evita que a Lusa v\u00e1 para as m\u00e3os de um novo S\u00f3crates - Portal Tela Portugal\",\"isPartOf\":{\"@id\":\"https:\/\/portaltela.pt\/#website\"},\"primaryImageOfPage\":{\"@id\":\"https:\/\/portaltela.pt\/noticias\/2026\/03\/10\/ministro-da-presidencia-evita-que-a-lusa-va-para-as-maos-de-um-novo-socrates\/#primaryimage\"},\"image\":{\"@id\":\"https:\/\/portaltela.pt\/noticias\/2026\/03\/10\/ministro-da-presidencia-evita-que-a-lusa-va-para-as-maos-de-um-novo-socrates\/#primaryimage\"},\"thumbnailUrl\":\"https:\/\/portaltela.pt\/s.01k8rhncp4jt1\/2026\/03\/CACHE_780X1200_ANALOG_WATERMARKED_46631178_4511843_24022026011200.jpg\",\"datePublished\":\"2026-03-11T01:31:00+00:00\",\"author\":{\"@id\":\"https:\/\/portaltela.pt\/#\/schema\/person\/c4278d4a6028830caff9ee44b42d32ed\"},\"breadcrumb\":{\"@id\":\"https:\/\/portaltela.pt\/noticias\/2026\/03\/10\/ministro-da-presidencia-evita-que-a-lusa-va-para-as-maos-de-um-novo-socrates\/#breadcrumb\"},\"inLanguage\":\"pt-PT\",\"potentialAction\":[{\"@type\":\"ReadAction\",\"target\":[\"https:\/\/portaltela.pt\/noticias\/2026\/03\/10\/ministro-da-presidencia-evita-que-a-lusa-va-para-as-maos-de-um-novo-socrates\/\"]}]},{\"@type\":\"ImageObject\",\"inLanguage\":\"pt-PT\",\"@id\":\"https:\/\/portaltela.pt\/noticias\/2026\/03\/10\/ministro-da-presidencia-evita-que-a-lusa-va-para-as-maos-de-um-novo-socrates\/#primaryimage\",\"url\":\"https:\/\/portaltela.pt\/s.01k8rhncp4jt1\/2026\/03\/CACHE_780X1200_ANALOG_WATERMARKED_46631178_4511843_24022026011200.jpg\",\"contentUrl\":\"https:\/\/portaltela.pt\/s.01k8rhncp4jt1\/2026\/03\/CACHE_780X1200_ANALOG_WATERMARKED_46631178_4511843_24022026011200.jpg\",\"width\":796,\"height\":448,\"caption\":\"Eu n\u00e3o quero a Lusa nas m\u00e3os de um novo S\u00f3crates - ministro da Presid\u00eancia\"},{\"@type\":\"BreadcrumbList\",\"@id\":\"https:\/\/portaltela.pt\/noticias\/2026\/03\/10\/ministro-da-presidencia-evita-que-a-lusa-va-para-as-maos-de-um-novo-socrates\/#breadcrumb\",\"itemListElement\":[{\"@type\":\"ListItem\",\"position\":1,\"name\":\"In\u00edcio\",\"item\":\"https:\/\/portaltela.pt\/\"},{\"@type\":\"ListItem\",\"position\":2,\"name\":\"Ministro da Presid\u00eancia evita que a Lusa v\u00e1 para as m\u00e3os de um novo S\u00f3crates\"}]},{\"@type\":\"WebSite\",\"@id\":\"https:\/\/portaltela.pt\/#website\",\"url\":\"https:\/\/portaltela.pt\/\",\"name\":\"Portal Tela Portugal\",\"description\":\"\",\"potentialAction\":[{\"@type\":\"SearchAction\",\"target\":{\"@type\":\"EntryPoint\",\"urlTemplate\":\"https:\/\/portaltela.pt\/?s={search_term_string}\"},\"query-input\":{\"@type\":\"PropertyValueSpecification\",\"valueRequired\":true,\"valueName\":\"search_term_string\"}}],\"inLanguage\":\"pt-PT\"},{\"@type\":\"Person\",\"@id\":\"https:\/\/portaltela.pt\/#\/schema\/person\/c4278d4a6028830caff9ee44b42d32ed\",\"name\":\"Telinha\",\"image\":{\"@type\":\"ImageObject\",\"inLanguage\":\"pt-PT\",\"@id\":\"https:\/\/portaltela.pt\/s.01k8rhncp4jt1\/2025\/11\/talking-bot-125x125.png\",\"url\":\"https:\/\/portaltela.pt\/s.01k8rhncp4jt1\/2025\/11\/talking-bot-125x125.png\",\"contentUrl\":\"https:\/\/portaltela.pt\/s.01k8rhncp4jt1\/2025\/11\/talking-bot-125x125.png\",\"caption\":\"Telinha\"},\"sameAs\":[\"https:\/\/portaltela.pt\/\"],\"url\":\"https:\/\/portaltela.pt\/por\/367410592786\/\"}]}<\/script>\n<!-- \/ Yoast SEO plugin. -->","yoast_head_json":{"title":"Ministro da Presid\u00eancia evita que a Lusa v\u00e1 para as m\u00e3os de um novo S\u00f3crates - Portal Tela Portugal","robots":{"index":"index","follow":"follow","max-snippet":"max-snippet:-1","max-image-preview":"max-image-preview:large","max-video-preview":"max-video-preview:-1"},"og_locale":"pt_PT","og_type":"article","og_title":"Ministro da Presid\u00eancia evita que a Lusa v\u00e1 para as m\u00e3os de um novo S\u00f3crates - Portal Tela Portugal","og_description":"O ministro da Presid\u00eancia disse: \"Eu n\u00e3o quero a Lusa nas m\u00e3os de um novo S\u00f3crates\". A declara\u00e7\u00e3o envolve a Lusa e poss\u00edveis influ\u00eancias sobre a ag\u00eancia. A not\u00edcia completa est\u00e1 dispon\u00edvel apenas para subscritores.","og_url":"https:\/\/portaltela.pt\/noticias\/2026\/03\/10\/ministro-da-presidencia-evita-que-a-lusa-va-para-as-maos-de-um-novo-socrates\/","og_site_name":"Portal Tela Portugal","article_published_time":"2026-03-11T01:31:00+00:00","author":"Telinha","twitter_card":"summary_large_image","twitter_misc":{"Escrito por":"Telinha","Tempo estimado de leitura":"1 minuto"},"schema":{"@context":"https:\/\/schema.org","@graph":[{"@type":"Article","@id":"https:\/\/portaltela.pt\/noticias\/2026\/03\/10\/ministro-da-presidencia-evita-que-a-lusa-va-para-as-maos-de-um-novo-socrates\/#article","isPartOf":{"@id":"https:\/\/portaltela.pt\/noticias\/2026\/03\/10\/ministro-da-presidencia-evita-que-a-lusa-va-para-as-maos-de-um-novo-socrates\/"},"author":{"name":"Telinha","@id":"https:\/\/portaltela.pt\/#\/schema\/person\/c4278d4a6028830caff9ee44b42d32ed"},"headline":"Ministro da Presid\u00eancia evita que a Lusa v\u00e1 para as m\u00e3os de um novo S\u00f3crates","datePublished":"2026-03-11T01:31:00+00:00","mainEntityOfPage":{"@id":"https:\/\/portaltela.pt\/noticias\/2026\/03\/10\/ministro-da-presidencia-evita-que-a-lusa-va-para-as-maos-de-um-novo-socrates\/"},"wordCount":138,"image":{"@id":"https:\/\/portaltela.pt\/noticias\/2026\/03\/10\/ministro-da-presidencia-evita-que-a-lusa-va-para-as-maos-de-um-novo-socrates\/#primaryimage"},"thumbnailUrl":"https:\/\/portaltela.pt\/s.01k8rhncp4jt1\/2026\/03\/CACHE_780X1200_ANALOG_WATERMARKED_46631178_4511843_24022026011200.jpg","keywords":["governo","independ\u00eancia","informa\u00e7\u00e3o","pol\u00edtica","presidente"],"articleSection":["Not\u00edcias","Pol\u00edtica"],"inLanguage":"pt-PT"},{"@type":"WebPage","@id":"https:\/\/portaltela.pt\/noticias\/2026\/03\/10\/ministro-da-presidencia-evita-que-a-lusa-va-para-as-maos-de-um-novo-socrates\/","url":"https:\/\/portaltela.pt\/noticias\/2026\/03\/10\/ministro-da-presidencia-evita-que-a-lusa-va-para-as-maos-de-um-novo-socrates\/","name":"Ministro da Presid\u00eancia evita que a Lusa v\u00e1 para as m\u00e3os de um novo S\u00f3crates - Portal Tela Portugal","isPartOf":{"@id":"https:\/\/portaltela.pt\/#website"},"primaryImageOfPage":{"@id":"https:\/\/portaltela.pt\/noticias\/2026\/03\/10\/ministro-da-presidencia-evita-que-a-lusa-va-para-as-maos-de-um-novo-socrates\/#primaryimage"},"image":{"@id":"https:\/\/portaltela.pt\/noticias\/2026\/03\/10\/ministro-da-presidencia-evita-que-a-lusa-va-para-as-maos-de-um-novo-socrates\/#primaryimage"},"thumbnailUrl":"https:\/\/portaltela.pt\/s.01k8rhncp4jt1\/2026\/03\/CACHE_780X1200_ANALOG_WATERMARKED_46631178_4511843_24022026011200.jpg","datePublished":"2026-03-11T01:31:00+00:00","author":{"@id":"https:\/\/portaltela.pt\/#\/schema\/person\/c4278d4a6028830caff9ee44b42d32ed"},"breadcrumb":{"@id":"https:\/\/portaltela.pt\/noticias\/2026\/03\/10\/ministro-da-presidencia-evita-que-a-lusa-va-para-as-maos-de-um-novo-socrates\/#breadcrumb"},"inLanguage":"pt-PT","potentialAction":[{"@type":"ReadAction","target":["https:\/\/portaltela.pt\/noticias\/2026\/03\/10\/ministro-da-presidencia-evita-que-a-lusa-va-para-as-maos-de-um-novo-socrates\/"]}]},{"@type":"ImageObject","inLanguage":"pt-PT","@id":"https:\/\/portaltela.pt\/noticias\/2026\/03\/10\/ministro-da-presidencia-evita-que-a-lusa-va-para-as-maos-de-um-novo-socrates\/#primaryimage","url":"https:\/\/portaltela.pt\/s.01k8rhncp4jt1\/2026\/03\/CACHE_780X1200_ANALOG_WATERMARKED_46631178_4511843_24022026011200.jpg","contentUrl":"https:\/\/portaltela.pt\/s.01k8rhncp4jt1\/2026\/03\/CACHE_780X1200_ANALOG_WATERMARKED_46631178_4511843_24022026011200.jpg","width":796,"height":448,"caption":"Eu n\u00e3o quero a Lusa nas m\u00e3os de um novo S\u00f3crates - ministro da Presid\u00eancia"},{"@type":"BreadcrumbList","@id":"https:\/\/portaltela.pt\/noticias\/2026\/03\/10\/ministro-da-presidencia-evita-que-a-lusa-va-para-as-maos-de-um-novo-socrates\/#breadcrumb","itemListElement":[{"@type":"ListItem","position":1,"name":"In\u00edcio","item":"https:\/\/portaltela.pt\/"},{"@type":"ListItem","position":2,"name":"Ministro da Presid\u00eancia evita que a Lusa v\u00e1 para as m\u00e3os de um novo S\u00f3crates"}]},{"@type":"WebSite","@id":"https:\/\/portaltela.pt\/#website","url":"https:\/\/portaltela.pt\/","name":"Portal Tela Portugal","description":"","potentialAction":[{"@type":"SearchAction","target":{"@type":"EntryPoint","urlTemplate":"https:\/\/portaltela.pt\/?s={search_term_string}"},"query-input":{"@type":"PropertyValueSpecification","valueRequired":true,"valueName":"search_term_string"}}],"inLanguage":"pt-PT"},{"@type":"Person","@id":"https:\/\/portaltela.pt\/#\/schema\/person\/c4278d4a6028830caff9ee44b42d32ed","name":"Telinha","image":{"@type":"ImageObject","inLanguage":"pt-PT","@id":"https:\/\/portaltela.pt\/s.01k8rhncp4jt1\/2025\/11\/talking-bot-125x125.png","url":"https:\/\/portaltela.pt\/s.01k8rhncp4jt1\/2025\/11\/talking-bot-125x125.png","contentUrl":"https:\/\/portaltela.pt\/s.01k8rhncp4jt1\/2025\/11\/talking-bot-125x125.png","caption":"Telinha"},"sameAs":["https:\/\/portaltela.pt\/"],"url":"https:\/\/portaltela.pt\/por\/367410592786\/"}]}},"_links":{"self":[{"href":"https:\/\/portaltela.pt\/api\/wp\/v2\/posts\/405477","targetHints":{"allow":["GET"]}}],"collection":[{"href":"https:\/\/portaltela.pt\/api\/wp\/v2\/posts"}],"about":[{"href":"https:\/\/portaltela.pt\/api\/wp\/v2\/types\/post"}],"author":[{"embeddable":true,"href":"https:\/\/portaltela.pt\/api\/wp\/v2\/users\/2"}],"replies":[{"embeddable":true,"href":"https:\/\/portaltela.pt\/api\/wp\/v2\/comments?post=405477"}],"version-history":[{"count":0,"href":"https:\/\/portaltela.pt\/api\/wp\/v2\/posts\/405477\/revisions"}],"wp:featuredmedia":[{"embeddable":true,"href":"https:\/\/portaltela.pt\/api\/wp\/v2\/media\/405478"}],"wp:attachment":[{"href":"https:\/\/portaltela.pt\/api\/wp\/v2\/media?parent=405477"}],"wp:term":[{"taxonomy":"category","embeddable":true,"href":"https:\/\/portaltela.pt\/api\/wp\/v2\/categories?post=405477"},{"taxonomy":"post_tag","embeddable":true,"href":"https:\/\/portaltela.pt\/api\/wp\/v2\/tags?post=405477"}],"curies":[{"name":"wp","href":"https:\/\/api.w.org\/{rel}","templated":true}]}}