{"id":405472,"date":"2026-03-11T01:54:00","date_gmt":"2026-03-11T04:54:00","guid":{"rendered":"https:\/\/portaltela.pt\/noticias\/2026\/03\/11\/guardas-da-revolucao-do-irao-alegam-ataque-a-base-dos-eua-no-kuwait\/"},"modified":"2026-03-11T01:54:00","modified_gmt":"2026-03-11T04:54:00","slug":"guardas-da-revolucao-do-irao-alegam-ataque-a-base-dos-eua-no-kuwait","status":"publish","type":"post","link":"https:\/\/portaltela.pt\/noticias\/internacional\/2026\/03\/11\/guardas-da-revolucao-do-irao-alegam-ataque-a-base-dos-eua-no-kuwait\/","title":{"rendered":"Guardas da Revolu\u00e7\u00e3o do Ir\u00e3o alegam ataque a base dos EUA no Kuwait"},"content":{"rendered":"<p>A Guarda Revolucion\u00e1ria do Ir\u00e3o afirmou ter lan\u00e7ado m\u00edsseis contra uma base militar norte-americana no Kuwait. A not\u00edcia foi divulgada por ag\u00eancias iranianas, Mehr e Fars, citadas pela imprensa.<\/p>\n<p>Segundo as informa\u00e7\u00f5es proporcionadas, o ataque ocorreu contra instala\u00e7\u00f5es associadas \u00e0s for\u00e7as dos EUA no Kuwait, com a guarda alegando ter utilizado m\u00edsseis para efetivar o alcance do plano. N\u00e3o h\u00e1 confirma\u00e7\u00e3o independente de outras fontes.<\/p>\n<p>As mesmas ag\u00eancias iranianas deram conta da not\u00edcia, sem dados adicionais sobre danos ou baixas. N\u00e3o foram fornecidos detalhes sobre o tipo de m\u00edssil ou o momento exacto do suposto ataque.<\/p>\n","protected":false},"excerpt":{"rendered":"<ul>\n<li>A Guarda Revolucion\u00e1ria do Ir\u00e3o afirmou ter lan\u00e7ado m\u00edsseis contra uma base militar norte-americana no Kuwait.<\/li>\n<li>A alega\u00e7\u00e3o foi divulgada por ag\u00eancias de not\u00edcias iranianas Mehr e Fars.<\/li>\n<li>N\u00e3o foram fornecidos detalhes sobre o n\u00famero de m\u00edsseis ou danos.<\/li>\n<li>A veracidade da den\u00fancia n\u00e3o foi confirmada por fontes independentes at\u00e9 o momento.<\/li>\n<\/ul>\n","protected":false},"author":2,"featured_media":405474,"comment_status":"closed","ping_status":"closed","sticky":false,"template":"","format":"standard","meta":{"footnotes":""},"categories":[6804,4],"tags":[5163,182,1600,62,6607,6539],"class_list":["post-405472","post","type-post","status-publish","format-standard","has-post-thumbnail","hentry","category-guerra","category-internacional","tag-a-guarda","tag-armas","tag-estados-unidos","tag-guerra","tag-kuwait","tag-missil-balisticos"],"yoast_head":"<!-- This site is optimized with the Yoast SEO plugin v27.2 - https:\/\/yoast.com\/product\/yoast-seo-wordpress\/ -->\n<title>Guardas da Revolu\u00e7\u00e3o do Ir\u00e3o alegam ataque a base dos EUA no Kuwait - Portal Tela Portugal<\/title>\n<meta name=\"robots\" content=\"index, follow, max-snippet:-1, max-image-preview:large, max-video-preview:-1\" \/>\n<meta property=\"og:locale\" content=\"pt_PT\" \/>\n<meta property=\"og:type\" content=\"article\" \/>\n<meta property=\"og:title\" content=\"Guardas da Revolu\u00e7\u00e3o do Ir\u00e3o alegam ataque a base dos EUA no Kuwait - Portal Tela Portugal\" \/>\n<meta property=\"og:description\" content=\"A Guarda Revolucion\u00e1ria do Ir\u00e3o afirmou ter lan\u00e7ado m\u00edsseis contra uma base militar norte-americana no Kuwait. A alega\u00e7\u00e3o foi divulgada por ag\u00eancias de not\u00edcias iranianas Mehr e Fars. N\u00e3o foram fornecidos detalhes sobre o n\u00famero de m\u00edsseis ou danos. A veracidade da den\u00fancia n\u00e3o foi confirmada por fontes independentes at\u00e9 o momento.\" \/>\n<meta property=\"og:url\" content=\"https:\/\/portaltela.pt\/noticias\/2026\/03\/11\/guardas-da-revolucao-do-irao-alegam-ataque-a-base-dos-eua-no-kuwait\/\" \/>\n<meta property=\"og:site_name\" content=\"Portal Tela Portugal\" \/>\n<meta property=\"article:published_time\" content=\"2026-03-11T04:54:00+00:00\" \/>\n<meta name=\"author\" content=\"Telinha\" \/>\n<meta name=\"twitter:card\" content=\"summary_large_image\" \/>\n<meta name=\"twitter:label1\" content=\"Escrito por\" \/>\n\t<meta name=\"twitter:data1\" content=\"Telinha\" \/>\n\t<meta name=\"twitter:label2\" content=\"Tempo estimado de leitura\" \/>\n\t<meta name=\"twitter:data2\" content=\"1 minuto\" \/>\n<script type=\"application\/ld+json\" class=\"yoast-schema-graph\">{\"@context\":\"https:\/\/schema.org\",\"@graph\":[{\"@type\":\"Article\",\"@id\":\"https:\/\/portaltela.pt\/noticias\/2026\/03\/11\/guardas-da-revolucao-do-irao-alegam-ataque-a-base-dos-eua-no-kuwait\/#article\",\"isPartOf\":{\"@id\":\"https:\/\/portaltela.pt\/noticias\/2026\/03\/11\/guardas-da-revolucao-do-irao-alegam-ataque-a-base-dos-eua-no-kuwait\/\"},\"author\":{\"name\":\"Telinha\",\"@id\":\"https:\/\/portaltela.pt\/#\/schema\/person\/c4278d4a6028830caff9ee44b42d32ed\"},\"headline\":\"Guardas da Revolu\u00e7\u00e3o do Ir\u00e3o alegam ataque a base dos EUA no Kuwait\",\"datePublished\":\"2026-03-11T04:54:00+00:00\",\"mainEntityOfPage\":{\"@id\":\"https:\/\/portaltela.pt\/noticias\/2026\/03\/11\/guardas-da-revolucao-do-irao-alegam-ataque-a-base-dos-eua-no-kuwait\/\"},\"wordCount\":127,\"image\":{\"@id\":\"https:\/\/portaltela.pt\/noticias\/2026\/03\/11\/guardas-da-revolucao-do-irao-alegam-ataque-a-base-dos-eua-no-kuwait\/#primaryimage\"},\"thumbnailUrl\":\"https:\/\/portaltela.pt\/s.01k8rhncp4jt1\/2026\/03\/CACHE_780X1200_ANALOG_WATERMARKED_9996543_488582_24042019062554.jpg\",\"keywords\":[\"A Guarda\",\"armas\",\"Estados Unidos\",\"guerra\",\"Kuwait\",\"m\u00edssil bal\u00edsticos\"],\"articleSection\":[\"Guerra\",\"Internacional\"],\"inLanguage\":\"pt-PT\"},{\"@type\":\"WebPage\",\"@id\":\"https:\/\/portaltela.pt\/noticias\/2026\/03\/11\/guardas-da-revolucao-do-irao-alegam-ataque-a-base-dos-eua-no-kuwait\/\",\"url\":\"https:\/\/portaltela.pt\/noticias\/2026\/03\/11\/guardas-da-revolucao-do-irao-alegam-ataque-a-base-dos-eua-no-kuwait\/\",\"name\":\"Guardas da Revolu\u00e7\u00e3o do Ir\u00e3o alegam ataque a base dos EUA no Kuwait - Portal Tela Portugal\",\"isPartOf\":{\"@id\":\"https:\/\/portaltela.pt\/#website\"},\"primaryImageOfPage\":{\"@id\":\"https:\/\/portaltela.pt\/noticias\/2026\/03\/11\/guardas-da-revolucao-do-irao-alegam-ataque-a-base-dos-eua-no-kuwait\/#primaryimage\"},\"image\":{\"@id\":\"https:\/\/portaltela.pt\/noticias\/2026\/03\/11\/guardas-da-revolucao-do-irao-alegam-ataque-a-base-dos-eua-no-kuwait\/#primaryimage\"},\"thumbnailUrl\":\"https:\/\/portaltela.pt\/s.01k8rhncp4jt1\/2026\/03\/CACHE_780X1200_ANALOG_WATERMARKED_9996543_488582_24042019062554.jpg\",\"datePublished\":\"2026-03-11T04:54:00+00:00\",\"author\":{\"@id\":\"https:\/\/portaltela.pt\/#\/schema\/person\/c4278d4a6028830caff9ee44b42d32ed\"},\"breadcrumb\":{\"@id\":\"https:\/\/portaltela.pt\/noticias\/2026\/03\/11\/guardas-da-revolucao-do-irao-alegam-ataque-a-base-dos-eua-no-kuwait\/#breadcrumb\"},\"inLanguage\":\"pt-PT\",\"potentialAction\":[{\"@type\":\"ReadAction\",\"target\":[\"https:\/\/portaltela.pt\/noticias\/2026\/03\/11\/guardas-da-revolucao-do-irao-alegam-ataque-a-base-dos-eua-no-kuwait\/\"]}]},{\"@type\":\"ImageObject\",\"inLanguage\":\"pt-PT\",\"@id\":\"https:\/\/portaltela.pt\/noticias\/2026\/03\/11\/guardas-da-revolucao-do-irao-alegam-ataque-a-base-dos-eua-no-kuwait\/#primaryimage\",\"url\":\"https:\/\/portaltela.pt\/s.01k8rhncp4jt1\/2026\/03\/CACHE_780X1200_ANALOG_WATERMARKED_9996543_488582_24042019062554.jpg\",\"contentUrl\":\"https:\/\/portaltela.pt\/s.01k8rhncp4jt1\/2026\/03\/CACHE_780X1200_ANALOG_WATERMARKED_9996543_488582_24042019062554.jpg\",\"width\":796,\"height\":448,\"caption\":\"Guarda Revolucion\u00e1ria do Ir\u00e3o diz ter atacado base norte-americana no Kuwait\"},{\"@type\":\"BreadcrumbList\",\"@id\":\"https:\/\/portaltela.pt\/noticias\/2026\/03\/11\/guardas-da-revolucao-do-irao-alegam-ataque-a-base-dos-eua-no-kuwait\/#breadcrumb\",\"itemListElement\":[{\"@type\":\"ListItem\",\"position\":1,\"name\":\"In\u00edcio\",\"item\":\"https:\/\/portaltela.pt\/\"},{\"@type\":\"ListItem\",\"position\":2,\"name\":\"Guardas da Revolu\u00e7\u00e3o do Ir\u00e3o alegam ataque a base dos EUA no Kuwait\"}]},{\"@type\":\"WebSite\",\"@id\":\"https:\/\/portaltela.pt\/#website\",\"url\":\"https:\/\/portaltela.pt\/\",\"name\":\"Portal Tela Portugal\",\"description\":\"\",\"potentialAction\":[{\"@type\":\"SearchAction\",\"target\":{\"@type\":\"EntryPoint\",\"urlTemplate\":\"https:\/\/portaltela.pt\/?s={search_term_string}\"},\"query-input\":{\"@type\":\"PropertyValueSpecification\",\"valueRequired\":true,\"valueName\":\"search_term_string\"}}],\"inLanguage\":\"pt-PT\"},{\"@type\":\"Person\",\"@id\":\"https:\/\/portaltela.pt\/#\/schema\/person\/c4278d4a6028830caff9ee44b42d32ed\",\"name\":\"Telinha\",\"image\":{\"@type\":\"ImageObject\",\"inLanguage\":\"pt-PT\",\"@id\":\"https:\/\/portaltela.pt\/s.01k8rhncp4jt1\/2025\/11\/talking-bot-125x125.png\",\"url\":\"https:\/\/portaltela.pt\/s.01k8rhncp4jt1\/2025\/11\/talking-bot-125x125.png\",\"contentUrl\":\"https:\/\/portaltela.pt\/s.01k8rhncp4jt1\/2025\/11\/talking-bot-125x125.png\",\"caption\":\"Telinha\"},\"sameAs\":[\"https:\/\/portaltela.pt\/\"],\"url\":\"https:\/\/portaltela.pt\/por\/367410592786\/\"}]}<\/script>\n<!-- \/ Yoast SEO plugin. -->","yoast_head_json":{"title":"Guardas da Revolu\u00e7\u00e3o do Ir\u00e3o alegam ataque a base dos EUA no Kuwait - Portal Tela Portugal","robots":{"index":"index","follow":"follow","max-snippet":"max-snippet:-1","max-image-preview":"max-image-preview:large","max-video-preview":"max-video-preview:-1"},"og_locale":"pt_PT","og_type":"article","og_title":"Guardas da Revolu\u00e7\u00e3o do Ir\u00e3o alegam ataque a base dos EUA no Kuwait - Portal Tela Portugal","og_description":"A Guarda Revolucion\u00e1ria do Ir\u00e3o afirmou ter lan\u00e7ado m\u00edsseis contra uma base militar norte-americana no Kuwait. A alega\u00e7\u00e3o foi divulgada por ag\u00eancias de not\u00edcias iranianas Mehr e Fars. N\u00e3o foram fornecidos detalhes sobre o n\u00famero de m\u00edsseis ou danos. A veracidade da den\u00fancia n\u00e3o foi confirmada por fontes independentes at\u00e9 o momento.","og_url":"https:\/\/portaltela.pt\/noticias\/2026\/03\/11\/guardas-da-revolucao-do-irao-alegam-ataque-a-base-dos-eua-no-kuwait\/","og_site_name":"Portal Tela Portugal","article_published_time":"2026-03-11T04:54:00+00:00","author":"Telinha","twitter_card":"summary_large_image","twitter_misc":{"Escrito por":"Telinha","Tempo estimado de leitura":"1 minuto"},"schema":{"@context":"https:\/\/schema.org","@graph":[{"@type":"Article","@id":"https:\/\/portaltela.pt\/noticias\/2026\/03\/11\/guardas-da-revolucao-do-irao-alegam-ataque-a-base-dos-eua-no-kuwait\/#article","isPartOf":{"@id":"https:\/\/portaltela.pt\/noticias\/2026\/03\/11\/guardas-da-revolucao-do-irao-alegam-ataque-a-base-dos-eua-no-kuwait\/"},"author":{"name":"Telinha","@id":"https:\/\/portaltela.pt\/#\/schema\/person\/c4278d4a6028830caff9ee44b42d32ed"},"headline":"Guardas da Revolu\u00e7\u00e3o do Ir\u00e3o alegam ataque a base dos EUA no Kuwait","datePublished":"2026-03-11T04:54:00+00:00","mainEntityOfPage":{"@id":"https:\/\/portaltela.pt\/noticias\/2026\/03\/11\/guardas-da-revolucao-do-irao-alegam-ataque-a-base-dos-eua-no-kuwait\/"},"wordCount":127,"image":{"@id":"https:\/\/portaltela.pt\/noticias\/2026\/03\/11\/guardas-da-revolucao-do-irao-alegam-ataque-a-base-dos-eua-no-kuwait\/#primaryimage"},"thumbnailUrl":"https:\/\/portaltela.pt\/s.01k8rhncp4jt1\/2026\/03\/CACHE_780X1200_ANALOG_WATERMARKED_9996543_488582_24042019062554.jpg","keywords":["A Guarda","armas","Estados Unidos","guerra","Kuwait","m\u00edssil bal\u00edsticos"],"articleSection":["Guerra","Internacional"],"inLanguage":"pt-PT"},{"@type":"WebPage","@id":"https:\/\/portaltela.pt\/noticias\/2026\/03\/11\/guardas-da-revolucao-do-irao-alegam-ataque-a-base-dos-eua-no-kuwait\/","url":"https:\/\/portaltela.pt\/noticias\/2026\/03\/11\/guardas-da-revolucao-do-irao-alegam-ataque-a-base-dos-eua-no-kuwait\/","name":"Guardas da Revolu\u00e7\u00e3o do Ir\u00e3o alegam ataque a base dos EUA no Kuwait - Portal Tela Portugal","isPartOf":{"@id":"https:\/\/portaltela.pt\/#website"},"primaryImageOfPage":{"@id":"https:\/\/portaltela.pt\/noticias\/2026\/03\/11\/guardas-da-revolucao-do-irao-alegam-ataque-a-base-dos-eua-no-kuwait\/#primaryimage"},"image":{"@id":"https:\/\/portaltela.pt\/noticias\/2026\/03\/11\/guardas-da-revolucao-do-irao-alegam-ataque-a-base-dos-eua-no-kuwait\/#primaryimage"},"thumbnailUrl":"https:\/\/portaltela.pt\/s.01k8rhncp4jt1\/2026\/03\/CACHE_780X1200_ANALOG_WATERMARKED_9996543_488582_24042019062554.jpg","datePublished":"2026-03-11T04:54:00+00:00","author":{"@id":"https:\/\/portaltela.pt\/#\/schema\/person\/c4278d4a6028830caff9ee44b42d32ed"},"breadcrumb":{"@id":"https:\/\/portaltela.pt\/noticias\/2026\/03\/11\/guardas-da-revolucao-do-irao-alegam-ataque-a-base-dos-eua-no-kuwait\/#breadcrumb"},"inLanguage":"pt-PT","potentialAction":[{"@type":"ReadAction","target":["https:\/\/portaltela.pt\/noticias\/2026\/03\/11\/guardas-da-revolucao-do-irao-alegam-ataque-a-base-dos-eua-no-kuwait\/"]}]},{"@type":"ImageObject","inLanguage":"pt-PT","@id":"https:\/\/portaltela.pt\/noticias\/2026\/03\/11\/guardas-da-revolucao-do-irao-alegam-ataque-a-base-dos-eua-no-kuwait\/#primaryimage","url":"https:\/\/portaltela.pt\/s.01k8rhncp4jt1\/2026\/03\/CACHE_780X1200_ANALOG_WATERMARKED_9996543_488582_24042019062554.jpg","contentUrl":"https:\/\/portaltela.pt\/s.01k8rhncp4jt1\/2026\/03\/CACHE_780X1200_ANALOG_WATERMARKED_9996543_488582_24042019062554.jpg","width":796,"height":448,"caption":"Guarda Revolucion\u00e1ria do Ir\u00e3o diz ter atacado base norte-americana no Kuwait"},{"@type":"BreadcrumbList","@id":"https:\/\/portaltela.pt\/noticias\/2026\/03\/11\/guardas-da-revolucao-do-irao-alegam-ataque-a-base-dos-eua-no-kuwait\/#breadcrumb","itemListElement":[{"@type":"ListItem","position":1,"name":"In\u00edcio","item":"https:\/\/portaltela.pt\/"},{"@type":"ListItem","position":2,"name":"Guardas da Revolu\u00e7\u00e3o do Ir\u00e3o alegam ataque a base dos EUA no Kuwait"}]},{"@type":"WebSite","@id":"https:\/\/portaltela.pt\/#website","url":"https:\/\/portaltela.pt\/","name":"Portal Tela Portugal","description":"","potentialAction":[{"@type":"SearchAction","target":{"@type":"EntryPoint","urlTemplate":"https:\/\/portaltela.pt\/?s={search_term_string}"},"query-input":{"@type":"PropertyValueSpecification","valueRequired":true,"valueName":"search_term_string"}}],"inLanguage":"pt-PT"},{"@type":"Person","@id":"https:\/\/portaltela.pt\/#\/schema\/person\/c4278d4a6028830caff9ee44b42d32ed","name":"Telinha","image":{"@type":"ImageObject","inLanguage":"pt-PT","@id":"https:\/\/portaltela.pt\/s.01k8rhncp4jt1\/2025\/11\/talking-bot-125x125.png","url":"https:\/\/portaltela.pt\/s.01k8rhncp4jt1\/2025\/11\/talking-bot-125x125.png","contentUrl":"https:\/\/portaltela.pt\/s.01k8rhncp4jt1\/2025\/11\/talking-bot-125x125.png","caption":"Telinha"},"sameAs":["https:\/\/portaltela.pt\/"],"url":"https:\/\/portaltela.pt\/por\/367410592786\/"}]}},"_links":{"self":[{"href":"https:\/\/portaltela.pt\/api\/wp\/v2\/posts\/405472","targetHints":{"allow":["GET"]}}],"collection":[{"href":"https:\/\/portaltela.pt\/api\/wp\/v2\/posts"}],"about":[{"href":"https:\/\/portaltela.pt\/api\/wp\/v2\/types\/post"}],"author":[{"embeddable":true,"href":"https:\/\/portaltela.pt\/api\/wp\/v2\/users\/2"}],"replies":[{"embeddable":true,"href":"https:\/\/portaltela.pt\/api\/wp\/v2\/comments?post=405472"}],"version-history":[{"count":0,"href":"https:\/\/portaltela.pt\/api\/wp\/v2\/posts\/405472\/revisions"}],"wp:featuredmedia":[{"embeddable":true,"href":"https:\/\/portaltela.pt\/api\/wp\/v2\/media\/405474"}],"wp:attachment":[{"href":"https:\/\/portaltela.pt\/api\/wp\/v2\/media?parent=405472"}],"wp:term":[{"taxonomy":"category","embeddable":true,"href":"https:\/\/portaltela.pt\/api\/wp\/v2\/categories?post=405472"},{"taxonomy":"post_tag","embeddable":true,"href":"https:\/\/portaltela.pt\/api\/wp\/v2\/tags?post=405472"}],"curies":[{"name":"wp","href":"https:\/\/api.w.org\/{rel}","templated":true}]}}