{"id":405451,"date":"2026-03-10T23:21:00","date_gmt":"2026-03-11T02:21:00","guid":{"rendered":"https:\/\/portaltela.pt\/noticias\/2026\/03\/10\/ministro-leitao-amaro-nao-pretende-alterar-a-estrutura-regulatoria-dos-media\/"},"modified":"2026-03-10T23:21:00","modified_gmt":"2026-03-11T02:21:00","slug":"ministro-leitao-amaro-nao-pretende-alterar-a-estrutura-regulatoria-dos-media","status":"publish","type":"post","link":"https:\/\/portaltela.pt\/noticias\/2026\/03\/10\/ministro-leitao-amaro-nao-pretende-alterar-a-estrutura-regulatoria-dos-media\/","title":{"rendered":"Ministro Leit\u00e3o Amaro n\u00e3o pretende alterar a estrutura regulat\u00f3ria dos media"},"content":{"rendered":"<p>O ministro Leit\u00e3o Amaro afirmou que n\u00e3o pretende mexer na estrutura regulat\u00f3ria dos media. A posi\u00e7\u00e3o foi comunicada na sequ\u00eancia de declara\u00e7\u00f5es p\u00fablicas recentes.<\/p>\n<p>Segundo apurou-se, n\u00e3o h\u00e1 planos anunciados para alterar o enquadramento atual. O foco, aponta quem conhece o dossier, \u00e9 manter a estabilidade regulat\u00f3ria.<\/p>\n<p>A iniciativa surge em contexto de debates sobre o sector, sem indica\u00e7\u00e3o de mudan\u00e7as legislativas imminentes. As palavras do ministro indicam continuidade e previsibilidade para os operadores.<\/p>\n","protected":false},"excerpt":{"rendered":"<ul>\n<li>O ministro Leit\u00e3o Amaro n\u00e3o pretende mexer na estrutura regulat\u00f3ria dos media.<\/li>\n<li>O conte\u00fado completo da not\u00edcia est\u00e1 acess\u00edvel apenas para subscritores.<\/li>\n<\/ul>\n","protected":false},"author":2,"featured_media":405452,"comment_status":"closed","ping_status":"closed","sticky":false,"template":"","format":"standard","meta":{"footnotes":""},"categories":[1],"tags":[5804,5326,6996,34,5563,229],"class_list":["post-405451","post","type-post","status-publish","format-standard","has-post-thumbnail","hentry","category-noticias","tag-comunicacao-institucional","tag-comunicacao-social","tag-estabilidade-institucional","tag-governo","tag-informacao-publica","tag-politica-publica"],"yoast_head":"<!-- This site is optimized with the Yoast SEO plugin v27.2 - https:\/\/yoast.com\/product\/yoast-seo-wordpress\/ -->\n<title>Ministro Leit\u00e3o Amaro n\u00e3o pretende alterar a estrutura regulat\u00f3ria dos media - Portal Tela Portugal<\/title>\n<meta name=\"robots\" content=\"index, follow, max-snippet:-1, max-image-preview:large, max-video-preview:-1\" \/>\n<meta property=\"og:locale\" content=\"pt_PT\" \/>\n<meta property=\"og:type\" content=\"article\" \/>\n<meta property=\"og:title\" content=\"Ministro Leit\u00e3o Amaro n\u00e3o pretende alterar a estrutura regulat\u00f3ria dos media - Portal Tela Portugal\" \/>\n<meta property=\"og:description\" content=\"O ministro Leit\u00e3o Amaro n\u00e3o pretende mexer na estrutura regulat\u00f3ria dos media. O conte\u00fado completo da not\u00edcia est\u00e1 acess\u00edvel apenas para subscritores.\" \/>\n<meta property=\"og:url\" content=\"https:\/\/portaltela.pt\/noticias\/2026\/03\/10\/ministro-leitao-amaro-nao-pretende-alterar-a-estrutura-regulatoria-dos-media\/\" \/>\n<meta property=\"og:site_name\" content=\"Portal Tela Portugal\" \/>\n<meta property=\"article:published_time\" content=\"2026-03-11T02:21:00+00:00\" \/>\n<meta name=\"author\" content=\"Telinha\" \/>\n<meta name=\"twitter:card\" content=\"summary_large_image\" \/>\n<meta name=\"twitter:label1\" content=\"Escrito por\" \/>\n\t<meta name=\"twitter:data1\" content=\"Telinha\" \/>\n<script type=\"application\/ld+json\" class=\"yoast-schema-graph\">{\"@context\":\"https:\/\/schema.org\",\"@graph\":[{\"@type\":\"Article\",\"@id\":\"https:\/\/portaltela.pt\/noticias\/2026\/03\/10\/ministro-leitao-amaro-nao-pretende-alterar-a-estrutura-regulatoria-dos-media\/#article\",\"isPartOf\":{\"@id\":\"https:\/\/portaltela.pt\/noticias\/2026\/03\/10\/ministro-leitao-amaro-nao-pretende-alterar-a-estrutura-regulatoria-dos-media\/\"},\"author\":{\"name\":\"Telinha\",\"@id\":\"https:\/\/portaltela.pt\/#\/schema\/person\/c4278d4a6028830caff9ee44b42d32ed\"},\"headline\":\"Ministro Leit\u00e3o Amaro n\u00e3o pretende alterar a estrutura regulat\u00f3ria dos media\",\"datePublished\":\"2026-03-11T02:21:00+00:00\",\"mainEntityOfPage\":{\"@id\":\"https:\/\/portaltela.pt\/noticias\/2026\/03\/10\/ministro-leitao-amaro-nao-pretende-alterar-a-estrutura-regulatoria-dos-media\/\"},\"wordCount\":98,\"image\":{\"@id\":\"https:\/\/portaltela.pt\/noticias\/2026\/03\/10\/ministro-leitao-amaro-nao-pretende-alterar-a-estrutura-regulatoria-dos-media\/#primaryimage\"},\"thumbnailUrl\":\"https:\/\/portaltela.pt\/s.01k8rhncp4jt1\/2026\/03\/CACHE_780X1200_ANALOG_WATERMARKED_46645535_3970671_26022026040717.jpg\",\"keywords\":[\"comunica\u00e7\u00e3o institucional\",\"comunica\u00e7\u00e3o social\",\"estabilidade institucional\",\"governo\",\"informa\u00e7\u00e3o p\u00fablica\",\"pol\u00edtica p\u00fablica\"],\"articleSection\":[\"Not\u00edcias\"],\"inLanguage\":\"pt-PT\"},{\"@type\":\"WebPage\",\"@id\":\"https:\/\/portaltela.pt\/noticias\/2026\/03\/10\/ministro-leitao-amaro-nao-pretende-alterar-a-estrutura-regulatoria-dos-media\/\",\"url\":\"https:\/\/portaltela.pt\/noticias\/2026\/03\/10\/ministro-leitao-amaro-nao-pretende-alterar-a-estrutura-regulatoria-dos-media\/\",\"name\":\"Ministro Leit\u00e3o Amaro n\u00e3o pretende alterar a estrutura regulat\u00f3ria dos media - Portal Tela Portugal\",\"isPartOf\":{\"@id\":\"https:\/\/portaltela.pt\/#website\"},\"primaryImageOfPage\":{\"@id\":\"https:\/\/portaltela.pt\/noticias\/2026\/03\/10\/ministro-leitao-amaro-nao-pretende-alterar-a-estrutura-regulatoria-dos-media\/#primaryimage\"},\"image\":{\"@id\":\"https:\/\/portaltela.pt\/noticias\/2026\/03\/10\/ministro-leitao-amaro-nao-pretende-alterar-a-estrutura-regulatoria-dos-media\/#primaryimage\"},\"thumbnailUrl\":\"https:\/\/portaltela.pt\/s.01k8rhncp4jt1\/2026\/03\/CACHE_780X1200_ANALOG_WATERMARKED_46645535_3970671_26022026040717.jpg\",\"datePublished\":\"2026-03-11T02:21:00+00:00\",\"author\":{\"@id\":\"https:\/\/portaltela.pt\/#\/schema\/person\/c4278d4a6028830caff9ee44b42d32ed\"},\"breadcrumb\":{\"@id\":\"https:\/\/portaltela.pt\/noticias\/2026\/03\/10\/ministro-leitao-amaro-nao-pretende-alterar-a-estrutura-regulatoria-dos-media\/#breadcrumb\"},\"inLanguage\":\"pt-PT\",\"potentialAction\":[{\"@type\":\"ReadAction\",\"target\":[\"https:\/\/portaltela.pt\/noticias\/2026\/03\/10\/ministro-leitao-amaro-nao-pretende-alterar-a-estrutura-regulatoria-dos-media\/\"]}]},{\"@type\":\"ImageObject\",\"inLanguage\":\"pt-PT\",\"@id\":\"https:\/\/portaltela.pt\/noticias\/2026\/03\/10\/ministro-leitao-amaro-nao-pretende-alterar-a-estrutura-regulatoria-dos-media\/#primaryimage\",\"url\":\"https:\/\/portaltela.pt\/s.01k8rhncp4jt1\/2026\/03\/CACHE_780X1200_ANALOG_WATERMARKED_46645535_3970671_26022026040717.jpg\",\"contentUrl\":\"https:\/\/portaltela.pt\/s.01k8rhncp4jt1\/2026\/03\/CACHE_780X1200_ANALOG_WATERMARKED_46645535_3970671_26022026040717.jpg\",\"width\":796,\"height\":448,\"caption\":\"Ministro Leit\u00e3o Amaro n\u00e3o quer mexer na estrutura regulat\u00f3ria dos media\"},{\"@type\":\"BreadcrumbList\",\"@id\":\"https:\/\/portaltela.pt\/noticias\/2026\/03\/10\/ministro-leitao-amaro-nao-pretende-alterar-a-estrutura-regulatoria-dos-media\/#breadcrumb\",\"itemListElement\":[{\"@type\":\"ListItem\",\"position\":1,\"name\":\"In\u00edcio\",\"item\":\"https:\/\/portaltela.pt\/\"},{\"@type\":\"ListItem\",\"position\":2,\"name\":\"Ministro Leit\u00e3o Amaro n\u00e3o pretende alterar a estrutura regulat\u00f3ria dos media\"}]},{\"@type\":\"WebSite\",\"@id\":\"https:\/\/portaltela.pt\/#website\",\"url\":\"https:\/\/portaltela.pt\/\",\"name\":\"Portal Tela Portugal\",\"description\":\"\",\"potentialAction\":[{\"@type\":\"SearchAction\",\"target\":{\"@type\":\"EntryPoint\",\"urlTemplate\":\"https:\/\/portaltela.pt\/?s={search_term_string}\"},\"query-input\":{\"@type\":\"PropertyValueSpecification\",\"valueRequired\":true,\"valueName\":\"search_term_string\"}}],\"inLanguage\":\"pt-PT\"},{\"@type\":\"Person\",\"@id\":\"https:\/\/portaltela.pt\/#\/schema\/person\/c4278d4a6028830caff9ee44b42d32ed\",\"name\":\"Telinha\",\"image\":{\"@type\":\"ImageObject\",\"inLanguage\":\"pt-PT\",\"@id\":\"https:\/\/portaltela.pt\/s.01k8rhncp4jt1\/2025\/11\/talking-bot-125x125.png\",\"url\":\"https:\/\/portaltela.pt\/s.01k8rhncp4jt1\/2025\/11\/talking-bot-125x125.png\",\"contentUrl\":\"https:\/\/portaltela.pt\/s.01k8rhncp4jt1\/2025\/11\/talking-bot-125x125.png\",\"caption\":\"Telinha\"},\"sameAs\":[\"https:\/\/portaltela.pt\/\"],\"url\":\"https:\/\/portaltela.pt\/por\/367410592786\/\"}]}<\/script>\n<!-- \/ Yoast SEO plugin. -->","yoast_head_json":{"title":"Ministro Leit\u00e3o Amaro n\u00e3o pretende alterar a estrutura regulat\u00f3ria dos media - Portal Tela Portugal","robots":{"index":"index","follow":"follow","max-snippet":"max-snippet:-1","max-image-preview":"max-image-preview:large","max-video-preview":"max-video-preview:-1"},"og_locale":"pt_PT","og_type":"article","og_title":"Ministro Leit\u00e3o Amaro n\u00e3o pretende alterar a estrutura regulat\u00f3ria dos media - Portal Tela Portugal","og_description":"O ministro Leit\u00e3o Amaro n\u00e3o pretende mexer na estrutura regulat\u00f3ria dos media. O conte\u00fado completo da not\u00edcia est\u00e1 acess\u00edvel apenas para subscritores.","og_url":"https:\/\/portaltela.pt\/noticias\/2026\/03\/10\/ministro-leitao-amaro-nao-pretende-alterar-a-estrutura-regulatoria-dos-media\/","og_site_name":"Portal Tela Portugal","article_published_time":"2026-03-11T02:21:00+00:00","author":"Telinha","twitter_card":"summary_large_image","twitter_misc":{"Escrito por":"Telinha"},"schema":{"@context":"https:\/\/schema.org","@graph":[{"@type":"Article","@id":"https:\/\/portaltela.pt\/noticias\/2026\/03\/10\/ministro-leitao-amaro-nao-pretende-alterar-a-estrutura-regulatoria-dos-media\/#article","isPartOf":{"@id":"https:\/\/portaltela.pt\/noticias\/2026\/03\/10\/ministro-leitao-amaro-nao-pretende-alterar-a-estrutura-regulatoria-dos-media\/"},"author":{"name":"Telinha","@id":"https:\/\/portaltela.pt\/#\/schema\/person\/c4278d4a6028830caff9ee44b42d32ed"},"headline":"Ministro Leit\u00e3o Amaro n\u00e3o pretende alterar a estrutura regulat\u00f3ria dos media","datePublished":"2026-03-11T02:21:00+00:00","mainEntityOfPage":{"@id":"https:\/\/portaltela.pt\/noticias\/2026\/03\/10\/ministro-leitao-amaro-nao-pretende-alterar-a-estrutura-regulatoria-dos-media\/"},"wordCount":98,"image":{"@id":"https:\/\/portaltela.pt\/noticias\/2026\/03\/10\/ministro-leitao-amaro-nao-pretende-alterar-a-estrutura-regulatoria-dos-media\/#primaryimage"},"thumbnailUrl":"https:\/\/portaltela.pt\/s.01k8rhncp4jt1\/2026\/03\/CACHE_780X1200_ANALOG_WATERMARKED_46645535_3970671_26022026040717.jpg","keywords":["comunica\u00e7\u00e3o institucional","comunica\u00e7\u00e3o social","estabilidade institucional","governo","informa\u00e7\u00e3o p\u00fablica","pol\u00edtica p\u00fablica"],"articleSection":["Not\u00edcias"],"inLanguage":"pt-PT"},{"@type":"WebPage","@id":"https:\/\/portaltela.pt\/noticias\/2026\/03\/10\/ministro-leitao-amaro-nao-pretende-alterar-a-estrutura-regulatoria-dos-media\/","url":"https:\/\/portaltela.pt\/noticias\/2026\/03\/10\/ministro-leitao-amaro-nao-pretende-alterar-a-estrutura-regulatoria-dos-media\/","name":"Ministro Leit\u00e3o Amaro n\u00e3o pretende alterar a estrutura regulat\u00f3ria dos media - Portal Tela Portugal","isPartOf":{"@id":"https:\/\/portaltela.pt\/#website"},"primaryImageOfPage":{"@id":"https:\/\/portaltela.pt\/noticias\/2026\/03\/10\/ministro-leitao-amaro-nao-pretende-alterar-a-estrutura-regulatoria-dos-media\/#primaryimage"},"image":{"@id":"https:\/\/portaltela.pt\/noticias\/2026\/03\/10\/ministro-leitao-amaro-nao-pretende-alterar-a-estrutura-regulatoria-dos-media\/#primaryimage"},"thumbnailUrl":"https:\/\/portaltela.pt\/s.01k8rhncp4jt1\/2026\/03\/CACHE_780X1200_ANALOG_WATERMARKED_46645535_3970671_26022026040717.jpg","datePublished":"2026-03-11T02:21:00+00:00","author":{"@id":"https:\/\/portaltela.pt\/#\/schema\/person\/c4278d4a6028830caff9ee44b42d32ed"},"breadcrumb":{"@id":"https:\/\/portaltela.pt\/noticias\/2026\/03\/10\/ministro-leitao-amaro-nao-pretende-alterar-a-estrutura-regulatoria-dos-media\/#breadcrumb"},"inLanguage":"pt-PT","potentialAction":[{"@type":"ReadAction","target":["https:\/\/portaltela.pt\/noticias\/2026\/03\/10\/ministro-leitao-amaro-nao-pretende-alterar-a-estrutura-regulatoria-dos-media\/"]}]},{"@type":"ImageObject","inLanguage":"pt-PT","@id":"https:\/\/portaltela.pt\/noticias\/2026\/03\/10\/ministro-leitao-amaro-nao-pretende-alterar-a-estrutura-regulatoria-dos-media\/#primaryimage","url":"https:\/\/portaltela.pt\/s.01k8rhncp4jt1\/2026\/03\/CACHE_780X1200_ANALOG_WATERMARKED_46645535_3970671_26022026040717.jpg","contentUrl":"https:\/\/portaltela.pt\/s.01k8rhncp4jt1\/2026\/03\/CACHE_780X1200_ANALOG_WATERMARKED_46645535_3970671_26022026040717.jpg","width":796,"height":448,"caption":"Ministro Leit\u00e3o Amaro n\u00e3o quer mexer na estrutura regulat\u00f3ria dos media"},{"@type":"BreadcrumbList","@id":"https:\/\/portaltela.pt\/noticias\/2026\/03\/10\/ministro-leitao-amaro-nao-pretende-alterar-a-estrutura-regulatoria-dos-media\/#breadcrumb","itemListElement":[{"@type":"ListItem","position":1,"name":"In\u00edcio","item":"https:\/\/portaltela.pt\/"},{"@type":"ListItem","position":2,"name":"Ministro Leit\u00e3o Amaro n\u00e3o pretende alterar a estrutura regulat\u00f3ria dos media"}]},{"@type":"WebSite","@id":"https:\/\/portaltela.pt\/#website","url":"https:\/\/portaltela.pt\/","name":"Portal Tela Portugal","description":"","potentialAction":[{"@type":"SearchAction","target":{"@type":"EntryPoint","urlTemplate":"https:\/\/portaltela.pt\/?s={search_term_string}"},"query-input":{"@type":"PropertyValueSpecification","valueRequired":true,"valueName":"search_term_string"}}],"inLanguage":"pt-PT"},{"@type":"Person","@id":"https:\/\/portaltela.pt\/#\/schema\/person\/c4278d4a6028830caff9ee44b42d32ed","name":"Telinha","image":{"@type":"ImageObject","inLanguage":"pt-PT","@id":"https:\/\/portaltela.pt\/s.01k8rhncp4jt1\/2025\/11\/talking-bot-125x125.png","url":"https:\/\/portaltela.pt\/s.01k8rhncp4jt1\/2025\/11\/talking-bot-125x125.png","contentUrl":"https:\/\/portaltela.pt\/s.01k8rhncp4jt1\/2025\/11\/talking-bot-125x125.png","caption":"Telinha"},"sameAs":["https:\/\/portaltela.pt\/"],"url":"https:\/\/portaltela.pt\/por\/367410592786\/"}]}},"_links":{"self":[{"href":"https:\/\/portaltela.pt\/api\/wp\/v2\/posts\/405451","targetHints":{"allow":["GET"]}}],"collection":[{"href":"https:\/\/portaltela.pt\/api\/wp\/v2\/posts"}],"about":[{"href":"https:\/\/portaltela.pt\/api\/wp\/v2\/types\/post"}],"author":[{"embeddable":true,"href":"https:\/\/portaltela.pt\/api\/wp\/v2\/users\/2"}],"replies":[{"embeddable":true,"href":"https:\/\/portaltela.pt\/api\/wp\/v2\/comments?post=405451"}],"version-history":[{"count":0,"href":"https:\/\/portaltela.pt\/api\/wp\/v2\/posts\/405451\/revisions"}],"wp:featuredmedia":[{"embeddable":true,"href":"https:\/\/portaltela.pt\/api\/wp\/v2\/media\/405452"}],"wp:attachment":[{"href":"https:\/\/portaltela.pt\/api\/wp\/v2\/media?parent=405451"}],"wp:term":[{"taxonomy":"category","embeddable":true,"href":"https:\/\/portaltela.pt\/api\/wp\/v2\/categories?post=405451"},{"taxonomy":"post_tag","embeddable":true,"href":"https:\/\/portaltela.pt\/api\/wp\/v2\/tags?post=405451"}],"curies":[{"name":"wp","href":"https:\/\/api.w.org\/{rel}","templated":true}]}}