{"id":405433,"date":"2026-03-10T22:30:00","date_gmt":"2026-03-11T01:30:00","guid":{"rendered":"https:\/\/portaltela.pt\/noticias\/2026\/03\/10\/ensino-artistico-em-lisboa-aponta-necessidade-de-comprar-pianos-usados-via-olx\/"},"modified":"2026-03-10T22:30:00","modified_gmt":"2026-03-11T01:30:00","slug":"ensino-artistico-em-lisboa-aponta-necessidade-de-comprar-pianos-usados-via-olx","status":"publish","type":"post","link":"https:\/\/portaltela.pt\/noticias\/2026\/03\/10\/ensino-artistico-em-lisboa-aponta-necessidade-de-comprar-pianos-usados-via-olx\/","title":{"rendered":"Ensino art\u00edstico em Lisboa aponta necessidade de comprar pianos usados via OLX"},"content":{"rendered":"<p>As escolas de ensino art\u00edstico especializado v\u00e3o realizar uma manifesta\u00e7\u00e3o em Lisboa, junto ao Minist\u00e9rio da Educa\u00e7\u00e3o. O objetivo \u00e9 exigir o aumento dos valores dos contratos de patroc\u00ednio que sustentam o funcionamento. O protesto ocorre nesta quinta-feira e envolve dirigentes, alunos, professores, n\u00e3o docentes e pais.<\/p>\n<p>Cerca de 130 escolas, que frequentam 32 mil alunos em Portugal continental, afirmam viver risco de encerramento. O custo anual atual do curso b\u00e1sico de m\u00fasica do 5.\u00ba ao 9.\u00ba ano est\u00e1 fixado em 2600 euros e n\u00e3o foi atualizado desde 2009. Os respons\u00e1veis pedem uma atualiza\u00e7\u00e3o significativa frente \u00e0 subida dos custos.<\/p>\n<p>O diretor da Academia de M\u00fasica de Lisboa aponta que apenas com a atualiza\u00e7\u00e3o do \u00edndice de pre\u00e7os ao consumidor o valor deveria aproximar-se dos mil euros adicionais. Alega que o sal\u00e1rio m\u00ednimo duplicou desde 2009, fortalecendo as dificuldades financeiras das institui\u00e7\u00f5es.<\/p>\n<p>O protesto prev\u00ea a participa\u00e7\u00e3o de cerca de 500 pessoas, entre membros da comunidade educativa e familiares, provenientes de norte a sul do pa\u00eds. O grupo considera que algumas escolas podem entregar as chaves ao minist\u00e9rio devido \u00e0 falta de investimento.<\/p>\n<p>O respons\u00e1vel ressalta que o sistema assegura 95% do ensino art\u00edstico, mas o minist\u00e9rio n\u00e3o tem mantido contactos formais com as escolas, apontando cancelamento de reuni\u00f5es. A rede de ensino art\u00edstico \u00e9 menor na \u00c1rea Metropolitana de Lisboa em compara\u00e7\u00e3o com outras regi\u00f5es, segundo dados apresentados.<\/p>\n<p>Os organizadores defendem que a defini\u00e7\u00e3o da rede de vagas deve ficar conclu\u00edda at\u00e9 maio, para permitir a organiza\u00e7\u00e3o das fam\u00edlias, em vez de ocorrer apenas em agosto. A queixa central \u00e9 a falta de fundos europeus que afetam a competitividade regional.<\/p>\n","protected":false},"excerpt":{"rendered":"<ul>\n<li>Escolas de ensino art\u00edstico especializado em Portugal continental (cerca de 130), que frequentam 32 mil alunos, v\u00e3o protestar quinta-feira junto ao Minist\u00e9rio da Educa\u00e7\u00e3o para exigir aumento dos contratos de patroc\u00ednio.<\/li>\n<li>O custo anual do curso b\u00e1sico de m\u00fasica do 5.\u00ba ao 9.\u00ba ano est\u00e1 fixado em 2.600 euros desde 2009; as escolas defendem que, com a atualiza\u00e7\u00e3o do \u00edndice de pre\u00e7os ao consumidor, devia aumentar para cerca de 3.600 euros, devido ao aumento de custos.<\/li>\n<li>O diretor da Academia de M\u00fasica de Lisboa afirma que o sal\u00e1rio m\u00ednimo duplicou desde 2009, o que aumenta as despesas e coloca algumas escolas em risco de fecho, com relatos de entregarem as chaves ao minist\u00e9rio.<\/li>\n<li>Est\u00e3o previstas cerca de 500 pessoas no protesto, de norte a sul, incluindo dirigentes, alunos, docentes, n\u00e3o docentes e pais; afirmam que o minist\u00e9rio n\u00e3o tem estado dispon\u00edvel para reuni\u00f5es.<\/li>\n<li>A rede de ensino art\u00edstico representa 6% dos alunos do ensino regular, com Lisboa metropolitana a apenas 3%; h\u00e1 ainda pedidos para definir a rede de vagas at\u00e9 maio, para evitar planos para agosto.<\/li>\n<\/ul>\n","protected":false},"author":2,"featured_media":405439,"comment_status":"closed","ping_status":"closed","sticky":false,"template":"","format":"standard","meta":{"footnotes":""},"categories":[6676,1],"tags":[70,163,2443,6114,981,122],"class_list":["post-405433","post","type-post","status-publish","format-standard","has-post-thumbnail","hentry","category-musica","category-noticias","tag-arte","tag-educacao","tag-educacao-publica","tag-ensino-publico","tag-lisboa","tag-musica"],"yoast_head":"<!-- This site is optimized with the Yoast SEO plugin v27.2 - https:\/\/yoast.com\/product\/yoast-seo-wordpress\/ -->\n<title>Ensino art\u00edstico em Lisboa aponta necessidade de comprar pianos usados via OLX - Portal Tela Portugal<\/title>\n<meta name=\"robots\" content=\"index, follow, max-snippet:-1, max-image-preview:large, max-video-preview:-1\" \/>\n<meta property=\"og:locale\" content=\"pt_PT\" \/>\n<meta property=\"og:type\" content=\"article\" \/>\n<meta property=\"og:title\" content=\"Ensino art\u00edstico em Lisboa aponta necessidade de comprar pianos usados via OLX - Portal Tela Portugal\" \/>\n<meta property=\"og:description\" content=\"Escolas de ensino art\u00edstico especializado em Portugal continental (cerca de 130), que frequentam 32 mil alunos, v\u00e3o protestar quinta-feira junto ao Minist\u00e9rio da Educa\u00e7\u00e3o para exigir aumento dos contratos de patroc\u00ednio. O custo anual do curso b\u00e1sico de m\u00fasica do 5.\u00ba ao 9.\u00ba ano est\u00e1 fixado em 2.600 euros desde 2009; as escolas defendem que, com a atualiza\u00e7\u00e3o do \u00edndice de pre\u00e7os ao consumidor, devia aumentar para cerca de 3.600 euros, devido ao aumento de custos. O diretor da Academia de M\u00fasica de Lisboa afirma que o sal\u00e1rio m\u00ednimo duplicou desde 2009, o que aumenta as despesas e coloca algumas escolas em risco de fecho, com relatos de entregarem as chaves ao minist\u00e9rio. Est\u00e3o previstas cerca de 500 pessoas no protesto, de norte a sul, incluindo dirigentes, alunos, docentes, n\u00e3o docentes e pais; afirmam que o minist\u00e9rio n\u00e3o tem estado dispon\u00edvel para reuni\u00f5es. A rede de ensino art\u00edstico representa 6% dos alunos do ensino regular, com Lisboa metropolitana a apenas 3%; h\u00e1 ainda pedidos para definir a rede de vagas at\u00e9 maio, para evitar planos para agosto.\" \/>\n<meta property=\"og:url\" content=\"https:\/\/portaltela.pt\/noticias\/2026\/03\/10\/ensino-artistico-em-lisboa-aponta-necessidade-de-comprar-pianos-usados-via-olx\/\" \/>\n<meta property=\"og:site_name\" content=\"Portal Tela Portugal\" \/>\n<meta property=\"article:published_time\" content=\"2026-03-11T01:30:00+00:00\" \/>\n<meta name=\"author\" content=\"Telinha\" \/>\n<meta name=\"twitter:card\" content=\"summary_large_image\" \/>\n<meta name=\"twitter:label1\" content=\"Escrito por\" \/>\n\t<meta name=\"twitter:data1\" content=\"Telinha\" \/>\n\t<meta name=\"twitter:label2\" content=\"Tempo estimado de leitura\" \/>\n\t<meta name=\"twitter:data2\" content=\"1 minuto\" \/>\n<script type=\"application\/ld+json\" class=\"yoast-schema-graph\">{\"@context\":\"https:\/\/schema.org\",\"@graph\":[{\"@type\":\"Article\",\"@id\":\"https:\/\/portaltela.pt\/noticias\/2026\/03\/10\/ensino-artistico-em-lisboa-aponta-necessidade-de-comprar-pianos-usados-via-olx\/#article\",\"isPartOf\":{\"@id\":\"https:\/\/portaltela.pt\/noticias\/2026\/03\/10\/ensino-artistico-em-lisboa-aponta-necessidade-de-comprar-pianos-usados-via-olx\/\"},\"author\":{\"name\":\"Telinha\",\"@id\":\"https:\/\/portaltela.pt\/#\/schema\/person\/c4278d4a6028830caff9ee44b42d32ed\"},\"headline\":\"Ensino art\u00edstico em Lisboa aponta necessidade de comprar pianos usados via OLX\",\"datePublished\":\"2026-03-11T01:30:00+00:00\",\"mainEntityOfPage\":{\"@id\":\"https:\/\/portaltela.pt\/noticias\/2026\/03\/10\/ensino-artistico-em-lisboa-aponta-necessidade-de-comprar-pianos-usados-via-olx\/\"},\"wordCount\":303,\"image\":{\"@id\":\"https:\/\/portaltela.pt\/noticias\/2026\/03\/10\/ensino-artistico-em-lisboa-aponta-necessidade-de-comprar-pianos-usados-via-olx\/#primaryimage\"},\"thumbnailUrl\":\"https:\/\/portaltela.pt\/s.01k8rhncp4jt1\/2026\/03\/img_1500x1000uu2026-03-10-18-34-02-2271601.jpg\",\"keywords\":[\"arte\",\"educa\u00e7\u00e3o\",\"educa\u00e7\u00e3o p\u00fablica\",\"ensino p\u00fablico\",\"Lisboa\",\"m\u00fasica\"],\"articleSection\":[\"M\u00fasica\",\"Not\u00edcias\"],\"inLanguage\":\"pt-PT\"},{\"@type\":\"WebPage\",\"@id\":\"https:\/\/portaltela.pt\/noticias\/2026\/03\/10\/ensino-artistico-em-lisboa-aponta-necessidade-de-comprar-pianos-usados-via-olx\/\",\"url\":\"https:\/\/portaltela.pt\/noticias\/2026\/03\/10\/ensino-artistico-em-lisboa-aponta-necessidade-de-comprar-pianos-usados-via-olx\/\",\"name\":\"Ensino art\u00edstico em Lisboa aponta necessidade de comprar pianos usados via OLX - Portal Tela Portugal\",\"isPartOf\":{\"@id\":\"https:\/\/portaltela.pt\/#website\"},\"primaryImageOfPage\":{\"@id\":\"https:\/\/portaltela.pt\/noticias\/2026\/03\/10\/ensino-artistico-em-lisboa-aponta-necessidade-de-comprar-pianos-usados-via-olx\/#primaryimage\"},\"image\":{\"@id\":\"https:\/\/portaltela.pt\/noticias\/2026\/03\/10\/ensino-artistico-em-lisboa-aponta-necessidade-de-comprar-pianos-usados-via-olx\/#primaryimage\"},\"thumbnailUrl\":\"https:\/\/portaltela.pt\/s.01k8rhncp4jt1\/2026\/03\/img_1500x1000uu2026-03-10-18-34-02-2271601.jpg\",\"datePublished\":\"2026-03-11T01:30:00+00:00\",\"author\":{\"@id\":\"https:\/\/portaltela.pt\/#\/schema\/person\/c4278d4a6028830caff9ee44b42d32ed\"},\"breadcrumb\":{\"@id\":\"https:\/\/portaltela.pt\/noticias\/2026\/03\/10\/ensino-artistico-em-lisboa-aponta-necessidade-de-comprar-pianos-usados-via-olx\/#breadcrumb\"},\"inLanguage\":\"pt-PT\",\"potentialAction\":[{\"@type\":\"ReadAction\",\"target\":[\"https:\/\/portaltela.pt\/noticias\/2026\/03\/10\/ensino-artistico-em-lisboa-aponta-necessidade-de-comprar-pianos-usados-via-olx\/\"]}]},{\"@type\":\"ImageObject\",\"inLanguage\":\"pt-PT\",\"@id\":\"https:\/\/portaltela.pt\/noticias\/2026\/03\/10\/ensino-artistico-em-lisboa-aponta-necessidade-de-comprar-pianos-usados-via-olx\/#primaryimage\",\"url\":\"https:\/\/portaltela.pt\/s.01k8rhncp4jt1\/2026\/03\/img_1500x1000uu2026-03-10-18-34-02-2271601.jpg\",\"contentUrl\":\"https:\/\/portaltela.pt\/s.01k8rhncp4jt1\/2026\/03\/img_1500x1000uu2026-03-10-18-34-02-2271601.jpg\",\"width\":796,\"height\":448,\"caption\":\"Valor do financiamento estatal n\u00e3o muda desde 2009\"},{\"@type\":\"BreadcrumbList\",\"@id\":\"https:\/\/portaltela.pt\/noticias\/2026\/03\/10\/ensino-artistico-em-lisboa-aponta-necessidade-de-comprar-pianos-usados-via-olx\/#breadcrumb\",\"itemListElement\":[{\"@type\":\"ListItem\",\"position\":1,\"name\":\"In\u00edcio\",\"item\":\"https:\/\/portaltela.pt\/\"},{\"@type\":\"ListItem\",\"position\":2,\"name\":\"Ensino art\u00edstico em Lisboa aponta necessidade de comprar pianos usados via OLX\"}]},{\"@type\":\"WebSite\",\"@id\":\"https:\/\/portaltela.pt\/#website\",\"url\":\"https:\/\/portaltela.pt\/\",\"name\":\"Portal Tela Portugal\",\"description\":\"\",\"potentialAction\":[{\"@type\":\"SearchAction\",\"target\":{\"@type\":\"EntryPoint\",\"urlTemplate\":\"https:\/\/portaltela.pt\/?s={search_term_string}\"},\"query-input\":{\"@type\":\"PropertyValueSpecification\",\"valueRequired\":true,\"valueName\":\"search_term_string\"}}],\"inLanguage\":\"pt-PT\"},{\"@type\":\"Person\",\"@id\":\"https:\/\/portaltela.pt\/#\/schema\/person\/c4278d4a6028830caff9ee44b42d32ed\",\"name\":\"Telinha\",\"image\":{\"@type\":\"ImageObject\",\"inLanguage\":\"pt-PT\",\"@id\":\"https:\/\/portaltela.pt\/s.01k8rhncp4jt1\/2025\/11\/talking-bot-125x125.png\",\"url\":\"https:\/\/portaltela.pt\/s.01k8rhncp4jt1\/2025\/11\/talking-bot-125x125.png\",\"contentUrl\":\"https:\/\/portaltela.pt\/s.01k8rhncp4jt1\/2025\/11\/talking-bot-125x125.png\",\"caption\":\"Telinha\"},\"sameAs\":[\"https:\/\/portaltela.pt\/\"],\"url\":\"https:\/\/portaltela.pt\/por\/367410592786\/\"}]}<\/script>\n<!-- \/ Yoast SEO plugin. -->","yoast_head_json":{"title":"Ensino art\u00edstico em Lisboa aponta necessidade de comprar pianos usados via OLX - Portal Tela Portugal","robots":{"index":"index","follow":"follow","max-snippet":"max-snippet:-1","max-image-preview":"max-image-preview:large","max-video-preview":"max-video-preview:-1"},"og_locale":"pt_PT","og_type":"article","og_title":"Ensino art\u00edstico em Lisboa aponta necessidade de comprar pianos usados via OLX - Portal Tela Portugal","og_description":"Escolas de ensino art\u00edstico especializado em Portugal continental (cerca de 130), que frequentam 32 mil alunos, v\u00e3o protestar quinta-feira junto ao Minist\u00e9rio da Educa\u00e7\u00e3o para exigir aumento dos contratos de patroc\u00ednio. O custo anual do curso b\u00e1sico de m\u00fasica do 5.\u00ba ao 9.\u00ba ano est\u00e1 fixado em 2.600 euros desde 2009; as escolas defendem que, com a atualiza\u00e7\u00e3o do \u00edndice de pre\u00e7os ao consumidor, devia aumentar para cerca de 3.600 euros, devido ao aumento de custos. O diretor da Academia de M\u00fasica de Lisboa afirma que o sal\u00e1rio m\u00ednimo duplicou desde 2009, o que aumenta as despesas e coloca algumas escolas em risco de fecho, com relatos de entregarem as chaves ao minist\u00e9rio. Est\u00e3o previstas cerca de 500 pessoas no protesto, de norte a sul, incluindo dirigentes, alunos, docentes, n\u00e3o docentes e pais; afirmam que o minist\u00e9rio n\u00e3o tem estado dispon\u00edvel para reuni\u00f5es. A rede de ensino art\u00edstico representa 6% dos alunos do ensino regular, com Lisboa metropolitana a apenas 3%; h\u00e1 ainda pedidos para definir a rede de vagas at\u00e9 maio, para evitar planos para agosto.","og_url":"https:\/\/portaltela.pt\/noticias\/2026\/03\/10\/ensino-artistico-em-lisboa-aponta-necessidade-de-comprar-pianos-usados-via-olx\/","og_site_name":"Portal Tela Portugal","article_published_time":"2026-03-11T01:30:00+00:00","author":"Telinha","twitter_card":"summary_large_image","twitter_misc":{"Escrito por":"Telinha","Tempo estimado de leitura":"1 minuto"},"schema":{"@context":"https:\/\/schema.org","@graph":[{"@type":"Article","@id":"https:\/\/portaltela.pt\/noticias\/2026\/03\/10\/ensino-artistico-em-lisboa-aponta-necessidade-de-comprar-pianos-usados-via-olx\/#article","isPartOf":{"@id":"https:\/\/portaltela.pt\/noticias\/2026\/03\/10\/ensino-artistico-em-lisboa-aponta-necessidade-de-comprar-pianos-usados-via-olx\/"},"author":{"name":"Telinha","@id":"https:\/\/portaltela.pt\/#\/schema\/person\/c4278d4a6028830caff9ee44b42d32ed"},"headline":"Ensino art\u00edstico em Lisboa aponta necessidade de comprar pianos usados via OLX","datePublished":"2026-03-11T01:30:00+00:00","mainEntityOfPage":{"@id":"https:\/\/portaltela.pt\/noticias\/2026\/03\/10\/ensino-artistico-em-lisboa-aponta-necessidade-de-comprar-pianos-usados-via-olx\/"},"wordCount":303,"image":{"@id":"https:\/\/portaltela.pt\/noticias\/2026\/03\/10\/ensino-artistico-em-lisboa-aponta-necessidade-de-comprar-pianos-usados-via-olx\/#primaryimage"},"thumbnailUrl":"https:\/\/portaltela.pt\/s.01k8rhncp4jt1\/2026\/03\/img_1500x1000uu2026-03-10-18-34-02-2271601.jpg","keywords":["arte","educa\u00e7\u00e3o","educa\u00e7\u00e3o p\u00fablica","ensino p\u00fablico","Lisboa","m\u00fasica"],"articleSection":["M\u00fasica","Not\u00edcias"],"inLanguage":"pt-PT"},{"@type":"WebPage","@id":"https:\/\/portaltela.pt\/noticias\/2026\/03\/10\/ensino-artistico-em-lisboa-aponta-necessidade-de-comprar-pianos-usados-via-olx\/","url":"https:\/\/portaltela.pt\/noticias\/2026\/03\/10\/ensino-artistico-em-lisboa-aponta-necessidade-de-comprar-pianos-usados-via-olx\/","name":"Ensino art\u00edstico em Lisboa aponta necessidade de comprar pianos usados via OLX - Portal Tela Portugal","isPartOf":{"@id":"https:\/\/portaltela.pt\/#website"},"primaryImageOfPage":{"@id":"https:\/\/portaltela.pt\/noticias\/2026\/03\/10\/ensino-artistico-em-lisboa-aponta-necessidade-de-comprar-pianos-usados-via-olx\/#primaryimage"},"image":{"@id":"https:\/\/portaltela.pt\/noticias\/2026\/03\/10\/ensino-artistico-em-lisboa-aponta-necessidade-de-comprar-pianos-usados-via-olx\/#primaryimage"},"thumbnailUrl":"https:\/\/portaltela.pt\/s.01k8rhncp4jt1\/2026\/03\/img_1500x1000uu2026-03-10-18-34-02-2271601.jpg","datePublished":"2026-03-11T01:30:00+00:00","author":{"@id":"https:\/\/portaltela.pt\/#\/schema\/person\/c4278d4a6028830caff9ee44b42d32ed"},"breadcrumb":{"@id":"https:\/\/portaltela.pt\/noticias\/2026\/03\/10\/ensino-artistico-em-lisboa-aponta-necessidade-de-comprar-pianos-usados-via-olx\/#breadcrumb"},"inLanguage":"pt-PT","potentialAction":[{"@type":"ReadAction","target":["https:\/\/portaltela.pt\/noticias\/2026\/03\/10\/ensino-artistico-em-lisboa-aponta-necessidade-de-comprar-pianos-usados-via-olx\/"]}]},{"@type":"ImageObject","inLanguage":"pt-PT","@id":"https:\/\/portaltela.pt\/noticias\/2026\/03\/10\/ensino-artistico-em-lisboa-aponta-necessidade-de-comprar-pianos-usados-via-olx\/#primaryimage","url":"https:\/\/portaltela.pt\/s.01k8rhncp4jt1\/2026\/03\/img_1500x1000uu2026-03-10-18-34-02-2271601.jpg","contentUrl":"https:\/\/portaltela.pt\/s.01k8rhncp4jt1\/2026\/03\/img_1500x1000uu2026-03-10-18-34-02-2271601.jpg","width":796,"height":448,"caption":"Valor do financiamento estatal n\u00e3o muda desde 2009"},{"@type":"BreadcrumbList","@id":"https:\/\/portaltela.pt\/noticias\/2026\/03\/10\/ensino-artistico-em-lisboa-aponta-necessidade-de-comprar-pianos-usados-via-olx\/#breadcrumb","itemListElement":[{"@type":"ListItem","position":1,"name":"In\u00edcio","item":"https:\/\/portaltela.pt\/"},{"@type":"ListItem","position":2,"name":"Ensino art\u00edstico em Lisboa aponta necessidade de comprar pianos usados via OLX"}]},{"@type":"WebSite","@id":"https:\/\/portaltela.pt\/#website","url":"https:\/\/portaltela.pt\/","name":"Portal Tela Portugal","description":"","potentialAction":[{"@type":"SearchAction","target":{"@type":"EntryPoint","urlTemplate":"https:\/\/portaltela.pt\/?s={search_term_string}"},"query-input":{"@type":"PropertyValueSpecification","valueRequired":true,"valueName":"search_term_string"}}],"inLanguage":"pt-PT"},{"@type":"Person","@id":"https:\/\/portaltela.pt\/#\/schema\/person\/c4278d4a6028830caff9ee44b42d32ed","name":"Telinha","image":{"@type":"ImageObject","inLanguage":"pt-PT","@id":"https:\/\/portaltela.pt\/s.01k8rhncp4jt1\/2025\/11\/talking-bot-125x125.png","url":"https:\/\/portaltela.pt\/s.01k8rhncp4jt1\/2025\/11\/talking-bot-125x125.png","contentUrl":"https:\/\/portaltela.pt\/s.01k8rhncp4jt1\/2025\/11\/talking-bot-125x125.png","caption":"Telinha"},"sameAs":["https:\/\/portaltela.pt\/"],"url":"https:\/\/portaltela.pt\/por\/367410592786\/"}]}},"_links":{"self":[{"href":"https:\/\/portaltela.pt\/api\/wp\/v2\/posts\/405433","targetHints":{"allow":["GET"]}}],"collection":[{"href":"https:\/\/portaltela.pt\/api\/wp\/v2\/posts"}],"about":[{"href":"https:\/\/portaltela.pt\/api\/wp\/v2\/types\/post"}],"author":[{"embeddable":true,"href":"https:\/\/portaltela.pt\/api\/wp\/v2\/users\/2"}],"replies":[{"embeddable":true,"href":"https:\/\/portaltela.pt\/api\/wp\/v2\/comments?post=405433"}],"version-history":[{"count":0,"href":"https:\/\/portaltela.pt\/api\/wp\/v2\/posts\/405433\/revisions"}],"wp:featuredmedia":[{"embeddable":true,"href":"https:\/\/portaltela.pt\/api\/wp\/v2\/media\/405439"}],"wp:attachment":[{"href":"https:\/\/portaltela.pt\/api\/wp\/v2\/media?parent=405433"}],"wp:term":[{"taxonomy":"category","embeddable":true,"href":"https:\/\/portaltela.pt\/api\/wp\/v2\/categories?post=405433"},{"taxonomy":"post_tag","embeddable":true,"href":"https:\/\/portaltela.pt\/api\/wp\/v2\/tags?post=405433"}],"curies":[{"name":"wp","href":"https:\/\/api.w.org\/{rel}","templated":true}]}}