{"id":405426,"date":"2026-03-10T22:30:00","date_gmt":"2026-03-11T01:30:00","guid":{"rendered":"https:\/\/portaltela.pt\/noticias\/2026\/03\/10\/fevereiro-foi-o-mes-com-mais-chuva-em-47-anos\/"},"modified":"2026-03-10T22:30:00","modified_gmt":"2026-03-11T01:30:00","slug":"fevereiro-foi-o-mes-com-mais-chuva-em-47-anos","status":"publish","type":"post","link":"https:\/\/portaltela.pt\/noticias\/2026\/03\/10\/fevereiro-foi-o-mes-com-mais-chuva-em-47-anos\/","title":{"rendered":"Fevereiro foi o m\u00eas com mais chuva em 47 anos"},"content":{"rendered":"<p>O m\u00eas de fevereiro em Portugal Continental foi o mais chuvoso dos \u00faltimos 47 anos, desde 1979, segundo o Boletim Climatol\u00f3gico do IPMA. A temporada registou um acumulado de chuva de 241 litros por metro quadrado. Este valor supera em cerca de 329% o refer\u00eancia para o per\u00edodo 1991-2020.<\/p>\n<p>O IPMA destaca que todos os concelhos apresentaram valores de \u00e1gua no solo entre 60% e 100%. Em v\u00e1rias regi\u00f5es do Norte, no interior do Centro e em alguns munic\u00edpios do interior do Alto Alentejo verifica-se satura\u00e7\u00e3o do solo.<\/p>\n<h3>Dados principais<\/h3>\n<p>No Nordeste transmontano, o solo encontra-se pr\u00f3ximo da sobressatura\u00e7\u00e3o, agravando a persist\u00eancia de solos encharcados e aumentando o risco de inunda\u00e7\u00f5es locais. O boletim refor\u00e7a a necessidade de monitoriza\u00e7\u00e3o das bacias hidrogr\u00e1ficas e de medidas preventivas.<\/p>\n","protected":false},"excerpt":{"rendered":"<ul>\n<li>Fevereiro foi o m\u00eas mais chuvoso em Portugal Continental nos \u00faltimos 47 anos (desde 1979), de acordo com o Boletim Climatol\u00f3gico do IPMA.<\/li>\n<li>No total, choveu 241 litros por metro quadrado, representando 329% do valor m\u00e9dio de refer\u00eancia entre 1991 e 2020.<\/li>\n<li>Todos os concelhos apresentam \u00e1gua no solo entre 60% e 100%.<\/li>\n<li>Regi\u00f5es Norte, interior do Centro e alguns munic\u00edpios do interior do alto Alentejo encontram satura\u00e7\u00e3o do solo.<\/li>\n<li>No nordeste transmontano, o solo encontra-se perto da sobressatura\u00e7\u00e3o.<\/li>\n<\/ul>\n","protected":false},"author":2,"featured_media":405435,"comment_status":"closed","ping_status":"closed","sticky":false,"template":"","format":"standard","meta":{"footnotes":""},"categories":[1],"tags":[5329,5224,2293,3968,45,1014],"class_list":["post-405426","post","type-post","status-publish","format-standard","has-post-thumbnail","hentry","category-noticias","tag-chuva","tag-clima","tag-inundacoes","tag-ipma","tag-meio-ambiente","tag-portugal"],"yoast_head":"<!-- This site is optimized with the Yoast SEO plugin v27.2 - https:\/\/yoast.com\/product\/yoast-seo-wordpress\/ -->\n<title>Fevereiro foi o m\u00eas com mais chuva em 47 anos - Portal Tela Portugal<\/title>\n<meta name=\"robots\" content=\"index, follow, max-snippet:-1, max-image-preview:large, max-video-preview:-1\" \/>\n<meta property=\"og:locale\" content=\"pt_PT\" \/>\n<meta property=\"og:type\" content=\"article\" \/>\n<meta property=\"og:title\" content=\"Fevereiro foi o m\u00eas com mais chuva em 47 anos - Portal Tela Portugal\" \/>\n<meta property=\"og:description\" content=\"Fevereiro foi o m\u00eas mais chuvoso em Portugal Continental nos \u00faltimos 47 anos (desde 1979), de acordo com o Boletim Climatol\u00f3gico do IPMA. No total, choveu 241 litros por metro quadrado, representando 329% do valor m\u00e9dio de refer\u00eancia entre 1991 e 2020. Todos os concelhos apresentam \u00e1gua no solo entre 60% e 100%. Regi\u00f5es Norte, interior do Centro e alguns munic\u00edpios do interior do alto Alentejo encontram satura\u00e7\u00e3o do solo. No nordeste transmontano, o solo encontra-se perto da sobressatura\u00e7\u00e3o.\" \/>\n<meta property=\"og:url\" content=\"https:\/\/portaltela.pt\/noticias\/2026\/03\/10\/fevereiro-foi-o-mes-com-mais-chuva-em-47-anos\/\" \/>\n<meta property=\"og:site_name\" content=\"Portal Tela Portugal\" \/>\n<meta property=\"article:published_time\" content=\"2026-03-11T01:30:00+00:00\" \/>\n<meta name=\"author\" content=\"Telinha\" \/>\n<meta name=\"twitter:card\" content=\"summary_large_image\" \/>\n<meta name=\"twitter:label1\" content=\"Escrito por\" \/>\n\t<meta name=\"twitter:data1\" content=\"Telinha\" \/>\n\t<meta name=\"twitter:label2\" content=\"Tempo estimado de leitura\" \/>\n\t<meta name=\"twitter:data2\" content=\"1 minuto\" \/>\n<script type=\"application\/ld+json\" class=\"yoast-schema-graph\">{\"@context\":\"https:\/\/schema.org\",\"@graph\":[{\"@type\":\"Article\",\"@id\":\"https:\/\/portaltela.pt\/noticias\/2026\/03\/10\/fevereiro-foi-o-mes-com-mais-chuva-em-47-anos\/#article\",\"isPartOf\":{\"@id\":\"https:\/\/portaltela.pt\/noticias\/2026\/03\/10\/fevereiro-foi-o-mes-com-mais-chuva-em-47-anos\/\"},\"author\":{\"name\":\"Telinha\",\"@id\":\"https:\/\/portaltela.pt\/#\/schema\/person\/c4278d4a6028830caff9ee44b42d32ed\"},\"headline\":\"Fevereiro foi o m\u00eas com mais chuva em 47 anos\",\"datePublished\":\"2026-03-11T01:30:00+00:00\",\"mainEntityOfPage\":{\"@id\":\"https:\/\/portaltela.pt\/noticias\/2026\/03\/10\/fevereiro-foi-o-mes-com-mais-chuva-em-47-anos\/\"},\"wordCount\":145,\"image\":{\"@id\":\"https:\/\/portaltela.pt\/noticias\/2026\/03\/10\/fevereiro-foi-o-mes-com-mais-chuva-em-47-anos\/#primaryimage\"},\"thumbnailUrl\":\"https:\/\/portaltela.pt\/s.01k8rhncp4jt1\/2026\/03\/img_1500x1000uu2026-03-10-16-33-08-2271580.jpg\",\"keywords\":[\"chuva\",\"clima\",\"inunda\u00e7\u00f5es\",\"IPMA\",\"meio-ambiente\",\"Portugal\"],\"articleSection\":[\"Not\u00edcias\"],\"inLanguage\":\"pt-PT\"},{\"@type\":\"WebPage\",\"@id\":\"https:\/\/portaltela.pt\/noticias\/2026\/03\/10\/fevereiro-foi-o-mes-com-mais-chuva-em-47-anos\/\",\"url\":\"https:\/\/portaltela.pt\/noticias\/2026\/03\/10\/fevereiro-foi-o-mes-com-mais-chuva-em-47-anos\/\",\"name\":\"Fevereiro foi o m\u00eas com mais chuva em 47 anos - Portal Tela Portugal\",\"isPartOf\":{\"@id\":\"https:\/\/portaltela.pt\/#website\"},\"primaryImageOfPage\":{\"@id\":\"https:\/\/portaltela.pt\/noticias\/2026\/03\/10\/fevereiro-foi-o-mes-com-mais-chuva-em-47-anos\/#primaryimage\"},\"image\":{\"@id\":\"https:\/\/portaltela.pt\/noticias\/2026\/03\/10\/fevereiro-foi-o-mes-com-mais-chuva-em-47-anos\/#primaryimage\"},\"thumbnailUrl\":\"https:\/\/portaltela.pt\/s.01k8rhncp4jt1\/2026\/03\/img_1500x1000uu2026-03-10-16-33-08-2271580.jpg\",\"datePublished\":\"2026-03-11T01:30:00+00:00\",\"author\":{\"@id\":\"https:\/\/portaltela.pt\/#\/schema\/person\/c4278d4a6028830caff9ee44b42d32ed\"},\"breadcrumb\":{\"@id\":\"https:\/\/portaltela.pt\/noticias\/2026\/03\/10\/fevereiro-foi-o-mes-com-mais-chuva-em-47-anos\/#breadcrumb\"},\"inLanguage\":\"pt-PT\",\"potentialAction\":[{\"@type\":\"ReadAction\",\"target\":[\"https:\/\/portaltela.pt\/noticias\/2026\/03\/10\/fevereiro-foi-o-mes-com-mais-chuva-em-47-anos\/\"]}]},{\"@type\":\"ImageObject\",\"inLanguage\":\"pt-PT\",\"@id\":\"https:\/\/portaltela.pt\/noticias\/2026\/03\/10\/fevereiro-foi-o-mes-com-mais-chuva-em-47-anos\/#primaryimage\",\"url\":\"https:\/\/portaltela.pt\/s.01k8rhncp4jt1\/2026\/03\/img_1500x1000uu2026-03-10-16-33-08-2271580.jpg\",\"contentUrl\":\"https:\/\/portaltela.pt\/s.01k8rhncp4jt1\/2026\/03\/img_1500x1000uu2026-03-10-16-33-08-2271580.jpg\",\"width\":796,\"height\":448,\"caption\":\"Cheias hist\u00f3ricas em Alc\u00e1cer do Sal depois do 'comboio de tempestades que assolou o Pa\u00eds'\"},{\"@type\":\"BreadcrumbList\",\"@id\":\"https:\/\/portaltela.pt\/noticias\/2026\/03\/10\/fevereiro-foi-o-mes-com-mais-chuva-em-47-anos\/#breadcrumb\",\"itemListElement\":[{\"@type\":\"ListItem\",\"position\":1,\"name\":\"In\u00edcio\",\"item\":\"https:\/\/portaltela.pt\/\"},{\"@type\":\"ListItem\",\"position\":2,\"name\":\"Fevereiro foi o m\u00eas com mais chuva em 47 anos\"}]},{\"@type\":\"WebSite\",\"@id\":\"https:\/\/portaltela.pt\/#website\",\"url\":\"https:\/\/portaltela.pt\/\",\"name\":\"Portal Tela Portugal\",\"description\":\"\",\"potentialAction\":[{\"@type\":\"SearchAction\",\"target\":{\"@type\":\"EntryPoint\",\"urlTemplate\":\"https:\/\/portaltela.pt\/?s={search_term_string}\"},\"query-input\":{\"@type\":\"PropertyValueSpecification\",\"valueRequired\":true,\"valueName\":\"search_term_string\"}}],\"inLanguage\":\"pt-PT\"},{\"@type\":\"Person\",\"@id\":\"https:\/\/portaltela.pt\/#\/schema\/person\/c4278d4a6028830caff9ee44b42d32ed\",\"name\":\"Telinha\",\"image\":{\"@type\":\"ImageObject\",\"inLanguage\":\"pt-PT\",\"@id\":\"https:\/\/portaltela.pt\/s.01k8rhncp4jt1\/2025\/11\/talking-bot-125x125.png\",\"url\":\"https:\/\/portaltela.pt\/s.01k8rhncp4jt1\/2025\/11\/talking-bot-125x125.png\",\"contentUrl\":\"https:\/\/portaltela.pt\/s.01k8rhncp4jt1\/2025\/11\/talking-bot-125x125.png\",\"caption\":\"Telinha\"},\"sameAs\":[\"https:\/\/portaltela.pt\/\"],\"url\":\"https:\/\/portaltela.pt\/por\/367410592786\/\"}]}<\/script>\n<!-- \/ Yoast SEO plugin. -->","yoast_head_json":{"title":"Fevereiro foi o m\u00eas com mais chuva em 47 anos - Portal Tela Portugal","robots":{"index":"index","follow":"follow","max-snippet":"max-snippet:-1","max-image-preview":"max-image-preview:large","max-video-preview":"max-video-preview:-1"},"og_locale":"pt_PT","og_type":"article","og_title":"Fevereiro foi o m\u00eas com mais chuva em 47 anos - Portal Tela Portugal","og_description":"Fevereiro foi o m\u00eas mais chuvoso em Portugal Continental nos \u00faltimos 47 anos (desde 1979), de acordo com o Boletim Climatol\u00f3gico do IPMA. No total, choveu 241 litros por metro quadrado, representando 329% do valor m\u00e9dio de refer\u00eancia entre 1991 e 2020. Todos os concelhos apresentam \u00e1gua no solo entre 60% e 100%. Regi\u00f5es Norte, interior do Centro e alguns munic\u00edpios do interior do alto Alentejo encontram satura\u00e7\u00e3o do solo. No nordeste transmontano, o solo encontra-se perto da sobressatura\u00e7\u00e3o.","og_url":"https:\/\/portaltela.pt\/noticias\/2026\/03\/10\/fevereiro-foi-o-mes-com-mais-chuva-em-47-anos\/","og_site_name":"Portal Tela Portugal","article_published_time":"2026-03-11T01:30:00+00:00","author":"Telinha","twitter_card":"summary_large_image","twitter_misc":{"Escrito por":"Telinha","Tempo estimado de leitura":"1 minuto"},"schema":{"@context":"https:\/\/schema.org","@graph":[{"@type":"Article","@id":"https:\/\/portaltela.pt\/noticias\/2026\/03\/10\/fevereiro-foi-o-mes-com-mais-chuva-em-47-anos\/#article","isPartOf":{"@id":"https:\/\/portaltela.pt\/noticias\/2026\/03\/10\/fevereiro-foi-o-mes-com-mais-chuva-em-47-anos\/"},"author":{"name":"Telinha","@id":"https:\/\/portaltela.pt\/#\/schema\/person\/c4278d4a6028830caff9ee44b42d32ed"},"headline":"Fevereiro foi o m\u00eas com mais chuva em 47 anos","datePublished":"2026-03-11T01:30:00+00:00","mainEntityOfPage":{"@id":"https:\/\/portaltela.pt\/noticias\/2026\/03\/10\/fevereiro-foi-o-mes-com-mais-chuva-em-47-anos\/"},"wordCount":145,"image":{"@id":"https:\/\/portaltela.pt\/noticias\/2026\/03\/10\/fevereiro-foi-o-mes-com-mais-chuva-em-47-anos\/#primaryimage"},"thumbnailUrl":"https:\/\/portaltela.pt\/s.01k8rhncp4jt1\/2026\/03\/img_1500x1000uu2026-03-10-16-33-08-2271580.jpg","keywords":["chuva","clima","inunda\u00e7\u00f5es","IPMA","meio-ambiente","Portugal"],"articleSection":["Not\u00edcias"],"inLanguage":"pt-PT"},{"@type":"WebPage","@id":"https:\/\/portaltela.pt\/noticias\/2026\/03\/10\/fevereiro-foi-o-mes-com-mais-chuva-em-47-anos\/","url":"https:\/\/portaltela.pt\/noticias\/2026\/03\/10\/fevereiro-foi-o-mes-com-mais-chuva-em-47-anos\/","name":"Fevereiro foi o m\u00eas com mais chuva em 47 anos - Portal Tela Portugal","isPartOf":{"@id":"https:\/\/portaltela.pt\/#website"},"primaryImageOfPage":{"@id":"https:\/\/portaltela.pt\/noticias\/2026\/03\/10\/fevereiro-foi-o-mes-com-mais-chuva-em-47-anos\/#primaryimage"},"image":{"@id":"https:\/\/portaltela.pt\/noticias\/2026\/03\/10\/fevereiro-foi-o-mes-com-mais-chuva-em-47-anos\/#primaryimage"},"thumbnailUrl":"https:\/\/portaltela.pt\/s.01k8rhncp4jt1\/2026\/03\/img_1500x1000uu2026-03-10-16-33-08-2271580.jpg","datePublished":"2026-03-11T01:30:00+00:00","author":{"@id":"https:\/\/portaltela.pt\/#\/schema\/person\/c4278d4a6028830caff9ee44b42d32ed"},"breadcrumb":{"@id":"https:\/\/portaltela.pt\/noticias\/2026\/03\/10\/fevereiro-foi-o-mes-com-mais-chuva-em-47-anos\/#breadcrumb"},"inLanguage":"pt-PT","potentialAction":[{"@type":"ReadAction","target":["https:\/\/portaltela.pt\/noticias\/2026\/03\/10\/fevereiro-foi-o-mes-com-mais-chuva-em-47-anos\/"]}]},{"@type":"ImageObject","inLanguage":"pt-PT","@id":"https:\/\/portaltela.pt\/noticias\/2026\/03\/10\/fevereiro-foi-o-mes-com-mais-chuva-em-47-anos\/#primaryimage","url":"https:\/\/portaltela.pt\/s.01k8rhncp4jt1\/2026\/03\/img_1500x1000uu2026-03-10-16-33-08-2271580.jpg","contentUrl":"https:\/\/portaltela.pt\/s.01k8rhncp4jt1\/2026\/03\/img_1500x1000uu2026-03-10-16-33-08-2271580.jpg","width":796,"height":448,"caption":"Cheias hist\u00f3ricas em Alc\u00e1cer do Sal depois do 'comboio de tempestades que assolou o Pa\u00eds'"},{"@type":"BreadcrumbList","@id":"https:\/\/portaltela.pt\/noticias\/2026\/03\/10\/fevereiro-foi-o-mes-com-mais-chuva-em-47-anos\/#breadcrumb","itemListElement":[{"@type":"ListItem","position":1,"name":"In\u00edcio","item":"https:\/\/portaltela.pt\/"},{"@type":"ListItem","position":2,"name":"Fevereiro foi o m\u00eas com mais chuva em 47 anos"}]},{"@type":"WebSite","@id":"https:\/\/portaltela.pt\/#website","url":"https:\/\/portaltela.pt\/","name":"Portal Tela Portugal","description":"","potentialAction":[{"@type":"SearchAction","target":{"@type":"EntryPoint","urlTemplate":"https:\/\/portaltela.pt\/?s={search_term_string}"},"query-input":{"@type":"PropertyValueSpecification","valueRequired":true,"valueName":"search_term_string"}}],"inLanguage":"pt-PT"},{"@type":"Person","@id":"https:\/\/portaltela.pt\/#\/schema\/person\/c4278d4a6028830caff9ee44b42d32ed","name":"Telinha","image":{"@type":"ImageObject","inLanguage":"pt-PT","@id":"https:\/\/portaltela.pt\/s.01k8rhncp4jt1\/2025\/11\/talking-bot-125x125.png","url":"https:\/\/portaltela.pt\/s.01k8rhncp4jt1\/2025\/11\/talking-bot-125x125.png","contentUrl":"https:\/\/portaltela.pt\/s.01k8rhncp4jt1\/2025\/11\/talking-bot-125x125.png","caption":"Telinha"},"sameAs":["https:\/\/portaltela.pt\/"],"url":"https:\/\/portaltela.pt\/por\/367410592786\/"}]}},"_links":{"self":[{"href":"https:\/\/portaltela.pt\/api\/wp\/v2\/posts\/405426","targetHints":{"allow":["GET"]}}],"collection":[{"href":"https:\/\/portaltela.pt\/api\/wp\/v2\/posts"}],"about":[{"href":"https:\/\/portaltela.pt\/api\/wp\/v2\/types\/post"}],"author":[{"embeddable":true,"href":"https:\/\/portaltela.pt\/api\/wp\/v2\/users\/2"}],"replies":[{"embeddable":true,"href":"https:\/\/portaltela.pt\/api\/wp\/v2\/comments?post=405426"}],"version-history":[{"count":0,"href":"https:\/\/portaltela.pt\/api\/wp\/v2\/posts\/405426\/revisions"}],"wp:featuredmedia":[{"embeddable":true,"href":"https:\/\/portaltela.pt\/api\/wp\/v2\/media\/405435"}],"wp:attachment":[{"href":"https:\/\/portaltela.pt\/api\/wp\/v2\/media?parent=405426"}],"wp:term":[{"taxonomy":"category","embeddable":true,"href":"https:\/\/portaltela.pt\/api\/wp\/v2\/categories?post=405426"},{"taxonomy":"post_tag","embeddable":true,"href":"https:\/\/portaltela.pt\/api\/wp\/v2\/tags?post=405426"}],"curies":[{"name":"wp","href":"https:\/\/api.w.org\/{rel}","templated":true}]}}