{"id":405389,"date":"2026-03-10T21:20:00","date_gmt":"2026-03-11T00:20:00","guid":{"rendered":"https:\/\/portaltela.pt\/noticias\/2026\/03\/10\/seguro-encerra-dois-dias-de-tomada-de-posse-ao-som-de-pedro-abrunhosa-no-porto\/"},"modified":"2026-03-10T21:20:00","modified_gmt":"2026-03-11T00:20:00","slug":"seguro-encerra-dois-dias-de-tomada-de-posse-ao-som-de-pedro-abrunhosa-no-porto","status":"publish","type":"post","link":"https:\/\/portaltela.pt\/noticias\/politica\/2026\/03\/10\/seguro-encerra-dois-dias-de-tomada-de-posse-ao-som-de-pedro-abrunhosa-no-porto\/","title":{"rendered":"Seguro encerra dois dias de tomada de posse ao som de Pedro Abrunhosa no Porto"},"content":{"rendered":"<p>O Presidente da Rep\u00fablica, Ant\u00f3nio Jos\u00e9 Seguro, encerrou na ter\u00e7a-feira dois dias de cerim\u00f3nias de tomada de posse, com um concerto de Pedro Abrunhosa no Porto. O p\u00e9riplo passou pelo interior e pelo Norte do pa\u00eds, depois dos atos oficiais em Lisboa.<\/p>\n<p>Sa\u00edda de Lisboa, a caravana presidencial deu in\u00edcio numa aldeia de Mour\u00edsia, Arganil, no distrito de Coimbra, onde Seguro defendeu um acordo equilibrado sobre legisla\u00e7\u00e3o laboral, apelando \u00e0 negocia\u00e7\u00e3o entre trabalhadores, empres\u00e1rios e Governo.<\/p>\n<h3>De Mour\u00edsia a Guimar\u00e3es<\/h3>\n<p>\u00c0 tarde, em Guimar\u00e3es, o Presidente descreveu a cidade como Capital Verde Europeia e destacou-a como exemplo para Portugal e a Europa, projetando-a como ber\u00e7o do futuro. Seguiu-se a desloca\u00e7\u00e3o para o Porto, onde chegou \u00e0s 18:31 e foi recebido com uma guarda de honra no Sal\u00e3o Nobre dos Pa\u00e7os do Concelho.<\/p>\n<p>No Porto, Seguro afirmou que Portugal \u00e9 um todo coeso e que nenhum territ\u00f3rio pode ficar de fora. Assinou o Livro de Honra \u00e0s 19:01 e manteve di\u00e1logo com o presidente da C\u00e2mara, Pedro Duarte, durante cerca de 30 minutos, acompanhado pela esposa Margarida Freitas.<\/p>\n<h3>Encerramento com m\u00fasica e honra<\/h3>\n<p>\u00c0 noite, houve um jantar privado na Casa do Roseiral, seguido de um concerto na Casa da M\u00fasica, com participa\u00e7\u00e3o da Orquestra Juvenil de Bonj\u00f3ia e de Pedro Abrunhosa. A atua\u00e7\u00e3o incluiu uma interven\u00e7\u00e3o do humorista Francisco Menezes entre os momentos musicais.<\/p>\n<p>O concerto terminou com Abrunhosa a felicitar o povo portugu\u00eas pela elei\u00e7\u00e3o e a mencionar a situa\u00e7\u00e3o no Ir\u00e3o, classificando Estados Unidos como pa\u00eds agressor e destacando o cumprimento do Direito Internacional em Portugal. O p\u00fablico entoou o hino nacional ao fim do espet\u00e1culo.<\/p>\n","protected":false},"excerpt":{"rendered":"<ul>\n<li>Ant\u00f3nio Jos\u00e9 Seguro fechou dois dias de cerim\u00f3nias de tomada de posse no Porto, ap\u00f3s as atividades em Lisboa.<\/li>\n<li>Em Mour\u00edsia, Arganil (Coimbra), afirmou que \u00e9 preciso um acordo equilibrado sobre legisla\u00e7\u00e3o laboral entre trabalhadores, empres\u00e1rios e Governo.<\/li>\n<li>Em Guimar\u00e3es, elogiou a cidade como Capital Verde Europeia, destacando-a como exemplo para Portugal e a Europa.<\/li>\n<li>No Porto, foi recebido com guarda de honra, assinou o Livro de Honra e refor\u00e7ou a ideia de coes\u00e3o territorial, dizendo que nenhum territ\u00f3rio pode ficar de fora.<\/li>\n<li>No concerto na Casa da M\u00fasica, Pedro Abrunhosa elogiou o povo portugu\u00eas e criticou a guerra no Ir\u00e3o, referiu os Estados Unidos como agressor e mostrou apoio a Seguro, num momento em que o p\u00fablico entoou o hino nacional.<\/li>\n<\/ul>\n","protected":false},"author":2,"featured_media":405391,"comment_status":"closed","ping_status":"closed","sticky":false,"template":"","format":"standard","meta":{"footnotes":""},"categories":[1,5],"tags":[6470,1145,2765,2832,982,30],"class_list":["post-405389","post","type-post","status-publish","format-standard","has-post-thumbnail","hentry","category-noticias","category-politica","tag-capital-verde-europeia-2026","tag-guimaraes","tag-norte","tag-politica","tag-porto","tag-presidente"],"yoast_head":"<!-- This site is optimized with the Yoast SEO plugin v27.2 - https:\/\/yoast.com\/product\/yoast-seo-wordpress\/ -->\n<title>Seguro encerra dois dias de tomada de posse ao som de Pedro Abrunhosa no Porto - Portal Tela Portugal<\/title>\n<meta name=\"robots\" content=\"index, follow, max-snippet:-1, max-image-preview:large, max-video-preview:-1\" \/>\n<meta property=\"og:locale\" content=\"pt_PT\" \/>\n<meta property=\"og:type\" content=\"article\" \/>\n<meta property=\"og:title\" content=\"Seguro encerra dois dias de tomada de posse ao som de Pedro Abrunhosa no Porto - Portal Tela Portugal\" \/>\n<meta property=\"og:description\" content=\"Ant\u00f3nio Jos\u00e9 Seguro fechou dois dias de cerim\u00f3nias de tomada de posse no Porto, ap\u00f3s as atividades em Lisboa. Em Mour\u00edsia, Arganil (Coimbra), afirmou que \u00e9 preciso um acordo equilibrado sobre legisla\u00e7\u00e3o laboral entre trabalhadores, empres\u00e1rios e Governo. Em Guimar\u00e3es, elogiou a cidade como Capital Verde Europeia, destacando-a como exemplo para Portugal e a Europa. No Porto, foi recebido com guarda de honra, assinou o Livro de Honra e refor\u00e7ou a ideia de coes\u00e3o territorial, dizendo que nenhum territ\u00f3rio pode ficar de fora. No concerto na Casa da M\u00fasica, Pedro Abrunhosa elogiou o povo portugu\u00eas e criticou a guerra no Ir\u00e3o, referiu os Estados Unidos como agressor e mostrou apoio a Seguro, num momento em que o p\u00fablico entoou o hino nacional.\" \/>\n<meta property=\"og:url\" content=\"https:\/\/portaltela.pt\/noticias\/2026\/03\/10\/seguro-encerra-dois-dias-de-tomada-de-posse-ao-som-de-pedro-abrunhosa-no-porto\/\" \/>\n<meta property=\"og:site_name\" content=\"Portal Tela Portugal\" \/>\n<meta property=\"article:published_time\" content=\"2026-03-11T00:20:00+00:00\" \/>\n<meta name=\"author\" content=\"Telinha\" \/>\n<meta name=\"twitter:card\" content=\"summary_large_image\" \/>\n<meta name=\"twitter:label1\" content=\"Escrito por\" \/>\n\t<meta name=\"twitter:data1\" content=\"Telinha\" \/>\n\t<meta name=\"twitter:label2\" content=\"Tempo estimado de leitura\" \/>\n\t<meta name=\"twitter:data2\" content=\"1 minuto\" \/>\n<script type=\"application\/ld+json\" class=\"yoast-schema-graph\">{\"@context\":\"https:\/\/schema.org\",\"@graph\":[{\"@type\":\"Article\",\"@id\":\"https:\/\/portaltela.pt\/noticias\/2026\/03\/10\/seguro-encerra-dois-dias-de-tomada-de-posse-ao-som-de-pedro-abrunhosa-no-porto\/#article\",\"isPartOf\":{\"@id\":\"https:\/\/portaltela.pt\/noticias\/2026\/03\/10\/seguro-encerra-dois-dias-de-tomada-de-posse-ao-som-de-pedro-abrunhosa-no-porto\/\"},\"author\":{\"name\":\"Telinha\",\"@id\":\"https:\/\/portaltela.pt\/#\/schema\/person\/c4278d4a6028830caff9ee44b42d32ed\"},\"headline\":\"Seguro encerra dois dias de tomada de posse ao som de Pedro Abrunhosa no Porto\",\"datePublished\":\"2026-03-11T00:20:00+00:00\",\"mainEntityOfPage\":{\"@id\":\"https:\/\/portaltela.pt\/noticias\/2026\/03\/10\/seguro-encerra-dois-dias-de-tomada-de-posse-ao-som-de-pedro-abrunhosa-no-porto\/\"},\"wordCount\":311,\"image\":{\"@id\":\"https:\/\/portaltela.pt\/noticias\/2026\/03\/10\/seguro-encerra-dois-dias-de-tomada-de-posse-ao-som-de-pedro-abrunhosa-no-porto\/#primaryimage\"},\"thumbnailUrl\":\"https:\/\/portaltela.pt\/s.01k8rhncp4jt1\/2026\/03\/img_1500x1000uu2026-03-11-00-19-19-2271685.jpg\",\"keywords\":[\"Capital Verde Europeia 2026\",\"Guimar\u00e3es\",\"Norte\",\"pol\u00edtica\",\"Porto\",\"presidente\"],\"articleSection\":[\"Not\u00edcias\",\"Pol\u00edtica\"],\"inLanguage\":\"pt-PT\"},{\"@type\":\"WebPage\",\"@id\":\"https:\/\/portaltela.pt\/noticias\/2026\/03\/10\/seguro-encerra-dois-dias-de-tomada-de-posse-ao-som-de-pedro-abrunhosa-no-porto\/\",\"url\":\"https:\/\/portaltela.pt\/noticias\/2026\/03\/10\/seguro-encerra-dois-dias-de-tomada-de-posse-ao-som-de-pedro-abrunhosa-no-porto\/\",\"name\":\"Seguro encerra dois dias de tomada de posse ao som de Pedro Abrunhosa no Porto - Portal Tela Portugal\",\"isPartOf\":{\"@id\":\"https:\/\/portaltela.pt\/#website\"},\"primaryImageOfPage\":{\"@id\":\"https:\/\/portaltela.pt\/noticias\/2026\/03\/10\/seguro-encerra-dois-dias-de-tomada-de-posse-ao-som-de-pedro-abrunhosa-no-porto\/#primaryimage\"},\"image\":{\"@id\":\"https:\/\/portaltela.pt\/noticias\/2026\/03\/10\/seguro-encerra-dois-dias-de-tomada-de-posse-ao-som-de-pedro-abrunhosa-no-porto\/#primaryimage\"},\"thumbnailUrl\":\"https:\/\/portaltela.pt\/s.01k8rhncp4jt1\/2026\/03\/img_1500x1000uu2026-03-11-00-19-19-2271685.jpg\",\"datePublished\":\"2026-03-11T00:20:00+00:00\",\"author\":{\"@id\":\"https:\/\/portaltela.pt\/#\/schema\/person\/c4278d4a6028830caff9ee44b42d32ed\"},\"breadcrumb\":{\"@id\":\"https:\/\/portaltela.pt\/noticias\/2026\/03\/10\/seguro-encerra-dois-dias-de-tomada-de-posse-ao-som-de-pedro-abrunhosa-no-porto\/#breadcrumb\"},\"inLanguage\":\"pt-PT\",\"potentialAction\":[{\"@type\":\"ReadAction\",\"target\":[\"https:\/\/portaltela.pt\/noticias\/2026\/03\/10\/seguro-encerra-dois-dias-de-tomada-de-posse-ao-som-de-pedro-abrunhosa-no-porto\/\"]}]},{\"@type\":\"ImageObject\",\"inLanguage\":\"pt-PT\",\"@id\":\"https:\/\/portaltela.pt\/noticias\/2026\/03\/10\/seguro-encerra-dois-dias-de-tomada-de-posse-ao-som-de-pedro-abrunhosa-no-porto\/#primaryimage\",\"url\":\"https:\/\/portaltela.pt\/s.01k8rhncp4jt1\/2026\/03\/img_1500x1000uu2026-03-11-00-19-19-2271685.jpg\",\"contentUrl\":\"https:\/\/portaltela.pt\/s.01k8rhncp4jt1\/2026\/03\/img_1500x1000uu2026-03-11-00-19-19-2271685.jpg\",\"width\":796,\"height\":448,\"caption\":\"Seguro fecha dois dias de tomada de posse ao som de Pedro Abrunhosa no Porto\"},{\"@type\":\"BreadcrumbList\",\"@id\":\"https:\/\/portaltela.pt\/noticias\/2026\/03\/10\/seguro-encerra-dois-dias-de-tomada-de-posse-ao-som-de-pedro-abrunhosa-no-porto\/#breadcrumb\",\"itemListElement\":[{\"@type\":\"ListItem\",\"position\":1,\"name\":\"In\u00edcio\",\"item\":\"https:\/\/portaltela.pt\/\"},{\"@type\":\"ListItem\",\"position\":2,\"name\":\"Seguro encerra dois dias de tomada de posse ao som de Pedro Abrunhosa no Porto\"}]},{\"@type\":\"WebSite\",\"@id\":\"https:\/\/portaltela.pt\/#website\",\"url\":\"https:\/\/portaltela.pt\/\",\"name\":\"Portal Tela Portugal\",\"description\":\"\",\"potentialAction\":[{\"@type\":\"SearchAction\",\"target\":{\"@type\":\"EntryPoint\",\"urlTemplate\":\"https:\/\/portaltela.pt\/?s={search_term_string}\"},\"query-input\":{\"@type\":\"PropertyValueSpecification\",\"valueRequired\":true,\"valueName\":\"search_term_string\"}}],\"inLanguage\":\"pt-PT\"},{\"@type\":\"Person\",\"@id\":\"https:\/\/portaltela.pt\/#\/schema\/person\/c4278d4a6028830caff9ee44b42d32ed\",\"name\":\"Telinha\",\"image\":{\"@type\":\"ImageObject\",\"inLanguage\":\"pt-PT\",\"@id\":\"https:\/\/portaltela.pt\/s.01k8rhncp4jt1\/2025\/11\/talking-bot-125x125.png\",\"url\":\"https:\/\/portaltela.pt\/s.01k8rhncp4jt1\/2025\/11\/talking-bot-125x125.png\",\"contentUrl\":\"https:\/\/portaltela.pt\/s.01k8rhncp4jt1\/2025\/11\/talking-bot-125x125.png\",\"caption\":\"Telinha\"},\"sameAs\":[\"https:\/\/portaltela.pt\/\"],\"url\":\"https:\/\/portaltela.pt\/por\/367410592786\/\"}]}<\/script>\n<!-- \/ Yoast SEO plugin. -->","yoast_head_json":{"title":"Seguro encerra dois dias de tomada de posse ao som de Pedro Abrunhosa no Porto - Portal Tela Portugal","robots":{"index":"index","follow":"follow","max-snippet":"max-snippet:-1","max-image-preview":"max-image-preview:large","max-video-preview":"max-video-preview:-1"},"og_locale":"pt_PT","og_type":"article","og_title":"Seguro encerra dois dias de tomada de posse ao som de Pedro Abrunhosa no Porto - Portal Tela Portugal","og_description":"Ant\u00f3nio Jos\u00e9 Seguro fechou dois dias de cerim\u00f3nias de tomada de posse no Porto, ap\u00f3s as atividades em Lisboa. Em Mour\u00edsia, Arganil (Coimbra), afirmou que \u00e9 preciso um acordo equilibrado sobre legisla\u00e7\u00e3o laboral entre trabalhadores, empres\u00e1rios e Governo. Em Guimar\u00e3es, elogiou a cidade como Capital Verde Europeia, destacando-a como exemplo para Portugal e a Europa. No Porto, foi recebido com guarda de honra, assinou o Livro de Honra e refor\u00e7ou a ideia de coes\u00e3o territorial, dizendo que nenhum territ\u00f3rio pode ficar de fora. No concerto na Casa da M\u00fasica, Pedro Abrunhosa elogiou o povo portugu\u00eas e criticou a guerra no Ir\u00e3o, referiu os Estados Unidos como agressor e mostrou apoio a Seguro, num momento em que o p\u00fablico entoou o hino nacional.","og_url":"https:\/\/portaltela.pt\/noticias\/2026\/03\/10\/seguro-encerra-dois-dias-de-tomada-de-posse-ao-som-de-pedro-abrunhosa-no-porto\/","og_site_name":"Portal Tela Portugal","article_published_time":"2026-03-11T00:20:00+00:00","author":"Telinha","twitter_card":"summary_large_image","twitter_misc":{"Escrito por":"Telinha","Tempo estimado de leitura":"1 minuto"},"schema":{"@context":"https:\/\/schema.org","@graph":[{"@type":"Article","@id":"https:\/\/portaltela.pt\/noticias\/2026\/03\/10\/seguro-encerra-dois-dias-de-tomada-de-posse-ao-som-de-pedro-abrunhosa-no-porto\/#article","isPartOf":{"@id":"https:\/\/portaltela.pt\/noticias\/2026\/03\/10\/seguro-encerra-dois-dias-de-tomada-de-posse-ao-som-de-pedro-abrunhosa-no-porto\/"},"author":{"name":"Telinha","@id":"https:\/\/portaltela.pt\/#\/schema\/person\/c4278d4a6028830caff9ee44b42d32ed"},"headline":"Seguro encerra dois dias de tomada de posse ao som de Pedro Abrunhosa no Porto","datePublished":"2026-03-11T00:20:00+00:00","mainEntityOfPage":{"@id":"https:\/\/portaltela.pt\/noticias\/2026\/03\/10\/seguro-encerra-dois-dias-de-tomada-de-posse-ao-som-de-pedro-abrunhosa-no-porto\/"},"wordCount":311,"image":{"@id":"https:\/\/portaltela.pt\/noticias\/2026\/03\/10\/seguro-encerra-dois-dias-de-tomada-de-posse-ao-som-de-pedro-abrunhosa-no-porto\/#primaryimage"},"thumbnailUrl":"https:\/\/portaltela.pt\/s.01k8rhncp4jt1\/2026\/03\/img_1500x1000uu2026-03-11-00-19-19-2271685.jpg","keywords":["Capital Verde Europeia 2026","Guimar\u00e3es","Norte","pol\u00edtica","Porto","presidente"],"articleSection":["Not\u00edcias","Pol\u00edtica"],"inLanguage":"pt-PT"},{"@type":"WebPage","@id":"https:\/\/portaltela.pt\/noticias\/2026\/03\/10\/seguro-encerra-dois-dias-de-tomada-de-posse-ao-som-de-pedro-abrunhosa-no-porto\/","url":"https:\/\/portaltela.pt\/noticias\/2026\/03\/10\/seguro-encerra-dois-dias-de-tomada-de-posse-ao-som-de-pedro-abrunhosa-no-porto\/","name":"Seguro encerra dois dias de tomada de posse ao som de Pedro Abrunhosa no Porto - Portal Tela Portugal","isPartOf":{"@id":"https:\/\/portaltela.pt\/#website"},"primaryImageOfPage":{"@id":"https:\/\/portaltela.pt\/noticias\/2026\/03\/10\/seguro-encerra-dois-dias-de-tomada-de-posse-ao-som-de-pedro-abrunhosa-no-porto\/#primaryimage"},"image":{"@id":"https:\/\/portaltela.pt\/noticias\/2026\/03\/10\/seguro-encerra-dois-dias-de-tomada-de-posse-ao-som-de-pedro-abrunhosa-no-porto\/#primaryimage"},"thumbnailUrl":"https:\/\/portaltela.pt\/s.01k8rhncp4jt1\/2026\/03\/img_1500x1000uu2026-03-11-00-19-19-2271685.jpg","datePublished":"2026-03-11T00:20:00+00:00","author":{"@id":"https:\/\/portaltela.pt\/#\/schema\/person\/c4278d4a6028830caff9ee44b42d32ed"},"breadcrumb":{"@id":"https:\/\/portaltela.pt\/noticias\/2026\/03\/10\/seguro-encerra-dois-dias-de-tomada-de-posse-ao-som-de-pedro-abrunhosa-no-porto\/#breadcrumb"},"inLanguage":"pt-PT","potentialAction":[{"@type":"ReadAction","target":["https:\/\/portaltela.pt\/noticias\/2026\/03\/10\/seguro-encerra-dois-dias-de-tomada-de-posse-ao-som-de-pedro-abrunhosa-no-porto\/"]}]},{"@type":"ImageObject","inLanguage":"pt-PT","@id":"https:\/\/portaltela.pt\/noticias\/2026\/03\/10\/seguro-encerra-dois-dias-de-tomada-de-posse-ao-som-de-pedro-abrunhosa-no-porto\/#primaryimage","url":"https:\/\/portaltela.pt\/s.01k8rhncp4jt1\/2026\/03\/img_1500x1000uu2026-03-11-00-19-19-2271685.jpg","contentUrl":"https:\/\/portaltela.pt\/s.01k8rhncp4jt1\/2026\/03\/img_1500x1000uu2026-03-11-00-19-19-2271685.jpg","width":796,"height":448,"caption":"Seguro fecha dois dias de tomada de posse ao som de Pedro Abrunhosa no Porto"},{"@type":"BreadcrumbList","@id":"https:\/\/portaltela.pt\/noticias\/2026\/03\/10\/seguro-encerra-dois-dias-de-tomada-de-posse-ao-som-de-pedro-abrunhosa-no-porto\/#breadcrumb","itemListElement":[{"@type":"ListItem","position":1,"name":"In\u00edcio","item":"https:\/\/portaltela.pt\/"},{"@type":"ListItem","position":2,"name":"Seguro encerra dois dias de tomada de posse ao som de Pedro Abrunhosa no Porto"}]},{"@type":"WebSite","@id":"https:\/\/portaltela.pt\/#website","url":"https:\/\/portaltela.pt\/","name":"Portal Tela Portugal","description":"","potentialAction":[{"@type":"SearchAction","target":{"@type":"EntryPoint","urlTemplate":"https:\/\/portaltela.pt\/?s={search_term_string}"},"query-input":{"@type":"PropertyValueSpecification","valueRequired":true,"valueName":"search_term_string"}}],"inLanguage":"pt-PT"},{"@type":"Person","@id":"https:\/\/portaltela.pt\/#\/schema\/person\/c4278d4a6028830caff9ee44b42d32ed","name":"Telinha","image":{"@type":"ImageObject","inLanguage":"pt-PT","@id":"https:\/\/portaltela.pt\/s.01k8rhncp4jt1\/2025\/11\/talking-bot-125x125.png","url":"https:\/\/portaltela.pt\/s.01k8rhncp4jt1\/2025\/11\/talking-bot-125x125.png","contentUrl":"https:\/\/portaltela.pt\/s.01k8rhncp4jt1\/2025\/11\/talking-bot-125x125.png","caption":"Telinha"},"sameAs":["https:\/\/portaltela.pt\/"],"url":"https:\/\/portaltela.pt\/por\/367410592786\/"}]}},"_links":{"self":[{"href":"https:\/\/portaltela.pt\/api\/wp\/v2\/posts\/405389","targetHints":{"allow":["GET"]}}],"collection":[{"href":"https:\/\/portaltela.pt\/api\/wp\/v2\/posts"}],"about":[{"href":"https:\/\/portaltela.pt\/api\/wp\/v2\/types\/post"}],"author":[{"embeddable":true,"href":"https:\/\/portaltela.pt\/api\/wp\/v2\/users\/2"}],"replies":[{"embeddable":true,"href":"https:\/\/portaltela.pt\/api\/wp\/v2\/comments?post=405389"}],"version-history":[{"count":0,"href":"https:\/\/portaltela.pt\/api\/wp\/v2\/posts\/405389\/revisions"}],"wp:featuredmedia":[{"embeddable":true,"href":"https:\/\/portaltela.pt\/api\/wp\/v2\/media\/405391"}],"wp:attachment":[{"href":"https:\/\/portaltela.pt\/api\/wp\/v2\/media?parent=405389"}],"wp:term":[{"taxonomy":"category","embeddable":true,"href":"https:\/\/portaltela.pt\/api\/wp\/v2\/categories?post=405389"},{"taxonomy":"post_tag","embeddable":true,"href":"https:\/\/portaltela.pt\/api\/wp\/v2\/tags?post=405389"}],"curies":[{"name":"wp","href":"https:\/\/api.w.org\/{rel}","templated":true}]}}