{"id":405381,"date":"2026-03-10T21:12:39","date_gmt":"2026-03-11T00:12:39","guid":{"rendered":"https:\/\/portaltela.pt\/noticias\/2026\/03\/10\/camara-da-guarda-suspende-prazos-por-ataque-informatico-de-12-de-fevereiro\/"},"modified":"2026-03-10T21:12:39","modified_gmt":"2026-03-11T00:12:39","slug":"camara-da-guarda-suspende-prazos-por-ataque-informatico-de-12-de-fevereiro","status":"publish","type":"post","link":"https:\/\/portaltela.pt\/noticias\/politica\/2026\/03\/10\/camara-da-guarda-suspende-prazos-por-ataque-informatico-de-12-de-fevereiro\/","title":{"rendered":"C\u00e2mara da Guarda suspende prazos por ataque inform\u00e1tico de 12 de fevereiro"},"content":{"rendered":"<p>A C\u00e2mara da Guarda suspendeu os prazos administrativos em alguns servi\u00e7os municipais ap\u00f3s o ataque inform\u00e1tico de 12 de fevereiro, que continua a paralisar o funcionamento da autarquia. A decis\u00e3o foi tomada por despacho do presidente S\u00e9rgio Costa, em 4 de fevereiro, tornada p\u00fablica na reuni\u00e3o quinzenal desta ter\u00e7a-feira.<\/p>\n<p>Costa explicou que a suspens\u00e3o vigora desde o dia do apag\u00e3o inform\u00e1tico e que a contagem recome\u00e7a \u00e0 medida que os servi\u00e7os forem repostos. A medida visa evitar preju\u00edzos a mun\u00edcipes cujo processo ficou pendente desde 12 de fevereiro.<\/p>\n<p>Desde ent\u00e3o, o acesso a plataformas e servi\u00e7os digitais da C\u00e2mara da Guarda tem permanecido indispon\u00edvel de forma preventiva, na sequ\u00eancia do ciberataque que interrompeu comunica\u00e7\u00f5es com o exterior.<\/p>\n<p>O ataque ocorreu no mesmo dia em que a Pol\u00edcia Judici\u00e1ria realizou buscas nos Pa\u00e7os do Concelho e na Biblioteca Municipal Eduardo Louren\u00e7o, no \u00e2mbito de um inqu\u00e9rito relacionado com participa\u00e7\u00e3o econ\u00f3mica em neg\u00f3cio e prevarica\u00e7\u00e3o de titular de cargo pol\u00edtico.<\/p>\n<p>Na primeira semana ap\u00f3s o incidente, o presidente classificou o evento como um incidente cibern\u00e9tico complexo que condiciona e condicionar\u00e1 o funcionamento dos servi\u00e7os, reconhecendo o bloqueio generalizado de v\u00e1rios procedimentos.<\/p>\n<p>Quinze dias depois, S\u00e9rgio Costa indicou que os servi\u00e7os v\u00e3o sendo repostos gradualmente, com os balc\u00f5es de atendimento j\u00e1 a funcionar normalmente em parte dos servi\u00e7os.<\/p>\n<p>A oposi\u00e7\u00e3o apoiou a suspens\u00e3o, mas criticou a falta de atualiza\u00e7\u00e3o regular sobre a evolu\u00e7\u00e3o da situa\u00e7\u00e3o. O vereador Jo\u00e3o Prata reclamou de defici\u00eancia informativa, enquanto Ant\u00f3nio Monteirinho falou em apag\u00e3o de informa\u00e7\u00e3o.<\/p>\n<p>Ao ser questionado, o presidente da C\u00e2mara disse que a oposi\u00e7\u00e3o costuma criticar, mas destacou que outros munic\u00edpios j\u00e1 passaram pelo problema e contribu\u00edram para a resolu\u00e7\u00e3o.<\/p>\n<p>A CIMRBSE questionou a reabertura integral da Linha da Beira Baixa, solicitando medidas urgentes ao Governo e \u00e0 IP. Mant\u00e9m que o prazo de meio ano \u00e9 excessivo face \u00e0 recupera\u00e7\u00e3o de outras infraestruturas.<\/p>\n<h3>Linha da Beira Baixa e mobilidade<\/h3>\n<p>A CIMRBSE informou que n\u00e3o h\u00e1 transbordo rodovi\u00e1rio suficiente entre Guarda, Covilh\u00e3, Fund\u00e3o e Castelo Branco, agravando os impactos da interrup\u00e7\u00e3o da linha ferriva. A C\u00e2mara da Covilh\u00e3 j\u00e1 pediu r\u00e1pida reabertura da linha.<\/p>\n<p>Em mar\u00e7o, a C\u00e2mara da Covilh\u00e3 aprovou uma mo\u00e7\u00e3o para exigir a reabertura r\u00e1pida e integral da Linha da Beira Baixa, com medidas mitigadoras enquanto persistir a interrup\u00e7\u00e3o, incluindo refor\u00e7o de servi\u00e7os ferrovi\u00e1rios.<\/p>\n","protected":false},"excerpt":{"rendered":"<ul>\n<li>A C\u00e2mara da Guarda suspendeu os prazos administrativos de alguns servi\u00e7os municipais desde o apag\u00e3o inform\u00e1tico de 12 de fevereiro, para n\u00e3o prejudicar os mun\u00edcipes.<\/li>\n<li>O despacho, assinado pelo presidente S\u00e9rgio Costa a 4 de fevereiro, determina que a contagem dos prazos recomece \u00e0 medida que os servi\u00e7os forem repostos.<\/li>\n<li>O acesso a plataformas e servi\u00e7os digitais continua indispon\u00edvel de forma preventiva, com a gradual reposi\u00e7\u00e3o de servi\u00e7os e balc\u00f5es de atendimento j\u00e1 a funcionar normalmente.<\/li>\n<li>O ataque inform\u00e1tico ocorreu no mesmo dia em que a Pol\u00edcia Judici\u00e1ria efetuou buscas nos Pa\u00e7os do Concelho e na Biblioteca Municipal Eduardo Louren\u00e7o, no \u00e2mbito de um inqu\u00e9rito sobre participa\u00e7\u00e3o econ\u00f3mica em neg\u00f3cio e prevarica\u00e7\u00e3o de titular de cargo pol\u00edtico.<\/li>\n<li>A Comunidade Intermunicipal Regi\u00e3o das Beiras e Serra da Estrela pediu medidas para a reabertura r\u00e1pida da Linha da Beira Baixa; a C\u00e2mara da Covilh\u00e3 j\u00e1 exigiu a reabertura integral da linha.<\/li>\n<\/ul>\n","protected":false},"author":2,"featured_media":405382,"comment_status":"closed","ping_status":"closed","sticky":false,"template":"","format":"standard","meta":{"footnotes":""},"categories":[1,5],"tags":[3670,2416,3681,1113,1802,192],"class_list":["post-405381","post","type-post","status-publish","format-standard","has-post-thumbnail","hentry","category-noticias","category-politica","tag-beira-baixa","tag-cyberataque","tag-cyberseguranca","tag-guarda","tag-policia-judiciaria","tag-transporte"],"yoast_head":"<!-- This site is optimized with the Yoast SEO plugin v27.2 - https:\/\/yoast.com\/product\/yoast-seo-wordpress\/ -->\n<title>C\u00e2mara da Guarda suspende prazos por ataque inform\u00e1tico de 12 de fevereiro - Portal Tela Portugal<\/title>\n<meta name=\"robots\" content=\"index, follow, max-snippet:-1, max-image-preview:large, max-video-preview:-1\" \/>\n<meta property=\"og:locale\" content=\"pt_PT\" \/>\n<meta property=\"og:type\" content=\"article\" \/>\n<meta property=\"og:title\" content=\"C\u00e2mara da Guarda suspende prazos por ataque inform\u00e1tico de 12 de fevereiro - Portal Tela Portugal\" \/>\n<meta property=\"og:description\" content=\"A C\u00e2mara da Guarda suspendeu os prazos administrativos de alguns servi\u00e7os municipais desde o apag\u00e3o inform\u00e1tico de 12 de fevereiro, para n\u00e3o prejudicar os mun\u00edcipes. O despacho, assinado pelo presidente S\u00e9rgio Costa a 4 de fevereiro, determina que a contagem dos prazos recomece \u00e0 medida que os servi\u00e7os forem repostos. O acesso a plataformas e servi\u00e7os digitais continua indispon\u00edvel de forma preventiva, com a gradual reposi\u00e7\u00e3o de servi\u00e7os e balc\u00f5es de atendimento j\u00e1 a funcionar normalmente. O ataque inform\u00e1tico ocorreu no mesmo dia em que a Pol\u00edcia Judici\u00e1ria efetuou buscas nos Pa\u00e7os do Concelho e na Biblioteca Municipal Eduardo Louren\u00e7o, no \u00e2mbito de um inqu\u00e9rito sobre participa\u00e7\u00e3o econ\u00f3mica em neg\u00f3cio e prevarica\u00e7\u00e3o de titular de cargo pol\u00edtico. A Comunidade Intermunicipal Regi\u00e3o das Beiras e Serra da Estrela pediu medidas para a reabertura r\u00e1pida da Linha da Beira Baixa; a C\u00e2mara da Covilh\u00e3 j\u00e1 exigiu a reabertura integral da linha.\" \/>\n<meta property=\"og:url\" content=\"https:\/\/portaltela.pt\/noticias\/2026\/03\/10\/camara-da-guarda-suspende-prazos-por-ataque-informatico-de-12-de-fevereiro\/\" \/>\n<meta property=\"og:site_name\" content=\"Portal Tela Portugal\" \/>\n<meta property=\"article:published_time\" content=\"2026-03-11T00:12:39+00:00\" \/>\n<meta name=\"author\" content=\"Telinha\" \/>\n<meta name=\"twitter:card\" content=\"summary_large_image\" \/>\n<meta name=\"twitter:label1\" content=\"Escrito por\" \/>\n\t<meta name=\"twitter:data1\" content=\"Telinha\" \/>\n\t<meta name=\"twitter:label2\" content=\"Tempo estimado de leitura\" \/>\n\t<meta name=\"twitter:data2\" content=\"2 minutos\" \/>\n<script type=\"application\/ld+json\" class=\"yoast-schema-graph\">{\"@context\":\"https:\/\/schema.org\",\"@graph\":[{\"@type\":\"Article\",\"@id\":\"https:\/\/portaltela.pt\/noticias\/2026\/03\/10\/camara-da-guarda-suspende-prazos-por-ataque-informatico-de-12-de-fevereiro\/#article\",\"isPartOf\":{\"@id\":\"https:\/\/portaltela.pt\/noticias\/2026\/03\/10\/camara-da-guarda-suspende-prazos-por-ataque-informatico-de-12-de-fevereiro\/\"},\"author\":{\"name\":\"Telinha\",\"@id\":\"https:\/\/portaltela.pt\/#\/schema\/person\/c4278d4a6028830caff9ee44b42d32ed\"},\"headline\":\"C\u00e2mara da Guarda suspende prazos por ataque inform\u00e1tico de 12 de fevereiro\",\"datePublished\":\"2026-03-11T00:12:39+00:00\",\"mainEntityOfPage\":{\"@id\":\"https:\/\/portaltela.pt\/noticias\/2026\/03\/10\/camara-da-guarda-suspende-prazos-por-ataque-informatico-de-12-de-fevereiro\/\"},\"wordCount\":460,\"image\":{\"@id\":\"https:\/\/portaltela.pt\/noticias\/2026\/03\/10\/camara-da-guarda-suspende-prazos-por-ataque-informatico-de-12-de-fevereiro\/#primaryimage\"},\"thumbnailUrl\":\"https:\/\/portaltela.pt\/s.01k8rhncp4jt1\/2026\/03\/img_1500x1000uu2018-10-05-00-04-30-785382.jpg\",\"keywords\":[\"Beira Baixa\",\"cyberataque\",\"cyberseguran\u00e7a\",\"Guarda\",\"Pol\u00edcia Judici\u00e1ria\",\"transporte\"],\"articleSection\":[\"Not\u00edcias\",\"Pol\u00edtica\"],\"inLanguage\":\"pt-PT\"},{\"@type\":\"WebPage\",\"@id\":\"https:\/\/portaltela.pt\/noticias\/2026\/03\/10\/camara-da-guarda-suspende-prazos-por-ataque-informatico-de-12-de-fevereiro\/\",\"url\":\"https:\/\/portaltela.pt\/noticias\/2026\/03\/10\/camara-da-guarda-suspende-prazos-por-ataque-informatico-de-12-de-fevereiro\/\",\"name\":\"C\u00e2mara da Guarda suspende prazos por ataque inform\u00e1tico de 12 de fevereiro - Portal Tela Portugal\",\"isPartOf\":{\"@id\":\"https:\/\/portaltela.pt\/#website\"},\"primaryImageOfPage\":{\"@id\":\"https:\/\/portaltela.pt\/noticias\/2026\/03\/10\/camara-da-guarda-suspende-prazos-por-ataque-informatico-de-12-de-fevereiro\/#primaryimage\"},\"image\":{\"@id\":\"https:\/\/portaltela.pt\/noticias\/2026\/03\/10\/camara-da-guarda-suspende-prazos-por-ataque-informatico-de-12-de-fevereiro\/#primaryimage\"},\"thumbnailUrl\":\"https:\/\/portaltela.pt\/s.01k8rhncp4jt1\/2026\/03\/img_1500x1000uu2018-10-05-00-04-30-785382.jpg\",\"datePublished\":\"2026-03-11T00:12:39+00:00\",\"author\":{\"@id\":\"https:\/\/portaltela.pt\/#\/schema\/person\/c4278d4a6028830caff9ee44b42d32ed\"},\"breadcrumb\":{\"@id\":\"https:\/\/portaltela.pt\/noticias\/2026\/03\/10\/camara-da-guarda-suspende-prazos-por-ataque-informatico-de-12-de-fevereiro\/#breadcrumb\"},\"inLanguage\":\"pt-PT\",\"potentialAction\":[{\"@type\":\"ReadAction\",\"target\":[\"https:\/\/portaltela.pt\/noticias\/2026\/03\/10\/camara-da-guarda-suspende-prazos-por-ataque-informatico-de-12-de-fevereiro\/\"]}]},{\"@type\":\"ImageObject\",\"inLanguage\":\"pt-PT\",\"@id\":\"https:\/\/portaltela.pt\/noticias\/2026\/03\/10\/camara-da-guarda-suspende-prazos-por-ataque-informatico-de-12-de-fevereiro\/#primaryimage\",\"url\":\"https:\/\/portaltela.pt\/s.01k8rhncp4jt1\/2026\/03\/img_1500x1000uu2018-10-05-00-04-30-785382.jpg\",\"contentUrl\":\"https:\/\/portaltela.pt\/s.01k8rhncp4jt1\/2026\/03\/img_1500x1000uu2018-10-05-00-04-30-785382.jpg\",\"width\":796,\"height\":448,\"caption\":\"C\u00e2mara da Guarda\"},{\"@type\":\"BreadcrumbList\",\"@id\":\"https:\/\/portaltela.pt\/noticias\/2026\/03\/10\/camara-da-guarda-suspende-prazos-por-ataque-informatico-de-12-de-fevereiro\/#breadcrumb\",\"itemListElement\":[{\"@type\":\"ListItem\",\"position\":1,\"name\":\"In\u00edcio\",\"item\":\"https:\/\/portaltela.pt\/\"},{\"@type\":\"ListItem\",\"position\":2,\"name\":\"C\u00e2mara da Guarda suspende prazos por ataque inform\u00e1tico de 12 de fevereiro\"}]},{\"@type\":\"WebSite\",\"@id\":\"https:\/\/portaltela.pt\/#website\",\"url\":\"https:\/\/portaltela.pt\/\",\"name\":\"Portal Tela Portugal\",\"description\":\"\",\"potentialAction\":[{\"@type\":\"SearchAction\",\"target\":{\"@type\":\"EntryPoint\",\"urlTemplate\":\"https:\/\/portaltela.pt\/?s={search_term_string}\"},\"query-input\":{\"@type\":\"PropertyValueSpecification\",\"valueRequired\":true,\"valueName\":\"search_term_string\"}}],\"inLanguage\":\"pt-PT\"},{\"@type\":\"Person\",\"@id\":\"https:\/\/portaltela.pt\/#\/schema\/person\/c4278d4a6028830caff9ee44b42d32ed\",\"name\":\"Telinha\",\"image\":{\"@type\":\"ImageObject\",\"inLanguage\":\"pt-PT\",\"@id\":\"https:\/\/portaltela.pt\/s.01k8rhncp4jt1\/2025\/11\/talking-bot-125x125.png\",\"url\":\"https:\/\/portaltela.pt\/s.01k8rhncp4jt1\/2025\/11\/talking-bot-125x125.png\",\"contentUrl\":\"https:\/\/portaltela.pt\/s.01k8rhncp4jt1\/2025\/11\/talking-bot-125x125.png\",\"caption\":\"Telinha\"},\"sameAs\":[\"https:\/\/portaltela.pt\/\"],\"url\":\"https:\/\/portaltela.pt\/por\/367410592786\/\"}]}<\/script>\n<!-- \/ Yoast SEO plugin. -->","yoast_head_json":{"title":"C\u00e2mara da Guarda suspende prazos por ataque inform\u00e1tico de 12 de fevereiro - Portal Tela Portugal","robots":{"index":"index","follow":"follow","max-snippet":"max-snippet:-1","max-image-preview":"max-image-preview:large","max-video-preview":"max-video-preview:-1"},"og_locale":"pt_PT","og_type":"article","og_title":"C\u00e2mara da Guarda suspende prazos por ataque inform\u00e1tico de 12 de fevereiro - Portal Tela Portugal","og_description":"A C\u00e2mara da Guarda suspendeu os prazos administrativos de alguns servi\u00e7os municipais desde o apag\u00e3o inform\u00e1tico de 12 de fevereiro, para n\u00e3o prejudicar os mun\u00edcipes. O despacho, assinado pelo presidente S\u00e9rgio Costa a 4 de fevereiro, determina que a contagem dos prazos recomece \u00e0 medida que os servi\u00e7os forem repostos. O acesso a plataformas e servi\u00e7os digitais continua indispon\u00edvel de forma preventiva, com a gradual reposi\u00e7\u00e3o de servi\u00e7os e balc\u00f5es de atendimento j\u00e1 a funcionar normalmente. O ataque inform\u00e1tico ocorreu no mesmo dia em que a Pol\u00edcia Judici\u00e1ria efetuou buscas nos Pa\u00e7os do Concelho e na Biblioteca Municipal Eduardo Louren\u00e7o, no \u00e2mbito de um inqu\u00e9rito sobre participa\u00e7\u00e3o econ\u00f3mica em neg\u00f3cio e prevarica\u00e7\u00e3o de titular de cargo pol\u00edtico. A Comunidade Intermunicipal Regi\u00e3o das Beiras e Serra da Estrela pediu medidas para a reabertura r\u00e1pida da Linha da Beira Baixa; a C\u00e2mara da Covilh\u00e3 j\u00e1 exigiu a reabertura integral da linha.","og_url":"https:\/\/portaltela.pt\/noticias\/2026\/03\/10\/camara-da-guarda-suspende-prazos-por-ataque-informatico-de-12-de-fevereiro\/","og_site_name":"Portal Tela Portugal","article_published_time":"2026-03-11T00:12:39+00:00","author":"Telinha","twitter_card":"summary_large_image","twitter_misc":{"Escrito por":"Telinha","Tempo estimado de leitura":"2 minutos"},"schema":{"@context":"https:\/\/schema.org","@graph":[{"@type":"Article","@id":"https:\/\/portaltela.pt\/noticias\/2026\/03\/10\/camara-da-guarda-suspende-prazos-por-ataque-informatico-de-12-de-fevereiro\/#article","isPartOf":{"@id":"https:\/\/portaltela.pt\/noticias\/2026\/03\/10\/camara-da-guarda-suspende-prazos-por-ataque-informatico-de-12-de-fevereiro\/"},"author":{"name":"Telinha","@id":"https:\/\/portaltela.pt\/#\/schema\/person\/c4278d4a6028830caff9ee44b42d32ed"},"headline":"C\u00e2mara da Guarda suspende prazos por ataque inform\u00e1tico de 12 de fevereiro","datePublished":"2026-03-11T00:12:39+00:00","mainEntityOfPage":{"@id":"https:\/\/portaltela.pt\/noticias\/2026\/03\/10\/camara-da-guarda-suspende-prazos-por-ataque-informatico-de-12-de-fevereiro\/"},"wordCount":460,"image":{"@id":"https:\/\/portaltela.pt\/noticias\/2026\/03\/10\/camara-da-guarda-suspende-prazos-por-ataque-informatico-de-12-de-fevereiro\/#primaryimage"},"thumbnailUrl":"https:\/\/portaltela.pt\/s.01k8rhncp4jt1\/2026\/03\/img_1500x1000uu2018-10-05-00-04-30-785382.jpg","keywords":["Beira Baixa","cyberataque","cyberseguran\u00e7a","Guarda","Pol\u00edcia Judici\u00e1ria","transporte"],"articleSection":["Not\u00edcias","Pol\u00edtica"],"inLanguage":"pt-PT"},{"@type":"WebPage","@id":"https:\/\/portaltela.pt\/noticias\/2026\/03\/10\/camara-da-guarda-suspende-prazos-por-ataque-informatico-de-12-de-fevereiro\/","url":"https:\/\/portaltela.pt\/noticias\/2026\/03\/10\/camara-da-guarda-suspende-prazos-por-ataque-informatico-de-12-de-fevereiro\/","name":"C\u00e2mara da Guarda suspende prazos por ataque inform\u00e1tico de 12 de fevereiro - Portal Tela Portugal","isPartOf":{"@id":"https:\/\/portaltela.pt\/#website"},"primaryImageOfPage":{"@id":"https:\/\/portaltela.pt\/noticias\/2026\/03\/10\/camara-da-guarda-suspende-prazos-por-ataque-informatico-de-12-de-fevereiro\/#primaryimage"},"image":{"@id":"https:\/\/portaltela.pt\/noticias\/2026\/03\/10\/camara-da-guarda-suspende-prazos-por-ataque-informatico-de-12-de-fevereiro\/#primaryimage"},"thumbnailUrl":"https:\/\/portaltela.pt\/s.01k8rhncp4jt1\/2026\/03\/img_1500x1000uu2018-10-05-00-04-30-785382.jpg","datePublished":"2026-03-11T00:12:39+00:00","author":{"@id":"https:\/\/portaltela.pt\/#\/schema\/person\/c4278d4a6028830caff9ee44b42d32ed"},"breadcrumb":{"@id":"https:\/\/portaltela.pt\/noticias\/2026\/03\/10\/camara-da-guarda-suspende-prazos-por-ataque-informatico-de-12-de-fevereiro\/#breadcrumb"},"inLanguage":"pt-PT","potentialAction":[{"@type":"ReadAction","target":["https:\/\/portaltela.pt\/noticias\/2026\/03\/10\/camara-da-guarda-suspende-prazos-por-ataque-informatico-de-12-de-fevereiro\/"]}]},{"@type":"ImageObject","inLanguage":"pt-PT","@id":"https:\/\/portaltela.pt\/noticias\/2026\/03\/10\/camara-da-guarda-suspende-prazos-por-ataque-informatico-de-12-de-fevereiro\/#primaryimage","url":"https:\/\/portaltela.pt\/s.01k8rhncp4jt1\/2026\/03\/img_1500x1000uu2018-10-05-00-04-30-785382.jpg","contentUrl":"https:\/\/portaltela.pt\/s.01k8rhncp4jt1\/2026\/03\/img_1500x1000uu2018-10-05-00-04-30-785382.jpg","width":796,"height":448,"caption":"C\u00e2mara da Guarda"},{"@type":"BreadcrumbList","@id":"https:\/\/portaltela.pt\/noticias\/2026\/03\/10\/camara-da-guarda-suspende-prazos-por-ataque-informatico-de-12-de-fevereiro\/#breadcrumb","itemListElement":[{"@type":"ListItem","position":1,"name":"In\u00edcio","item":"https:\/\/portaltela.pt\/"},{"@type":"ListItem","position":2,"name":"C\u00e2mara da Guarda suspende prazos por ataque inform\u00e1tico de 12 de fevereiro"}]},{"@type":"WebSite","@id":"https:\/\/portaltela.pt\/#website","url":"https:\/\/portaltela.pt\/","name":"Portal Tela Portugal","description":"","potentialAction":[{"@type":"SearchAction","target":{"@type":"EntryPoint","urlTemplate":"https:\/\/portaltela.pt\/?s={search_term_string}"},"query-input":{"@type":"PropertyValueSpecification","valueRequired":true,"valueName":"search_term_string"}}],"inLanguage":"pt-PT"},{"@type":"Person","@id":"https:\/\/portaltela.pt\/#\/schema\/person\/c4278d4a6028830caff9ee44b42d32ed","name":"Telinha","image":{"@type":"ImageObject","inLanguage":"pt-PT","@id":"https:\/\/portaltela.pt\/s.01k8rhncp4jt1\/2025\/11\/talking-bot-125x125.png","url":"https:\/\/portaltela.pt\/s.01k8rhncp4jt1\/2025\/11\/talking-bot-125x125.png","contentUrl":"https:\/\/portaltela.pt\/s.01k8rhncp4jt1\/2025\/11\/talking-bot-125x125.png","caption":"Telinha"},"sameAs":["https:\/\/portaltela.pt\/"],"url":"https:\/\/portaltela.pt\/por\/367410592786\/"}]}},"_links":{"self":[{"href":"https:\/\/portaltela.pt\/api\/wp\/v2\/posts\/405381","targetHints":{"allow":["GET"]}}],"collection":[{"href":"https:\/\/portaltela.pt\/api\/wp\/v2\/posts"}],"about":[{"href":"https:\/\/portaltela.pt\/api\/wp\/v2\/types\/post"}],"author":[{"embeddable":true,"href":"https:\/\/portaltela.pt\/api\/wp\/v2\/users\/2"}],"replies":[{"embeddable":true,"href":"https:\/\/portaltela.pt\/api\/wp\/v2\/comments?post=405381"}],"version-history":[{"count":0,"href":"https:\/\/portaltela.pt\/api\/wp\/v2\/posts\/405381\/revisions"}],"wp:featuredmedia":[{"embeddable":true,"href":"https:\/\/portaltela.pt\/api\/wp\/v2\/media\/405382"}],"wp:attachment":[{"href":"https:\/\/portaltela.pt\/api\/wp\/v2\/media?parent=405381"}],"wp:term":[{"taxonomy":"category","embeddable":true,"href":"https:\/\/portaltela.pt\/api\/wp\/v2\/categories?post=405381"},{"taxonomy":"post_tag","embeddable":true,"href":"https:\/\/portaltela.pt\/api\/wp\/v2\/tags?post=405381"}],"curies":[{"name":"wp","href":"https:\/\/api.w.org\/{rel}","templated":true}]}}