{"id":405352,"date":"2026-03-10T20:16:00","date_gmt":"2026-03-10T23:16:00","guid":{"rendered":"https:\/\/portaltela.pt\/noticias\/2026\/03\/10\/antonio-jose-seguro-visita-o-interior-e-critica-o-governo\/"},"modified":"2026-03-10T20:16:00","modified_gmt":"2026-03-10T23:16:00","slug":"antonio-jose-seguro-visita-o-interior-e-critica-o-governo","status":"publish","type":"post","link":"https:\/\/portaltela.pt\/noticias\/politica\/2026\/03\/10\/antonio-jose-seguro-visita-o-interior-e-critica-o-governo\/","title":{"rendered":"Ant\u00f3nio Jos\u00e9 Seguro visita o interior e critica o Governo"},"content":{"rendered":"<p>Ao segundo dia da sua desloca\u00e7\u00e3o ao interior, Ant\u00f3nio Jos\u00e9 Seguro dirigiu-se \u00e0 eira comunit\u00e1ria de Mour\u00edsia, junto \u00e0 ribeira que desagua no Alva, entre a Serra do A\u00e7or e o local ardido no ver\u00e3o passado. O objetivo foi responder a promessas pol\u00edticas com um apelo \u00e0 a\u00e7\u00e3o.<\/p>\n<p>O futuro presidente pediu menos palavras e mais a\u00e7\u00f5es, apontando para a necessidade de apoios efetivos que permitam sentido de cumprimento das promessas. N\u00e3o houve cr\u00edticas diretas ao Parlamento, segundo a cobertura da altura.<\/p>\n<p>Segundo relatos locais, o encontro decorreu numa zona rur\u00edcola marcada pela proximidade de uma \u00e1rea afetada por fogos, o que tornou a interven\u00e7\u00e3o do pol\u00edtico mais significativa para a comunidade. N\u00e3o foram divulgado detalhes adicionais sobre medidas espec\u00edficas.<\/p>\n<p>A popula\u00e7\u00e3o portuense envolvida na organiza\u00e7\u00e3o do evento expressou apoio \u00e0 forma como Seguro tratou todos os presentes de maneira igual, valorizando a comunica\u00e7\u00e3o simples e direta como marco da sua atua\u00e7\u00e3o na regi\u00e3o.<\/p>\n","protected":false},"excerpt":{"rendered":"<ul>\n<li>Ant\u00f3nio Jos\u00e9 Seguro, novo Presidente da Rep\u00fablica, foi ao interior no segundo dia de mandato.<\/li>\n<li>Em Mour\u00edsia, junto \u00e0 ribeira que desagua no Alva, na Serra do A\u00e7or, o presidente dirigiu o recado ao Governo.<\/li>\n<li>Disse: \u201cmenos expectativas, mais apoios; menos palavras, mais actos\u201d, e que as pessoas devem ter a certeza de que quando o poder pol\u00edtico fala \u00e9 para valer.<\/li>\n<li>A cr\u00edtica ao Parlamento foi apresentada como falsa pela narrativa.<\/li>\n<li>Um autarca do Porto elogiou Seguro por tratar todos por igual.<\/li>\n<\/ul>\n","protected":false},"author":2,"featured_media":405356,"comment_status":"closed","ping_status":"closed","sticky":false,"template":"","format":"standard","meta":{"footnotes":""},"categories":[1,5],"tags":[903,34,2832,30,1778],"class_list":["post-405352","post","type-post","status-publish","format-standard","has-post-thumbnail","hentry","category-noticias","category-politica","tag-comunidades","tag-governo","tag-politica","tag-presidente","tag-regionalizacao-territorial"],"yoast_head":"<!-- This site is optimized with the Yoast SEO plugin v27.2 - https:\/\/yoast.com\/product\/yoast-seo-wordpress\/ -->\n<title>Ant\u00f3nio Jos\u00e9 Seguro visita o interior e critica o Governo - Portal Tela Portugal<\/title>\n<meta name=\"robots\" content=\"index, follow, max-snippet:-1, max-image-preview:large, max-video-preview:-1\" \/>\n<meta property=\"og:locale\" content=\"pt_PT\" \/>\n<meta property=\"og:type\" content=\"article\" \/>\n<meta property=\"og:title\" content=\"Ant\u00f3nio Jos\u00e9 Seguro visita o interior e critica o Governo - Portal Tela Portugal\" \/>\n<meta property=\"og:description\" content=\"Ant\u00f3nio Jos\u00e9 Seguro, novo Presidente da Rep\u00fablica, foi ao interior no segundo dia de mandato. Em Mour\u00edsia, junto \u00e0 ribeira que desagua no Alva, na Serra do A\u00e7or, o presidente dirigiu o recado ao Governo. Disse: \u201cmenos expectativas, mais apoios; menos palavras, mais actos\u201d, e que as pessoas devem ter a certeza de que quando o poder pol\u00edtico fala \u00e9 para valer. A cr\u00edtica ao Parlamento foi apresentada como falsa pela narrativa. Um autarca do Porto elogiou Seguro por tratar todos por igual.\" \/>\n<meta property=\"og:url\" content=\"https:\/\/portaltela.pt\/noticias\/2026\/03\/10\/antonio-jose-seguro-visita-o-interior-e-critica-o-governo\/\" \/>\n<meta property=\"og:site_name\" content=\"Portal Tela Portugal\" \/>\n<meta property=\"article:published_time\" content=\"2026-03-10T23:16:00+00:00\" \/>\n<meta name=\"author\" content=\"Telinha\" \/>\n<meta name=\"twitter:card\" content=\"summary_large_image\" \/>\n<meta name=\"twitter:label1\" content=\"Escrito por\" \/>\n\t<meta name=\"twitter:data1\" content=\"Telinha\" \/>\n\t<meta name=\"twitter:label2\" content=\"Tempo estimado de leitura\" \/>\n\t<meta name=\"twitter:data2\" content=\"1 minuto\" \/>\n<script type=\"application\/ld+json\" class=\"yoast-schema-graph\">{\"@context\":\"https:\/\/schema.org\",\"@graph\":[{\"@type\":\"Article\",\"@id\":\"https:\/\/portaltela.pt\/noticias\/2026\/03\/10\/antonio-jose-seguro-visita-o-interior-e-critica-o-governo\/#article\",\"isPartOf\":{\"@id\":\"https:\/\/portaltela.pt\/noticias\/2026\/03\/10\/antonio-jose-seguro-visita-o-interior-e-critica-o-governo\/\"},\"author\":{\"name\":\"Telinha\",\"@id\":\"https:\/\/portaltela.pt\/#\/schema\/person\/c4278d4a6028830caff9ee44b42d32ed\"},\"headline\":\"Ant\u00f3nio Jos\u00e9 Seguro visita o interior e critica o Governo\",\"datePublished\":\"2026-03-10T23:16:00+00:00\",\"mainEntityOfPage\":{\"@id\":\"https:\/\/portaltela.pt\/noticias\/2026\/03\/10\/antonio-jose-seguro-visita-o-interior-e-critica-o-governo\/\"},\"wordCount\":182,\"image\":{\"@id\":\"https:\/\/portaltela.pt\/noticias\/2026\/03\/10\/antonio-jose-seguro-visita-o-interior-e-critica-o-governo\/#primaryimage\"},\"thumbnailUrl\":\"https:\/\/portaltela.pt\/s.01k8rhncp4jt1\/2026\/03\/2073225.jpg\",\"keywords\":[\"comunidades\",\"governo\",\"pol\u00edtica\",\"presidente\",\"regionaliza\u00e7\u00e3o territorial\"],\"articleSection\":[\"Not\u00edcias\",\"Pol\u00edtica\"],\"inLanguage\":\"pt-PT\"},{\"@type\":\"WebPage\",\"@id\":\"https:\/\/portaltela.pt\/noticias\/2026\/03\/10\/antonio-jose-seguro-visita-o-interior-e-critica-o-governo\/\",\"url\":\"https:\/\/portaltela.pt\/noticias\/2026\/03\/10\/antonio-jose-seguro-visita-o-interior-e-critica-o-governo\/\",\"name\":\"Ant\u00f3nio Jos\u00e9 Seguro visita o interior e critica o Governo - Portal Tela Portugal\",\"isPartOf\":{\"@id\":\"https:\/\/portaltela.pt\/#website\"},\"primaryImageOfPage\":{\"@id\":\"https:\/\/portaltela.pt\/noticias\/2026\/03\/10\/antonio-jose-seguro-visita-o-interior-e-critica-o-governo\/#primaryimage\"},\"image\":{\"@id\":\"https:\/\/portaltela.pt\/noticias\/2026\/03\/10\/antonio-jose-seguro-visita-o-interior-e-critica-o-governo\/#primaryimage\"},\"thumbnailUrl\":\"https:\/\/portaltela.pt\/s.01k8rhncp4jt1\/2026\/03\/2073225.jpg\",\"datePublished\":\"2026-03-10T23:16:00+00:00\",\"author\":{\"@id\":\"https:\/\/portaltela.pt\/#\/schema\/person\/c4278d4a6028830caff9ee44b42d32ed\"},\"breadcrumb\":{\"@id\":\"https:\/\/portaltela.pt\/noticias\/2026\/03\/10\/antonio-jose-seguro-visita-o-interior-e-critica-o-governo\/#breadcrumb\"},\"inLanguage\":\"pt-PT\",\"potentialAction\":[{\"@type\":\"ReadAction\",\"target\":[\"https:\/\/portaltela.pt\/noticias\/2026\/03\/10\/antonio-jose-seguro-visita-o-interior-e-critica-o-governo\/\"]}]},{\"@type\":\"ImageObject\",\"inLanguage\":\"pt-PT\",\"@id\":\"https:\/\/portaltela.pt\/noticias\/2026\/03\/10\/antonio-jose-seguro-visita-o-interior-e-critica-o-governo\/#primaryimage\",\"url\":\"https:\/\/portaltela.pt\/s.01k8rhncp4jt1\/2026\/03\/2073225.jpg\",\"contentUrl\":\"https:\/\/portaltela.pt\/s.01k8rhncp4jt1\/2026\/03\/2073225.jpg\",\"width\":796,\"height\":448,\"caption\":\"Ant\u00f3nio Jos\u00e9 Seguro durante a visita \u00e0 aldeia de Mour\u00edsia, na Serra do A\u00e7or, no \u00e2mbito do programa de tomada de posse como Presidente da Rep\u00fablica\"},{\"@type\":\"BreadcrumbList\",\"@id\":\"https:\/\/portaltela.pt\/noticias\/2026\/03\/10\/antonio-jose-seguro-visita-o-interior-e-critica-o-governo\/#breadcrumb\",\"itemListElement\":[{\"@type\":\"ListItem\",\"position\":1,\"name\":\"In\u00edcio\",\"item\":\"https:\/\/portaltela.pt\/\"},{\"@type\":\"ListItem\",\"position\":2,\"name\":\"Ant\u00f3nio Jos\u00e9 Seguro visita o interior e critica o Governo\"}]},{\"@type\":\"WebSite\",\"@id\":\"https:\/\/portaltela.pt\/#website\",\"url\":\"https:\/\/portaltela.pt\/\",\"name\":\"Portal Tela Portugal\",\"description\":\"\",\"potentialAction\":[{\"@type\":\"SearchAction\",\"target\":{\"@type\":\"EntryPoint\",\"urlTemplate\":\"https:\/\/portaltela.pt\/?s={search_term_string}\"},\"query-input\":{\"@type\":\"PropertyValueSpecification\",\"valueRequired\":true,\"valueName\":\"search_term_string\"}}],\"inLanguage\":\"pt-PT\"},{\"@type\":\"Person\",\"@id\":\"https:\/\/portaltela.pt\/#\/schema\/person\/c4278d4a6028830caff9ee44b42d32ed\",\"name\":\"Telinha\",\"image\":{\"@type\":\"ImageObject\",\"inLanguage\":\"pt-PT\",\"@id\":\"https:\/\/portaltela.pt\/s.01k8rhncp4jt1\/2025\/11\/talking-bot-125x125.png\",\"url\":\"https:\/\/portaltela.pt\/s.01k8rhncp4jt1\/2025\/11\/talking-bot-125x125.png\",\"contentUrl\":\"https:\/\/portaltela.pt\/s.01k8rhncp4jt1\/2025\/11\/talking-bot-125x125.png\",\"caption\":\"Telinha\"},\"sameAs\":[\"https:\/\/portaltela.pt\/\"],\"url\":\"https:\/\/portaltela.pt\/por\/367410592786\/\"}]}<\/script>\n<!-- \/ Yoast SEO plugin. -->","yoast_head_json":{"title":"Ant\u00f3nio Jos\u00e9 Seguro visita o interior e critica o Governo - Portal Tela Portugal","robots":{"index":"index","follow":"follow","max-snippet":"max-snippet:-1","max-image-preview":"max-image-preview:large","max-video-preview":"max-video-preview:-1"},"og_locale":"pt_PT","og_type":"article","og_title":"Ant\u00f3nio Jos\u00e9 Seguro visita o interior e critica o Governo - Portal Tela Portugal","og_description":"Ant\u00f3nio Jos\u00e9 Seguro, novo Presidente da Rep\u00fablica, foi ao interior no segundo dia de mandato. Em Mour\u00edsia, junto \u00e0 ribeira que desagua no Alva, na Serra do A\u00e7or, o presidente dirigiu o recado ao Governo. Disse: \u201cmenos expectativas, mais apoios; menos palavras, mais actos\u201d, e que as pessoas devem ter a certeza de que quando o poder pol\u00edtico fala \u00e9 para valer. A cr\u00edtica ao Parlamento foi apresentada como falsa pela narrativa. Um autarca do Porto elogiou Seguro por tratar todos por igual.","og_url":"https:\/\/portaltela.pt\/noticias\/2026\/03\/10\/antonio-jose-seguro-visita-o-interior-e-critica-o-governo\/","og_site_name":"Portal Tela Portugal","article_published_time":"2026-03-10T23:16:00+00:00","author":"Telinha","twitter_card":"summary_large_image","twitter_misc":{"Escrito por":"Telinha","Tempo estimado de leitura":"1 minuto"},"schema":{"@context":"https:\/\/schema.org","@graph":[{"@type":"Article","@id":"https:\/\/portaltela.pt\/noticias\/2026\/03\/10\/antonio-jose-seguro-visita-o-interior-e-critica-o-governo\/#article","isPartOf":{"@id":"https:\/\/portaltela.pt\/noticias\/2026\/03\/10\/antonio-jose-seguro-visita-o-interior-e-critica-o-governo\/"},"author":{"name":"Telinha","@id":"https:\/\/portaltela.pt\/#\/schema\/person\/c4278d4a6028830caff9ee44b42d32ed"},"headline":"Ant\u00f3nio Jos\u00e9 Seguro visita o interior e critica o Governo","datePublished":"2026-03-10T23:16:00+00:00","mainEntityOfPage":{"@id":"https:\/\/portaltela.pt\/noticias\/2026\/03\/10\/antonio-jose-seguro-visita-o-interior-e-critica-o-governo\/"},"wordCount":182,"image":{"@id":"https:\/\/portaltela.pt\/noticias\/2026\/03\/10\/antonio-jose-seguro-visita-o-interior-e-critica-o-governo\/#primaryimage"},"thumbnailUrl":"https:\/\/portaltela.pt\/s.01k8rhncp4jt1\/2026\/03\/2073225.jpg","keywords":["comunidades","governo","pol\u00edtica","presidente","regionaliza\u00e7\u00e3o territorial"],"articleSection":["Not\u00edcias","Pol\u00edtica"],"inLanguage":"pt-PT"},{"@type":"WebPage","@id":"https:\/\/portaltela.pt\/noticias\/2026\/03\/10\/antonio-jose-seguro-visita-o-interior-e-critica-o-governo\/","url":"https:\/\/portaltela.pt\/noticias\/2026\/03\/10\/antonio-jose-seguro-visita-o-interior-e-critica-o-governo\/","name":"Ant\u00f3nio Jos\u00e9 Seguro visita o interior e critica o Governo - Portal Tela Portugal","isPartOf":{"@id":"https:\/\/portaltela.pt\/#website"},"primaryImageOfPage":{"@id":"https:\/\/portaltela.pt\/noticias\/2026\/03\/10\/antonio-jose-seguro-visita-o-interior-e-critica-o-governo\/#primaryimage"},"image":{"@id":"https:\/\/portaltela.pt\/noticias\/2026\/03\/10\/antonio-jose-seguro-visita-o-interior-e-critica-o-governo\/#primaryimage"},"thumbnailUrl":"https:\/\/portaltela.pt\/s.01k8rhncp4jt1\/2026\/03\/2073225.jpg","datePublished":"2026-03-10T23:16:00+00:00","author":{"@id":"https:\/\/portaltela.pt\/#\/schema\/person\/c4278d4a6028830caff9ee44b42d32ed"},"breadcrumb":{"@id":"https:\/\/portaltela.pt\/noticias\/2026\/03\/10\/antonio-jose-seguro-visita-o-interior-e-critica-o-governo\/#breadcrumb"},"inLanguage":"pt-PT","potentialAction":[{"@type":"ReadAction","target":["https:\/\/portaltela.pt\/noticias\/2026\/03\/10\/antonio-jose-seguro-visita-o-interior-e-critica-o-governo\/"]}]},{"@type":"ImageObject","inLanguage":"pt-PT","@id":"https:\/\/portaltela.pt\/noticias\/2026\/03\/10\/antonio-jose-seguro-visita-o-interior-e-critica-o-governo\/#primaryimage","url":"https:\/\/portaltela.pt\/s.01k8rhncp4jt1\/2026\/03\/2073225.jpg","contentUrl":"https:\/\/portaltela.pt\/s.01k8rhncp4jt1\/2026\/03\/2073225.jpg","width":796,"height":448,"caption":"Ant\u00f3nio Jos\u00e9 Seguro durante a visita \u00e0 aldeia de Mour\u00edsia, na Serra do A\u00e7or, no \u00e2mbito do programa de tomada de posse como Presidente da Rep\u00fablica"},{"@type":"BreadcrumbList","@id":"https:\/\/portaltela.pt\/noticias\/2026\/03\/10\/antonio-jose-seguro-visita-o-interior-e-critica-o-governo\/#breadcrumb","itemListElement":[{"@type":"ListItem","position":1,"name":"In\u00edcio","item":"https:\/\/portaltela.pt\/"},{"@type":"ListItem","position":2,"name":"Ant\u00f3nio Jos\u00e9 Seguro visita o interior e critica o Governo"}]},{"@type":"WebSite","@id":"https:\/\/portaltela.pt\/#website","url":"https:\/\/portaltela.pt\/","name":"Portal Tela Portugal","description":"","potentialAction":[{"@type":"SearchAction","target":{"@type":"EntryPoint","urlTemplate":"https:\/\/portaltela.pt\/?s={search_term_string}"},"query-input":{"@type":"PropertyValueSpecification","valueRequired":true,"valueName":"search_term_string"}}],"inLanguage":"pt-PT"},{"@type":"Person","@id":"https:\/\/portaltela.pt\/#\/schema\/person\/c4278d4a6028830caff9ee44b42d32ed","name":"Telinha","image":{"@type":"ImageObject","inLanguage":"pt-PT","@id":"https:\/\/portaltela.pt\/s.01k8rhncp4jt1\/2025\/11\/talking-bot-125x125.png","url":"https:\/\/portaltela.pt\/s.01k8rhncp4jt1\/2025\/11\/talking-bot-125x125.png","contentUrl":"https:\/\/portaltela.pt\/s.01k8rhncp4jt1\/2025\/11\/talking-bot-125x125.png","caption":"Telinha"},"sameAs":["https:\/\/portaltela.pt\/"],"url":"https:\/\/portaltela.pt\/por\/367410592786\/"}]}},"_links":{"self":[{"href":"https:\/\/portaltela.pt\/api\/wp\/v2\/posts\/405352","targetHints":{"allow":["GET"]}}],"collection":[{"href":"https:\/\/portaltela.pt\/api\/wp\/v2\/posts"}],"about":[{"href":"https:\/\/portaltela.pt\/api\/wp\/v2\/types\/post"}],"author":[{"embeddable":true,"href":"https:\/\/portaltela.pt\/api\/wp\/v2\/users\/2"}],"replies":[{"embeddable":true,"href":"https:\/\/portaltela.pt\/api\/wp\/v2\/comments?post=405352"}],"version-history":[{"count":0,"href":"https:\/\/portaltela.pt\/api\/wp\/v2\/posts\/405352\/revisions"}],"wp:featuredmedia":[{"embeddable":true,"href":"https:\/\/portaltela.pt\/api\/wp\/v2\/media\/405356"}],"wp:attachment":[{"href":"https:\/\/portaltela.pt\/api\/wp\/v2\/media?parent=405352"}],"wp:term":[{"taxonomy":"category","embeddable":true,"href":"https:\/\/portaltela.pt\/api\/wp\/v2\/categories?post=405352"},{"taxonomy":"post_tag","embeddable":true,"href":"https:\/\/portaltela.pt\/api\/wp\/v2\/tags?post=405352"}],"curies":[{"name":"wp","href":"https:\/\/api.w.org\/{rel}","templated":true}]}}