{"id":405348,"date":"2026-03-10T20:01:00","date_gmt":"2026-03-10T23:01:00","guid":{"rendered":"https:\/\/portaltela.pt\/noticias\/2026\/03\/10\/mais-de-245-mil-criancas-fogem-de-casa-no-libano-sob-fogo\/"},"modified":"2026-03-10T20:01:00","modified_gmt":"2026-03-10T23:01:00","slug":"mais-de-245-mil-criancas-fogem-de-casa-no-libano-sob-fogo","status":"publish","type":"post","link":"https:\/\/portaltela.pt\/noticias\/2026\/03\/10\/mais-de-245-mil-criancas-fogem-de-casa-no-libano-sob-fogo\/","title":{"rendered":"Mais de 245 mil crian\u00e7as fogem de casa no L\u00edbano sob fogo"},"content":{"rendered":"<p>Mais de 700 mil pessoas fugiram de casa no L\u00edbano na \u00faltima semana, segundo dados de v\u00e1rias organiza\u00e7\u00f5es humanit\u00e1rias. Destas, 245 mil s\u00e3o crian\u00e7as, que enfrentam condi\u00e7\u00f5es prec\u00e1rias nas ruas ou em abrigos comunit\u00e1rios. Organiza\u00e7\u00f5es como a Unicef trabalham para assegurar necessidades b\u00e1sicas, incluindo alimenta\u00e7\u00e3o, \u00e1gua e prote\u00e7\u00e3o.<\/p>\n<p>Os ataques israelitas, que prosseguem no sul do L\u00edbano, ocorreram em resposta a a\u00e7\u00f5es de grupos armados. O objetivo das opera\u00e7\u00f5es \u00e9 retaliar press\u00f5es na regi\u00e3o, com impactos diretos na popula\u00e7\u00e3o civil. Relatos indicam que dezenas de pessoas foram mortas ou feridas desde o in\u00edcio dos confrontos, elevando o n\u00famero de deslocados.<\/p>\n<p>Ainda n\u00e3o est\u00e1 claro o n\u00famero de deslocados em Beirute e arredores, devido \u00e0 r\u00e1pida movimenta\u00e7\u00e3o de pessoas entre abrigos e \u00e1reas de rua. As ag\u00eancias humanit\u00e1rias destacam o risco de exposi\u00e7\u00e3o ao frio, \u00e0 viol\u00eancia e \u00e0 escassez de servi\u00e7os b\u00e1sicos \u00e0 medida que o conflito se prolonga.<\/p>\n<h3>Contexto<\/h3>\n<p>O L\u00edbano vive um ciclo de viol\u00eancia desde o agravamento do conflito regional. As a\u00e7\u00f5es militares entre Israel e grupos alinhados no pa\u00eds t\u00eam gerado deslocamentos em massa e press\u00e3o sobre a infraestrutura de ajuda humanit\u00e1ria. Organiza\u00e7\u00f5es internacionais apelam a corredores humanit\u00e1rios e ao respeito por crian\u00e7as e civis.<\/p>\n","protected":false},"excerpt":{"rendered":"<ul>\n<li>Mais de setecentos mil pessoas fugiram de casa no L\u00edbano na \u00faltima semana, entre as quais mais de duzentas e quarenta e cinco mil s\u00e3o crian\u00e7as.<\/li>\n<li>Os ataques israelitas causaram a morte de dez crian\u00e7as por dia, a sul de Beirute.<\/li>\n<li>Quem fugiu, muitas vezes apenas com a roupa do corpo, vive na rua ou em abrigos comunit\u00e1rios.<\/li>\n<li>Organiza\u00e7\u00f5es humanit\u00e1rias, como o Fundo das Na\u00e7\u00f5es Unidas para a Inf\u00e2ncia (UNICEF), trabalham para garantir o m\u00ednimo de dignidade e necessidades b\u00e1sicas.<\/li>\n<li>O conflito envolve retalia\u00e7\u00e3o israelita ao Hezbollah, com o grupo a responder com m\u00edsseis ap\u00f3s ataques de Telavive ao Ir\u00e3o.<\/li>\n<\/ul>\n","protected":false},"author":2,"featured_media":405349,"comment_status":"closed","ping_status":"closed","sticky":false,"template":"","format":"standard","meta":{"footnotes":""},"categories":[6790,1],"tags":[3953,4617,6635,2181,3786,4832],"class_list":["post-405348","post","type-post","status-publish","format-standard","has-post-thumbnail","hentry","category-conflitos","category-noticias","tag-criancas","tag-deslocados","tag-libano","tag-protecao-de-menores","tag-refugiados-internos","tag-unicef-portugal"],"yoast_head":"<!-- This site is optimized with the Yoast SEO plugin v27.2 - https:\/\/yoast.com\/product\/yoast-seo-wordpress\/ -->\n<title>Mais de 245 mil crian\u00e7as fogem de casa no L\u00edbano sob fogo - Portal Tela Portugal<\/title>\n<meta name=\"robots\" content=\"index, follow, max-snippet:-1, max-image-preview:large, max-video-preview:-1\" \/>\n<meta property=\"og:locale\" content=\"pt_PT\" \/>\n<meta property=\"og:type\" content=\"article\" \/>\n<meta property=\"og:title\" content=\"Mais de 245 mil crian\u00e7as fogem de casa no L\u00edbano sob fogo - Portal Tela Portugal\" \/>\n<meta property=\"og:description\" content=\"Mais de setecentos mil pessoas fugiram de casa no L\u00edbano na \u00faltima semana, entre as quais mais de duzentas e quarenta e cinco mil s\u00e3o crian\u00e7as. Os ataques israelitas causaram a morte de dez crian\u00e7as por dia, a sul de Beirute. Quem fugiu, muitas vezes apenas com a roupa do corpo, vive na rua ou em abrigos comunit\u00e1rios. Organiza\u00e7\u00f5es humanit\u00e1rias, como o Fundo das Na\u00e7\u00f5es Unidas para a Inf\u00e2ncia (UNICEF), trabalham para garantir o m\u00ednimo de dignidade e necessidades b\u00e1sicas. O conflito envolve retalia\u00e7\u00e3o israelita ao Hezbollah, com o grupo a responder com m\u00edsseis ap\u00f3s ataques de Telavive ao Ir\u00e3o.\" \/>\n<meta property=\"og:url\" content=\"https:\/\/portaltela.pt\/noticias\/2026\/03\/10\/mais-de-245-mil-criancas-fogem-de-casa-no-libano-sob-fogo\/\" \/>\n<meta property=\"og:site_name\" content=\"Portal Tela Portugal\" \/>\n<meta property=\"article:published_time\" content=\"2026-03-10T23:01:00+00:00\" \/>\n<meta name=\"author\" content=\"Telinha\" \/>\n<meta name=\"twitter:card\" content=\"summary_large_image\" \/>\n<meta name=\"twitter:label1\" content=\"Escrito por\" \/>\n\t<meta name=\"twitter:data1\" content=\"Telinha\" \/>\n\t<meta name=\"twitter:label2\" content=\"Tempo estimado de leitura\" \/>\n\t<meta name=\"twitter:data2\" content=\"1 minuto\" \/>\n<script type=\"application\/ld+json\" class=\"yoast-schema-graph\">{\"@context\":\"https:\/\/schema.org\",\"@graph\":[{\"@type\":\"Article\",\"@id\":\"https:\/\/portaltela.pt\/noticias\/2026\/03\/10\/mais-de-245-mil-criancas-fogem-de-casa-no-libano-sob-fogo\/#article\",\"isPartOf\":{\"@id\":\"https:\/\/portaltela.pt\/noticias\/2026\/03\/10\/mais-de-245-mil-criancas-fogem-de-casa-no-libano-sob-fogo\/\"},\"author\":{\"name\":\"Telinha\",\"@id\":\"https:\/\/portaltela.pt\/#\/schema\/person\/c4278d4a6028830caff9ee44b42d32ed\"},\"headline\":\"Mais de 245 mil crian\u00e7as fogem de casa no L\u00edbano sob fogo\",\"datePublished\":\"2026-03-10T23:01:00+00:00\",\"mainEntityOfPage\":{\"@id\":\"https:\/\/portaltela.pt\/noticias\/2026\/03\/10\/mais-de-245-mil-criancas-fogem-de-casa-no-libano-sob-fogo\/\"},\"wordCount\":246,\"image\":{\"@id\":\"https:\/\/portaltela.pt\/noticias\/2026\/03\/10\/mais-de-245-mil-criancas-fogem-de-casa-no-libano-sob-fogo\/#primaryimage\"},\"thumbnailUrl\":\"https:\/\/portaltela.pt\/s.01k8rhncp4jt1\/2026\/03\/image-672.jpg\",\"keywords\":[\"crian\u00e7as\",\"deslocados\",\"L\u00edbano\",\"prote\u00e7\u00e3o de menores\",\"refugiados internos\",\"UNICEF Portugal\"],\"articleSection\":[\"Conflitos\",\"Not\u00edcias\"],\"inLanguage\":\"pt-PT\"},{\"@type\":\"WebPage\",\"@id\":\"https:\/\/portaltela.pt\/noticias\/2026\/03\/10\/mais-de-245-mil-criancas-fogem-de-casa-no-libano-sob-fogo\/\",\"url\":\"https:\/\/portaltela.pt\/noticias\/2026\/03\/10\/mais-de-245-mil-criancas-fogem-de-casa-no-libano-sob-fogo\/\",\"name\":\"Mais de 245 mil crian\u00e7as fogem de casa no L\u00edbano sob fogo - Portal Tela Portugal\",\"isPartOf\":{\"@id\":\"https:\/\/portaltela.pt\/#website\"},\"primaryImageOfPage\":{\"@id\":\"https:\/\/portaltela.pt\/noticias\/2026\/03\/10\/mais-de-245-mil-criancas-fogem-de-casa-no-libano-sob-fogo\/#primaryimage\"},\"image\":{\"@id\":\"https:\/\/portaltela.pt\/noticias\/2026\/03\/10\/mais-de-245-mil-criancas-fogem-de-casa-no-libano-sob-fogo\/#primaryimage\"},\"thumbnailUrl\":\"https:\/\/portaltela.pt\/s.01k8rhncp4jt1\/2026\/03\/image-672.jpg\",\"datePublished\":\"2026-03-10T23:01:00+00:00\",\"author\":{\"@id\":\"https:\/\/portaltela.pt\/#\/schema\/person\/c4278d4a6028830caff9ee44b42d32ed\"},\"breadcrumb\":{\"@id\":\"https:\/\/portaltela.pt\/noticias\/2026\/03\/10\/mais-de-245-mil-criancas-fogem-de-casa-no-libano-sob-fogo\/#breadcrumb\"},\"inLanguage\":\"pt-PT\",\"potentialAction\":[{\"@type\":\"ReadAction\",\"target\":[\"https:\/\/portaltela.pt\/noticias\/2026\/03\/10\/mais-de-245-mil-criancas-fogem-de-casa-no-libano-sob-fogo\/\"]}]},{\"@type\":\"ImageObject\",\"inLanguage\":\"pt-PT\",\"@id\":\"https:\/\/portaltela.pt\/noticias\/2026\/03\/10\/mais-de-245-mil-criancas-fogem-de-casa-no-libano-sob-fogo\/#primaryimage\",\"url\":\"https:\/\/portaltela.pt\/s.01k8rhncp4jt1\/2026\/03\/image-672.jpg\",\"contentUrl\":\"https:\/\/portaltela.pt\/s.01k8rhncp4jt1\/2026\/03\/image-672.jpg\",\"width\":796,\"height\":448,\"caption\":\"Uma mulher que fugiu dos sub\u00farbios do L\u00edbano dorme no passeio mar\u00edtimo de Beirute, com os dois filhos\"},{\"@type\":\"BreadcrumbList\",\"@id\":\"https:\/\/portaltela.pt\/noticias\/2026\/03\/10\/mais-de-245-mil-criancas-fogem-de-casa-no-libano-sob-fogo\/#breadcrumb\",\"itemListElement\":[{\"@type\":\"ListItem\",\"position\":1,\"name\":\"In\u00edcio\",\"item\":\"https:\/\/portaltela.pt\/\"},{\"@type\":\"ListItem\",\"position\":2,\"name\":\"Mais de 245 mil crian\u00e7as fogem de casa no L\u00edbano sob fogo\"}]},{\"@type\":\"WebSite\",\"@id\":\"https:\/\/portaltela.pt\/#website\",\"url\":\"https:\/\/portaltela.pt\/\",\"name\":\"Portal Tela Portugal\",\"description\":\"\",\"potentialAction\":[{\"@type\":\"SearchAction\",\"target\":{\"@type\":\"EntryPoint\",\"urlTemplate\":\"https:\/\/portaltela.pt\/?s={search_term_string}\"},\"query-input\":{\"@type\":\"PropertyValueSpecification\",\"valueRequired\":true,\"valueName\":\"search_term_string\"}}],\"inLanguage\":\"pt-PT\"},{\"@type\":\"Person\",\"@id\":\"https:\/\/portaltela.pt\/#\/schema\/person\/c4278d4a6028830caff9ee44b42d32ed\",\"name\":\"Telinha\",\"image\":{\"@type\":\"ImageObject\",\"inLanguage\":\"pt-PT\",\"@id\":\"https:\/\/portaltela.pt\/s.01k8rhncp4jt1\/2025\/11\/talking-bot-125x125.png\",\"url\":\"https:\/\/portaltela.pt\/s.01k8rhncp4jt1\/2025\/11\/talking-bot-125x125.png\",\"contentUrl\":\"https:\/\/portaltela.pt\/s.01k8rhncp4jt1\/2025\/11\/talking-bot-125x125.png\",\"caption\":\"Telinha\"},\"sameAs\":[\"https:\/\/portaltela.pt\/\"],\"url\":\"https:\/\/portaltela.pt\/por\/367410592786\/\"}]}<\/script>\n<!-- \/ Yoast SEO plugin. -->","yoast_head_json":{"title":"Mais de 245 mil crian\u00e7as fogem de casa no L\u00edbano sob fogo - Portal Tela Portugal","robots":{"index":"index","follow":"follow","max-snippet":"max-snippet:-1","max-image-preview":"max-image-preview:large","max-video-preview":"max-video-preview:-1"},"og_locale":"pt_PT","og_type":"article","og_title":"Mais de 245 mil crian\u00e7as fogem de casa no L\u00edbano sob fogo - Portal Tela Portugal","og_description":"Mais de setecentos mil pessoas fugiram de casa no L\u00edbano na \u00faltima semana, entre as quais mais de duzentas e quarenta e cinco mil s\u00e3o crian\u00e7as. Os ataques israelitas causaram a morte de dez crian\u00e7as por dia, a sul de Beirute. Quem fugiu, muitas vezes apenas com a roupa do corpo, vive na rua ou em abrigos comunit\u00e1rios. Organiza\u00e7\u00f5es humanit\u00e1rias, como o Fundo das Na\u00e7\u00f5es Unidas para a Inf\u00e2ncia (UNICEF), trabalham para garantir o m\u00ednimo de dignidade e necessidades b\u00e1sicas. O conflito envolve retalia\u00e7\u00e3o israelita ao Hezbollah, com o grupo a responder com m\u00edsseis ap\u00f3s ataques de Telavive ao Ir\u00e3o.","og_url":"https:\/\/portaltela.pt\/noticias\/2026\/03\/10\/mais-de-245-mil-criancas-fogem-de-casa-no-libano-sob-fogo\/","og_site_name":"Portal Tela Portugal","article_published_time":"2026-03-10T23:01:00+00:00","author":"Telinha","twitter_card":"summary_large_image","twitter_misc":{"Escrito por":"Telinha","Tempo estimado de leitura":"1 minuto"},"schema":{"@context":"https:\/\/schema.org","@graph":[{"@type":"Article","@id":"https:\/\/portaltela.pt\/noticias\/2026\/03\/10\/mais-de-245-mil-criancas-fogem-de-casa-no-libano-sob-fogo\/#article","isPartOf":{"@id":"https:\/\/portaltela.pt\/noticias\/2026\/03\/10\/mais-de-245-mil-criancas-fogem-de-casa-no-libano-sob-fogo\/"},"author":{"name":"Telinha","@id":"https:\/\/portaltela.pt\/#\/schema\/person\/c4278d4a6028830caff9ee44b42d32ed"},"headline":"Mais de 245 mil crian\u00e7as fogem de casa no L\u00edbano sob fogo","datePublished":"2026-03-10T23:01:00+00:00","mainEntityOfPage":{"@id":"https:\/\/portaltela.pt\/noticias\/2026\/03\/10\/mais-de-245-mil-criancas-fogem-de-casa-no-libano-sob-fogo\/"},"wordCount":246,"image":{"@id":"https:\/\/portaltela.pt\/noticias\/2026\/03\/10\/mais-de-245-mil-criancas-fogem-de-casa-no-libano-sob-fogo\/#primaryimage"},"thumbnailUrl":"https:\/\/portaltela.pt\/s.01k8rhncp4jt1\/2026\/03\/image-672.jpg","keywords":["crian\u00e7as","deslocados","L\u00edbano","prote\u00e7\u00e3o de menores","refugiados internos","UNICEF Portugal"],"articleSection":["Conflitos","Not\u00edcias"],"inLanguage":"pt-PT"},{"@type":"WebPage","@id":"https:\/\/portaltela.pt\/noticias\/2026\/03\/10\/mais-de-245-mil-criancas-fogem-de-casa-no-libano-sob-fogo\/","url":"https:\/\/portaltela.pt\/noticias\/2026\/03\/10\/mais-de-245-mil-criancas-fogem-de-casa-no-libano-sob-fogo\/","name":"Mais de 245 mil crian\u00e7as fogem de casa no L\u00edbano sob fogo - Portal Tela Portugal","isPartOf":{"@id":"https:\/\/portaltela.pt\/#website"},"primaryImageOfPage":{"@id":"https:\/\/portaltela.pt\/noticias\/2026\/03\/10\/mais-de-245-mil-criancas-fogem-de-casa-no-libano-sob-fogo\/#primaryimage"},"image":{"@id":"https:\/\/portaltela.pt\/noticias\/2026\/03\/10\/mais-de-245-mil-criancas-fogem-de-casa-no-libano-sob-fogo\/#primaryimage"},"thumbnailUrl":"https:\/\/portaltela.pt\/s.01k8rhncp4jt1\/2026\/03\/image-672.jpg","datePublished":"2026-03-10T23:01:00+00:00","author":{"@id":"https:\/\/portaltela.pt\/#\/schema\/person\/c4278d4a6028830caff9ee44b42d32ed"},"breadcrumb":{"@id":"https:\/\/portaltela.pt\/noticias\/2026\/03\/10\/mais-de-245-mil-criancas-fogem-de-casa-no-libano-sob-fogo\/#breadcrumb"},"inLanguage":"pt-PT","potentialAction":[{"@type":"ReadAction","target":["https:\/\/portaltela.pt\/noticias\/2026\/03\/10\/mais-de-245-mil-criancas-fogem-de-casa-no-libano-sob-fogo\/"]}]},{"@type":"ImageObject","inLanguage":"pt-PT","@id":"https:\/\/portaltela.pt\/noticias\/2026\/03\/10\/mais-de-245-mil-criancas-fogem-de-casa-no-libano-sob-fogo\/#primaryimage","url":"https:\/\/portaltela.pt\/s.01k8rhncp4jt1\/2026\/03\/image-672.jpg","contentUrl":"https:\/\/portaltela.pt\/s.01k8rhncp4jt1\/2026\/03\/image-672.jpg","width":796,"height":448,"caption":"Uma mulher que fugiu dos sub\u00farbios do L\u00edbano dorme no passeio mar\u00edtimo de Beirute, com os dois filhos"},{"@type":"BreadcrumbList","@id":"https:\/\/portaltela.pt\/noticias\/2026\/03\/10\/mais-de-245-mil-criancas-fogem-de-casa-no-libano-sob-fogo\/#breadcrumb","itemListElement":[{"@type":"ListItem","position":1,"name":"In\u00edcio","item":"https:\/\/portaltela.pt\/"},{"@type":"ListItem","position":2,"name":"Mais de 245 mil crian\u00e7as fogem de casa no L\u00edbano sob fogo"}]},{"@type":"WebSite","@id":"https:\/\/portaltela.pt\/#website","url":"https:\/\/portaltela.pt\/","name":"Portal Tela Portugal","description":"","potentialAction":[{"@type":"SearchAction","target":{"@type":"EntryPoint","urlTemplate":"https:\/\/portaltela.pt\/?s={search_term_string}"},"query-input":{"@type":"PropertyValueSpecification","valueRequired":true,"valueName":"search_term_string"}}],"inLanguage":"pt-PT"},{"@type":"Person","@id":"https:\/\/portaltela.pt\/#\/schema\/person\/c4278d4a6028830caff9ee44b42d32ed","name":"Telinha","image":{"@type":"ImageObject","inLanguage":"pt-PT","@id":"https:\/\/portaltela.pt\/s.01k8rhncp4jt1\/2025\/11\/talking-bot-125x125.png","url":"https:\/\/portaltela.pt\/s.01k8rhncp4jt1\/2025\/11\/talking-bot-125x125.png","contentUrl":"https:\/\/portaltela.pt\/s.01k8rhncp4jt1\/2025\/11\/talking-bot-125x125.png","caption":"Telinha"},"sameAs":["https:\/\/portaltela.pt\/"],"url":"https:\/\/portaltela.pt\/por\/367410592786\/"}]}},"_links":{"self":[{"href":"https:\/\/portaltela.pt\/api\/wp\/v2\/posts\/405348","targetHints":{"allow":["GET"]}}],"collection":[{"href":"https:\/\/portaltela.pt\/api\/wp\/v2\/posts"}],"about":[{"href":"https:\/\/portaltela.pt\/api\/wp\/v2\/types\/post"}],"author":[{"embeddable":true,"href":"https:\/\/portaltela.pt\/api\/wp\/v2\/users\/2"}],"replies":[{"embeddable":true,"href":"https:\/\/portaltela.pt\/api\/wp\/v2\/comments?post=405348"}],"version-history":[{"count":0,"href":"https:\/\/portaltela.pt\/api\/wp\/v2\/posts\/405348\/revisions"}],"wp:featuredmedia":[{"embeddable":true,"href":"https:\/\/portaltela.pt\/api\/wp\/v2\/media\/405349"}],"wp:attachment":[{"href":"https:\/\/portaltela.pt\/api\/wp\/v2\/media?parent=405348"}],"wp:term":[{"taxonomy":"category","embeddable":true,"href":"https:\/\/portaltela.pt\/api\/wp\/v2\/categories?post=405348"},{"taxonomy":"post_tag","embeddable":true,"href":"https:\/\/portaltela.pt\/api\/wp\/v2\/tags?post=405348"}],"curies":[{"name":"wp","href":"https:\/\/api.w.org\/{rel}","templated":true}]}}