{"id":405341,"date":"2026-03-10T19:58:00","date_gmt":"2026-03-10T22:58:00","guid":{"rendered":"https:\/\/portaltela.pt\/noticias\/2026\/03\/10\/portas-alerta-mundo-mais-perigoso-e-apela-a-estabilidade-em-portugal\/"},"modified":"2026-03-10T19:58:00","modified_gmt":"2026-03-10T22:58:00","slug":"portas-alerta-mundo-mais-perigoso-e-apela-a-estabilidade-em-portugal","status":"publish","type":"post","link":"https:\/\/portaltela.pt\/noticias\/politica\/2026\/03\/10\/portas-alerta-mundo-mais-perigoso-e-apela-a-estabilidade-em-portugal\/","title":{"rendered":"Portas alerta: mundo mais perigoso e apela \u00e0 estabilidade em Portugal"},"content":{"rendered":"<p>O ex-vice-primeiro-ministro Paulo Portas alertou para um mundo mais perigoso e pediu estabilidade em Portugal durante as jornadas parlamentares do PSD. O intervencionista ocupou o p\u00falpito da Quinta do Cruzeiro, em Vila Praia de \u00c2ncora, diante de convidados e militantes.<\/p>\n<p>Portas, l\u00edder hist\u00f3rico do CDS e figura centrista, pediu const\u00e2ncia nas pol\u00edticas para inverter o decl\u00ednio demogr\u00e1fico e sublinhou a produtividade como fator para melhorar sal\u00e1rios. A interven\u00e7\u00e3o durou quase uma hora e teve como foco a conjuntura internacional.<\/p>\n<p>O pol\u00edtico enfatizou que Portugal deve manter a sua estabilidade interna, mesmo num contexto de instabilidade global. A mensagem foi recebida no sal\u00e3o com sil\u00eancio e, depois, com respostas de apoio durante o restante do evento.<\/p>\n<p>A interven\u00e7\u00e3o ocorreu no \u00e2mbito das jornadas parlamentares do PSD, com a an\u00e1lise a seguir a uma sucess\u00e3o de temas nacionais e internacionais discutidos pelo partido. Portas reiterou a import\u00e2ncia de pol\u00edticas consistentes para enfrentar os desafios demogr\u00e1ficos e econ\u00f3micos.<\/p>\n","protected":false},"excerpt":{"rendered":"<ul>\n<li>Paulo Portas avisou que o mundo est\u00e1 mais perigoso e pediu estabilidade para Portugal.<\/li>\n<li>Foi o orador convidado nas jornadas parlamentares do PSD, realizadas na Quinta do Cruzeiro, em Vila Praia de \u00c2ncora.<\/li>\n<li>Defendeu a necessidade de const\u00e2ncia nas pol\u00edticas para inverter o decl\u00ednio demogr\u00e1fico.<\/li>\n<li>Sublinou a produtividade como fator para melhorar sal\u00e1rios.<\/li>\n<li>A interven\u00e7\u00e3o aconteceu ap\u00f3s quase uma hora de discurso centrado na instabilidade internacional, com uma mensagem final sobre a import\u00e2ncia da estabilidade interna.<\/li>\n<\/ul>\n","protected":false},"author":2,"featured_media":405342,"comment_status":"closed","ping_status":"closed","sticky":false,"template":"","format":"standard","meta":{"footnotes":""},"categories":[1,5],"tags":[4947,28,2832,5698,4341,3695],"class_list":["post-405341","post","type-post","status-publish","format-standard","has-post-thumbnail","hentry","category-noticias","category-politica","tag-demografia","tag-economia","tag-politica","tag-politica-internacional","tag-portas","tag-psd"],"yoast_head":"<!-- This site is optimized with the Yoast SEO plugin v27.2 - https:\/\/yoast.com\/product\/yoast-seo-wordpress\/ -->\n<title>Portas alerta: mundo mais perigoso e apela \u00e0 estabilidade em Portugal - Portal Tela Portugal<\/title>\n<meta name=\"robots\" content=\"index, follow, max-snippet:-1, max-image-preview:large, max-video-preview:-1\" \/>\n<meta property=\"og:locale\" content=\"pt_PT\" \/>\n<meta property=\"og:type\" content=\"article\" \/>\n<meta property=\"og:title\" content=\"Portas alerta: mundo mais perigoso e apela \u00e0 estabilidade em Portugal - Portal Tela Portugal\" \/>\n<meta property=\"og:description\" content=\"Paulo Portas avisou que o mundo est\u00e1 mais perigoso e pediu estabilidade para Portugal. Foi o orador convidado nas jornadas parlamentares do PSD, realizadas na Quinta do Cruzeiro, em Vila Praia de \u00c2ncora. Defendeu a necessidade de const\u00e2ncia nas pol\u00edticas para inverter o decl\u00ednio demogr\u00e1fico. Sublinou a produtividade como fator para melhorar sal\u00e1rios. A interven\u00e7\u00e3o aconteceu ap\u00f3s quase uma hora de discurso centrado na instabilidade internacional, com uma mensagem final sobre a import\u00e2ncia da estabilidade interna.\" \/>\n<meta property=\"og:url\" content=\"https:\/\/portaltela.pt\/noticias\/2026\/03\/10\/portas-alerta-mundo-mais-perigoso-e-apela-a-estabilidade-em-portugal\/\" \/>\n<meta property=\"og:site_name\" content=\"Portal Tela Portugal\" \/>\n<meta property=\"article:published_time\" content=\"2026-03-10T22:58:00+00:00\" \/>\n<meta name=\"author\" content=\"Telinha\" \/>\n<meta name=\"twitter:card\" content=\"summary_large_image\" \/>\n<meta name=\"twitter:label1\" content=\"Escrito por\" \/>\n\t<meta name=\"twitter:data1\" content=\"Telinha\" \/>\n\t<meta name=\"twitter:label2\" content=\"Tempo estimado de leitura\" \/>\n\t<meta name=\"twitter:data2\" content=\"1 minuto\" \/>\n<script type=\"application\/ld+json\" class=\"yoast-schema-graph\">{\"@context\":\"https:\/\/schema.org\",\"@graph\":[{\"@type\":\"Article\",\"@id\":\"https:\/\/portaltela.pt\/noticias\/2026\/03\/10\/portas-alerta-mundo-mais-perigoso-e-apela-a-estabilidade-em-portugal\/#article\",\"isPartOf\":{\"@id\":\"https:\/\/portaltela.pt\/noticias\/2026\/03\/10\/portas-alerta-mundo-mais-perigoso-e-apela-a-estabilidade-em-portugal\/\"},\"author\":{\"name\":\"Telinha\",\"@id\":\"https:\/\/portaltela.pt\/#\/schema\/person\/c4278d4a6028830caff9ee44b42d32ed\"},\"headline\":\"Portas alerta: mundo mais perigoso e apela \u00e0 estabilidade em Portugal\",\"datePublished\":\"2026-03-10T22:58:00+00:00\",\"mainEntityOfPage\":{\"@id\":\"https:\/\/portaltela.pt\/noticias\/2026\/03\/10\/portas-alerta-mundo-mais-perigoso-e-apela-a-estabilidade-em-portugal\/\"},\"wordCount\":184,\"image\":{\"@id\":\"https:\/\/portaltela.pt\/noticias\/2026\/03\/10\/portas-alerta-mundo-mais-perigoso-e-apela-a-estabilidade-em-portugal\/#primaryimage\"},\"thumbnailUrl\":\"https:\/\/portaltela.pt\/s.01k8rhncp4jt1\/2026\/03\/2073202.jpg\",\"keywords\":[\"demografia\",\"economia\",\"pol\u00edtica\",\"pol\u00edtica internacional\",\"Portas\",\"PSD\"],\"articleSection\":[\"Not\u00edcias\",\"Pol\u00edtica\"],\"inLanguage\":\"pt-PT\"},{\"@type\":\"WebPage\",\"@id\":\"https:\/\/portaltela.pt\/noticias\/2026\/03\/10\/portas-alerta-mundo-mais-perigoso-e-apela-a-estabilidade-em-portugal\/\",\"url\":\"https:\/\/portaltela.pt\/noticias\/2026\/03\/10\/portas-alerta-mundo-mais-perigoso-e-apela-a-estabilidade-em-portugal\/\",\"name\":\"Portas alerta: mundo mais perigoso e apela \u00e0 estabilidade em Portugal - Portal Tela Portugal\",\"isPartOf\":{\"@id\":\"https:\/\/portaltela.pt\/#website\"},\"primaryImageOfPage\":{\"@id\":\"https:\/\/portaltela.pt\/noticias\/2026\/03\/10\/portas-alerta-mundo-mais-perigoso-e-apela-a-estabilidade-em-portugal\/#primaryimage\"},\"image\":{\"@id\":\"https:\/\/portaltela.pt\/noticias\/2026\/03\/10\/portas-alerta-mundo-mais-perigoso-e-apela-a-estabilidade-em-portugal\/#primaryimage\"},\"thumbnailUrl\":\"https:\/\/portaltela.pt\/s.01k8rhncp4jt1\/2026\/03\/2073202.jpg\",\"datePublished\":\"2026-03-10T22:58:00+00:00\",\"author\":{\"@id\":\"https:\/\/portaltela.pt\/#\/schema\/person\/c4278d4a6028830caff9ee44b42d32ed\"},\"breadcrumb\":{\"@id\":\"https:\/\/portaltela.pt\/noticias\/2026\/03\/10\/portas-alerta-mundo-mais-perigoso-e-apela-a-estabilidade-em-portugal\/#breadcrumb\"},\"inLanguage\":\"pt-PT\",\"potentialAction\":[{\"@type\":\"ReadAction\",\"target\":[\"https:\/\/portaltela.pt\/noticias\/2026\/03\/10\/portas-alerta-mundo-mais-perigoso-e-apela-a-estabilidade-em-portugal\/\"]}]},{\"@type\":\"ImageObject\",\"inLanguage\":\"pt-PT\",\"@id\":\"https:\/\/portaltela.pt\/noticias\/2026\/03\/10\/portas-alerta-mundo-mais-perigoso-e-apela-a-estabilidade-em-portugal\/#primaryimage\",\"url\":\"https:\/\/portaltela.pt\/s.01k8rhncp4jt1\/2026\/03\/2073202.jpg\",\"contentUrl\":\"https:\/\/portaltela.pt\/s.01k8rhncp4jt1\/2026\/03\/2073202.jpg\",\"width\":796,\"height\":448,\"caption\":\"Paulo Portas na conven\u00e7\u00e3o da Alian\u00e7a Democr\u00e1tica em Janeiro de 2024\"},{\"@type\":\"BreadcrumbList\",\"@id\":\"https:\/\/portaltela.pt\/noticias\/2026\/03\/10\/portas-alerta-mundo-mais-perigoso-e-apela-a-estabilidade-em-portugal\/#breadcrumb\",\"itemListElement\":[{\"@type\":\"ListItem\",\"position\":1,\"name\":\"In\u00edcio\",\"item\":\"https:\/\/portaltela.pt\/\"},{\"@type\":\"ListItem\",\"position\":2,\"name\":\"Portas alerta: mundo mais perigoso e apela \u00e0 estabilidade em Portugal\"}]},{\"@type\":\"WebSite\",\"@id\":\"https:\/\/portaltela.pt\/#website\",\"url\":\"https:\/\/portaltela.pt\/\",\"name\":\"Portal Tela Portugal\",\"description\":\"\",\"potentialAction\":[{\"@type\":\"SearchAction\",\"target\":{\"@type\":\"EntryPoint\",\"urlTemplate\":\"https:\/\/portaltela.pt\/?s={search_term_string}\"},\"query-input\":{\"@type\":\"PropertyValueSpecification\",\"valueRequired\":true,\"valueName\":\"search_term_string\"}}],\"inLanguage\":\"pt-PT\"},{\"@type\":\"Person\",\"@id\":\"https:\/\/portaltela.pt\/#\/schema\/person\/c4278d4a6028830caff9ee44b42d32ed\",\"name\":\"Telinha\",\"image\":{\"@type\":\"ImageObject\",\"inLanguage\":\"pt-PT\",\"@id\":\"https:\/\/portaltela.pt\/s.01k8rhncp4jt1\/2025\/11\/talking-bot-125x125.png\",\"url\":\"https:\/\/portaltela.pt\/s.01k8rhncp4jt1\/2025\/11\/talking-bot-125x125.png\",\"contentUrl\":\"https:\/\/portaltela.pt\/s.01k8rhncp4jt1\/2025\/11\/talking-bot-125x125.png\",\"caption\":\"Telinha\"},\"sameAs\":[\"https:\/\/portaltela.pt\/\"],\"url\":\"https:\/\/portaltela.pt\/por\/367410592786\/\"}]}<\/script>\n<!-- \/ Yoast SEO plugin. -->","yoast_head_json":{"title":"Portas alerta: mundo mais perigoso e apela \u00e0 estabilidade em Portugal - Portal Tela Portugal","robots":{"index":"index","follow":"follow","max-snippet":"max-snippet:-1","max-image-preview":"max-image-preview:large","max-video-preview":"max-video-preview:-1"},"og_locale":"pt_PT","og_type":"article","og_title":"Portas alerta: mundo mais perigoso e apela \u00e0 estabilidade em Portugal - Portal Tela Portugal","og_description":"Paulo Portas avisou que o mundo est\u00e1 mais perigoso e pediu estabilidade para Portugal. Foi o orador convidado nas jornadas parlamentares do PSD, realizadas na Quinta do Cruzeiro, em Vila Praia de \u00c2ncora. Defendeu a necessidade de const\u00e2ncia nas pol\u00edticas para inverter o decl\u00ednio demogr\u00e1fico. Sublinou a produtividade como fator para melhorar sal\u00e1rios. A interven\u00e7\u00e3o aconteceu ap\u00f3s quase uma hora de discurso centrado na instabilidade internacional, com uma mensagem final sobre a import\u00e2ncia da estabilidade interna.","og_url":"https:\/\/portaltela.pt\/noticias\/2026\/03\/10\/portas-alerta-mundo-mais-perigoso-e-apela-a-estabilidade-em-portugal\/","og_site_name":"Portal Tela Portugal","article_published_time":"2026-03-10T22:58:00+00:00","author":"Telinha","twitter_card":"summary_large_image","twitter_misc":{"Escrito por":"Telinha","Tempo estimado de leitura":"1 minuto"},"schema":{"@context":"https:\/\/schema.org","@graph":[{"@type":"Article","@id":"https:\/\/portaltela.pt\/noticias\/2026\/03\/10\/portas-alerta-mundo-mais-perigoso-e-apela-a-estabilidade-em-portugal\/#article","isPartOf":{"@id":"https:\/\/portaltela.pt\/noticias\/2026\/03\/10\/portas-alerta-mundo-mais-perigoso-e-apela-a-estabilidade-em-portugal\/"},"author":{"name":"Telinha","@id":"https:\/\/portaltela.pt\/#\/schema\/person\/c4278d4a6028830caff9ee44b42d32ed"},"headline":"Portas alerta: mundo mais perigoso e apela \u00e0 estabilidade em Portugal","datePublished":"2026-03-10T22:58:00+00:00","mainEntityOfPage":{"@id":"https:\/\/portaltela.pt\/noticias\/2026\/03\/10\/portas-alerta-mundo-mais-perigoso-e-apela-a-estabilidade-em-portugal\/"},"wordCount":184,"image":{"@id":"https:\/\/portaltela.pt\/noticias\/2026\/03\/10\/portas-alerta-mundo-mais-perigoso-e-apela-a-estabilidade-em-portugal\/#primaryimage"},"thumbnailUrl":"https:\/\/portaltela.pt\/s.01k8rhncp4jt1\/2026\/03\/2073202.jpg","keywords":["demografia","economia","pol\u00edtica","pol\u00edtica internacional","Portas","PSD"],"articleSection":["Not\u00edcias","Pol\u00edtica"],"inLanguage":"pt-PT"},{"@type":"WebPage","@id":"https:\/\/portaltela.pt\/noticias\/2026\/03\/10\/portas-alerta-mundo-mais-perigoso-e-apela-a-estabilidade-em-portugal\/","url":"https:\/\/portaltela.pt\/noticias\/2026\/03\/10\/portas-alerta-mundo-mais-perigoso-e-apela-a-estabilidade-em-portugal\/","name":"Portas alerta: mundo mais perigoso e apela \u00e0 estabilidade em Portugal - Portal Tela Portugal","isPartOf":{"@id":"https:\/\/portaltela.pt\/#website"},"primaryImageOfPage":{"@id":"https:\/\/portaltela.pt\/noticias\/2026\/03\/10\/portas-alerta-mundo-mais-perigoso-e-apela-a-estabilidade-em-portugal\/#primaryimage"},"image":{"@id":"https:\/\/portaltela.pt\/noticias\/2026\/03\/10\/portas-alerta-mundo-mais-perigoso-e-apela-a-estabilidade-em-portugal\/#primaryimage"},"thumbnailUrl":"https:\/\/portaltela.pt\/s.01k8rhncp4jt1\/2026\/03\/2073202.jpg","datePublished":"2026-03-10T22:58:00+00:00","author":{"@id":"https:\/\/portaltela.pt\/#\/schema\/person\/c4278d4a6028830caff9ee44b42d32ed"},"breadcrumb":{"@id":"https:\/\/portaltela.pt\/noticias\/2026\/03\/10\/portas-alerta-mundo-mais-perigoso-e-apela-a-estabilidade-em-portugal\/#breadcrumb"},"inLanguage":"pt-PT","potentialAction":[{"@type":"ReadAction","target":["https:\/\/portaltela.pt\/noticias\/2026\/03\/10\/portas-alerta-mundo-mais-perigoso-e-apela-a-estabilidade-em-portugal\/"]}]},{"@type":"ImageObject","inLanguage":"pt-PT","@id":"https:\/\/portaltela.pt\/noticias\/2026\/03\/10\/portas-alerta-mundo-mais-perigoso-e-apela-a-estabilidade-em-portugal\/#primaryimage","url":"https:\/\/portaltela.pt\/s.01k8rhncp4jt1\/2026\/03\/2073202.jpg","contentUrl":"https:\/\/portaltela.pt\/s.01k8rhncp4jt1\/2026\/03\/2073202.jpg","width":796,"height":448,"caption":"Paulo Portas na conven\u00e7\u00e3o da Alian\u00e7a Democr\u00e1tica em Janeiro de 2024"},{"@type":"BreadcrumbList","@id":"https:\/\/portaltela.pt\/noticias\/2026\/03\/10\/portas-alerta-mundo-mais-perigoso-e-apela-a-estabilidade-em-portugal\/#breadcrumb","itemListElement":[{"@type":"ListItem","position":1,"name":"In\u00edcio","item":"https:\/\/portaltela.pt\/"},{"@type":"ListItem","position":2,"name":"Portas alerta: mundo mais perigoso e apela \u00e0 estabilidade em Portugal"}]},{"@type":"WebSite","@id":"https:\/\/portaltela.pt\/#website","url":"https:\/\/portaltela.pt\/","name":"Portal Tela Portugal","description":"","potentialAction":[{"@type":"SearchAction","target":{"@type":"EntryPoint","urlTemplate":"https:\/\/portaltela.pt\/?s={search_term_string}"},"query-input":{"@type":"PropertyValueSpecification","valueRequired":true,"valueName":"search_term_string"}}],"inLanguage":"pt-PT"},{"@type":"Person","@id":"https:\/\/portaltela.pt\/#\/schema\/person\/c4278d4a6028830caff9ee44b42d32ed","name":"Telinha","image":{"@type":"ImageObject","inLanguage":"pt-PT","@id":"https:\/\/portaltela.pt\/s.01k8rhncp4jt1\/2025\/11\/talking-bot-125x125.png","url":"https:\/\/portaltela.pt\/s.01k8rhncp4jt1\/2025\/11\/talking-bot-125x125.png","contentUrl":"https:\/\/portaltela.pt\/s.01k8rhncp4jt1\/2025\/11\/talking-bot-125x125.png","caption":"Telinha"},"sameAs":["https:\/\/portaltela.pt\/"],"url":"https:\/\/portaltela.pt\/por\/367410592786\/"}]}},"_links":{"self":[{"href":"https:\/\/portaltela.pt\/api\/wp\/v2\/posts\/405341","targetHints":{"allow":["GET"]}}],"collection":[{"href":"https:\/\/portaltela.pt\/api\/wp\/v2\/posts"}],"about":[{"href":"https:\/\/portaltela.pt\/api\/wp\/v2\/types\/post"}],"author":[{"embeddable":true,"href":"https:\/\/portaltela.pt\/api\/wp\/v2\/users\/2"}],"replies":[{"embeddable":true,"href":"https:\/\/portaltela.pt\/api\/wp\/v2\/comments?post=405341"}],"version-history":[{"count":0,"href":"https:\/\/portaltela.pt\/api\/wp\/v2\/posts\/405341\/revisions"}],"wp:featuredmedia":[{"embeddable":true,"href":"https:\/\/portaltela.pt\/api\/wp\/v2\/media\/405342"}],"wp:attachment":[{"href":"https:\/\/portaltela.pt\/api\/wp\/v2\/media?parent=405341"}],"wp:term":[{"taxonomy":"category","embeddable":true,"href":"https:\/\/portaltela.pt\/api\/wp\/v2\/categories?post=405341"},{"taxonomy":"post_tag","embeddable":true,"href":"https:\/\/portaltela.pt\/api\/wp\/v2\/tags?post=405341"}],"curies":[{"name":"wp","href":"https:\/\/api.w.org\/{rel}","templated":true}]}}