{"id":405320,"date":"2026-03-10T19:20:00","date_gmt":"2026-03-10T22:20:00","guid":{"rendered":"https:\/\/portaltela.pt\/noticias\/2026\/03\/10\/equipa-feirense-beeceler-suspensa-22-dias-por-tres-casos-de-doping\/"},"modified":"2026-03-10T19:20:00","modified_gmt":"2026-03-10T22:20:00","slug":"equipa-feirense-beeceler-suspensa-22-dias-por-tres-casos-de-doping","status":"publish","type":"post","link":"https:\/\/portaltela.pt\/desporto\/futebol\/2026\/03\/10\/equipa-feirense-beeceler-suspensa-22-dias-por-tres-casos-de-doping\/","title":{"rendered":"Equipa Feirense-Beeceler suspensa 22 dias por tr\u00eas casos de doping"},"content":{"rendered":"<p>A equipa de ciclismo Feirense-Beeceler foi suspensa por 22 dias ap\u00f3s tr\u00eas casos de anomalias no passaporte biol\u00f3gico, registados no \u00faltimo ano. A decis\u00e3o foi anunciada pela Ag\u00eancia Internacional de Testes (ITA) e tem in\u00edcio a 22 de mar\u00e7o de 2026, terminando a 12 de abril.<\/p>\n<p>A san\u00e7\u00e3o foi aplicada pela Comiss\u00e3o de Disciplina da Uni\u00e3o Ciclista Internacional (UCI) com base em viola\u00e7\u00f5es das normas antidopagem, associadas a anomalias identificadas nos passaportes biol\u00f3gicos de tr\u00eas ciclistas que passaram pela equipa de Santa Maria da Feira no \u00faltimo ano.<\/p>\n<p>Os nomes ligados ao caso s\u00e3o Venceslau Fernandes, Ant\u00f3nio Carvalho e Barry Miller. Fernandes e Carvalho j\u00e1 cumprem suspens\u00f5es, enquanto Miller ficou notificado pela ADoP pela primeira vez em 18 de setembro de 2025.<\/p>\n<p>Venceslau Fernandes, vencedor da Volta a Portugal do Futuro em 2018, teve a san\u00e7\u00e3o em vigor desde 28 de novembro de 2025 at\u00e9 6 de novembro de 2030 devido \u00e0s anomalias encontradas entre julho de 2022.<\/p>\n<p>Ant\u00f3nio Carvalho recebeu uma suspens\u00e3o de quatro anos, v\u00e1lida at\u00e9 3 de novembro de 2029, com hist\u00f3rico de anomalias no passaporte biol\u00f3gico ainda em 2018 e 2024, enquanto representava a Feirense-Beeceler e a antiga W52-FC Porto.<\/p>\n<p>A UCI delegou, no in\u00edcio de fevereiro, a prossecu\u00e7\u00e3o dos processos \u00e0 ITA, que tamb\u00e9m recorda a possibilidade de recurso da equipa para o Tribunal Arbitral do Desporto (TAS).<\/p>\n<p>Al\u00e9m da suspens\u00e3o, a Feirense-Beeceler ficar\u00e1 indispon\u00edvel para v\u00e1rias corridas de in\u00edcio de temporada, incluindo o Trof\u00e9u Internacional da Arr\u00e1bida, a 43.\u00aa Volta ao Alentejo, o Trof\u00e9u Regi\u00e3o de Coimbra e a Cl\u00e1ssica de Viana do Castelo.<\/p>\n<p>A gest\u00e3o dos casos e os prazos de recurso mant\u00eam-se sob supervis\u00e3o da ITA, com a equipa a poder apresentar defesa no TAS, caso opte por recorrer da decis\u00e3o.<\/p>\n","protected":false},"excerpt":{"rendered":"<ul>\n<li>A Comiss\u00e3o de Disciplina da Uni\u00e3o Ciclista Internacional suspendeu a Feirense-Beeceler por 22 dias, de 22 de mar\u00e7o a 12 de abril de 2026, devido a tr\u00eas anomalias no passaporte biol\u00f3gico registadas num per\u00edodo de 12 meses.<\/li>\n<li>Os casos envolvem Venceslau Fernandes, Ant\u00f3nio Carvalho e Barry Miller, notificado pela Autoridade Antidopagem de Portugal em 18 de setembro de 2025 no caso de Miller.<\/li>\n<li>Venceslau Fernandes est\u00e1 a cumprir uma suspens\u00e3o de seis anos (28 de novembro de 2025 a 6 de novembro de 2030); Ant\u00f3nio Carvalho cumpre quatro anos de suspens\u00e3o at\u00e9 3 de novembro de 2029.<\/li>\n<li>A UCI delegou \u00e0 Ag\u00eancia Internacional de Testes a prossecu\u00e7\u00e3o dos processos de viola\u00e7\u00e3o das normas antidopagem, com possibilidade de recurso para o Tribunal Arbitral do Desporto (TAS).<\/li>\n<li>A Feirense-Beeceler vai falhar o Trof\u00e9u Internacional da Arr\u00e1bida, a 43.\u00aa Volta ao Alentejo, o Trof\u00e9u Regi\u00e3o de Coimbra &#8211; Aldeias de Xisto e a Cl\u00e1ssica de Viana do Castelo.<\/li>\n<\/ul>\n","protected":false},"author":2,"featured_media":405324,"comment_status":"closed","ping_status":"closed","sticky":false,"template":"","format":"standard","meta":{"footnotes":""},"categories":[21,24],"tags":[152,4220,4331,1308,2235],"class_list":["post-405320","post","type-post","status-publish","format-standard","has-post-thumbnail","hentry","category-desporto","category-futebol","tag-desporto","tag-disciplina","tag-feirense","tag-santa-maria-da-feira","tag-volta-a-portugal"],"yoast_head":"<!-- This site is optimized with the Yoast SEO plugin v27.2 - https:\/\/yoast.com\/product\/yoast-seo-wordpress\/ -->\n<title>Equipa Feirense-Beeceler suspensa 22 dias por tr\u00eas casos de doping - Portal Tela Portugal<\/title>\n<meta name=\"robots\" content=\"index, follow, max-snippet:-1, max-image-preview:large, max-video-preview:-1\" \/>\n<meta property=\"og:locale\" content=\"pt_PT\" \/>\n<meta property=\"og:type\" content=\"article\" \/>\n<meta property=\"og:title\" content=\"Equipa Feirense-Beeceler suspensa 22 dias por tr\u00eas casos de doping - Portal Tela Portugal\" \/>\n<meta property=\"og:description\" content=\"A Comiss\u00e3o de Disciplina da Uni\u00e3o Ciclista Internacional suspendeu a Feirense-Beeceler por 22 dias, de 22 de mar\u00e7o a 12 de abril de 2026, devido a tr\u00eas anomalias no passaporte biol\u00f3gico registadas num per\u00edodo de 12 meses. Os casos envolvem Venceslau Fernandes, Ant\u00f3nio Carvalho e Barry Miller, notificado pela Autoridade Antidopagem de Portugal em 18 de setembro de 2025 no caso de Miller. Venceslau Fernandes est\u00e1 a cumprir uma suspens\u00e3o de seis anos (28 de novembro de 2025 a 6 de novembro de 2030); Ant\u00f3nio Carvalho cumpre quatro anos de suspens\u00e3o at\u00e9 3 de novembro de 2029. A UCI delegou \u00e0 Ag\u00eancia Internacional de Testes a prossecu\u00e7\u00e3o dos processos de viola\u00e7\u00e3o das normas antidopagem, com possibilidade de recurso para o Tribunal Arbitral do Desporto (TAS). A Feirense-Beeceler vai falhar o Trof\u00e9u Internacional da Arr\u00e1bida, a 43.\u00aa Volta ao Alentejo, o Trof\u00e9u Regi\u00e3o de Coimbra - Aldeias de Xisto e a Cl\u00e1ssica de Viana do Castelo.\" \/>\n<meta property=\"og:url\" content=\"https:\/\/portaltela.pt\/noticias\/2026\/03\/10\/equipa-feirense-beeceler-suspensa-22-dias-por-tres-casos-de-doping\/\" \/>\n<meta property=\"og:site_name\" content=\"Portal Tela Portugal\" \/>\n<meta property=\"article:published_time\" content=\"2026-03-10T22:20:00+00:00\" \/>\n<meta name=\"author\" content=\"Telinha\" \/>\n<meta name=\"twitter:card\" content=\"summary_large_image\" \/>\n<meta name=\"twitter:label1\" content=\"Escrito por\" \/>\n\t<meta name=\"twitter:data1\" content=\"Telinha\" \/>\n\t<meta name=\"twitter:label2\" content=\"Tempo estimado de leitura\" \/>\n\t<meta name=\"twitter:data2\" content=\"2 minutos\" \/>\n<script type=\"application\/ld+json\" class=\"yoast-schema-graph\">{\"@context\":\"https:\/\/schema.org\",\"@graph\":[{\"@type\":\"Article\",\"@id\":\"https:\/\/portaltela.pt\/noticias\/2026\/03\/10\/equipa-feirense-beeceler-suspensa-22-dias-por-tres-casos-de-doping\/#article\",\"isPartOf\":{\"@id\":\"https:\/\/portaltela.pt\/noticias\/2026\/03\/10\/equipa-feirense-beeceler-suspensa-22-dias-por-tres-casos-de-doping\/\"},\"author\":{\"name\":\"Telinha\",\"@id\":\"https:\/\/portaltela.pt\/#\/schema\/person\/c4278d4a6028830caff9ee44b42d32ed\"},\"headline\":\"Equipa Feirense-Beeceler suspensa 22 dias por tr\u00eas casos de doping\",\"datePublished\":\"2026-03-10T22:20:00+00:00\",\"mainEntityOfPage\":{\"@id\":\"https:\/\/portaltela.pt\/noticias\/2026\/03\/10\/equipa-feirense-beeceler-suspensa-22-dias-por-tres-casos-de-doping\/\"},\"wordCount\":321,\"image\":{\"@id\":\"https:\/\/portaltela.pt\/noticias\/2026\/03\/10\/equipa-feirense-beeceler-suspensa-22-dias-por-tres-casos-de-doping\/#primaryimage\"},\"thumbnailUrl\":\"https:\/\/portaltela.pt\/s.01k8rhncp4jt1\/2026\/03\/img_920x518uu2026-03-10-22-19-54-2426140.jpg\",\"keywords\":[\"desporto\",\"disciplina\",\"Feirense\",\"Santa Maria da Feira\",\"Volta a Portugal\"],\"articleSection\":[\"Desporto\",\"Futebol\"],\"inLanguage\":\"pt-PT\"},{\"@type\":\"WebPage\",\"@id\":\"https:\/\/portaltela.pt\/noticias\/2026\/03\/10\/equipa-feirense-beeceler-suspensa-22-dias-por-tres-casos-de-doping\/\",\"url\":\"https:\/\/portaltela.pt\/noticias\/2026\/03\/10\/equipa-feirense-beeceler-suspensa-22-dias-por-tres-casos-de-doping\/\",\"name\":\"Equipa Feirense-Beeceler suspensa 22 dias por tr\u00eas casos de doping - Portal Tela Portugal\",\"isPartOf\":{\"@id\":\"https:\/\/portaltela.pt\/#website\"},\"primaryImageOfPage\":{\"@id\":\"https:\/\/portaltela.pt\/noticias\/2026\/03\/10\/equipa-feirense-beeceler-suspensa-22-dias-por-tres-casos-de-doping\/#primaryimage\"},\"image\":{\"@id\":\"https:\/\/portaltela.pt\/noticias\/2026\/03\/10\/equipa-feirense-beeceler-suspensa-22-dias-por-tres-casos-de-doping\/#primaryimage\"},\"thumbnailUrl\":\"https:\/\/portaltela.pt\/s.01k8rhncp4jt1\/2026\/03\/img_920x518uu2026-03-10-22-19-54-2426140.jpg\",\"datePublished\":\"2026-03-10T22:20:00+00:00\",\"author\":{\"@id\":\"https:\/\/portaltela.pt\/#\/schema\/person\/c4278d4a6028830caff9ee44b42d32ed\"},\"breadcrumb\":{\"@id\":\"https:\/\/portaltela.pt\/noticias\/2026\/03\/10\/equipa-feirense-beeceler-suspensa-22-dias-por-tres-casos-de-doping\/#breadcrumb\"},\"inLanguage\":\"pt-PT\",\"potentialAction\":[{\"@type\":\"ReadAction\",\"target\":[\"https:\/\/portaltela.pt\/noticias\/2026\/03\/10\/equipa-feirense-beeceler-suspensa-22-dias-por-tres-casos-de-doping\/\"]}]},{\"@type\":\"ImageObject\",\"inLanguage\":\"pt-PT\",\"@id\":\"https:\/\/portaltela.pt\/noticias\/2026\/03\/10\/equipa-feirense-beeceler-suspensa-22-dias-por-tres-casos-de-doping\/#primaryimage\",\"url\":\"https:\/\/portaltela.pt\/s.01k8rhncp4jt1\/2026\/03\/img_920x518uu2026-03-10-22-19-54-2426140.jpg\",\"contentUrl\":\"https:\/\/portaltela.pt\/s.01k8rhncp4jt1\/2026\/03\/img_920x518uu2026-03-10-22-19-54-2426140.jpg\",\"width\":796,\"height\":448,\"caption\":\"Ant\u00f3nio Carvalho \u00e9 um dos visados no doping\"},{\"@type\":\"BreadcrumbList\",\"@id\":\"https:\/\/portaltela.pt\/noticias\/2026\/03\/10\/equipa-feirense-beeceler-suspensa-22-dias-por-tres-casos-de-doping\/#breadcrumb\",\"itemListElement\":[{\"@type\":\"ListItem\",\"position\":1,\"name\":\"In\u00edcio\",\"item\":\"https:\/\/portaltela.pt\/\"},{\"@type\":\"ListItem\",\"position\":2,\"name\":\"Equipa Feirense-Beeceler suspensa 22 dias por tr\u00eas casos de doping\"}]},{\"@type\":\"WebSite\",\"@id\":\"https:\/\/portaltela.pt\/#website\",\"url\":\"https:\/\/portaltela.pt\/\",\"name\":\"Portal Tela Portugal\",\"description\":\"\",\"potentialAction\":[{\"@type\":\"SearchAction\",\"target\":{\"@type\":\"EntryPoint\",\"urlTemplate\":\"https:\/\/portaltela.pt\/?s={search_term_string}\"},\"query-input\":{\"@type\":\"PropertyValueSpecification\",\"valueRequired\":true,\"valueName\":\"search_term_string\"}}],\"inLanguage\":\"pt-PT\"},{\"@type\":\"Person\",\"@id\":\"https:\/\/portaltela.pt\/#\/schema\/person\/c4278d4a6028830caff9ee44b42d32ed\",\"name\":\"Telinha\",\"image\":{\"@type\":\"ImageObject\",\"inLanguage\":\"pt-PT\",\"@id\":\"https:\/\/portaltela.pt\/s.01k8rhncp4jt1\/2025\/11\/talking-bot-125x125.png\",\"url\":\"https:\/\/portaltela.pt\/s.01k8rhncp4jt1\/2025\/11\/talking-bot-125x125.png\",\"contentUrl\":\"https:\/\/portaltela.pt\/s.01k8rhncp4jt1\/2025\/11\/talking-bot-125x125.png\",\"caption\":\"Telinha\"},\"sameAs\":[\"https:\/\/portaltela.pt\/\"],\"url\":\"https:\/\/portaltela.pt\/por\/367410592786\/\"}]}<\/script>\n<!-- \/ Yoast SEO plugin. -->","yoast_head_json":{"title":"Equipa Feirense-Beeceler suspensa 22 dias por tr\u00eas casos de doping - Portal Tela Portugal","robots":{"index":"index","follow":"follow","max-snippet":"max-snippet:-1","max-image-preview":"max-image-preview:large","max-video-preview":"max-video-preview:-1"},"og_locale":"pt_PT","og_type":"article","og_title":"Equipa Feirense-Beeceler suspensa 22 dias por tr\u00eas casos de doping - Portal Tela Portugal","og_description":"A Comiss\u00e3o de Disciplina da Uni\u00e3o Ciclista Internacional suspendeu a Feirense-Beeceler por 22 dias, de 22 de mar\u00e7o a 12 de abril de 2026, devido a tr\u00eas anomalias no passaporte biol\u00f3gico registadas num per\u00edodo de 12 meses. Os casos envolvem Venceslau Fernandes, Ant\u00f3nio Carvalho e Barry Miller, notificado pela Autoridade Antidopagem de Portugal em 18 de setembro de 2025 no caso de Miller. Venceslau Fernandes est\u00e1 a cumprir uma suspens\u00e3o de seis anos (28 de novembro de 2025 a 6 de novembro de 2030); Ant\u00f3nio Carvalho cumpre quatro anos de suspens\u00e3o at\u00e9 3 de novembro de 2029. A UCI delegou \u00e0 Ag\u00eancia Internacional de Testes a prossecu\u00e7\u00e3o dos processos de viola\u00e7\u00e3o das normas antidopagem, com possibilidade de recurso para o Tribunal Arbitral do Desporto (TAS). A Feirense-Beeceler vai falhar o Trof\u00e9u Internacional da Arr\u00e1bida, a 43.\u00aa Volta ao Alentejo, o Trof\u00e9u Regi\u00e3o de Coimbra - Aldeias de Xisto e a Cl\u00e1ssica de Viana do Castelo.","og_url":"https:\/\/portaltela.pt\/noticias\/2026\/03\/10\/equipa-feirense-beeceler-suspensa-22-dias-por-tres-casos-de-doping\/","og_site_name":"Portal Tela Portugal","article_published_time":"2026-03-10T22:20:00+00:00","author":"Telinha","twitter_card":"summary_large_image","twitter_misc":{"Escrito por":"Telinha","Tempo estimado de leitura":"2 minutos"},"schema":{"@context":"https:\/\/schema.org","@graph":[{"@type":"Article","@id":"https:\/\/portaltela.pt\/noticias\/2026\/03\/10\/equipa-feirense-beeceler-suspensa-22-dias-por-tres-casos-de-doping\/#article","isPartOf":{"@id":"https:\/\/portaltela.pt\/noticias\/2026\/03\/10\/equipa-feirense-beeceler-suspensa-22-dias-por-tres-casos-de-doping\/"},"author":{"name":"Telinha","@id":"https:\/\/portaltela.pt\/#\/schema\/person\/c4278d4a6028830caff9ee44b42d32ed"},"headline":"Equipa Feirense-Beeceler suspensa 22 dias por tr\u00eas casos de doping","datePublished":"2026-03-10T22:20:00+00:00","mainEntityOfPage":{"@id":"https:\/\/portaltela.pt\/noticias\/2026\/03\/10\/equipa-feirense-beeceler-suspensa-22-dias-por-tres-casos-de-doping\/"},"wordCount":321,"image":{"@id":"https:\/\/portaltela.pt\/noticias\/2026\/03\/10\/equipa-feirense-beeceler-suspensa-22-dias-por-tres-casos-de-doping\/#primaryimage"},"thumbnailUrl":"https:\/\/portaltela.pt\/s.01k8rhncp4jt1\/2026\/03\/img_920x518uu2026-03-10-22-19-54-2426140.jpg","keywords":["desporto","disciplina","Feirense","Santa Maria da Feira","Volta a Portugal"],"articleSection":["Desporto","Futebol"],"inLanguage":"pt-PT"},{"@type":"WebPage","@id":"https:\/\/portaltela.pt\/noticias\/2026\/03\/10\/equipa-feirense-beeceler-suspensa-22-dias-por-tres-casos-de-doping\/","url":"https:\/\/portaltela.pt\/noticias\/2026\/03\/10\/equipa-feirense-beeceler-suspensa-22-dias-por-tres-casos-de-doping\/","name":"Equipa Feirense-Beeceler suspensa 22 dias por tr\u00eas casos de doping - Portal Tela Portugal","isPartOf":{"@id":"https:\/\/portaltela.pt\/#website"},"primaryImageOfPage":{"@id":"https:\/\/portaltela.pt\/noticias\/2026\/03\/10\/equipa-feirense-beeceler-suspensa-22-dias-por-tres-casos-de-doping\/#primaryimage"},"image":{"@id":"https:\/\/portaltela.pt\/noticias\/2026\/03\/10\/equipa-feirense-beeceler-suspensa-22-dias-por-tres-casos-de-doping\/#primaryimage"},"thumbnailUrl":"https:\/\/portaltela.pt\/s.01k8rhncp4jt1\/2026\/03\/img_920x518uu2026-03-10-22-19-54-2426140.jpg","datePublished":"2026-03-10T22:20:00+00:00","author":{"@id":"https:\/\/portaltela.pt\/#\/schema\/person\/c4278d4a6028830caff9ee44b42d32ed"},"breadcrumb":{"@id":"https:\/\/portaltela.pt\/noticias\/2026\/03\/10\/equipa-feirense-beeceler-suspensa-22-dias-por-tres-casos-de-doping\/#breadcrumb"},"inLanguage":"pt-PT","potentialAction":[{"@type":"ReadAction","target":["https:\/\/portaltela.pt\/noticias\/2026\/03\/10\/equipa-feirense-beeceler-suspensa-22-dias-por-tres-casos-de-doping\/"]}]},{"@type":"ImageObject","inLanguage":"pt-PT","@id":"https:\/\/portaltela.pt\/noticias\/2026\/03\/10\/equipa-feirense-beeceler-suspensa-22-dias-por-tres-casos-de-doping\/#primaryimage","url":"https:\/\/portaltela.pt\/s.01k8rhncp4jt1\/2026\/03\/img_920x518uu2026-03-10-22-19-54-2426140.jpg","contentUrl":"https:\/\/portaltela.pt\/s.01k8rhncp4jt1\/2026\/03\/img_920x518uu2026-03-10-22-19-54-2426140.jpg","width":796,"height":448,"caption":"Ant\u00f3nio Carvalho \u00e9 um dos visados no doping"},{"@type":"BreadcrumbList","@id":"https:\/\/portaltela.pt\/noticias\/2026\/03\/10\/equipa-feirense-beeceler-suspensa-22-dias-por-tres-casos-de-doping\/#breadcrumb","itemListElement":[{"@type":"ListItem","position":1,"name":"In\u00edcio","item":"https:\/\/portaltela.pt\/"},{"@type":"ListItem","position":2,"name":"Equipa Feirense-Beeceler suspensa 22 dias por tr\u00eas casos de doping"}]},{"@type":"WebSite","@id":"https:\/\/portaltela.pt\/#website","url":"https:\/\/portaltela.pt\/","name":"Portal Tela Portugal","description":"","potentialAction":[{"@type":"SearchAction","target":{"@type":"EntryPoint","urlTemplate":"https:\/\/portaltela.pt\/?s={search_term_string}"},"query-input":{"@type":"PropertyValueSpecification","valueRequired":true,"valueName":"search_term_string"}}],"inLanguage":"pt-PT"},{"@type":"Person","@id":"https:\/\/portaltela.pt\/#\/schema\/person\/c4278d4a6028830caff9ee44b42d32ed","name":"Telinha","image":{"@type":"ImageObject","inLanguage":"pt-PT","@id":"https:\/\/portaltela.pt\/s.01k8rhncp4jt1\/2025\/11\/talking-bot-125x125.png","url":"https:\/\/portaltela.pt\/s.01k8rhncp4jt1\/2025\/11\/talking-bot-125x125.png","contentUrl":"https:\/\/portaltela.pt\/s.01k8rhncp4jt1\/2025\/11\/talking-bot-125x125.png","caption":"Telinha"},"sameAs":["https:\/\/portaltela.pt\/"],"url":"https:\/\/portaltela.pt\/por\/367410592786\/"}]}},"_links":{"self":[{"href":"https:\/\/portaltela.pt\/api\/wp\/v2\/posts\/405320","targetHints":{"allow":["GET"]}}],"collection":[{"href":"https:\/\/portaltela.pt\/api\/wp\/v2\/posts"}],"about":[{"href":"https:\/\/portaltela.pt\/api\/wp\/v2\/types\/post"}],"author":[{"embeddable":true,"href":"https:\/\/portaltela.pt\/api\/wp\/v2\/users\/2"}],"replies":[{"embeddable":true,"href":"https:\/\/portaltela.pt\/api\/wp\/v2\/comments?post=405320"}],"version-history":[{"count":0,"href":"https:\/\/portaltela.pt\/api\/wp\/v2\/posts\/405320\/revisions"}],"wp:featuredmedia":[{"embeddable":true,"href":"https:\/\/portaltela.pt\/api\/wp\/v2\/media\/405324"}],"wp:attachment":[{"href":"https:\/\/portaltela.pt\/api\/wp\/v2\/media?parent=405320"}],"wp:term":[{"taxonomy":"category","embeddable":true,"href":"https:\/\/portaltela.pt\/api\/wp\/v2\/categories?post=405320"},{"taxonomy":"post_tag","embeddable":true,"href":"https:\/\/portaltela.pt\/api\/wp\/v2\/tags?post=405320"}],"curies":[{"name":"wp","href":"https:\/\/api.w.org\/{rel}","templated":true}]}}