{"id":405313,"date":"2026-03-10T19:15:40","date_gmt":"2026-03-10T22:15:40","guid":{"rendered":"https:\/\/portaltela.pt\/noticias\/2026\/03\/10\/gil-lameiras-comenta-que-o-comboio-so-passa-uma-vez\/"},"modified":"2026-03-10T19:15:40","modified_gmt":"2026-03-10T22:15:40","slug":"gil-lameiras-comenta-que-o-comboio-so-passa-uma-vez","status":"publish","type":"post","link":"https:\/\/portaltela.pt\/desporto\/futebol\/2026\/03\/10\/gil-lameiras-comenta-que-o-comboio-so-passa-uma-vez\/","title":{"rendered":"Gil Lameiras comenta que o comboio s\u00f3 passa uma vez"},"content":{"rendered":"<p>Gil Lameiras vai orientar o Vit\u00f3ria na I Liga, num momento de mudan\u00e7a que j\u00e1 come\u00e7ou a ganhar forma no treino da equipa. O an\u00fancio foi feito \u00e0 noite, mas o novo treinador j\u00e1 orientou o treino desta ter\u00e7a-feira \u00e0 tarde, mostrando-se entusiasmado com a oportunidade.<\/p>\n<p>O t\u00e9cnico de 32 anos n\u00e3o escondeu a surpresa com o convite e explicou que a decis\u00e3o teve como objetivo um bem maior para o clube. Recordou que, h\u00e1 dois anos, foi convidado para liderar a equipa B e que, nessa altura, formou jogadores e respondeu a desafios com resultados.<\/p>\n<p>Lameiras destacou a qualidade e a ambi\u00e7\u00e3o do plantel da equipa principal, que conhece de extensa observa\u00e7\u00e3o. Afirmou que a juventude do grupo \u00e9 um ativo e que pretende transmitir os valores certos para alcan\u00e7ar vit\u00f3rias consistentes, refor\u00e7ando a confian\u00e7a no processo.<\/p>\n<h3>Apoio dos adeptos e continuidade<\/h3>\n<p>O treinador valorizou o papel dos adeptos, chamando-os de 12.\u00ba jogador do Vit\u00f3ria e destacando a import\u00e2ncia de os envolver no caminho da equipa. Refere que o apoio pode impulsionar o rendimento em campo.<\/p>\n<p>Em rela\u00e7\u00e3o ao anterior t\u00e9cnico Lu\u00eds Pinto, Lameiras enviou um abra\u00e7o solid\u00e1rio e destacou a coopera\u00e7\u00e3o entre as respetivas estruturas, reconhecendo o trabalho desenvolvido em prol do clube. A dire\u00e7\u00e3o n\u00e3o confirmou detalhes contratuais.<\/p>\n","protected":false},"excerpt":{"rendered":"<ul>\n<li>Gil Lameiras foi oficializado como novo treinador do Vit\u00f3ria e j\u00e1 orientou o treino desta ter\u00e7a-feira \u00e0 tarde.<\/li>\n<li>O t\u00e9cnico, de 32 anos, aceitou o cargo ap\u00f3s convite da presid\u00eancia, dizendo que o objetivo \u00e9 o bem do clube e que gosta de desafios.<\/li>\n<li>Afirmou que o plantel \u00e9 jovem, tem qualidade e ambi\u00e7\u00e3o, e que pretende conquistar vit\u00f3rias para sustentar o processo e elevar a confian\u00e7a.<\/li>\n<li>Destacou a import\u00e2ncia dos adeptos, referindo-os como o 12.\u00ba jogador e pedindo apoio para ajudar a equipa a evoluir em campo.<\/li>\n<li>Enviou um abra\u00e7o de solidariedade ao antigo treinador Lu\u00eds Pinto e \u00e0 restante equipa t\u00e9cnica, destacando o trabalho conjunto em prol do clube.<\/li>\n<\/ul>\n","protected":false},"author":2,"featured_media":405318,"comment_status":"closed","ping_status":"closed","sticky":false,"template":"","format":"standard","meta":{"footnotes":""},"categories":[21,24],"tags":[4143,152,32,251,2477,1500],"class_list":["post-405313","post","type-post","status-publish","format-standard","has-post-thumbnail","hentry","category-desporto","category-futebol","tag-1-liga","tag-desporto","tag-futebol","tag-juventude","tag-treinadores","tag-vitoria-de-guimaraes"],"yoast_head":"<!-- This site is optimized with the Yoast SEO plugin v27.2 - https:\/\/yoast.com\/product\/yoast-seo-wordpress\/ -->\n<title>Gil Lameiras comenta que o comboio s\u00f3 passa uma vez - Portal Tela Portugal<\/title>\n<meta name=\"robots\" content=\"index, follow, max-snippet:-1, max-image-preview:large, max-video-preview:-1\" \/>\n<meta property=\"og:locale\" content=\"pt_PT\" \/>\n<meta property=\"og:type\" content=\"article\" \/>\n<meta property=\"og:title\" content=\"Gil Lameiras comenta que o comboio s\u00f3 passa uma vez - Portal Tela Portugal\" \/>\n<meta property=\"og:description\" content=\"Gil Lameiras foi oficializado como novo treinador do Vit\u00f3ria e j\u00e1 orientou o treino desta ter\u00e7a-feira \u00e0 tarde. O t\u00e9cnico, de 32 anos, aceitou o cargo ap\u00f3s convite da presid\u00eancia, dizendo que o objetivo \u00e9 o bem do clube e que gosta de desafios. Afirmou que o plantel \u00e9 jovem, tem qualidade e ambi\u00e7\u00e3o, e que pretende conquistar vit\u00f3rias para sustentar o processo e elevar a confian\u00e7a. Destacou a import\u00e2ncia dos adeptos, referindo-os como o 12.\u00ba jogador e pedindo apoio para ajudar a equipa a evoluir em campo. Enviou um abra\u00e7o de solidariedade ao antigo treinador Lu\u00eds Pinto e \u00e0 restante equipa t\u00e9cnica, destacando o trabalho conjunto em prol do clube.\" \/>\n<meta property=\"og:url\" content=\"https:\/\/portaltela.pt\/noticias\/2026\/03\/10\/gil-lameiras-comenta-que-o-comboio-so-passa-uma-vez\/\" \/>\n<meta property=\"og:site_name\" content=\"Portal Tela Portugal\" \/>\n<meta property=\"article:published_time\" content=\"2026-03-10T22:15:40+00:00\" \/>\n<meta name=\"author\" content=\"Telinha\" \/>\n<meta name=\"twitter:card\" content=\"summary_large_image\" \/>\n<meta name=\"twitter:label1\" content=\"Escrito por\" \/>\n\t<meta name=\"twitter:data1\" content=\"Telinha\" \/>\n\t<meta name=\"twitter:label2\" content=\"Tempo estimado de leitura\" \/>\n\t<meta name=\"twitter:data2\" content=\"1 minuto\" \/>\n<script type=\"application\/ld+json\" class=\"yoast-schema-graph\">{\"@context\":\"https:\/\/schema.org\",\"@graph\":[{\"@type\":\"Article\",\"@id\":\"https:\/\/portaltela.pt\/noticias\/2026\/03\/10\/gil-lameiras-comenta-que-o-comboio-so-passa-uma-vez\/#article\",\"isPartOf\":{\"@id\":\"https:\/\/portaltela.pt\/noticias\/2026\/03\/10\/gil-lameiras-comenta-que-o-comboio-so-passa-uma-vez\/\"},\"author\":{\"name\":\"Telinha\",\"@id\":\"https:\/\/portaltela.pt\/#\/schema\/person\/c4278d4a6028830caff9ee44b42d32ed\"},\"headline\":\"Gil Lameiras comenta que o comboio s\u00f3 passa uma vez\",\"datePublished\":\"2026-03-10T22:15:40+00:00\",\"mainEntityOfPage\":{\"@id\":\"https:\/\/portaltela.pt\/noticias\/2026\/03\/10\/gil-lameiras-comenta-que-o-comboio-so-passa-uma-vez\/\"},\"wordCount\":240,\"image\":{\"@id\":\"https:\/\/portaltela.pt\/noticias\/2026\/03\/10\/gil-lameiras-comenta-que-o-comboio-so-passa-uma-vez\/#primaryimage\"},\"thumbnailUrl\":\"https:\/\/portaltela.pt\/s.01k8rhncp4jt1\/2026\/03\/img_920x518uu2026-03-10-22-13-25-2426137.jpg\",\"keywords\":[\"1. Liga\",\"desporto\",\"futebol\",\"juventude\",\"treinadores\",\"Vit\u00f3ria de Guimar\u00e3es\"],\"articleSection\":[\"Desporto\",\"Futebol\"],\"inLanguage\":\"pt-PT\"},{\"@type\":\"WebPage\",\"@id\":\"https:\/\/portaltela.pt\/noticias\/2026\/03\/10\/gil-lameiras-comenta-que-o-comboio-so-passa-uma-vez\/\",\"url\":\"https:\/\/portaltela.pt\/noticias\/2026\/03\/10\/gil-lameiras-comenta-que-o-comboio-so-passa-uma-vez\/\",\"name\":\"Gil Lameiras comenta que o comboio s\u00f3 passa uma vez - Portal Tela Portugal\",\"isPartOf\":{\"@id\":\"https:\/\/portaltela.pt\/#website\"},\"primaryImageOfPage\":{\"@id\":\"https:\/\/portaltela.pt\/noticias\/2026\/03\/10\/gil-lameiras-comenta-que-o-comboio-so-passa-uma-vez\/#primaryimage\"},\"image\":{\"@id\":\"https:\/\/portaltela.pt\/noticias\/2026\/03\/10\/gil-lameiras-comenta-que-o-comboio-so-passa-uma-vez\/#primaryimage\"},\"thumbnailUrl\":\"https:\/\/portaltela.pt\/s.01k8rhncp4jt1\/2026\/03\/img_920x518uu2026-03-10-22-13-25-2426137.jpg\",\"datePublished\":\"2026-03-10T22:15:40+00:00\",\"author\":{\"@id\":\"https:\/\/portaltela.pt\/#\/schema\/person\/c4278d4a6028830caff9ee44b42d32ed\"},\"breadcrumb\":{\"@id\":\"https:\/\/portaltela.pt\/noticias\/2026\/03\/10\/gil-lameiras-comenta-que-o-comboio-so-passa-uma-vez\/#breadcrumb\"},\"inLanguage\":\"pt-PT\",\"potentialAction\":[{\"@type\":\"ReadAction\",\"target\":[\"https:\/\/portaltela.pt\/noticias\/2026\/03\/10\/gil-lameiras-comenta-que-o-comboio-so-passa-uma-vez\/\"]}]},{\"@type\":\"ImageObject\",\"inLanguage\":\"pt-PT\",\"@id\":\"https:\/\/portaltela.pt\/noticias\/2026\/03\/10\/gil-lameiras-comenta-que-o-comboio-so-passa-uma-vez\/#primaryimage\",\"url\":\"https:\/\/portaltela.pt\/s.01k8rhncp4jt1\/2026\/03\/img_920x518uu2026-03-10-22-13-25-2426137.jpg\",\"contentUrl\":\"https:\/\/portaltela.pt\/s.01k8rhncp4jt1\/2026\/03\/img_920x518uu2026-03-10-22-13-25-2426137.jpg\",\"width\":796,\"height\":448,\"caption\":\"Gil Lameiras promovido da equipa B \u00e0 principal\"},{\"@type\":\"BreadcrumbList\",\"@id\":\"https:\/\/portaltela.pt\/noticias\/2026\/03\/10\/gil-lameiras-comenta-que-o-comboio-so-passa-uma-vez\/#breadcrumb\",\"itemListElement\":[{\"@type\":\"ListItem\",\"position\":1,\"name\":\"In\u00edcio\",\"item\":\"https:\/\/portaltela.pt\/\"},{\"@type\":\"ListItem\",\"position\":2,\"name\":\"Gil Lameiras comenta que o comboio s\u00f3 passa uma vez\"}]},{\"@type\":\"WebSite\",\"@id\":\"https:\/\/portaltela.pt\/#website\",\"url\":\"https:\/\/portaltela.pt\/\",\"name\":\"Portal Tela Portugal\",\"description\":\"\",\"potentialAction\":[{\"@type\":\"SearchAction\",\"target\":{\"@type\":\"EntryPoint\",\"urlTemplate\":\"https:\/\/portaltela.pt\/?s={search_term_string}\"},\"query-input\":{\"@type\":\"PropertyValueSpecification\",\"valueRequired\":true,\"valueName\":\"search_term_string\"}}],\"inLanguage\":\"pt-PT\"},{\"@type\":\"Person\",\"@id\":\"https:\/\/portaltela.pt\/#\/schema\/person\/c4278d4a6028830caff9ee44b42d32ed\",\"name\":\"Telinha\",\"image\":{\"@type\":\"ImageObject\",\"inLanguage\":\"pt-PT\",\"@id\":\"https:\/\/portaltela.pt\/s.01k8rhncp4jt1\/2025\/11\/talking-bot-125x125.png\",\"url\":\"https:\/\/portaltela.pt\/s.01k8rhncp4jt1\/2025\/11\/talking-bot-125x125.png\",\"contentUrl\":\"https:\/\/portaltela.pt\/s.01k8rhncp4jt1\/2025\/11\/talking-bot-125x125.png\",\"caption\":\"Telinha\"},\"sameAs\":[\"https:\/\/portaltela.pt\/\"],\"url\":\"https:\/\/portaltela.pt\/por\/367410592786\/\"}]}<\/script>\n<!-- \/ Yoast SEO plugin. -->","yoast_head_json":{"title":"Gil Lameiras comenta que o comboio s\u00f3 passa uma vez - Portal Tela Portugal","robots":{"index":"index","follow":"follow","max-snippet":"max-snippet:-1","max-image-preview":"max-image-preview:large","max-video-preview":"max-video-preview:-1"},"og_locale":"pt_PT","og_type":"article","og_title":"Gil Lameiras comenta que o comboio s\u00f3 passa uma vez - Portal Tela Portugal","og_description":"Gil Lameiras foi oficializado como novo treinador do Vit\u00f3ria e j\u00e1 orientou o treino desta ter\u00e7a-feira \u00e0 tarde. O t\u00e9cnico, de 32 anos, aceitou o cargo ap\u00f3s convite da presid\u00eancia, dizendo que o objetivo \u00e9 o bem do clube e que gosta de desafios. Afirmou que o plantel \u00e9 jovem, tem qualidade e ambi\u00e7\u00e3o, e que pretende conquistar vit\u00f3rias para sustentar o processo e elevar a confian\u00e7a. Destacou a import\u00e2ncia dos adeptos, referindo-os como o 12.\u00ba jogador e pedindo apoio para ajudar a equipa a evoluir em campo. Enviou um abra\u00e7o de solidariedade ao antigo treinador Lu\u00eds Pinto e \u00e0 restante equipa t\u00e9cnica, destacando o trabalho conjunto em prol do clube.","og_url":"https:\/\/portaltela.pt\/noticias\/2026\/03\/10\/gil-lameiras-comenta-que-o-comboio-so-passa-uma-vez\/","og_site_name":"Portal Tela Portugal","article_published_time":"2026-03-10T22:15:40+00:00","author":"Telinha","twitter_card":"summary_large_image","twitter_misc":{"Escrito por":"Telinha","Tempo estimado de leitura":"1 minuto"},"schema":{"@context":"https:\/\/schema.org","@graph":[{"@type":"Article","@id":"https:\/\/portaltela.pt\/noticias\/2026\/03\/10\/gil-lameiras-comenta-que-o-comboio-so-passa-uma-vez\/#article","isPartOf":{"@id":"https:\/\/portaltela.pt\/noticias\/2026\/03\/10\/gil-lameiras-comenta-que-o-comboio-so-passa-uma-vez\/"},"author":{"name":"Telinha","@id":"https:\/\/portaltela.pt\/#\/schema\/person\/c4278d4a6028830caff9ee44b42d32ed"},"headline":"Gil Lameiras comenta que o comboio s\u00f3 passa uma vez","datePublished":"2026-03-10T22:15:40+00:00","mainEntityOfPage":{"@id":"https:\/\/portaltela.pt\/noticias\/2026\/03\/10\/gil-lameiras-comenta-que-o-comboio-so-passa-uma-vez\/"},"wordCount":240,"image":{"@id":"https:\/\/portaltela.pt\/noticias\/2026\/03\/10\/gil-lameiras-comenta-que-o-comboio-so-passa-uma-vez\/#primaryimage"},"thumbnailUrl":"https:\/\/portaltela.pt\/s.01k8rhncp4jt1\/2026\/03\/img_920x518uu2026-03-10-22-13-25-2426137.jpg","keywords":["1. Liga","desporto","futebol","juventude","treinadores","Vit\u00f3ria de Guimar\u00e3es"],"articleSection":["Desporto","Futebol"],"inLanguage":"pt-PT"},{"@type":"WebPage","@id":"https:\/\/portaltela.pt\/noticias\/2026\/03\/10\/gil-lameiras-comenta-que-o-comboio-so-passa-uma-vez\/","url":"https:\/\/portaltela.pt\/noticias\/2026\/03\/10\/gil-lameiras-comenta-que-o-comboio-so-passa-uma-vez\/","name":"Gil Lameiras comenta que o comboio s\u00f3 passa uma vez - Portal Tela Portugal","isPartOf":{"@id":"https:\/\/portaltela.pt\/#website"},"primaryImageOfPage":{"@id":"https:\/\/portaltela.pt\/noticias\/2026\/03\/10\/gil-lameiras-comenta-que-o-comboio-so-passa-uma-vez\/#primaryimage"},"image":{"@id":"https:\/\/portaltela.pt\/noticias\/2026\/03\/10\/gil-lameiras-comenta-que-o-comboio-so-passa-uma-vez\/#primaryimage"},"thumbnailUrl":"https:\/\/portaltela.pt\/s.01k8rhncp4jt1\/2026\/03\/img_920x518uu2026-03-10-22-13-25-2426137.jpg","datePublished":"2026-03-10T22:15:40+00:00","author":{"@id":"https:\/\/portaltela.pt\/#\/schema\/person\/c4278d4a6028830caff9ee44b42d32ed"},"breadcrumb":{"@id":"https:\/\/portaltela.pt\/noticias\/2026\/03\/10\/gil-lameiras-comenta-que-o-comboio-so-passa-uma-vez\/#breadcrumb"},"inLanguage":"pt-PT","potentialAction":[{"@type":"ReadAction","target":["https:\/\/portaltela.pt\/noticias\/2026\/03\/10\/gil-lameiras-comenta-que-o-comboio-so-passa-uma-vez\/"]}]},{"@type":"ImageObject","inLanguage":"pt-PT","@id":"https:\/\/portaltela.pt\/noticias\/2026\/03\/10\/gil-lameiras-comenta-que-o-comboio-so-passa-uma-vez\/#primaryimage","url":"https:\/\/portaltela.pt\/s.01k8rhncp4jt1\/2026\/03\/img_920x518uu2026-03-10-22-13-25-2426137.jpg","contentUrl":"https:\/\/portaltela.pt\/s.01k8rhncp4jt1\/2026\/03\/img_920x518uu2026-03-10-22-13-25-2426137.jpg","width":796,"height":448,"caption":"Gil Lameiras promovido da equipa B \u00e0 principal"},{"@type":"BreadcrumbList","@id":"https:\/\/portaltela.pt\/noticias\/2026\/03\/10\/gil-lameiras-comenta-que-o-comboio-so-passa-uma-vez\/#breadcrumb","itemListElement":[{"@type":"ListItem","position":1,"name":"In\u00edcio","item":"https:\/\/portaltela.pt\/"},{"@type":"ListItem","position":2,"name":"Gil Lameiras comenta que o comboio s\u00f3 passa uma vez"}]},{"@type":"WebSite","@id":"https:\/\/portaltela.pt\/#website","url":"https:\/\/portaltela.pt\/","name":"Portal Tela Portugal","description":"","potentialAction":[{"@type":"SearchAction","target":{"@type":"EntryPoint","urlTemplate":"https:\/\/portaltela.pt\/?s={search_term_string}"},"query-input":{"@type":"PropertyValueSpecification","valueRequired":true,"valueName":"search_term_string"}}],"inLanguage":"pt-PT"},{"@type":"Person","@id":"https:\/\/portaltela.pt\/#\/schema\/person\/c4278d4a6028830caff9ee44b42d32ed","name":"Telinha","image":{"@type":"ImageObject","inLanguage":"pt-PT","@id":"https:\/\/portaltela.pt\/s.01k8rhncp4jt1\/2025\/11\/talking-bot-125x125.png","url":"https:\/\/portaltela.pt\/s.01k8rhncp4jt1\/2025\/11\/talking-bot-125x125.png","contentUrl":"https:\/\/portaltela.pt\/s.01k8rhncp4jt1\/2025\/11\/talking-bot-125x125.png","caption":"Telinha"},"sameAs":["https:\/\/portaltela.pt\/"],"url":"https:\/\/portaltela.pt\/por\/367410592786\/"}]}},"_links":{"self":[{"href":"https:\/\/portaltela.pt\/api\/wp\/v2\/posts\/405313","targetHints":{"allow":["GET"]}}],"collection":[{"href":"https:\/\/portaltela.pt\/api\/wp\/v2\/posts"}],"about":[{"href":"https:\/\/portaltela.pt\/api\/wp\/v2\/types\/post"}],"author":[{"embeddable":true,"href":"https:\/\/portaltela.pt\/api\/wp\/v2\/users\/2"}],"replies":[{"embeddable":true,"href":"https:\/\/portaltela.pt\/api\/wp\/v2\/comments?post=405313"}],"version-history":[{"count":0,"href":"https:\/\/portaltela.pt\/api\/wp\/v2\/posts\/405313\/revisions"}],"wp:featuredmedia":[{"embeddable":true,"href":"https:\/\/portaltela.pt\/api\/wp\/v2\/media\/405318"}],"wp:attachment":[{"href":"https:\/\/portaltela.pt\/api\/wp\/v2\/media?parent=405313"}],"wp:term":[{"taxonomy":"category","embeddable":true,"href":"https:\/\/portaltela.pt\/api\/wp\/v2\/categories?post=405313"},{"taxonomy":"post_tag","embeddable":true,"href":"https:\/\/portaltela.pt\/api\/wp\/v2\/tags?post=405313"}],"curies":[{"name":"wp","href":"https:\/\/api.w.org\/{rel}","templated":true}]}}