{"id":405309,"date":"2026-03-10T19:16:00","date_gmt":"2026-03-10T22:16:00","guid":{"rendered":"https:\/\/portaltela.pt\/noticias\/2026\/03\/10\/camiao-incendiado-na-a25-em-albergaria-a-velha\/"},"modified":"2026-03-10T19:16:00","modified_gmt":"2026-03-10T22:16:00","slug":"camiao-incendiado-na-a25-em-albergaria-a-velha","status":"publish","type":"post","link":"https:\/\/portaltela.pt\/noticias\/2026\/03\/10\/camiao-incendiado-na-a25-em-albergaria-a-velha\/","title":{"rendered":"Cami\u00e3o incendiado na A25 em Albergaria-a-Velha"},"content":{"rendered":"<p>Um inc\u00eandio destruiu completamente a cabine de um cami\u00e3o na A25, na zona de Albergaria-a-Velha, esta ter\u00e7a-feira, no quil\u00f3metro 40, no sentido Aveiro\u2013Viseu. N\u00e3o houve feridos, e as causas do fogo ainda n\u00e3o est\u00e3o apuradas.<\/p>\n<p>Os Bombeiros Volunt\u00e1rios de Albergaria-a-Velha estiveram no local com cinco operacionais e dois ve\u00edculos para debelar as chamas e assegurar a \u00e1rea. A interven\u00e7\u00e3o teve in\u00edcio de manh\u00e3 e decorreu de forma c\u00e9lere.<\/p>\n<p>O Destacamento de Tr\u00e2nsito da GNR isolou a zona envolvente em colabora\u00e7\u00e3o com uma equipa da concession\u00e1ria Ascendi, garantindo o desvio de circula\u00e7\u00e3o conforme necess\u00e1rio.<\/p>\n<p>As autoridades informam que as circunst\u00e2ncias do inc\u00eandio est\u00e3o a ser averiguadas. A situa\u00e7\u00e3o manteve-se sob controle at\u00e9 ao t\u00e9rmino da atua\u00e7\u00e3o dos bombeiros.<\/p>\n","protected":false},"excerpt":{"rendered":"<ul>\n<li>Um inc\u00eandio destruiu completamente a cabine de um cami\u00e3o na A25, junto a Albergaria-a-Velha, pela manh\u00e3 de ter\u00e7a-feira.<\/li>\n<li>O fogo deflagrou ao quil\u00f3metro 40 da autoestrada, no sentido Aveiro para Viseu, sem registar feridos.<\/li>\n<li>Os Bombeiros Volunt\u00e1rios de Albergaria-a-Velha estiveram no local com cinco operacionais e dois ve\u00edculos.<\/li>\n<li>O Destacamento de Tr\u00e2nsito da GNR isolou a zona envolvente, com apoio de uma equipa da concession\u00e1ria Ascendi.<\/li>\n<li>As causas do inc\u00eandio n\u00e3o foram adiantadas no momento.<\/li>\n<\/ul>\n","protected":false},"author":2,"featured_media":405314,"comment_status":"closed","ping_status":"closed","sticky":false,"template":"","format":"standard","meta":{"footnotes":""},"categories":[6849,1],"tags":[1791,2980,971,1380,1438,2617],"class_list":["post-405309","post","type-post","status-publish","format-standard","has-post-thumbnail","hentry","category-acidentes","category-noticias","tag-albergaria","tag-albergaria-a-velha","tag-bombeiros","tag-gnr","tag-incendio","tag-incendios"],"yoast_head":"<!-- This site is optimized with the Yoast SEO plugin v27.2 - https:\/\/yoast.com\/product\/yoast-seo-wordpress\/ -->\n<title>Cami\u00e3o incendiado na A25 em Albergaria-a-Velha - Portal Tela Portugal<\/title>\n<meta name=\"robots\" content=\"index, follow, max-snippet:-1, max-image-preview:large, max-video-preview:-1\" \/>\n<meta property=\"og:locale\" content=\"pt_PT\" \/>\n<meta property=\"og:type\" content=\"article\" \/>\n<meta property=\"og:title\" content=\"Cami\u00e3o incendiado na A25 em Albergaria-a-Velha - Portal Tela Portugal\" \/>\n<meta property=\"og:description\" content=\"Um inc\u00eandio destruiu completamente a cabine de um cami\u00e3o na A25, junto a Albergaria-a-Velha, pela manh\u00e3 de ter\u00e7a-feira. O fogo deflagrou ao quil\u00f3metro 40 da autoestrada, no sentido Aveiro para Viseu, sem registar feridos. Os Bombeiros Volunt\u00e1rios de Albergaria-a-Velha estiveram no local com cinco operacionais e dois ve\u00edculos. O Destacamento de Tr\u00e2nsito da GNR isolou a zona envolvente, com apoio de uma equipa da concession\u00e1ria Ascendi. As causas do inc\u00eandio n\u00e3o foram adiantadas no momento.\" \/>\n<meta property=\"og:url\" content=\"https:\/\/portaltela.pt\/noticias\/2026\/03\/10\/camiao-incendiado-na-a25-em-albergaria-a-velha\/\" \/>\n<meta property=\"og:site_name\" content=\"Portal Tela Portugal\" \/>\n<meta property=\"article:published_time\" content=\"2026-03-10T22:16:00+00:00\" \/>\n<meta name=\"author\" content=\"Telinha\" \/>\n<meta name=\"twitter:card\" content=\"summary_large_image\" \/>\n<meta name=\"twitter:label1\" content=\"Escrito por\" \/>\n\t<meta name=\"twitter:data1\" content=\"Telinha\" \/>\n\t<meta name=\"twitter:label2\" content=\"Tempo estimado de leitura\" \/>\n\t<meta name=\"twitter:data2\" content=\"1 minuto\" \/>\n<script type=\"application\/ld+json\" class=\"yoast-schema-graph\">{\"@context\":\"https:\/\/schema.org\",\"@graph\":[{\"@type\":\"Article\",\"@id\":\"https:\/\/portaltela.pt\/noticias\/2026\/03\/10\/camiao-incendiado-na-a25-em-albergaria-a-velha\/#article\",\"isPartOf\":{\"@id\":\"https:\/\/portaltela.pt\/noticias\/2026\/03\/10\/camiao-incendiado-na-a25-em-albergaria-a-velha\/\"},\"author\":{\"name\":\"Telinha\",\"@id\":\"https:\/\/portaltela.pt\/#\/schema\/person\/c4278d4a6028830caff9ee44b42d32ed\"},\"headline\":\"Cami\u00e3o incendiado na A25 em Albergaria-a-Velha\",\"datePublished\":\"2026-03-10T22:16:00+00:00\",\"mainEntityOfPage\":{\"@id\":\"https:\/\/portaltela.pt\/noticias\/2026\/03\/10\/camiao-incendiado-na-a25-em-albergaria-a-velha\/\"},\"wordCount\":147,\"image\":{\"@id\":\"https:\/\/portaltela.pt\/noticias\/2026\/03\/10\/camiao-incendiado-na-a25-em-albergaria-a-velha\/#primaryimage\"},\"thumbnailUrl\":\"https:\/\/portaltela.pt\/s.01k8rhncp4jt1\/2026\/03\/image-668.jpg\",\"keywords\":[\"Albergaria\",\"Albergaria-a-Velha\",\"bombeiros\",\"GNR\",\"inc\u00eandio\",\"inc\u00eandios\"],\"articleSection\":[\"Acidentes\",\"Not\u00edcias\"],\"inLanguage\":\"pt-PT\"},{\"@type\":\"WebPage\",\"@id\":\"https:\/\/portaltela.pt\/noticias\/2026\/03\/10\/camiao-incendiado-na-a25-em-albergaria-a-velha\/\",\"url\":\"https:\/\/portaltela.pt\/noticias\/2026\/03\/10\/camiao-incendiado-na-a25-em-albergaria-a-velha\/\",\"name\":\"Cami\u00e3o incendiado na A25 em Albergaria-a-Velha - Portal Tela Portugal\",\"isPartOf\":{\"@id\":\"https:\/\/portaltela.pt\/#website\"},\"primaryImageOfPage\":{\"@id\":\"https:\/\/portaltela.pt\/noticias\/2026\/03\/10\/camiao-incendiado-na-a25-em-albergaria-a-velha\/#primaryimage\"},\"image\":{\"@id\":\"https:\/\/portaltela.pt\/noticias\/2026\/03\/10\/camiao-incendiado-na-a25-em-albergaria-a-velha\/#primaryimage\"},\"thumbnailUrl\":\"https:\/\/portaltela.pt\/s.01k8rhncp4jt1\/2026\/03\/image-668.jpg\",\"datePublished\":\"2026-03-10T22:16:00+00:00\",\"author\":{\"@id\":\"https:\/\/portaltela.pt\/#\/schema\/person\/c4278d4a6028830caff9ee44b42d32ed\"},\"breadcrumb\":{\"@id\":\"https:\/\/portaltela.pt\/noticias\/2026\/03\/10\/camiao-incendiado-na-a25-em-albergaria-a-velha\/#breadcrumb\"},\"inLanguage\":\"pt-PT\",\"potentialAction\":[{\"@type\":\"ReadAction\",\"target\":[\"https:\/\/portaltela.pt\/noticias\/2026\/03\/10\/camiao-incendiado-na-a25-em-albergaria-a-velha\/\"]}]},{\"@type\":\"ImageObject\",\"inLanguage\":\"pt-PT\",\"@id\":\"https:\/\/portaltela.pt\/noticias\/2026\/03\/10\/camiao-incendiado-na-a25-em-albergaria-a-velha\/#primaryimage\",\"url\":\"https:\/\/portaltela.pt\/s.01k8rhncp4jt1\/2026\/03\/image-668.jpg\",\"contentUrl\":\"https:\/\/portaltela.pt\/s.01k8rhncp4jt1\/2026\/03\/image-668.jpg\",\"width\":796,\"height\":448,\"caption\":\"A cabine do cami\u00e3o ficou completamente destru\u00edda\"},{\"@type\":\"BreadcrumbList\",\"@id\":\"https:\/\/portaltela.pt\/noticias\/2026\/03\/10\/camiao-incendiado-na-a25-em-albergaria-a-velha\/#breadcrumb\",\"itemListElement\":[{\"@type\":\"ListItem\",\"position\":1,\"name\":\"In\u00edcio\",\"item\":\"https:\/\/portaltela.pt\/\"},{\"@type\":\"ListItem\",\"position\":2,\"name\":\"Cami\u00e3o incendiado na A25 em Albergaria-a-Velha\"}]},{\"@type\":\"WebSite\",\"@id\":\"https:\/\/portaltela.pt\/#website\",\"url\":\"https:\/\/portaltela.pt\/\",\"name\":\"Portal Tela Portugal\",\"description\":\"\",\"potentialAction\":[{\"@type\":\"SearchAction\",\"target\":{\"@type\":\"EntryPoint\",\"urlTemplate\":\"https:\/\/portaltela.pt\/?s={search_term_string}\"},\"query-input\":{\"@type\":\"PropertyValueSpecification\",\"valueRequired\":true,\"valueName\":\"search_term_string\"}}],\"inLanguage\":\"pt-PT\"},{\"@type\":\"Person\",\"@id\":\"https:\/\/portaltela.pt\/#\/schema\/person\/c4278d4a6028830caff9ee44b42d32ed\",\"name\":\"Telinha\",\"image\":{\"@type\":\"ImageObject\",\"inLanguage\":\"pt-PT\",\"@id\":\"https:\/\/portaltela.pt\/s.01k8rhncp4jt1\/2025\/11\/talking-bot-125x125.png\",\"url\":\"https:\/\/portaltela.pt\/s.01k8rhncp4jt1\/2025\/11\/talking-bot-125x125.png\",\"contentUrl\":\"https:\/\/portaltela.pt\/s.01k8rhncp4jt1\/2025\/11\/talking-bot-125x125.png\",\"caption\":\"Telinha\"},\"sameAs\":[\"https:\/\/portaltela.pt\/\"],\"url\":\"https:\/\/portaltela.pt\/por\/367410592786\/\"}]}<\/script>\n<!-- \/ Yoast SEO plugin. -->","yoast_head_json":{"title":"Cami\u00e3o incendiado na A25 em Albergaria-a-Velha - Portal Tela Portugal","robots":{"index":"index","follow":"follow","max-snippet":"max-snippet:-1","max-image-preview":"max-image-preview:large","max-video-preview":"max-video-preview:-1"},"og_locale":"pt_PT","og_type":"article","og_title":"Cami\u00e3o incendiado na A25 em Albergaria-a-Velha - Portal Tela Portugal","og_description":"Um inc\u00eandio destruiu completamente a cabine de um cami\u00e3o na A25, junto a Albergaria-a-Velha, pela manh\u00e3 de ter\u00e7a-feira. O fogo deflagrou ao quil\u00f3metro 40 da autoestrada, no sentido Aveiro para Viseu, sem registar feridos. Os Bombeiros Volunt\u00e1rios de Albergaria-a-Velha estiveram no local com cinco operacionais e dois ve\u00edculos. O Destacamento de Tr\u00e2nsito da GNR isolou a zona envolvente, com apoio de uma equipa da concession\u00e1ria Ascendi. As causas do inc\u00eandio n\u00e3o foram adiantadas no momento.","og_url":"https:\/\/portaltela.pt\/noticias\/2026\/03\/10\/camiao-incendiado-na-a25-em-albergaria-a-velha\/","og_site_name":"Portal Tela Portugal","article_published_time":"2026-03-10T22:16:00+00:00","author":"Telinha","twitter_card":"summary_large_image","twitter_misc":{"Escrito por":"Telinha","Tempo estimado de leitura":"1 minuto"},"schema":{"@context":"https:\/\/schema.org","@graph":[{"@type":"Article","@id":"https:\/\/portaltela.pt\/noticias\/2026\/03\/10\/camiao-incendiado-na-a25-em-albergaria-a-velha\/#article","isPartOf":{"@id":"https:\/\/portaltela.pt\/noticias\/2026\/03\/10\/camiao-incendiado-na-a25-em-albergaria-a-velha\/"},"author":{"name":"Telinha","@id":"https:\/\/portaltela.pt\/#\/schema\/person\/c4278d4a6028830caff9ee44b42d32ed"},"headline":"Cami\u00e3o incendiado na A25 em Albergaria-a-Velha","datePublished":"2026-03-10T22:16:00+00:00","mainEntityOfPage":{"@id":"https:\/\/portaltela.pt\/noticias\/2026\/03\/10\/camiao-incendiado-na-a25-em-albergaria-a-velha\/"},"wordCount":147,"image":{"@id":"https:\/\/portaltela.pt\/noticias\/2026\/03\/10\/camiao-incendiado-na-a25-em-albergaria-a-velha\/#primaryimage"},"thumbnailUrl":"https:\/\/portaltela.pt\/s.01k8rhncp4jt1\/2026\/03\/image-668.jpg","keywords":["Albergaria","Albergaria-a-Velha","bombeiros","GNR","inc\u00eandio","inc\u00eandios"],"articleSection":["Acidentes","Not\u00edcias"],"inLanguage":"pt-PT"},{"@type":"WebPage","@id":"https:\/\/portaltela.pt\/noticias\/2026\/03\/10\/camiao-incendiado-na-a25-em-albergaria-a-velha\/","url":"https:\/\/portaltela.pt\/noticias\/2026\/03\/10\/camiao-incendiado-na-a25-em-albergaria-a-velha\/","name":"Cami\u00e3o incendiado na A25 em Albergaria-a-Velha - Portal Tela Portugal","isPartOf":{"@id":"https:\/\/portaltela.pt\/#website"},"primaryImageOfPage":{"@id":"https:\/\/portaltela.pt\/noticias\/2026\/03\/10\/camiao-incendiado-na-a25-em-albergaria-a-velha\/#primaryimage"},"image":{"@id":"https:\/\/portaltela.pt\/noticias\/2026\/03\/10\/camiao-incendiado-na-a25-em-albergaria-a-velha\/#primaryimage"},"thumbnailUrl":"https:\/\/portaltela.pt\/s.01k8rhncp4jt1\/2026\/03\/image-668.jpg","datePublished":"2026-03-10T22:16:00+00:00","author":{"@id":"https:\/\/portaltela.pt\/#\/schema\/person\/c4278d4a6028830caff9ee44b42d32ed"},"breadcrumb":{"@id":"https:\/\/portaltela.pt\/noticias\/2026\/03\/10\/camiao-incendiado-na-a25-em-albergaria-a-velha\/#breadcrumb"},"inLanguage":"pt-PT","potentialAction":[{"@type":"ReadAction","target":["https:\/\/portaltela.pt\/noticias\/2026\/03\/10\/camiao-incendiado-na-a25-em-albergaria-a-velha\/"]}]},{"@type":"ImageObject","inLanguage":"pt-PT","@id":"https:\/\/portaltela.pt\/noticias\/2026\/03\/10\/camiao-incendiado-na-a25-em-albergaria-a-velha\/#primaryimage","url":"https:\/\/portaltela.pt\/s.01k8rhncp4jt1\/2026\/03\/image-668.jpg","contentUrl":"https:\/\/portaltela.pt\/s.01k8rhncp4jt1\/2026\/03\/image-668.jpg","width":796,"height":448,"caption":"A cabine do cami\u00e3o ficou completamente destru\u00edda"},{"@type":"BreadcrumbList","@id":"https:\/\/portaltela.pt\/noticias\/2026\/03\/10\/camiao-incendiado-na-a25-em-albergaria-a-velha\/#breadcrumb","itemListElement":[{"@type":"ListItem","position":1,"name":"In\u00edcio","item":"https:\/\/portaltela.pt\/"},{"@type":"ListItem","position":2,"name":"Cami\u00e3o incendiado na A25 em Albergaria-a-Velha"}]},{"@type":"WebSite","@id":"https:\/\/portaltela.pt\/#website","url":"https:\/\/portaltela.pt\/","name":"Portal Tela Portugal","description":"","potentialAction":[{"@type":"SearchAction","target":{"@type":"EntryPoint","urlTemplate":"https:\/\/portaltela.pt\/?s={search_term_string}"},"query-input":{"@type":"PropertyValueSpecification","valueRequired":true,"valueName":"search_term_string"}}],"inLanguage":"pt-PT"},{"@type":"Person","@id":"https:\/\/portaltela.pt\/#\/schema\/person\/c4278d4a6028830caff9ee44b42d32ed","name":"Telinha","image":{"@type":"ImageObject","inLanguage":"pt-PT","@id":"https:\/\/portaltela.pt\/s.01k8rhncp4jt1\/2025\/11\/talking-bot-125x125.png","url":"https:\/\/portaltela.pt\/s.01k8rhncp4jt1\/2025\/11\/talking-bot-125x125.png","contentUrl":"https:\/\/portaltela.pt\/s.01k8rhncp4jt1\/2025\/11\/talking-bot-125x125.png","caption":"Telinha"},"sameAs":["https:\/\/portaltela.pt\/"],"url":"https:\/\/portaltela.pt\/por\/367410592786\/"}]}},"_links":{"self":[{"href":"https:\/\/portaltela.pt\/api\/wp\/v2\/posts\/405309","targetHints":{"allow":["GET"]}}],"collection":[{"href":"https:\/\/portaltela.pt\/api\/wp\/v2\/posts"}],"about":[{"href":"https:\/\/portaltela.pt\/api\/wp\/v2\/types\/post"}],"author":[{"embeddable":true,"href":"https:\/\/portaltela.pt\/api\/wp\/v2\/users\/2"}],"replies":[{"embeddable":true,"href":"https:\/\/portaltela.pt\/api\/wp\/v2\/comments?post=405309"}],"version-history":[{"count":0,"href":"https:\/\/portaltela.pt\/api\/wp\/v2\/posts\/405309\/revisions"}],"wp:featuredmedia":[{"embeddable":true,"href":"https:\/\/portaltela.pt\/api\/wp\/v2\/media\/405314"}],"wp:attachment":[{"href":"https:\/\/portaltela.pt\/api\/wp\/v2\/media?parent=405309"}],"wp:term":[{"taxonomy":"category","embeddable":true,"href":"https:\/\/portaltela.pt\/api\/wp\/v2\/categories?post=405309"},{"taxonomy":"post_tag","embeddable":true,"href":"https:\/\/portaltela.pt\/api\/wp\/v2\/tags?post=405309"}],"curies":[{"name":"wp","href":"https:\/\/api.w.org\/{rel}","templated":true}]}}