{"id":405284,"date":"2026-03-10T19:11:07","date_gmt":"2026-03-10T22:11:07","guid":{"rendered":"https:\/\/portaltela.pt\/noticias\/2026\/03\/10\/margarido-mantem-cinco-baixas-na-equipa\/"},"modified":"2026-03-10T19:11:07","modified_gmt":"2026-03-10T22:11:07","slug":"margarido-mantem-cinco-baixas-na-equipa","status":"publish","type":"post","link":"https:\/\/portaltela.pt\/desporto\/futebol\/2026\/03\/10\/margarido-mantem-cinco-baixas-na-equipa\/","title":{"rendered":"Margarido mant\u00e9m cinco baixas na equipa"},"content":{"rendered":"<p>O Nacional realizou mais uma sess\u00e3o de treino na DRD, na Camacha, nesta ter\u00e7a-feira. A prepara\u00e7\u00e3o visa a rece\u00e7\u00e3o ao Estoril, marcada para domingo, \u00e0s 15h30, no Est\u00e1dio da Madeira. Cinco jogadores continuam ausentes por les\u00e3o.<\/p>\n<p>Tiago Margarido mant\u00e9m cinco baixas para o encontro. Jos\u00e9 Gomes, lateral-esquerdo, fez treino condicionado e permanece em d\u00favida para a partida. Jo\u00e3o Aur\u00e9lio, Ivanildo Fernandes, Ulisses Wilson e Filipe Soares prosseguem as suas recupera\u00e7\u00f5es junto do departamento m\u00e9dico.<\/p>\n<p>Os trabalhos, abertos ao grupo profissional, inclu\u00edram trabalho f\u00edsico espec\u00edfico e atividades t\u00e9cnico-t\u00e1ticas para o pr\u00f3ximo duelo. A equipa alvinegra foca-se em recuperar o ritmo competitivo sem comprometer a preven\u00e7\u00e3o de novas les\u00f5es.<\/p>\n<h3>Novidade: Pedro Matias convocado<\/h3>\n<p>O treino contou com a presen\u00e7a do j\u00fanior Pedro Matias, que voltou a ser convocado aos trabalhos do grupo profissional. A inclus\u00e3o do jovem atleta representa uma oportunidade de integra\u00e7\u00e3o no plantel principal caso as condi\u00e7\u00f5es m\u00e9dicas se flexibilizem.<\/p>\n","protected":false},"excerpt":{"rendered":"<ul>\n<li>A sess\u00e3o realizou-se no relvado da DRD, na Camacha, visando a rece\u00e7\u00e3o ao Estoril, no domingo, \u00e0s 15h30, no Est\u00e1dio da Madeira.<\/li>\n<li>S\u00e3o cinco as baixas de Tiago Margarido: o lateral-esquerdo Jos\u00e9 Gomes ficou a cumprir trabalho condicionado e permanece em d\u00favida para o jogo.<\/li>\n<li>Jo\u00e3o Aur\u00e9lio, Ivanildo Fernandes, Ulisses Wilson e Filipe Soares continuam a recuperar as respetivas les\u00f5es junto do departamento m\u00e9dico.<\/li>\n<li>A novidade no treino foi a presen\u00e7a do j\u00fanior Pedro Matias, que voltou a ser convocado para trabalhos com o grupo profissional.<\/li>\n<\/ul>\n","protected":false},"author":2,"featured_media":405290,"comment_status":"closed","ping_status":"closed","sticky":false,"template":"","format":"standard","meta":{"footnotes":""},"categories":[21,24],"tags":[1327,262,999,32,2538,859],"class_list":["post-405284","post","type-post","status-publish","format-standard","has-post-thumbnail","hentry","category-desporto","category-futebol","tag-camacha","tag-convocados","tag-estoril","tag-futebol","tag-lesoes","tag-madeira"],"yoast_head":"<!-- This site is optimized with the Yoast SEO plugin v27.2 - https:\/\/yoast.com\/product\/yoast-seo-wordpress\/ -->\n<title>Margarido mant\u00e9m cinco baixas na equipa - Portal Tela Portugal<\/title>\n<meta name=\"robots\" content=\"index, follow, max-snippet:-1, max-image-preview:large, max-video-preview:-1\" \/>\n<meta property=\"og:locale\" content=\"pt_PT\" \/>\n<meta property=\"og:type\" content=\"article\" \/>\n<meta property=\"og:title\" content=\"Margarido mant\u00e9m cinco baixas na equipa - Portal Tela Portugal\" \/>\n<meta property=\"og:description\" content=\"A sess\u00e3o realizou-se no relvado da DRD, na Camacha, visando a rece\u00e7\u00e3o ao Estoril, no domingo, \u00e0s 15h30, no Est\u00e1dio da Madeira. S\u00e3o cinco as baixas de Tiago Margarido: o lateral-esquerdo Jos\u00e9 Gomes ficou a cumprir trabalho condicionado e permanece em d\u00favida para o jogo. Jo\u00e3o Aur\u00e9lio, Ivanildo Fernandes, Ulisses Wilson e Filipe Soares continuam a recuperar as respetivas les\u00f5es junto do departamento m\u00e9dico. A novidade no treino foi a presen\u00e7a do j\u00fanior Pedro Matias, que voltou a ser convocado para trabalhos com o grupo profissional.\" \/>\n<meta property=\"og:url\" content=\"https:\/\/portaltela.pt\/noticias\/2026\/03\/10\/margarido-mantem-cinco-baixas-na-equipa\/\" \/>\n<meta property=\"og:site_name\" content=\"Portal Tela Portugal\" \/>\n<meta property=\"article:published_time\" content=\"2026-03-10T22:11:07+00:00\" \/>\n<meta name=\"author\" content=\"Telinha\" \/>\n<meta name=\"twitter:card\" content=\"summary_large_image\" \/>\n<meta name=\"twitter:label1\" content=\"Escrito por\" \/>\n\t<meta name=\"twitter:data1\" content=\"Telinha\" \/>\n\t<meta name=\"twitter:label2\" content=\"Tempo estimado de leitura\" \/>\n\t<meta name=\"twitter:data2\" content=\"1 minuto\" \/>\n<script type=\"application\/ld+json\" class=\"yoast-schema-graph\">{\"@context\":\"https:\/\/schema.org\",\"@graph\":[{\"@type\":\"Article\",\"@id\":\"https:\/\/portaltela.pt\/noticias\/2026\/03\/10\/margarido-mantem-cinco-baixas-na-equipa\/#article\",\"isPartOf\":{\"@id\":\"https:\/\/portaltela.pt\/noticias\/2026\/03\/10\/margarido-mantem-cinco-baixas-na-equipa\/\"},\"author\":{\"name\":\"Telinha\",\"@id\":\"https:\/\/portaltela.pt\/#\/schema\/person\/c4278d4a6028830caff9ee44b42d32ed\"},\"headline\":\"Margarido mant\u00e9m cinco baixas na equipa\",\"datePublished\":\"2026-03-10T22:11:07+00:00\",\"mainEntityOfPage\":{\"@id\":\"https:\/\/portaltela.pt\/noticias\/2026\/03\/10\/margarido-mantem-cinco-baixas-na-equipa\/\"},\"wordCount\":183,\"image\":{\"@id\":\"https:\/\/portaltela.pt\/noticias\/2026\/03\/10\/margarido-mantem-cinco-baixas-na-equipa\/#primaryimage\"},\"thumbnailUrl\":\"https:\/\/portaltela.pt\/s.01k8rhncp4jt1\/2026\/03\/img_920x518uu2026-03-10-22-10-27-2426135.jpg\",\"keywords\":[\"Camacha\",\"convocados\",\"Estoril\",\"futebol\",\"les\u00f5es\",\"Madeira\"],\"articleSection\":[\"Desporto\",\"Futebol\"],\"inLanguage\":\"pt-PT\"},{\"@type\":\"WebPage\",\"@id\":\"https:\/\/portaltela.pt\/noticias\/2026\/03\/10\/margarido-mantem-cinco-baixas-na-equipa\/\",\"url\":\"https:\/\/portaltela.pt\/noticias\/2026\/03\/10\/margarido-mantem-cinco-baixas-na-equipa\/\",\"name\":\"Margarido mant\u00e9m cinco baixas na equipa - Portal Tela Portugal\",\"isPartOf\":{\"@id\":\"https:\/\/portaltela.pt\/#website\"},\"primaryImageOfPage\":{\"@id\":\"https:\/\/portaltela.pt\/noticias\/2026\/03\/10\/margarido-mantem-cinco-baixas-na-equipa\/#primaryimage\"},\"image\":{\"@id\":\"https:\/\/portaltela.pt\/noticias\/2026\/03\/10\/margarido-mantem-cinco-baixas-na-equipa\/#primaryimage\"},\"thumbnailUrl\":\"https:\/\/portaltela.pt\/s.01k8rhncp4jt1\/2026\/03\/img_920x518uu2026-03-10-22-10-27-2426135.jpg\",\"datePublished\":\"2026-03-10T22:11:07+00:00\",\"author\":{\"@id\":\"https:\/\/portaltela.pt\/#\/schema\/person\/c4278d4a6028830caff9ee44b42d32ed\"},\"breadcrumb\":{\"@id\":\"https:\/\/portaltela.pt\/noticias\/2026\/03\/10\/margarido-mantem-cinco-baixas-na-equipa\/#breadcrumb\"},\"inLanguage\":\"pt-PT\",\"potentialAction\":[{\"@type\":\"ReadAction\",\"target\":[\"https:\/\/portaltela.pt\/noticias\/2026\/03\/10\/margarido-mantem-cinco-baixas-na-equipa\/\"]}]},{\"@type\":\"ImageObject\",\"inLanguage\":\"pt-PT\",\"@id\":\"https:\/\/portaltela.pt\/noticias\/2026\/03\/10\/margarido-mantem-cinco-baixas-na-equipa\/#primaryimage\",\"url\":\"https:\/\/portaltela.pt\/s.01k8rhncp4jt1\/2026\/03\/img_920x518uu2026-03-10-22-10-27-2426135.jpg\",\"contentUrl\":\"https:\/\/portaltela.pt\/s.01k8rhncp4jt1\/2026\/03\/img_920x518uu2026-03-10-22-10-27-2426135.jpg\",\"width\":796,\"height\":448,\"caption\":\"T\u00e9cnico alvinegro prepara jogo com o Estoril\"},{\"@type\":\"BreadcrumbList\",\"@id\":\"https:\/\/portaltela.pt\/noticias\/2026\/03\/10\/margarido-mantem-cinco-baixas-na-equipa\/#breadcrumb\",\"itemListElement\":[{\"@type\":\"ListItem\",\"position\":1,\"name\":\"In\u00edcio\",\"item\":\"https:\/\/portaltela.pt\/\"},{\"@type\":\"ListItem\",\"position\":2,\"name\":\"Margarido mant\u00e9m cinco baixas na equipa\"}]},{\"@type\":\"WebSite\",\"@id\":\"https:\/\/portaltela.pt\/#website\",\"url\":\"https:\/\/portaltela.pt\/\",\"name\":\"Portal Tela Portugal\",\"description\":\"\",\"potentialAction\":[{\"@type\":\"SearchAction\",\"target\":{\"@type\":\"EntryPoint\",\"urlTemplate\":\"https:\/\/portaltela.pt\/?s={search_term_string}\"},\"query-input\":{\"@type\":\"PropertyValueSpecification\",\"valueRequired\":true,\"valueName\":\"search_term_string\"}}],\"inLanguage\":\"pt-PT\"},{\"@type\":\"Person\",\"@id\":\"https:\/\/portaltela.pt\/#\/schema\/person\/c4278d4a6028830caff9ee44b42d32ed\",\"name\":\"Telinha\",\"image\":{\"@type\":\"ImageObject\",\"inLanguage\":\"pt-PT\",\"@id\":\"https:\/\/portaltela.pt\/s.01k8rhncp4jt1\/2025\/11\/talking-bot-125x125.png\",\"url\":\"https:\/\/portaltela.pt\/s.01k8rhncp4jt1\/2025\/11\/talking-bot-125x125.png\",\"contentUrl\":\"https:\/\/portaltela.pt\/s.01k8rhncp4jt1\/2025\/11\/talking-bot-125x125.png\",\"caption\":\"Telinha\"},\"sameAs\":[\"https:\/\/portaltela.pt\/\"],\"url\":\"https:\/\/portaltela.pt\/por\/367410592786\/\"}]}<\/script>\n<!-- \/ Yoast SEO plugin. -->","yoast_head_json":{"title":"Margarido mant\u00e9m cinco baixas na equipa - Portal Tela Portugal","robots":{"index":"index","follow":"follow","max-snippet":"max-snippet:-1","max-image-preview":"max-image-preview:large","max-video-preview":"max-video-preview:-1"},"og_locale":"pt_PT","og_type":"article","og_title":"Margarido mant\u00e9m cinco baixas na equipa - Portal Tela Portugal","og_description":"A sess\u00e3o realizou-se no relvado da DRD, na Camacha, visando a rece\u00e7\u00e3o ao Estoril, no domingo, \u00e0s 15h30, no Est\u00e1dio da Madeira. S\u00e3o cinco as baixas de Tiago Margarido: o lateral-esquerdo Jos\u00e9 Gomes ficou a cumprir trabalho condicionado e permanece em d\u00favida para o jogo. Jo\u00e3o Aur\u00e9lio, Ivanildo Fernandes, Ulisses Wilson e Filipe Soares continuam a recuperar as respetivas les\u00f5es junto do departamento m\u00e9dico. A novidade no treino foi a presen\u00e7a do j\u00fanior Pedro Matias, que voltou a ser convocado para trabalhos com o grupo profissional.","og_url":"https:\/\/portaltela.pt\/noticias\/2026\/03\/10\/margarido-mantem-cinco-baixas-na-equipa\/","og_site_name":"Portal Tela Portugal","article_published_time":"2026-03-10T22:11:07+00:00","author":"Telinha","twitter_card":"summary_large_image","twitter_misc":{"Escrito por":"Telinha","Tempo estimado de leitura":"1 minuto"},"schema":{"@context":"https:\/\/schema.org","@graph":[{"@type":"Article","@id":"https:\/\/portaltela.pt\/noticias\/2026\/03\/10\/margarido-mantem-cinco-baixas-na-equipa\/#article","isPartOf":{"@id":"https:\/\/portaltela.pt\/noticias\/2026\/03\/10\/margarido-mantem-cinco-baixas-na-equipa\/"},"author":{"name":"Telinha","@id":"https:\/\/portaltela.pt\/#\/schema\/person\/c4278d4a6028830caff9ee44b42d32ed"},"headline":"Margarido mant\u00e9m cinco baixas na equipa","datePublished":"2026-03-10T22:11:07+00:00","mainEntityOfPage":{"@id":"https:\/\/portaltela.pt\/noticias\/2026\/03\/10\/margarido-mantem-cinco-baixas-na-equipa\/"},"wordCount":183,"image":{"@id":"https:\/\/portaltela.pt\/noticias\/2026\/03\/10\/margarido-mantem-cinco-baixas-na-equipa\/#primaryimage"},"thumbnailUrl":"https:\/\/portaltela.pt\/s.01k8rhncp4jt1\/2026\/03\/img_920x518uu2026-03-10-22-10-27-2426135.jpg","keywords":["Camacha","convocados","Estoril","futebol","les\u00f5es","Madeira"],"articleSection":["Desporto","Futebol"],"inLanguage":"pt-PT"},{"@type":"WebPage","@id":"https:\/\/portaltela.pt\/noticias\/2026\/03\/10\/margarido-mantem-cinco-baixas-na-equipa\/","url":"https:\/\/portaltela.pt\/noticias\/2026\/03\/10\/margarido-mantem-cinco-baixas-na-equipa\/","name":"Margarido mant\u00e9m cinco baixas na equipa - Portal Tela Portugal","isPartOf":{"@id":"https:\/\/portaltela.pt\/#website"},"primaryImageOfPage":{"@id":"https:\/\/portaltela.pt\/noticias\/2026\/03\/10\/margarido-mantem-cinco-baixas-na-equipa\/#primaryimage"},"image":{"@id":"https:\/\/portaltela.pt\/noticias\/2026\/03\/10\/margarido-mantem-cinco-baixas-na-equipa\/#primaryimage"},"thumbnailUrl":"https:\/\/portaltela.pt\/s.01k8rhncp4jt1\/2026\/03\/img_920x518uu2026-03-10-22-10-27-2426135.jpg","datePublished":"2026-03-10T22:11:07+00:00","author":{"@id":"https:\/\/portaltela.pt\/#\/schema\/person\/c4278d4a6028830caff9ee44b42d32ed"},"breadcrumb":{"@id":"https:\/\/portaltela.pt\/noticias\/2026\/03\/10\/margarido-mantem-cinco-baixas-na-equipa\/#breadcrumb"},"inLanguage":"pt-PT","potentialAction":[{"@type":"ReadAction","target":["https:\/\/portaltela.pt\/noticias\/2026\/03\/10\/margarido-mantem-cinco-baixas-na-equipa\/"]}]},{"@type":"ImageObject","inLanguage":"pt-PT","@id":"https:\/\/portaltela.pt\/noticias\/2026\/03\/10\/margarido-mantem-cinco-baixas-na-equipa\/#primaryimage","url":"https:\/\/portaltela.pt\/s.01k8rhncp4jt1\/2026\/03\/img_920x518uu2026-03-10-22-10-27-2426135.jpg","contentUrl":"https:\/\/portaltela.pt\/s.01k8rhncp4jt1\/2026\/03\/img_920x518uu2026-03-10-22-10-27-2426135.jpg","width":796,"height":448,"caption":"T\u00e9cnico alvinegro prepara jogo com o Estoril"},{"@type":"BreadcrumbList","@id":"https:\/\/portaltela.pt\/noticias\/2026\/03\/10\/margarido-mantem-cinco-baixas-na-equipa\/#breadcrumb","itemListElement":[{"@type":"ListItem","position":1,"name":"In\u00edcio","item":"https:\/\/portaltela.pt\/"},{"@type":"ListItem","position":2,"name":"Margarido mant\u00e9m cinco baixas na equipa"}]},{"@type":"WebSite","@id":"https:\/\/portaltela.pt\/#website","url":"https:\/\/portaltela.pt\/","name":"Portal Tela Portugal","description":"","potentialAction":[{"@type":"SearchAction","target":{"@type":"EntryPoint","urlTemplate":"https:\/\/portaltela.pt\/?s={search_term_string}"},"query-input":{"@type":"PropertyValueSpecification","valueRequired":true,"valueName":"search_term_string"}}],"inLanguage":"pt-PT"},{"@type":"Person","@id":"https:\/\/portaltela.pt\/#\/schema\/person\/c4278d4a6028830caff9ee44b42d32ed","name":"Telinha","image":{"@type":"ImageObject","inLanguage":"pt-PT","@id":"https:\/\/portaltela.pt\/s.01k8rhncp4jt1\/2025\/11\/talking-bot-125x125.png","url":"https:\/\/portaltela.pt\/s.01k8rhncp4jt1\/2025\/11\/talking-bot-125x125.png","contentUrl":"https:\/\/portaltela.pt\/s.01k8rhncp4jt1\/2025\/11\/talking-bot-125x125.png","caption":"Telinha"},"sameAs":["https:\/\/portaltela.pt\/"],"url":"https:\/\/portaltela.pt\/por\/367410592786\/"}]}},"_links":{"self":[{"href":"https:\/\/portaltela.pt\/api\/wp\/v2\/posts\/405284","targetHints":{"allow":["GET"]}}],"collection":[{"href":"https:\/\/portaltela.pt\/api\/wp\/v2\/posts"}],"about":[{"href":"https:\/\/portaltela.pt\/api\/wp\/v2\/types\/post"}],"author":[{"embeddable":true,"href":"https:\/\/portaltela.pt\/api\/wp\/v2\/users\/2"}],"replies":[{"embeddable":true,"href":"https:\/\/portaltela.pt\/api\/wp\/v2\/comments?post=405284"}],"version-history":[{"count":0,"href":"https:\/\/portaltela.pt\/api\/wp\/v2\/posts\/405284\/revisions"}],"wp:featuredmedia":[{"embeddable":true,"href":"https:\/\/portaltela.pt\/api\/wp\/v2\/media\/405290"}],"wp:attachment":[{"href":"https:\/\/portaltela.pt\/api\/wp\/v2\/media?parent=405284"}],"wp:term":[{"taxonomy":"category","embeddable":true,"href":"https:\/\/portaltela.pt\/api\/wp\/v2\/categories?post=405284"},{"taxonomy":"post_tag","embeddable":true,"href":"https:\/\/portaltela.pt\/api\/wp\/v2\/tags?post=405284"}],"curies":[{"name":"wp","href":"https:\/\/api.w.org\/{rel}","templated":true}]}}