{"id":405241,"date":"2026-03-10T18:21:35","date_gmt":"2026-03-10T21:21:35","guid":{"rendered":"https:\/\/portaltela.pt\/noticias\/2026\/03\/10\/jogadores-do-elvas-entram-em-greve-por-salarios-em-atraso\/"},"modified":"2026-03-10T18:21:35","modified_gmt":"2026-03-10T21:21:35","slug":"jogadores-do-elvas-entram-em-greve-por-salarios-em-atraso","status":"publish","type":"post","link":"https:\/\/portaltela.pt\/desporto\/futebol\/2026\/03\/10\/jogadores-do-elvas-entram-em-greve-por-salarios-em-atraso\/","title":{"rendered":"Jogadores do Elvas entram em greve por sal\u00e1rios em atraso"},"content":{"rendered":"<p>O plantel do Elvas entrou em greve devido a dois meses de sal\u00e1rios em atraso, al\u00e9m de pr\u00e9mios individuais e coletivos, segundo a forma\u00e7\u00e3o alentejana. A a\u00e7\u00e3o ocorre na sequ\u00eancia da sa\u00edda do investidor principal do clube, em desacordo com a gest\u00e3o. Os jogadores afirmam que s\u00f3 regressam aos treinos quando a situa\u00e7\u00e3o ficar regularizada.<\/p>\n<p>A greve envolve, sobretudo, atletas da equipa principal e da forma\u00e7\u00e3o, que contestam a falta de pagamento e a gest\u00e3o financeira. O objtivo \u00e9 for\u00e7ar uma solu\u00e7\u00e3o que garanta o pagamento dos valores devidos.<\/p>\n<h3>Contexto financeiro: sa\u00edda de investidor e impacto no clube<\/h3>\n<p>A sa\u00edda do investidor principal foi previamente anunciada, gerando pol\u00e9mica e novos sobressaltos ao projeto desportivo. O Elvas n\u00e3o confirmou dados adicionais sobre prazos ou formas de regulariza\u00e7\u00e3o, mantendo o sil\u00eancio institucional at\u00e9 ao momento.<\/p>\n","protected":false},"excerpt":{"rendered":"<ul>\n<li>Os jogadores do Elvas est\u00e3o em greve devido a dois meses de sal\u00e1rios em atraso, acrescidos de pr\u00e9mios individuais e coletivos.<\/li>\n<li>A greve surge ap\u00f3s a sa\u00edda do investidor principal, que estava em desacordo com a gest\u00e3o do clube.<\/li>\n<li>O plantel afirma que s\u00f3 volta aos treinos quando a situa\u00e7\u00e3o financeira ficar regularizada.<\/li>\n<li>O estado da situa\u00e7\u00e3o mant\u00e9m-se sem recep\u00e7\u00e3o de confirma\u00e7\u00e3o sobre prazos para pagamento ou resolu\u00e7\u00e3o.<\/li>\n<\/ul>\n","protected":false},"author":2,"featured_media":405246,"comment_status":"closed","ping_status":"closed","sticky":false,"template":"","format":"standard","meta":{"footnotes":""},"categories":[21,24],"tags":[883,1089,32,1164,6645],"class_list":["post-405241","post","type-post","status-publish","format-standard","has-post-thumbnail","hentry","category-desporto","category-futebol","tag-alentejo","tag-elvas","tag-futebol","tag-greve","tag-salarios"],"yoast_head":"<!-- This site is optimized with the Yoast SEO plugin v27.2 - https:\/\/yoast.com\/product\/yoast-seo-wordpress\/ -->\n<title>Jogadores do Elvas entram em greve por sal\u00e1rios em atraso - Portal Tela Portugal<\/title>\n<meta name=\"robots\" content=\"index, follow, max-snippet:-1, max-image-preview:large, max-video-preview:-1\" \/>\n<meta property=\"og:locale\" content=\"pt_PT\" \/>\n<meta property=\"og:type\" content=\"article\" \/>\n<meta property=\"og:title\" content=\"Jogadores do Elvas entram em greve por sal\u00e1rios em atraso - Portal Tela Portugal\" \/>\n<meta property=\"og:description\" content=\"Os jogadores do Elvas est\u00e3o em greve devido a dois meses de sal\u00e1rios em atraso, acrescidos de pr\u00e9mios individuais e coletivos. A greve surge ap\u00f3s a sa\u00edda do investidor principal, que estava em desacordo com a gest\u00e3o do clube. O plantel afirma que s\u00f3 volta aos treinos quando a situa\u00e7\u00e3o financeira ficar regularizada. O estado da situa\u00e7\u00e3o mant\u00e9m-se sem recep\u00e7\u00e3o de confirma\u00e7\u00e3o sobre prazos para pagamento ou resolu\u00e7\u00e3o.\" \/>\n<meta property=\"og:url\" content=\"https:\/\/portaltela.pt\/noticias\/2026\/03\/10\/jogadores-do-elvas-entram-em-greve-por-salarios-em-atraso\/\" \/>\n<meta property=\"og:site_name\" content=\"Portal Tela Portugal\" \/>\n<meta property=\"article:published_time\" content=\"2026-03-10T21:21:35+00:00\" \/>\n<meta name=\"author\" content=\"Telinha\" \/>\n<meta name=\"twitter:card\" content=\"summary_large_image\" \/>\n<meta name=\"twitter:label1\" content=\"Escrito por\" \/>\n\t<meta name=\"twitter:data1\" content=\"Telinha\" \/>\n\t<meta name=\"twitter:label2\" content=\"Tempo estimado de leitura\" \/>\n\t<meta name=\"twitter:data2\" content=\"1 minuto\" \/>\n<script type=\"application\/ld+json\" class=\"yoast-schema-graph\">{\"@context\":\"https:\/\/schema.org\",\"@graph\":[{\"@type\":\"Article\",\"@id\":\"https:\/\/portaltela.pt\/noticias\/2026\/03\/10\/jogadores-do-elvas-entram-em-greve-por-salarios-em-atraso\/#article\",\"isPartOf\":{\"@id\":\"https:\/\/portaltela.pt\/noticias\/2026\/03\/10\/jogadores-do-elvas-entram-em-greve-por-salarios-em-atraso\/\"},\"author\":{\"name\":\"Telinha\",\"@id\":\"https:\/\/portaltela.pt\/#\/schema\/person\/c4278d4a6028830caff9ee44b42d32ed\"},\"headline\":\"Jogadores do Elvas entram em greve por sal\u00e1rios em atraso\",\"datePublished\":\"2026-03-10T21:21:35+00:00\",\"mainEntityOfPage\":{\"@id\":\"https:\/\/portaltela.pt\/noticias\/2026\/03\/10\/jogadores-do-elvas-entram-em-greve-por-salarios-em-atraso\/\"},\"wordCount\":162,\"image\":{\"@id\":\"https:\/\/portaltela.pt\/noticias\/2026\/03\/10\/jogadores-do-elvas-entram-em-greve-por-salarios-em-atraso\/#primaryimage\"},\"thumbnailUrl\":\"https:\/\/portaltela.pt\/s.01k8rhncp4jt1\/2026\/03\/img_920x518uu2026-02-25-19-10-07-2423662.jpg\",\"keywords\":[\"Alentejo\",\"Elvas\",\"futebol\",\"greve\",\"sal\u00e1rios\"],\"articleSection\":[\"Desporto\",\"Futebol\"],\"inLanguage\":\"pt-PT\"},{\"@type\":\"WebPage\",\"@id\":\"https:\/\/portaltela.pt\/noticias\/2026\/03\/10\/jogadores-do-elvas-entram-em-greve-por-salarios-em-atraso\/\",\"url\":\"https:\/\/portaltela.pt\/noticias\/2026\/03\/10\/jogadores-do-elvas-entram-em-greve-por-salarios-em-atraso\/\",\"name\":\"Jogadores do Elvas entram em greve por sal\u00e1rios em atraso - Portal Tela Portugal\",\"isPartOf\":{\"@id\":\"https:\/\/portaltela.pt\/#website\"},\"primaryImageOfPage\":{\"@id\":\"https:\/\/portaltela.pt\/noticias\/2026\/03\/10\/jogadores-do-elvas-entram-em-greve-por-salarios-em-atraso\/#primaryimage\"},\"image\":{\"@id\":\"https:\/\/portaltela.pt\/noticias\/2026\/03\/10\/jogadores-do-elvas-entram-em-greve-por-salarios-em-atraso\/#primaryimage\"},\"thumbnailUrl\":\"https:\/\/portaltela.pt\/s.01k8rhncp4jt1\/2026\/03\/img_920x518uu2026-02-25-19-10-07-2423662.jpg\",\"datePublished\":\"2026-03-10T21:21:35+00:00\",\"author\":{\"@id\":\"https:\/\/portaltela.pt\/#\/schema\/person\/c4278d4a6028830caff9ee44b42d32ed\"},\"breadcrumb\":{\"@id\":\"https:\/\/portaltela.pt\/noticias\/2026\/03\/10\/jogadores-do-elvas-entram-em-greve-por-salarios-em-atraso\/#breadcrumb\"},\"inLanguage\":\"pt-PT\",\"potentialAction\":[{\"@type\":\"ReadAction\",\"target\":[\"https:\/\/portaltela.pt\/noticias\/2026\/03\/10\/jogadores-do-elvas-entram-em-greve-por-salarios-em-atraso\/\"]}]},{\"@type\":\"ImageObject\",\"inLanguage\":\"pt-PT\",\"@id\":\"https:\/\/portaltela.pt\/noticias\/2026\/03\/10\/jogadores-do-elvas-entram-em-greve-por-salarios-em-atraso\/#primaryimage\",\"url\":\"https:\/\/portaltela.pt\/s.01k8rhncp4jt1\/2026\/03\/img_920x518uu2026-02-25-19-10-07-2423662.jpg\",\"contentUrl\":\"https:\/\/portaltela.pt\/s.01k8rhncp4jt1\/2026\/03\/img_920x518uu2026-02-25-19-10-07-2423662.jpg\",\"width\":796,\"height\":448,\"caption\":\"Est\u00e1dio Patalino, casa do Elvas\"},{\"@type\":\"BreadcrumbList\",\"@id\":\"https:\/\/portaltela.pt\/noticias\/2026\/03\/10\/jogadores-do-elvas-entram-em-greve-por-salarios-em-atraso\/#breadcrumb\",\"itemListElement\":[{\"@type\":\"ListItem\",\"position\":1,\"name\":\"In\u00edcio\",\"item\":\"https:\/\/portaltela.pt\/\"},{\"@type\":\"ListItem\",\"position\":2,\"name\":\"Jogadores do Elvas entram em greve por sal\u00e1rios em atraso\"}]},{\"@type\":\"WebSite\",\"@id\":\"https:\/\/portaltela.pt\/#website\",\"url\":\"https:\/\/portaltela.pt\/\",\"name\":\"Portal Tela Portugal\",\"description\":\"\",\"potentialAction\":[{\"@type\":\"SearchAction\",\"target\":{\"@type\":\"EntryPoint\",\"urlTemplate\":\"https:\/\/portaltela.pt\/?s={search_term_string}\"},\"query-input\":{\"@type\":\"PropertyValueSpecification\",\"valueRequired\":true,\"valueName\":\"search_term_string\"}}],\"inLanguage\":\"pt-PT\"},{\"@type\":\"Person\",\"@id\":\"https:\/\/portaltela.pt\/#\/schema\/person\/c4278d4a6028830caff9ee44b42d32ed\",\"name\":\"Telinha\",\"image\":{\"@type\":\"ImageObject\",\"inLanguage\":\"pt-PT\",\"@id\":\"https:\/\/portaltela.pt\/s.01k8rhncp4jt1\/2025\/11\/talking-bot-125x125.png\",\"url\":\"https:\/\/portaltela.pt\/s.01k8rhncp4jt1\/2025\/11\/talking-bot-125x125.png\",\"contentUrl\":\"https:\/\/portaltela.pt\/s.01k8rhncp4jt1\/2025\/11\/talking-bot-125x125.png\",\"caption\":\"Telinha\"},\"sameAs\":[\"https:\/\/portaltela.pt\/\"],\"url\":\"https:\/\/portaltela.pt\/por\/367410592786\/\"}]}<\/script>\n<!-- \/ Yoast SEO plugin. -->","yoast_head_json":{"title":"Jogadores do Elvas entram em greve por sal\u00e1rios em atraso - Portal Tela Portugal","robots":{"index":"index","follow":"follow","max-snippet":"max-snippet:-1","max-image-preview":"max-image-preview:large","max-video-preview":"max-video-preview:-1"},"og_locale":"pt_PT","og_type":"article","og_title":"Jogadores do Elvas entram em greve por sal\u00e1rios em atraso - Portal Tela Portugal","og_description":"Os jogadores do Elvas est\u00e3o em greve devido a dois meses de sal\u00e1rios em atraso, acrescidos de pr\u00e9mios individuais e coletivos. A greve surge ap\u00f3s a sa\u00edda do investidor principal, que estava em desacordo com a gest\u00e3o do clube. O plantel afirma que s\u00f3 volta aos treinos quando a situa\u00e7\u00e3o financeira ficar regularizada. O estado da situa\u00e7\u00e3o mant\u00e9m-se sem recep\u00e7\u00e3o de confirma\u00e7\u00e3o sobre prazos para pagamento ou resolu\u00e7\u00e3o.","og_url":"https:\/\/portaltela.pt\/noticias\/2026\/03\/10\/jogadores-do-elvas-entram-em-greve-por-salarios-em-atraso\/","og_site_name":"Portal Tela Portugal","article_published_time":"2026-03-10T21:21:35+00:00","author":"Telinha","twitter_card":"summary_large_image","twitter_misc":{"Escrito por":"Telinha","Tempo estimado de leitura":"1 minuto"},"schema":{"@context":"https:\/\/schema.org","@graph":[{"@type":"Article","@id":"https:\/\/portaltela.pt\/noticias\/2026\/03\/10\/jogadores-do-elvas-entram-em-greve-por-salarios-em-atraso\/#article","isPartOf":{"@id":"https:\/\/portaltela.pt\/noticias\/2026\/03\/10\/jogadores-do-elvas-entram-em-greve-por-salarios-em-atraso\/"},"author":{"name":"Telinha","@id":"https:\/\/portaltela.pt\/#\/schema\/person\/c4278d4a6028830caff9ee44b42d32ed"},"headline":"Jogadores do Elvas entram em greve por sal\u00e1rios em atraso","datePublished":"2026-03-10T21:21:35+00:00","mainEntityOfPage":{"@id":"https:\/\/portaltela.pt\/noticias\/2026\/03\/10\/jogadores-do-elvas-entram-em-greve-por-salarios-em-atraso\/"},"wordCount":162,"image":{"@id":"https:\/\/portaltela.pt\/noticias\/2026\/03\/10\/jogadores-do-elvas-entram-em-greve-por-salarios-em-atraso\/#primaryimage"},"thumbnailUrl":"https:\/\/portaltela.pt\/s.01k8rhncp4jt1\/2026\/03\/img_920x518uu2026-02-25-19-10-07-2423662.jpg","keywords":["Alentejo","Elvas","futebol","greve","sal\u00e1rios"],"articleSection":["Desporto","Futebol"],"inLanguage":"pt-PT"},{"@type":"WebPage","@id":"https:\/\/portaltela.pt\/noticias\/2026\/03\/10\/jogadores-do-elvas-entram-em-greve-por-salarios-em-atraso\/","url":"https:\/\/portaltela.pt\/noticias\/2026\/03\/10\/jogadores-do-elvas-entram-em-greve-por-salarios-em-atraso\/","name":"Jogadores do Elvas entram em greve por sal\u00e1rios em atraso - Portal Tela Portugal","isPartOf":{"@id":"https:\/\/portaltela.pt\/#website"},"primaryImageOfPage":{"@id":"https:\/\/portaltela.pt\/noticias\/2026\/03\/10\/jogadores-do-elvas-entram-em-greve-por-salarios-em-atraso\/#primaryimage"},"image":{"@id":"https:\/\/portaltela.pt\/noticias\/2026\/03\/10\/jogadores-do-elvas-entram-em-greve-por-salarios-em-atraso\/#primaryimage"},"thumbnailUrl":"https:\/\/portaltela.pt\/s.01k8rhncp4jt1\/2026\/03\/img_920x518uu2026-02-25-19-10-07-2423662.jpg","datePublished":"2026-03-10T21:21:35+00:00","author":{"@id":"https:\/\/portaltela.pt\/#\/schema\/person\/c4278d4a6028830caff9ee44b42d32ed"},"breadcrumb":{"@id":"https:\/\/portaltela.pt\/noticias\/2026\/03\/10\/jogadores-do-elvas-entram-em-greve-por-salarios-em-atraso\/#breadcrumb"},"inLanguage":"pt-PT","potentialAction":[{"@type":"ReadAction","target":["https:\/\/portaltela.pt\/noticias\/2026\/03\/10\/jogadores-do-elvas-entram-em-greve-por-salarios-em-atraso\/"]}]},{"@type":"ImageObject","inLanguage":"pt-PT","@id":"https:\/\/portaltela.pt\/noticias\/2026\/03\/10\/jogadores-do-elvas-entram-em-greve-por-salarios-em-atraso\/#primaryimage","url":"https:\/\/portaltela.pt\/s.01k8rhncp4jt1\/2026\/03\/img_920x518uu2026-02-25-19-10-07-2423662.jpg","contentUrl":"https:\/\/portaltela.pt\/s.01k8rhncp4jt1\/2026\/03\/img_920x518uu2026-02-25-19-10-07-2423662.jpg","width":796,"height":448,"caption":"Est\u00e1dio Patalino, casa do Elvas"},{"@type":"BreadcrumbList","@id":"https:\/\/portaltela.pt\/noticias\/2026\/03\/10\/jogadores-do-elvas-entram-em-greve-por-salarios-em-atraso\/#breadcrumb","itemListElement":[{"@type":"ListItem","position":1,"name":"In\u00edcio","item":"https:\/\/portaltela.pt\/"},{"@type":"ListItem","position":2,"name":"Jogadores do Elvas entram em greve por sal\u00e1rios em atraso"}]},{"@type":"WebSite","@id":"https:\/\/portaltela.pt\/#website","url":"https:\/\/portaltela.pt\/","name":"Portal Tela Portugal","description":"","potentialAction":[{"@type":"SearchAction","target":{"@type":"EntryPoint","urlTemplate":"https:\/\/portaltela.pt\/?s={search_term_string}"},"query-input":{"@type":"PropertyValueSpecification","valueRequired":true,"valueName":"search_term_string"}}],"inLanguage":"pt-PT"},{"@type":"Person","@id":"https:\/\/portaltela.pt\/#\/schema\/person\/c4278d4a6028830caff9ee44b42d32ed","name":"Telinha","image":{"@type":"ImageObject","inLanguage":"pt-PT","@id":"https:\/\/portaltela.pt\/s.01k8rhncp4jt1\/2025\/11\/talking-bot-125x125.png","url":"https:\/\/portaltela.pt\/s.01k8rhncp4jt1\/2025\/11\/talking-bot-125x125.png","contentUrl":"https:\/\/portaltela.pt\/s.01k8rhncp4jt1\/2025\/11\/talking-bot-125x125.png","caption":"Telinha"},"sameAs":["https:\/\/portaltela.pt\/"],"url":"https:\/\/portaltela.pt\/por\/367410592786\/"}]}},"_links":{"self":[{"href":"https:\/\/portaltela.pt\/api\/wp\/v2\/posts\/405241","targetHints":{"allow":["GET"]}}],"collection":[{"href":"https:\/\/portaltela.pt\/api\/wp\/v2\/posts"}],"about":[{"href":"https:\/\/portaltela.pt\/api\/wp\/v2\/types\/post"}],"author":[{"embeddable":true,"href":"https:\/\/portaltela.pt\/api\/wp\/v2\/users\/2"}],"replies":[{"embeddable":true,"href":"https:\/\/portaltela.pt\/api\/wp\/v2\/comments?post=405241"}],"version-history":[{"count":0,"href":"https:\/\/portaltela.pt\/api\/wp\/v2\/posts\/405241\/revisions"}],"wp:featuredmedia":[{"embeddable":true,"href":"https:\/\/portaltela.pt\/api\/wp\/v2\/media\/405246"}],"wp:attachment":[{"href":"https:\/\/portaltela.pt\/api\/wp\/v2\/media?parent=405241"}],"wp:term":[{"taxonomy":"category","embeddable":true,"href":"https:\/\/portaltela.pt\/api\/wp\/v2\/categories?post=405241"},{"taxonomy":"post_tag","embeddable":true,"href":"https:\/\/portaltela.pt\/api\/wp\/v2\/tags?post=405241"}],"curies":[{"name":"wp","href":"https:\/\/api.w.org\/{rel}","templated":true}]}}