{"id":405220,"date":"2026-03-10T17:58:00","date_gmt":"2026-03-10T20:58:00","guid":{"rendered":"https:\/\/portaltela.pt\/noticias\/2026\/03\/10\/banco-de-horas-outsourcing-e-contratos-a-prazo-travam-acordo-laboral-com-a-ugt\/"},"modified":"2026-03-10T17:58:00","modified_gmt":"2026-03-10T20:58:00","slug":"banco-de-horas-outsourcing-e-contratos-a-prazo-travam-acordo-laboral-com-a-ugt","status":"publish","type":"post","link":"https:\/\/portaltela.pt\/noticias\/2026\/03\/10\/banco-de-horas-outsourcing-e-contratos-a-prazo-travam-acordo-laboral-com-a-ugt\/","title":{"rendered":"Banco de horas, outsourcing e contratos a prazo travam acordo laboral com a UGT"},"content":{"rendered":"<p>O debate sobre o pacote laboral mant\u00e9m-se gravado em pontos de disc\u00f3rdia entre a UGT, o Governo e os patr\u00f5es. Entre eles, o banco de horas individual, o outsourcing e a contrata\u00e7\u00e3o a prazo para trabalhadores sem v\u00ednculo definitivo aparecem como entraves \u00e0 concerta\u00e7\u00e3o.<\/p>\n<p>A n\u00e3o reintegra\u00e7\u00e3o ap\u00f3s despedimento il\u00edcito continua tamb\u00e9m na agenda, visto pela UGT como uma linha vermelha que impede acordo, segundo fontes do sindicalismo. O Governo descreve estes temas como pilares da reforma da legisla\u00e7\u00e3o laboral.<\/p>\n<p>Os patr\u00f5es responderam ao recente apelo de Seguro para regressarem \u00e0 mesa negocia\u00e7\u00f5es, mantendo a posi\u00e7\u00e3o de que as propostas devem assegurar equil\u00edbrio entre flexibilidade e prote\u00e7\u00e3o dos trabalhadores. A concerta\u00e7\u00e3o social permanece em aberto, com pr\u00f3ximos contactos j\u00e1 anunciados.<\/p>\n<h3>Pontos em disputa<\/h3>\n<ul>\n<li>Banco de horas individual<\/li>\n<li>Outsourcing<\/li>\n<li>Contrata\u00e7\u00e3o a prazo para trabalhadores sem v\u00ednculo definitivo<\/li>\n<li>N\u00e3o reintegra\u00e7\u00e3o ap\u00f3s despedimento il\u00edcito<\/li>\n<\/ul>\n<p>A din\u00e2mica dos pr\u00f3ximos dias pode definir o ritmo dos trabalhos, com o Governo, a UGT e as associa\u00e7\u00f5es patronais a avaliar caminhos de consenso.<\/p>\n","protected":false},"excerpt":{"rendered":"<ul>\n<li>O banco de horas individual, o outsourcing, a contrata\u00e7\u00e3o a prazo de trabalhadores sem v\u00ednculo definitivo e a n\u00e3o reintegra\u00e7\u00e3o ap\u00f3s despedimento il\u00edcito s\u00e3o pontos de disc\u00f3rdia entre Governo, patronato e UGT.<\/li>\n<li>Para o Governo, estas medidas constituem as traves mestras do anteprojecto Trabalho XXI.<\/li>\n<li>A UGT considera-as linhas vermelhas que impedem um acordo na concerta\u00e7\u00e3o social.<\/li>\n<li>Os patr\u00f5es responderam a um apelo do ministro da Seguran\u00e7a Social e aceitaram regressar \u00e0 mesa de negocia\u00e7\u00f5es.<\/li>\n<li>O debate continua a definir o conte\u00fado do pacote laboral.<\/li>\n<\/ul>\n","protected":false},"author":2,"featured_media":405222,"comment_status":"closed","ping_status":"closed","sticky":false,"template":"","format":"standard","meta":{"footnotes":""},"categories":[1],"tags":[4024,2431,1125,34,5463,2841],"class_list":["post-405220","post","type-post","status-publish","format-standard","has-post-thumbnail","hentry","category-noticias","tag-banco-de-horas","tag-concertacao-social","tag-contratos","tag-governo","tag-outsourcing","tag-trabalhadores"],"yoast_head":"<!-- This site is optimized with the Yoast SEO plugin v27.2 - https:\/\/yoast.com\/product\/yoast-seo-wordpress\/ -->\n<title>Banco de horas, outsourcing e contratos a prazo travam acordo laboral com a UGT - Portal Tela Portugal<\/title>\n<meta name=\"robots\" content=\"index, follow, max-snippet:-1, max-image-preview:large, max-video-preview:-1\" \/>\n<meta property=\"og:locale\" content=\"pt_PT\" \/>\n<meta property=\"og:type\" content=\"article\" \/>\n<meta property=\"og:title\" content=\"Banco de horas, outsourcing e contratos a prazo travam acordo laboral com a UGT - Portal Tela Portugal\" \/>\n<meta property=\"og:description\" content=\"O banco de horas individual, o outsourcing, a contrata\u00e7\u00e3o a prazo de trabalhadores sem v\u00ednculo definitivo e a n\u00e3o reintegra\u00e7\u00e3o ap\u00f3s despedimento il\u00edcito s\u00e3o pontos de disc\u00f3rdia entre Governo, patronato e UGT. Para o Governo, estas medidas constituem as traves mestras do anteprojecto Trabalho XXI. A UGT considera-as linhas vermelhas que impedem um acordo na concerta\u00e7\u00e3o social. Os patr\u00f5es responderam a um apelo do ministro da Seguran\u00e7a Social e aceitaram regressar \u00e0 mesa de negocia\u00e7\u00f5es. O debate continua a definir o conte\u00fado do pacote laboral.\" \/>\n<meta property=\"og:url\" content=\"https:\/\/portaltela.pt\/noticias\/2026\/03\/10\/banco-de-horas-outsourcing-e-contratos-a-prazo-travam-acordo-laboral-com-a-ugt\/\" \/>\n<meta property=\"og:site_name\" content=\"Portal Tela Portugal\" \/>\n<meta property=\"article:published_time\" content=\"2026-03-10T20:58:00+00:00\" \/>\n<meta name=\"author\" content=\"Telinha\" \/>\n<meta name=\"twitter:card\" content=\"summary_large_image\" \/>\n<meta name=\"twitter:label1\" content=\"Escrito por\" \/>\n\t<meta name=\"twitter:data1\" content=\"Telinha\" \/>\n\t<meta name=\"twitter:label2\" content=\"Tempo estimado de leitura\" \/>\n\t<meta name=\"twitter:data2\" content=\"1 minuto\" \/>\n<script type=\"application\/ld+json\" class=\"yoast-schema-graph\">{\"@context\":\"https:\/\/schema.org\",\"@graph\":[{\"@type\":\"Article\",\"@id\":\"https:\/\/portaltela.pt\/noticias\/2026\/03\/10\/banco-de-horas-outsourcing-e-contratos-a-prazo-travam-acordo-laboral-com-a-ugt\/#article\",\"isPartOf\":{\"@id\":\"https:\/\/portaltela.pt\/noticias\/2026\/03\/10\/banco-de-horas-outsourcing-e-contratos-a-prazo-travam-acordo-laboral-com-a-ugt\/\"},\"author\":{\"name\":\"Telinha\",\"@id\":\"https:\/\/portaltela.pt\/#\/schema\/person\/c4278d4a6028830caff9ee44b42d32ed\"},\"headline\":\"Banco de horas, outsourcing e contratos a prazo travam acordo laboral com a UGT\",\"datePublished\":\"2026-03-10T20:58:00+00:00\",\"mainEntityOfPage\":{\"@id\":\"https:\/\/portaltela.pt\/noticias\/2026\/03\/10\/banco-de-horas-outsourcing-e-contratos-a-prazo-travam-acordo-laboral-com-a-ugt\/\"},\"wordCount\":206,\"image\":{\"@id\":\"https:\/\/portaltela.pt\/noticias\/2026\/03\/10\/banco-de-horas-outsourcing-e-contratos-a-prazo-travam-acordo-laboral-com-a-ugt\/#primaryimage\"},\"thumbnailUrl\":\"https:\/\/portaltela.pt\/s.01k8rhncp4jt1\/2026\/03\/2073211.jpg\",\"keywords\":[\"banco de horas\",\"Concerta\u00e7\u00e3o Social\",\"contratos\",\"governo\",\"outsourcing\",\"trabalhadores\"],\"articleSection\":[\"Not\u00edcias\"],\"inLanguage\":\"pt-PT\"},{\"@type\":\"WebPage\",\"@id\":\"https:\/\/portaltela.pt\/noticias\/2026\/03\/10\/banco-de-horas-outsourcing-e-contratos-a-prazo-travam-acordo-laboral-com-a-ugt\/\",\"url\":\"https:\/\/portaltela.pt\/noticias\/2026\/03\/10\/banco-de-horas-outsourcing-e-contratos-a-prazo-travam-acordo-laboral-com-a-ugt\/\",\"name\":\"Banco de horas, outsourcing e contratos a prazo travam acordo laboral com a UGT - Portal Tela Portugal\",\"isPartOf\":{\"@id\":\"https:\/\/portaltela.pt\/#website\"},\"primaryImageOfPage\":{\"@id\":\"https:\/\/portaltela.pt\/noticias\/2026\/03\/10\/banco-de-horas-outsourcing-e-contratos-a-prazo-travam-acordo-laboral-com-a-ugt\/#primaryimage\"},\"image\":{\"@id\":\"https:\/\/portaltela.pt\/noticias\/2026\/03\/10\/banco-de-horas-outsourcing-e-contratos-a-prazo-travam-acordo-laboral-com-a-ugt\/#primaryimage\"},\"thumbnailUrl\":\"https:\/\/portaltela.pt\/s.01k8rhncp4jt1\/2026\/03\/2073211.jpg\",\"datePublished\":\"2026-03-10T20:58:00+00:00\",\"author\":{\"@id\":\"https:\/\/portaltela.pt\/#\/schema\/person\/c4278d4a6028830caff9ee44b42d32ed\"},\"breadcrumb\":{\"@id\":\"https:\/\/portaltela.pt\/noticias\/2026\/03\/10\/banco-de-horas-outsourcing-e-contratos-a-prazo-travam-acordo-laboral-com-a-ugt\/#breadcrumb\"},\"inLanguage\":\"pt-PT\",\"potentialAction\":[{\"@type\":\"ReadAction\",\"target\":[\"https:\/\/portaltela.pt\/noticias\/2026\/03\/10\/banco-de-horas-outsourcing-e-contratos-a-prazo-travam-acordo-laboral-com-a-ugt\/\"]}]},{\"@type\":\"ImageObject\",\"inLanguage\":\"pt-PT\",\"@id\":\"https:\/\/portaltela.pt\/noticias\/2026\/03\/10\/banco-de-horas-outsourcing-e-contratos-a-prazo-travam-acordo-laboral-com-a-ugt\/#primaryimage\",\"url\":\"https:\/\/portaltela.pt\/s.01k8rhncp4jt1\/2026\/03\/2073211.jpg\",\"contentUrl\":\"https:\/\/portaltela.pt\/s.01k8rhncp4jt1\/2026\/03\/2073211.jpg\",\"width\":796,\"height\":448,\"caption\":\"Reuni\u00e3o da concerta\u00e7\u00e3o social de 3 de Mar\u00e7o\"},{\"@type\":\"BreadcrumbList\",\"@id\":\"https:\/\/portaltela.pt\/noticias\/2026\/03\/10\/banco-de-horas-outsourcing-e-contratos-a-prazo-travam-acordo-laboral-com-a-ugt\/#breadcrumb\",\"itemListElement\":[{\"@type\":\"ListItem\",\"position\":1,\"name\":\"In\u00edcio\",\"item\":\"https:\/\/portaltela.pt\/\"},{\"@type\":\"ListItem\",\"position\":2,\"name\":\"Banco de horas, outsourcing e contratos a prazo travam acordo laboral com a UGT\"}]},{\"@type\":\"WebSite\",\"@id\":\"https:\/\/portaltela.pt\/#website\",\"url\":\"https:\/\/portaltela.pt\/\",\"name\":\"Portal Tela Portugal\",\"description\":\"\",\"potentialAction\":[{\"@type\":\"SearchAction\",\"target\":{\"@type\":\"EntryPoint\",\"urlTemplate\":\"https:\/\/portaltela.pt\/?s={search_term_string}\"},\"query-input\":{\"@type\":\"PropertyValueSpecification\",\"valueRequired\":true,\"valueName\":\"search_term_string\"}}],\"inLanguage\":\"pt-PT\"},{\"@type\":\"Person\",\"@id\":\"https:\/\/portaltela.pt\/#\/schema\/person\/c4278d4a6028830caff9ee44b42d32ed\",\"name\":\"Telinha\",\"image\":{\"@type\":\"ImageObject\",\"inLanguage\":\"pt-PT\",\"@id\":\"https:\/\/portaltela.pt\/s.01k8rhncp4jt1\/2025\/11\/talking-bot-125x125.png\",\"url\":\"https:\/\/portaltela.pt\/s.01k8rhncp4jt1\/2025\/11\/talking-bot-125x125.png\",\"contentUrl\":\"https:\/\/portaltela.pt\/s.01k8rhncp4jt1\/2025\/11\/talking-bot-125x125.png\",\"caption\":\"Telinha\"},\"sameAs\":[\"https:\/\/portaltela.pt\/\"],\"url\":\"https:\/\/portaltela.pt\/por\/367410592786\/\"}]}<\/script>\n<!-- \/ Yoast SEO plugin. -->","yoast_head_json":{"title":"Banco de horas, outsourcing e contratos a prazo travam acordo laboral com a UGT - Portal Tela Portugal","robots":{"index":"index","follow":"follow","max-snippet":"max-snippet:-1","max-image-preview":"max-image-preview:large","max-video-preview":"max-video-preview:-1"},"og_locale":"pt_PT","og_type":"article","og_title":"Banco de horas, outsourcing e contratos a prazo travam acordo laboral com a UGT - Portal Tela Portugal","og_description":"O banco de horas individual, o outsourcing, a contrata\u00e7\u00e3o a prazo de trabalhadores sem v\u00ednculo definitivo e a n\u00e3o reintegra\u00e7\u00e3o ap\u00f3s despedimento il\u00edcito s\u00e3o pontos de disc\u00f3rdia entre Governo, patronato e UGT. Para o Governo, estas medidas constituem as traves mestras do anteprojecto Trabalho XXI. A UGT considera-as linhas vermelhas que impedem um acordo na concerta\u00e7\u00e3o social. Os patr\u00f5es responderam a um apelo do ministro da Seguran\u00e7a Social e aceitaram regressar \u00e0 mesa de negocia\u00e7\u00f5es. O debate continua a definir o conte\u00fado do pacote laboral.","og_url":"https:\/\/portaltela.pt\/noticias\/2026\/03\/10\/banco-de-horas-outsourcing-e-contratos-a-prazo-travam-acordo-laboral-com-a-ugt\/","og_site_name":"Portal Tela Portugal","article_published_time":"2026-03-10T20:58:00+00:00","author":"Telinha","twitter_card":"summary_large_image","twitter_misc":{"Escrito por":"Telinha","Tempo estimado de leitura":"1 minuto"},"schema":{"@context":"https:\/\/schema.org","@graph":[{"@type":"Article","@id":"https:\/\/portaltela.pt\/noticias\/2026\/03\/10\/banco-de-horas-outsourcing-e-contratos-a-prazo-travam-acordo-laboral-com-a-ugt\/#article","isPartOf":{"@id":"https:\/\/portaltela.pt\/noticias\/2026\/03\/10\/banco-de-horas-outsourcing-e-contratos-a-prazo-travam-acordo-laboral-com-a-ugt\/"},"author":{"name":"Telinha","@id":"https:\/\/portaltela.pt\/#\/schema\/person\/c4278d4a6028830caff9ee44b42d32ed"},"headline":"Banco de horas, outsourcing e contratos a prazo travam acordo laboral com a UGT","datePublished":"2026-03-10T20:58:00+00:00","mainEntityOfPage":{"@id":"https:\/\/portaltela.pt\/noticias\/2026\/03\/10\/banco-de-horas-outsourcing-e-contratos-a-prazo-travam-acordo-laboral-com-a-ugt\/"},"wordCount":206,"image":{"@id":"https:\/\/portaltela.pt\/noticias\/2026\/03\/10\/banco-de-horas-outsourcing-e-contratos-a-prazo-travam-acordo-laboral-com-a-ugt\/#primaryimage"},"thumbnailUrl":"https:\/\/portaltela.pt\/s.01k8rhncp4jt1\/2026\/03\/2073211.jpg","keywords":["banco de horas","Concerta\u00e7\u00e3o Social","contratos","governo","outsourcing","trabalhadores"],"articleSection":["Not\u00edcias"],"inLanguage":"pt-PT"},{"@type":"WebPage","@id":"https:\/\/portaltela.pt\/noticias\/2026\/03\/10\/banco-de-horas-outsourcing-e-contratos-a-prazo-travam-acordo-laboral-com-a-ugt\/","url":"https:\/\/portaltela.pt\/noticias\/2026\/03\/10\/banco-de-horas-outsourcing-e-contratos-a-prazo-travam-acordo-laboral-com-a-ugt\/","name":"Banco de horas, outsourcing e contratos a prazo travam acordo laboral com a UGT - Portal Tela Portugal","isPartOf":{"@id":"https:\/\/portaltela.pt\/#website"},"primaryImageOfPage":{"@id":"https:\/\/portaltela.pt\/noticias\/2026\/03\/10\/banco-de-horas-outsourcing-e-contratos-a-prazo-travam-acordo-laboral-com-a-ugt\/#primaryimage"},"image":{"@id":"https:\/\/portaltela.pt\/noticias\/2026\/03\/10\/banco-de-horas-outsourcing-e-contratos-a-prazo-travam-acordo-laboral-com-a-ugt\/#primaryimage"},"thumbnailUrl":"https:\/\/portaltela.pt\/s.01k8rhncp4jt1\/2026\/03\/2073211.jpg","datePublished":"2026-03-10T20:58:00+00:00","author":{"@id":"https:\/\/portaltela.pt\/#\/schema\/person\/c4278d4a6028830caff9ee44b42d32ed"},"breadcrumb":{"@id":"https:\/\/portaltela.pt\/noticias\/2026\/03\/10\/banco-de-horas-outsourcing-e-contratos-a-prazo-travam-acordo-laboral-com-a-ugt\/#breadcrumb"},"inLanguage":"pt-PT","potentialAction":[{"@type":"ReadAction","target":["https:\/\/portaltela.pt\/noticias\/2026\/03\/10\/banco-de-horas-outsourcing-e-contratos-a-prazo-travam-acordo-laboral-com-a-ugt\/"]}]},{"@type":"ImageObject","inLanguage":"pt-PT","@id":"https:\/\/portaltela.pt\/noticias\/2026\/03\/10\/banco-de-horas-outsourcing-e-contratos-a-prazo-travam-acordo-laboral-com-a-ugt\/#primaryimage","url":"https:\/\/portaltela.pt\/s.01k8rhncp4jt1\/2026\/03\/2073211.jpg","contentUrl":"https:\/\/portaltela.pt\/s.01k8rhncp4jt1\/2026\/03\/2073211.jpg","width":796,"height":448,"caption":"Reuni\u00e3o da concerta\u00e7\u00e3o social de 3 de Mar\u00e7o"},{"@type":"BreadcrumbList","@id":"https:\/\/portaltela.pt\/noticias\/2026\/03\/10\/banco-de-horas-outsourcing-e-contratos-a-prazo-travam-acordo-laboral-com-a-ugt\/#breadcrumb","itemListElement":[{"@type":"ListItem","position":1,"name":"In\u00edcio","item":"https:\/\/portaltela.pt\/"},{"@type":"ListItem","position":2,"name":"Banco de horas, outsourcing e contratos a prazo travam acordo laboral com a UGT"}]},{"@type":"WebSite","@id":"https:\/\/portaltela.pt\/#website","url":"https:\/\/portaltela.pt\/","name":"Portal Tela Portugal","description":"","potentialAction":[{"@type":"SearchAction","target":{"@type":"EntryPoint","urlTemplate":"https:\/\/portaltela.pt\/?s={search_term_string}"},"query-input":{"@type":"PropertyValueSpecification","valueRequired":true,"valueName":"search_term_string"}}],"inLanguage":"pt-PT"},{"@type":"Person","@id":"https:\/\/portaltela.pt\/#\/schema\/person\/c4278d4a6028830caff9ee44b42d32ed","name":"Telinha","image":{"@type":"ImageObject","inLanguage":"pt-PT","@id":"https:\/\/portaltela.pt\/s.01k8rhncp4jt1\/2025\/11\/talking-bot-125x125.png","url":"https:\/\/portaltela.pt\/s.01k8rhncp4jt1\/2025\/11\/talking-bot-125x125.png","contentUrl":"https:\/\/portaltela.pt\/s.01k8rhncp4jt1\/2025\/11\/talking-bot-125x125.png","caption":"Telinha"},"sameAs":["https:\/\/portaltela.pt\/"],"url":"https:\/\/portaltela.pt\/por\/367410592786\/"}]}},"_links":{"self":[{"href":"https:\/\/portaltela.pt\/api\/wp\/v2\/posts\/405220","targetHints":{"allow":["GET"]}}],"collection":[{"href":"https:\/\/portaltela.pt\/api\/wp\/v2\/posts"}],"about":[{"href":"https:\/\/portaltela.pt\/api\/wp\/v2\/types\/post"}],"author":[{"embeddable":true,"href":"https:\/\/portaltela.pt\/api\/wp\/v2\/users\/2"}],"replies":[{"embeddable":true,"href":"https:\/\/portaltela.pt\/api\/wp\/v2\/comments?post=405220"}],"version-history":[{"count":0,"href":"https:\/\/portaltela.pt\/api\/wp\/v2\/posts\/405220\/revisions"}],"wp:featuredmedia":[{"embeddable":true,"href":"https:\/\/portaltela.pt\/api\/wp\/v2\/media\/405222"}],"wp:attachment":[{"href":"https:\/\/portaltela.pt\/api\/wp\/v2\/media?parent=405220"}],"wp:term":[{"taxonomy":"category","embeddable":true,"href":"https:\/\/portaltela.pt\/api\/wp\/v2\/categories?post=405220"},{"taxonomy":"post_tag","embeddable":true,"href":"https:\/\/portaltela.pt\/api\/wp\/v2\/tags?post=405220"}],"curies":[{"name":"wp","href":"https:\/\/api.w.org\/{rel}","templated":true}]}}