{"id":405210,"date":"2026-03-10T17:41:00","date_gmt":"2026-03-10T20:41:00","guid":{"rendered":"https:\/\/portaltela.pt\/noticias\/2026\/03\/10\/peticao-para-tornar-violacao-crime-publica-entregue-na-ar-com-200-mil-assinaturas\/"},"modified":"2026-03-10T17:41:00","modified_gmt":"2026-03-10T20:41:00","slug":"peticao-para-tornar-violacao-crime-publica-entregue-na-ar-com-200-mil-assinaturas","status":"publish","type":"post","link":"https:\/\/portaltela.pt\/sociedade\/2026\/03\/10\/peticao-para-tornar-violacao-crime-publica-entregue-na-ar-com-200-mil-assinaturas\/","title":{"rendered":"Peti\u00e7\u00e3o para tornar viola\u00e7\u00e3o crime p\u00fablica entregue na AR com 200 mil assinaturas"},"content":{"rendered":"<p>Uma peti\u00e7\u00e3o que exige mudan\u00e7as no c\u00f3digo penal para tornar a viola\u00e7\u00e3o um crime p\u00fablico foi entregue na Assembleia da Rep\u00fablica, com mais de 200 mil assinaturas. A iniciativa, lan\u00e7ada no ano passado, tem 209.510 subscritores e visa tamb\u00e9m autonomizar o crime de femic\u00eddio.<\/p>\n<p>Entre os primeiros apoiantes est\u00e3o a activista Francisca de Magalh\u00e3es Barros, Manuela Ramalho Eanes, Dulce Rocha, Rui Pereira, Ant\u00f3nio Garcia Pereira, Isabel Aguiar Branco e a ju\u00edza Clara Sottomayor. A entrega ocorreu nesta segunda-feira no Parlamento.<\/p>\n<p>A peti\u00e7\u00e3o traz, como foco, a urg\u00eancia de alterar o C\u00f3digo Penal para transformar a viola\u00e7\u00e3o em crime p\u00fablico e endurecer as penas por viol\u00eancia dom\u00e9stica. Os subscritores defendem ainda a autonomiza\u00e7\u00e3o do femic\u00eddio.<\/p>\n<h3>Contexto e assinaturas<\/h3>\n<p>O grupo sublinha que a iniciativa resulta da preocupa\u00e7\u00e3o p\u00fablica com a gravidade de um fen\u00f3meno que afeta milhares de mulheres todos os anos. A discuss\u00e3o p\u00fablica ocorre num momento em que o Parlamento j\u00e1 analisou projetos sobre femic\u00eddio.<\/p>\n<p>O Parlamento discutiu recentemente um projeto do PAN para autonomizar o femic\u00eddio, mas foi rejeitado pela maioria. Dados do Portal da Viol\u00eancia Dom\u00e9stica indicam 25 mortes por viol\u00eancia dom\u00e9stica no ano anterior, 21 delas de mulheres, o pior registo desde 2022.<\/p>\n","protected":false},"excerpt":{"rendered":"<ul>\n<li>Uma peti\u00e7\u00e3o entregue na Assembleia da Rep\u00fablica defende tornar a viola\u00e7\u00e3o crime p\u00fablico e autonomizar o crime de femic\u00eddio, recolhendo 209.510 assinaturas.<\/li>\n<li>A iniciativa, lan\u00e7ada no ano passado, supera o m\u00ednimo de 7.500 assinaturas para assegurar discuss\u00e3o em plen\u00e1rio.<\/li>\n<li>Assinantes iniciais incluem figuras p\u00fablicas como Francisca de Magalh\u00e3es Barros, Manuela Ramalho Eanes, Dulce Rocha, Rui Pereira, Ant\u00f3nio Garcia Pereira, Isabel Aguiar Branco e Clara Sottomayor.<\/li>\n<li>O texto solicita altera\u00e7\u00f5es ao C\u00f3digo Penal para transformar a viola\u00e7\u00e3o em crime p\u00fablico e endurecer as penas de viol\u00eancia dom\u00e9stica, al\u00e9m de defender a autonomiza\u00e7\u00e3o do femic\u00eddio.<\/li>\n<li>Dados recentes indicam 25 mortes por viol\u00eancia dom\u00e9stica no ano anterior, das quais 21 foram mulheres; o PAN j\u00e1 apresentou, h\u00e1 duas semanas, um projeto sobre o femic\u00eddio que foi rejeitado pela maioria.<\/li>\n<\/ul>\n","protected":false},"author":2,"featured_media":405212,"comment_status":"closed","ping_status":"closed","sticky":false,"template":"","format":"standard","meta":{"footnotes":""},"categories":[1,6871],"tags":[4230,6337,6719,5539,1825,214],"class_list":["post-405210","post","type-post","status-publish","format-standard","has-post-thumbnail","hentry","category-noticias","category-sociedade","tag-codigo-penal","tag-direito","tag-femicidio","tag-lei","tag-violacao","tag-violencia-domestica"],"yoast_head":"<!-- This site is optimized with the Yoast SEO plugin v27.2 - https:\/\/yoast.com\/product\/yoast-seo-wordpress\/ -->\n<title>Peti\u00e7\u00e3o para tornar viola\u00e7\u00e3o crime p\u00fablica entregue na AR com 200 mil assinaturas - Portal Tela Portugal<\/title>\n<meta name=\"robots\" content=\"index, follow, max-snippet:-1, max-image-preview:large, max-video-preview:-1\" \/>\n<meta property=\"og:locale\" content=\"pt_PT\" \/>\n<meta property=\"og:type\" content=\"article\" \/>\n<meta property=\"og:title\" content=\"Peti\u00e7\u00e3o para tornar viola\u00e7\u00e3o crime p\u00fablica entregue na AR com 200 mil assinaturas - Portal Tela Portugal\" \/>\n<meta property=\"og:description\" content=\"Uma peti\u00e7\u00e3o entregue na Assembleia da Rep\u00fablica defende tornar a viola\u00e7\u00e3o crime p\u00fablico e autonomizar o crime de femic\u00eddio, recolhendo 209.510 assinaturas. A iniciativa, lan\u00e7ada no ano passado, supera o m\u00ednimo de 7.500 assinaturas para assegurar discuss\u00e3o em plen\u00e1rio. Assinantes iniciais incluem figuras p\u00fablicas como Francisca de Magalh\u00e3es Barros, Manuela Ramalho Eanes, Dulce Rocha, Rui Pereira, Ant\u00f3nio Garcia Pereira, Isabel Aguiar Branco e Clara Sottomayor. O texto solicita altera\u00e7\u00f5es ao C\u00f3digo Penal para transformar a viola\u00e7\u00e3o em crime p\u00fablico e endurecer as penas de viol\u00eancia dom\u00e9stica, al\u00e9m de defender a autonomiza\u00e7\u00e3o do femic\u00eddio. Dados recentes indicam 25 mortes por viol\u00eancia dom\u00e9stica no ano anterior, das quais 21 foram mulheres; o PAN j\u00e1 apresentou, h\u00e1 duas semanas, um projeto sobre o femic\u00eddio que foi rejeitado pela maioria.\" \/>\n<meta property=\"og:url\" content=\"https:\/\/portaltela.pt\/noticias\/2026\/03\/10\/peticao-para-tornar-violacao-crime-publica-entregue-na-ar-com-200-mil-assinaturas\/\" \/>\n<meta property=\"og:site_name\" content=\"Portal Tela Portugal\" \/>\n<meta property=\"article:published_time\" content=\"2026-03-10T20:41:00+00:00\" \/>\n<meta name=\"author\" content=\"Telinha\" \/>\n<meta name=\"twitter:card\" content=\"summary_large_image\" \/>\n<meta name=\"twitter:label1\" content=\"Escrito por\" \/>\n\t<meta name=\"twitter:data1\" content=\"Telinha\" \/>\n\t<meta name=\"twitter:label2\" content=\"Tempo estimado de leitura\" \/>\n\t<meta name=\"twitter:data2\" content=\"1 minuto\" \/>\n<script type=\"application\/ld+json\" class=\"yoast-schema-graph\">{\"@context\":\"https:\/\/schema.org\",\"@graph\":[{\"@type\":\"Article\",\"@id\":\"https:\/\/portaltela.pt\/noticias\/2026\/03\/10\/peticao-para-tornar-violacao-crime-publica-entregue-na-ar-com-200-mil-assinaturas\/#article\",\"isPartOf\":{\"@id\":\"https:\/\/portaltela.pt\/noticias\/2026\/03\/10\/peticao-para-tornar-violacao-crime-publica-entregue-na-ar-com-200-mil-assinaturas\/\"},\"author\":{\"name\":\"Telinha\",\"@id\":\"https:\/\/portaltela.pt\/#\/schema\/person\/c4278d4a6028830caff9ee44b42d32ed\"},\"headline\":\"Peti\u00e7\u00e3o para tornar viola\u00e7\u00e3o crime p\u00fablica entregue na AR com 200 mil assinaturas\",\"datePublished\":\"2026-03-10T20:41:00+00:00\",\"mainEntityOfPage\":{\"@id\":\"https:\/\/portaltela.pt\/noticias\/2026\/03\/10\/peticao-para-tornar-violacao-crime-publica-entregue-na-ar-com-200-mil-assinaturas\/\"},\"wordCount\":240,\"image\":{\"@id\":\"https:\/\/portaltela.pt\/noticias\/2026\/03\/10\/peticao-para-tornar-violacao-crime-publica-entregue-na-ar-com-200-mil-assinaturas\/#primaryimage\"},\"thumbnailUrl\":\"https:\/\/portaltela.pt\/s.01k8rhncp4jt1\/2026\/03\/2073207.jpg\",\"keywords\":[\"C\u00f3digo Penal\",\"direito\",\"femic\u00eddio\",\"lei\",\"viola\u00e7\u00e3o\",\"viol\u00eancia dom\u00e9stica\"],\"articleSection\":[\"Not\u00edcias\",\"Sociedade\"],\"inLanguage\":\"pt-PT\"},{\"@type\":\"WebPage\",\"@id\":\"https:\/\/portaltela.pt\/noticias\/2026\/03\/10\/peticao-para-tornar-violacao-crime-publica-entregue-na-ar-com-200-mil-assinaturas\/\",\"url\":\"https:\/\/portaltela.pt\/noticias\/2026\/03\/10\/peticao-para-tornar-violacao-crime-publica-entregue-na-ar-com-200-mil-assinaturas\/\",\"name\":\"Peti\u00e7\u00e3o para tornar viola\u00e7\u00e3o crime p\u00fablica entregue na AR com 200 mil assinaturas - Portal Tela Portugal\",\"isPartOf\":{\"@id\":\"https:\/\/portaltela.pt\/#website\"},\"primaryImageOfPage\":{\"@id\":\"https:\/\/portaltela.pt\/noticias\/2026\/03\/10\/peticao-para-tornar-violacao-crime-publica-entregue-na-ar-com-200-mil-assinaturas\/#primaryimage\"},\"image\":{\"@id\":\"https:\/\/portaltela.pt\/noticias\/2026\/03\/10\/peticao-para-tornar-violacao-crime-publica-entregue-na-ar-com-200-mil-assinaturas\/#primaryimage\"},\"thumbnailUrl\":\"https:\/\/portaltela.pt\/s.01k8rhncp4jt1\/2026\/03\/2073207.jpg\",\"datePublished\":\"2026-03-10T20:41:00+00:00\",\"author\":{\"@id\":\"https:\/\/portaltela.pt\/#\/schema\/person\/c4278d4a6028830caff9ee44b42d32ed\"},\"breadcrumb\":{\"@id\":\"https:\/\/portaltela.pt\/noticias\/2026\/03\/10\/peticao-para-tornar-violacao-crime-publica-entregue-na-ar-com-200-mil-assinaturas\/#breadcrumb\"},\"inLanguage\":\"pt-PT\",\"potentialAction\":[{\"@type\":\"ReadAction\",\"target\":[\"https:\/\/portaltela.pt\/noticias\/2026\/03\/10\/peticao-para-tornar-violacao-crime-publica-entregue-na-ar-com-200-mil-assinaturas\/\"]}]},{\"@type\":\"ImageObject\",\"inLanguage\":\"pt-PT\",\"@id\":\"https:\/\/portaltela.pt\/noticias\/2026\/03\/10\/peticao-para-tornar-violacao-crime-publica-entregue-na-ar-com-200-mil-assinaturas\/#primaryimage\",\"url\":\"https:\/\/portaltela.pt\/s.01k8rhncp4jt1\/2026\/03\/2073207.jpg\",\"contentUrl\":\"https:\/\/portaltela.pt\/s.01k8rhncp4jt1\/2026\/03\/2073207.jpg\",\"width\":796,\"height\":448,\"caption\":\"Manifestantes participam no protesto \\\"Viola\u00e7\u00e3o N\u00e3o se Filma, Condena-se\\\", em frente \u00e0 Assembleia da Rep\u00fablica, na sequ\u00eancia do caso do trio de influencers que se filmou a violar uma menor de 16 anos em Loures\"},{\"@type\":\"BreadcrumbList\",\"@id\":\"https:\/\/portaltela.pt\/noticias\/2026\/03\/10\/peticao-para-tornar-violacao-crime-publica-entregue-na-ar-com-200-mil-assinaturas\/#breadcrumb\",\"itemListElement\":[{\"@type\":\"ListItem\",\"position\":1,\"name\":\"In\u00edcio\",\"item\":\"https:\/\/portaltela.pt\/\"},{\"@type\":\"ListItem\",\"position\":2,\"name\":\"Peti\u00e7\u00e3o para tornar viola\u00e7\u00e3o crime p\u00fablica entregue na AR com 200 mil assinaturas\"}]},{\"@type\":\"WebSite\",\"@id\":\"https:\/\/portaltela.pt\/#website\",\"url\":\"https:\/\/portaltela.pt\/\",\"name\":\"Portal Tela Portugal\",\"description\":\"\",\"potentialAction\":[{\"@type\":\"SearchAction\",\"target\":{\"@type\":\"EntryPoint\",\"urlTemplate\":\"https:\/\/portaltela.pt\/?s={search_term_string}\"},\"query-input\":{\"@type\":\"PropertyValueSpecification\",\"valueRequired\":true,\"valueName\":\"search_term_string\"}}],\"inLanguage\":\"pt-PT\"},{\"@type\":\"Person\",\"@id\":\"https:\/\/portaltela.pt\/#\/schema\/person\/c4278d4a6028830caff9ee44b42d32ed\",\"name\":\"Telinha\",\"image\":{\"@type\":\"ImageObject\",\"inLanguage\":\"pt-PT\",\"@id\":\"https:\/\/portaltela.pt\/s.01k8rhncp4jt1\/2025\/11\/talking-bot-125x125.png\",\"url\":\"https:\/\/portaltela.pt\/s.01k8rhncp4jt1\/2025\/11\/talking-bot-125x125.png\",\"contentUrl\":\"https:\/\/portaltela.pt\/s.01k8rhncp4jt1\/2025\/11\/talking-bot-125x125.png\",\"caption\":\"Telinha\"},\"sameAs\":[\"https:\/\/portaltela.pt\/\"],\"url\":\"https:\/\/portaltela.pt\/por\/367410592786\/\"}]}<\/script>\n<!-- \/ Yoast SEO plugin. -->","yoast_head_json":{"title":"Peti\u00e7\u00e3o para tornar viola\u00e7\u00e3o crime p\u00fablica entregue na AR com 200 mil assinaturas - Portal Tela Portugal","robots":{"index":"index","follow":"follow","max-snippet":"max-snippet:-1","max-image-preview":"max-image-preview:large","max-video-preview":"max-video-preview:-1"},"og_locale":"pt_PT","og_type":"article","og_title":"Peti\u00e7\u00e3o para tornar viola\u00e7\u00e3o crime p\u00fablica entregue na AR com 200 mil assinaturas - Portal Tela Portugal","og_description":"Uma peti\u00e7\u00e3o entregue na Assembleia da Rep\u00fablica defende tornar a viola\u00e7\u00e3o crime p\u00fablico e autonomizar o crime de femic\u00eddio, recolhendo 209.510 assinaturas. A iniciativa, lan\u00e7ada no ano passado, supera o m\u00ednimo de 7.500 assinaturas para assegurar discuss\u00e3o em plen\u00e1rio. Assinantes iniciais incluem figuras p\u00fablicas como Francisca de Magalh\u00e3es Barros, Manuela Ramalho Eanes, Dulce Rocha, Rui Pereira, Ant\u00f3nio Garcia Pereira, Isabel Aguiar Branco e Clara Sottomayor. O texto solicita altera\u00e7\u00f5es ao C\u00f3digo Penal para transformar a viola\u00e7\u00e3o em crime p\u00fablico e endurecer as penas de viol\u00eancia dom\u00e9stica, al\u00e9m de defender a autonomiza\u00e7\u00e3o do femic\u00eddio. Dados recentes indicam 25 mortes por viol\u00eancia dom\u00e9stica no ano anterior, das quais 21 foram mulheres; o PAN j\u00e1 apresentou, h\u00e1 duas semanas, um projeto sobre o femic\u00eddio que foi rejeitado pela maioria.","og_url":"https:\/\/portaltela.pt\/noticias\/2026\/03\/10\/peticao-para-tornar-violacao-crime-publica-entregue-na-ar-com-200-mil-assinaturas\/","og_site_name":"Portal Tela Portugal","article_published_time":"2026-03-10T20:41:00+00:00","author":"Telinha","twitter_card":"summary_large_image","twitter_misc":{"Escrito por":"Telinha","Tempo estimado de leitura":"1 minuto"},"schema":{"@context":"https:\/\/schema.org","@graph":[{"@type":"Article","@id":"https:\/\/portaltela.pt\/noticias\/2026\/03\/10\/peticao-para-tornar-violacao-crime-publica-entregue-na-ar-com-200-mil-assinaturas\/#article","isPartOf":{"@id":"https:\/\/portaltela.pt\/noticias\/2026\/03\/10\/peticao-para-tornar-violacao-crime-publica-entregue-na-ar-com-200-mil-assinaturas\/"},"author":{"name":"Telinha","@id":"https:\/\/portaltela.pt\/#\/schema\/person\/c4278d4a6028830caff9ee44b42d32ed"},"headline":"Peti\u00e7\u00e3o para tornar viola\u00e7\u00e3o crime p\u00fablica entregue na AR com 200 mil assinaturas","datePublished":"2026-03-10T20:41:00+00:00","mainEntityOfPage":{"@id":"https:\/\/portaltela.pt\/noticias\/2026\/03\/10\/peticao-para-tornar-violacao-crime-publica-entregue-na-ar-com-200-mil-assinaturas\/"},"wordCount":240,"image":{"@id":"https:\/\/portaltela.pt\/noticias\/2026\/03\/10\/peticao-para-tornar-violacao-crime-publica-entregue-na-ar-com-200-mil-assinaturas\/#primaryimage"},"thumbnailUrl":"https:\/\/portaltela.pt\/s.01k8rhncp4jt1\/2026\/03\/2073207.jpg","keywords":["C\u00f3digo Penal","direito","femic\u00eddio","lei","viola\u00e7\u00e3o","viol\u00eancia dom\u00e9stica"],"articleSection":["Not\u00edcias","Sociedade"],"inLanguage":"pt-PT"},{"@type":"WebPage","@id":"https:\/\/portaltela.pt\/noticias\/2026\/03\/10\/peticao-para-tornar-violacao-crime-publica-entregue-na-ar-com-200-mil-assinaturas\/","url":"https:\/\/portaltela.pt\/noticias\/2026\/03\/10\/peticao-para-tornar-violacao-crime-publica-entregue-na-ar-com-200-mil-assinaturas\/","name":"Peti\u00e7\u00e3o para tornar viola\u00e7\u00e3o crime p\u00fablica entregue na AR com 200 mil assinaturas - Portal Tela Portugal","isPartOf":{"@id":"https:\/\/portaltela.pt\/#website"},"primaryImageOfPage":{"@id":"https:\/\/portaltela.pt\/noticias\/2026\/03\/10\/peticao-para-tornar-violacao-crime-publica-entregue-na-ar-com-200-mil-assinaturas\/#primaryimage"},"image":{"@id":"https:\/\/portaltela.pt\/noticias\/2026\/03\/10\/peticao-para-tornar-violacao-crime-publica-entregue-na-ar-com-200-mil-assinaturas\/#primaryimage"},"thumbnailUrl":"https:\/\/portaltela.pt\/s.01k8rhncp4jt1\/2026\/03\/2073207.jpg","datePublished":"2026-03-10T20:41:00+00:00","author":{"@id":"https:\/\/portaltela.pt\/#\/schema\/person\/c4278d4a6028830caff9ee44b42d32ed"},"breadcrumb":{"@id":"https:\/\/portaltela.pt\/noticias\/2026\/03\/10\/peticao-para-tornar-violacao-crime-publica-entregue-na-ar-com-200-mil-assinaturas\/#breadcrumb"},"inLanguage":"pt-PT","potentialAction":[{"@type":"ReadAction","target":["https:\/\/portaltela.pt\/noticias\/2026\/03\/10\/peticao-para-tornar-violacao-crime-publica-entregue-na-ar-com-200-mil-assinaturas\/"]}]},{"@type":"ImageObject","inLanguage":"pt-PT","@id":"https:\/\/portaltela.pt\/noticias\/2026\/03\/10\/peticao-para-tornar-violacao-crime-publica-entregue-na-ar-com-200-mil-assinaturas\/#primaryimage","url":"https:\/\/portaltela.pt\/s.01k8rhncp4jt1\/2026\/03\/2073207.jpg","contentUrl":"https:\/\/portaltela.pt\/s.01k8rhncp4jt1\/2026\/03\/2073207.jpg","width":796,"height":448,"caption":"Manifestantes participam no protesto \"Viola\u00e7\u00e3o N\u00e3o se Filma, Condena-se\", em frente \u00e0 Assembleia da Rep\u00fablica, na sequ\u00eancia do caso do trio de influencers que se filmou a violar uma menor de 16 anos em Loures"},{"@type":"BreadcrumbList","@id":"https:\/\/portaltela.pt\/noticias\/2026\/03\/10\/peticao-para-tornar-violacao-crime-publica-entregue-na-ar-com-200-mil-assinaturas\/#breadcrumb","itemListElement":[{"@type":"ListItem","position":1,"name":"In\u00edcio","item":"https:\/\/portaltela.pt\/"},{"@type":"ListItem","position":2,"name":"Peti\u00e7\u00e3o para tornar viola\u00e7\u00e3o crime p\u00fablica entregue na AR com 200 mil assinaturas"}]},{"@type":"WebSite","@id":"https:\/\/portaltela.pt\/#website","url":"https:\/\/portaltela.pt\/","name":"Portal Tela Portugal","description":"","potentialAction":[{"@type":"SearchAction","target":{"@type":"EntryPoint","urlTemplate":"https:\/\/portaltela.pt\/?s={search_term_string}"},"query-input":{"@type":"PropertyValueSpecification","valueRequired":true,"valueName":"search_term_string"}}],"inLanguage":"pt-PT"},{"@type":"Person","@id":"https:\/\/portaltela.pt\/#\/schema\/person\/c4278d4a6028830caff9ee44b42d32ed","name":"Telinha","image":{"@type":"ImageObject","inLanguage":"pt-PT","@id":"https:\/\/portaltela.pt\/s.01k8rhncp4jt1\/2025\/11\/talking-bot-125x125.png","url":"https:\/\/portaltela.pt\/s.01k8rhncp4jt1\/2025\/11\/talking-bot-125x125.png","contentUrl":"https:\/\/portaltela.pt\/s.01k8rhncp4jt1\/2025\/11\/talking-bot-125x125.png","caption":"Telinha"},"sameAs":["https:\/\/portaltela.pt\/"],"url":"https:\/\/portaltela.pt\/por\/367410592786\/"}]}},"_links":{"self":[{"href":"https:\/\/portaltela.pt\/api\/wp\/v2\/posts\/405210","targetHints":{"allow":["GET"]}}],"collection":[{"href":"https:\/\/portaltela.pt\/api\/wp\/v2\/posts"}],"about":[{"href":"https:\/\/portaltela.pt\/api\/wp\/v2\/types\/post"}],"author":[{"embeddable":true,"href":"https:\/\/portaltela.pt\/api\/wp\/v2\/users\/2"}],"replies":[{"embeddable":true,"href":"https:\/\/portaltela.pt\/api\/wp\/v2\/comments?post=405210"}],"version-history":[{"count":0,"href":"https:\/\/portaltela.pt\/api\/wp\/v2\/posts\/405210\/revisions"}],"wp:featuredmedia":[{"embeddable":true,"href":"https:\/\/portaltela.pt\/api\/wp\/v2\/media\/405212"}],"wp:attachment":[{"href":"https:\/\/portaltela.pt\/api\/wp\/v2\/media?parent=405210"}],"wp:term":[{"taxonomy":"category","embeddable":true,"href":"https:\/\/portaltela.pt\/api\/wp\/v2\/categories?post=405210"},{"taxonomy":"post_tag","embeddable":true,"href":"https:\/\/portaltela.pt\/api\/wp\/v2\/tags?post=405210"}],"curies":[{"name":"wp","href":"https:\/\/api.w.org\/{rel}","templated":true}]}}